{"id":992598,"date":"2026-05-01T18:42:23","date_gmt":"2026-05-01T21:42:23","guid":{"rendered":"https:\/\/bahiaeconomica.com.br\/wp\/?p=992598"},"modified":"2026-05-01T18:42:23","modified_gmt":"2026-05-01T21:42:23","slug":"acidente-com-carga-inflamavel-interdita-totalmente-trecho-da-br-116-na-bahia","status":"publish","type":"post","link":"https:\/\/bahiaeconomica.com.br\/wp\/2026\/05\/01\/acidente-com-carga-inflamavel-interdita-totalmente-trecho-da-br-116-na-bahia\/","title":{"rendered":"ACIDENTE COM CARGA INFLAM\u00c1VEL INTERDITA TOTALMENTE TRECHO DA BR-116 NA BAHIA"},"content":{"rendered":"<p data-start=\"82\" data-end=\"313\">Um grave acidente envolvendo quatro ve\u00edculos interditou completamente um trecho da BR-116, na altura do km 714, no munic\u00edpio de <span class=\"hover:entity-accent entity-underline inline cursor-pointer align-baseline\"><span class=\"whitespace-normal\">Manoel Vitorino<\/span><\/span>, no centro-sul do estado, no fim da manh\u00e3 desta sexta-feira (1\u00ba).<\/p>\n<p data-start=\"315\" data-end=\"519\">De acordo com a <span class=\"hover:entity-accent entity-underline inline cursor-pointer align-baseline\"><span class=\"whitespace-normal\">Pol\u00edcia Rodovi\u00e1ria Federal<\/span><\/span> (PRF), a ocorr\u00eancia envolve, entre os ve\u00edculos, um caminh\u00e3o que transportava produto inflam\u00e1vel, o que agravou a situa\u00e7\u00e3o e aumentou o risco no local.<\/p>\n<p data-start=\"521\" data-end=\"816\">Imagens feitas por motoristas que passavam pela rodovia mostram que a colis\u00e3o provocou um inc\u00eandio de grandes propor\u00e7\u00f5es, consumindo ve\u00edculos e deixando a pista totalmente bloqueada nos dois sentidos. A fuma\u00e7a intensa p\u00f4de ser vista \u00e0 dist\u00e2ncia, chamando a aten\u00e7\u00e3o de quem trafegava pela regi\u00e3o.<\/p>\n<p data-start=\"818\" data-end=\"966\">Equipes de emerg\u00eancia foram acionadas e atuam no controle das chamas e na seguran\u00e7a da via. At\u00e9 o momento, n\u00e3o h\u00e1 confirma\u00e7\u00e3o oficial sobre v\u00edtimas.<\/p>\n<p data-start=\"968\" data-end=\"1191\" data-is-last-node=\"\" data-is-only-node=\"\">O trecho segue interditado, e motoristas que utilizam a BR-116 devem buscar rotas alternativas at\u00e9 que a situa\u00e7\u00e3o seja controlada e a pista liberada. Novas informa\u00e7\u00f5es devem ser divulgadas pelas autoridades ao longo do dia.<\/p>\n<p data-start=\"968\" data-end=\"1191\" data-is-last-node=\"\" data-is-only-node=\"\">Foto: Reprodu\u00e7\u00e3o<\/p>\n","protected":false},"excerpt":{"rendered":"<p>Um grave acidente envolvendo quatro ve\u00edculos interditou completamente um trecho da BR-116, na altura do km 714, no munic\u00edpio de Manoel Vitorino, no centro-sul do estado, no fim da manh\u00e3 desta sexta-feira (1\u00ba). De acordo com a Pol\u00edcia Rodovi\u00e1ria Federal (PRF), a ocorr\u00eancia envolve, entre os ve\u00edculos, um caminh\u00e3o que transportava produto inflam\u00e1vel, o que [&hellip;]<\/p>\n","protected":false},"author":24,"featured_media":992599,"comment_status":"closed","ping_status":"closed","sticky":false,"template":"","format":"standard","meta":[],"categories":[5],"tags":[811,44457],"acf":[],"yoast_head":"<!-- This site is optimized with the Yoast SEO plugin v20.8 - https:\/\/yoast.com\/wordpress\/plugins\/seo\/ -->\n<title>ACIDENTE COM CARGA INFLAM\u00c1VEL INTERDITA TOTALMENTE TRECHO DA BR-116 NA BAHIA - Bahia Economica Um grave acidente envolvendo quatro ve\u00edculos interditou completamente um trecho da BR-116, na altura do km 714, no munic\u00edpio de Manoel Vitorino, no centro-sul do estado, no fim da manh\u00e3 desta sexta-feira (1\u00ba).<\/title>\n<meta name=\"description\" content=\"O maior portal de Economia da Bahia MUNIC\u00cdPIOS Bahia Economica Um grave acidente envolvendo quatro ve\u00edculos interditou completamente um trecho da BR-116, na altura do km 714, no munic\u00edpio de Manoel Vitorino, no centro-sul do estado, no fim da manh\u00e3 desta sexta-feira (1\u00ba).\" \/>\n<meta name=\"robots\" content=\"index, follow, max-snippet:-1, max-image-preview:large, max-video-preview:-1\" \/>\n<link rel=\"canonical\" href=\"https:\/\/bahiaeconomica.com.br\/wp\/2026\/05\/01\/acidente-com-carga-inflamavel-interdita-totalmente-trecho-da-br-116-na-bahia\/\" \/>\n<meta property=\"og:locale\" content=\"pt_BR\" \/>\n<meta property=\"og:type\" content=\"article\" \/>\n<meta property=\"og:title\" content=\"ACIDENTE COM CARGA INFLAM\u00c1VEL INTERDITA TOTALMENTE TRECHO DA BR-116 NA BAHIA - Bahia Economica Um grave acidente envolvendo quatro ve\u00edculos interditou completamente um trecho da BR-116, na altura do km 714, no munic\u00edpio de Manoel Vitorino, no centro-sul do estado, no fim da manh\u00e3 desta sexta-feira (1\u00ba).\" \/>\n<meta property=\"og:description\" content=\"O maior portal de Economia da Bahia MUNIC\u00cdPIOS Bahia Economica Um grave acidente envolvendo quatro ve\u00edculos interditou completamente um trecho da BR-116, na altura do km 714, no munic\u00edpio de Manoel Vitorino, no centro-sul do estado, no fim da manh\u00e3 desta sexta-feira (1\u00ba).\" \/>\n<meta property=\"og:url\" content=\"https:\/\/bahiaeconomica.com.br\/wp\/2026\/05\/01\/acidente-com-carga-inflamavel-interdita-totalmente-trecho-da-br-116-na-bahia\/\" \/>\n<meta property=\"og:site_name\" content=\"Bahia Economica\" \/>\n<meta property=\"article:publisher\" content=\"https:\/\/www.facebook.com\/bahiaeconomica\" \/>\n<meta property=\"article:published_time\" content=\"2026-05-01T21:42:23+00:00\" \/>\n<meta property=\"og:image\" content=\"https:\/\/bahiaeconomica.com.br\/wp\/wp-content\/uploads\/2026\/05\/181919acidente-com-veiculo-que-transportava-inflamavel-interdita-br-116-na-bahia-3.jpg\" \/>\n\t<meta property=\"og:image:width\" content=\"1600\" \/>\n\t<meta property=\"og:image:height\" content=\"752\" \/>\n\t<meta property=\"og:image:type\" content=\"image\/jpeg\" \/>\n<meta name=\"author\" content=\"VICTOR OLIVEIRA\" \/>\n<meta name=\"twitter:card\" content=\"summary_large_image\" \/>\n<meta name=\"twitter:label1\" content=\"Escrito por\" \/>\n\t<meta name=\"twitter:data1\" content=\"VICTOR OLIVEIRA\" \/>\n\t<meta name=\"twitter:label2\" content=\"Est. tempo de leitura\" \/>\n\t<meta name=\"twitter:data2\" content=\"1 minuto\" \/>\n<script type=\"application\/ld+json\" class=\"yoast-schema-graph\">{\"@context\":\"https:\/\/schema.org\",\"@graph\":[{\"@type\":\"Article\",\"@id\":\"https:\/\/bahiaeconomica.com.br\/wp\/2026\/05\/01\/acidente-com-carga-inflamavel-interdita-totalmente-trecho-da-br-116-na-bahia\/#article\",\"isPartOf\":{\"@id\":\"https:\/\/bahiaeconomica.com.br\/wp\/2026\/05\/01\/acidente-com-carga-inflamavel-interdita-totalmente-trecho-da-br-116-na-bahia\/\"},\"author\":{\"name\":\"VICTOR OLIVEIRA\",\"@id\":\"https:\/\/bahiaeconomica.com.br\/wp\/#\/schema\/person\/a17956d0e1112b626f403fb06b8129a9\"},\"headline\":\"ACIDENTE COM CARGA INFLAM\u00c1VEL INTERDITA TOTALMENTE TRECHO DA BR-116 NA BAHIA\",\"datePublished\":\"2026-05-01T21:42:23+00:00\",\"dateModified\":\"2026-05-01T21:42:23+00:00\",\"mainEntityOfPage\":{\"@id\":\"https:\/\/bahiaeconomica.com.br\/wp\/2026\/05\/01\/acidente-com-carga-inflamavel-interdita-totalmente-trecho-da-br-116-na-bahia\/\"},\"wordCount\":206,\"publisher\":{\"@id\":\"https:\/\/bahiaeconomica.com.br\/wp\/#organization\"},\"keywords\":[\"acidente\",\"carga inflamavel\"],\"articleSection\":[\"MUNIC\u00cdPIOS\"],\"inLanguage\":\"pt-BR\"},{\"@type\":\"WebPage\",\"@id\":\"https:\/\/bahiaeconomica.com.br\/wp\/2026\/05\/01\/acidente-com-carga-inflamavel-interdita-totalmente-trecho-da-br-116-na-bahia\/\",\"url\":\"https:\/\/bahiaeconomica.com.br\/wp\/2026\/05\/01\/acidente-com-carga-inflamavel-interdita-totalmente-trecho-da-br-116-na-bahia\/\",\"name\":\"ACIDENTE COM CARGA INFLAM\u00c1VEL INTERDITA TOTALMENTE TRECHO DA BR-116 NA BAHIA - Bahia Economica Um grave acidente envolvendo quatro ve\u00edculos interditou completamente um trecho da BR-116, na altura do km 714, no munic\u00edpio de Manoel Vitorino, no centro-sul do estado, no fim da manh\u00e3 desta sexta-feira (1\u00ba).\",\"isPartOf\":{\"@id\":\"https:\/\/bahiaeconomica.com.br\/wp\/#website\"},\"datePublished\":\"2026-05-01T21:42:23+00:00\",\"dateModified\":\"2026-05-01T21:42:23+00:00\",\"description\":\"O maior portal de Economia da Bahia MUNIC\u00cdPIOS Bahia Economica Um grave acidente envolvendo quatro ve\u00edculos interditou completamente um trecho da BR-116, na altura do km 714, no munic\u00edpio de Manoel Vitorino, no centro-sul do estado, no fim da manh\u00e3 desta sexta-feira (1\u00ba).\",\"breadcrumb\":{\"@id\":\"https:\/\/bahiaeconomica.com.br\/wp\/2026\/05\/01\/acidente-com-carga-inflamavel-interdita-totalmente-trecho-da-br-116-na-bahia\/#breadcrumb\"},\"inLanguage\":\"pt-BR\",\"potentialAction\":[{\"@type\":\"ReadAction\",\"target\":[\"https:\/\/bahiaeconomica.com.br\/wp\/2026\/05\/01\/acidente-com-carga-inflamavel-interdita-totalmente-trecho-da-br-116-na-bahia\/\"]}]},{\"@type\":\"BreadcrumbList\",\"@id\":\"https:\/\/bahiaeconomica.com.br\/wp\/2026\/05\/01\/acidente-com-carga-inflamavel-interdita-totalmente-trecho-da-br-116-na-bahia\/#breadcrumb\",\"itemListElement\":[{\"@type\":\"ListItem\",\"position\":1,\"name\":\"In\u00edcio\",\"item\":\"https:\/\/bahiaeconomica.com.br\/wp\/\"},{\"@type\":\"ListItem\",\"position\":2,\"name\":\"ACIDENTE COM CARGA INFLAM\u00c1VEL INTERDITA TOTALMENTE TRECHO DA BR-116 NA BAHIA\"}]},{\"@type\":\"WebSite\",\"@id\":\"https:\/\/bahiaeconomica.com.br\/wp\/#website\",\"url\":\"https:\/\/bahiaeconomica.com.br\/wp\/\",\"name\":\"Bahia Economica\",\"description\":\"O maior portal de Economia da Bahia\",\"publisher\":{\"@id\":\"https:\/\/bahiaeconomica.com.br\/wp\/#organization\"},\"potentialAction\":[{\"@type\":\"SearchAction\",\"target\":{\"@type\":\"EntryPoint\",\"urlTemplate\":\"https:\/\/bahiaeconomica.com.br\/wp\/?s={search_term_string}\"},\"query-input\":\"required name=search_term_string\"}],\"inLanguage\":\"pt-BR\"},{\"@type\":\"Organization\",\"@id\":\"https:\/\/bahiaeconomica.com.br\/wp\/#organization\",\"name\":\"Bahia Econ\u00f4mica\",\"url\":\"https:\/\/bahiaeconomica.com.br\/wp\/\",\"logo\":{\"@type\":\"ImageObject\",\"inLanguage\":\"pt-BR\",\"@id\":\"https:\/\/bahiaeconomica.com.br\/wp\/#\/schema\/logo\/image\/\",\"url\":\"https:\/\/bahiaeconomica.com.br\/wp\/wp-content\/uploads\/2020\/12\/cropped-BE.png\",\"contentUrl\":\"https:\/\/bahiaeconomica.com.br\/wp\/wp-content\/uploads\/2020\/12\/cropped-BE.png\",\"width\":512,\"height\":512,\"caption\":\"Bahia Econ\u00f4mica\"},\"image\":{\"@id\":\"https:\/\/bahiaeconomica.com.br\/wp\/#\/schema\/logo\/image\/\"},\"sameAs\":[\"https:\/\/www.facebook.com\/bahiaeconomica\"]},{\"@type\":\"Person\",\"@id\":\"https:\/\/bahiaeconomica.com.br\/wp\/#\/schema\/person\/a17956d0e1112b626f403fb06b8129a9\",\"name\":\"VICTOR OLIVEIRA\",\"sameAs\":[\"http:\/\/www.bahiaeconomica.com.br\"],\"url\":\"https:\/\/bahiaeconomica.com.br\/wp\/author\/victor-oliveira\/\"}]}<\/script>\n<!-- \/ Yoast SEO plugin. -->","yoast_head_json":{"title":"ACIDENTE COM CARGA INFLAM\u00c1VEL INTERDITA TOTALMENTE TRECHO DA BR-116 NA BAHIA - Bahia Economica Um grave acidente envolvendo quatro ve\u00edculos interditou completamente um trecho da BR-116, na altura do km 714, no munic\u00edpio de Manoel Vitorino, no centro-sul do estado, no fim da manh\u00e3 desta sexta-feira (1\u00ba).","description":"O maior portal de Economia da Bahia MUNIC\u00cdPIOS Bahia Economica Um grave acidente envolvendo quatro ve\u00edculos interditou completamente um trecho da BR-116, na altura do km 714, no munic\u00edpio de Manoel Vitorino, no centro-sul do estado, no fim da manh\u00e3 desta sexta-feira (1\u00ba).","robots":{"index":"index","follow":"follow","max-snippet":"max-snippet:-1","max-image-preview":"max-image-preview:large","max-video-preview":"max-video-preview:-1"},"canonical":"https:\/\/bahiaeconomica.com.br\/wp\/2026\/05\/01\/acidente-com-carga-inflamavel-interdita-totalmente-trecho-da-br-116-na-bahia\/","og_locale":"pt_BR","og_type":"article","og_title":"ACIDENTE COM CARGA INFLAM\u00c1VEL INTERDITA TOTALMENTE TRECHO DA BR-116 NA BAHIA - Bahia Economica Um grave acidente envolvendo quatro ve\u00edculos interditou completamente um trecho da BR-116, na altura do km 714, no munic\u00edpio de Manoel Vitorino, no centro-sul do estado, no fim da manh\u00e3 desta sexta-feira (1\u00ba).","og_description":"O maior portal de Economia da Bahia MUNIC\u00cdPIOS Bahia Economica Um grave acidente envolvendo quatro ve\u00edculos interditou completamente um trecho da BR-116, na altura do km 714, no munic\u00edpio de Manoel Vitorino, no centro-sul do estado, no fim da manh\u00e3 desta sexta-feira (1\u00ba).","og_url":"https:\/\/bahiaeconomica.com.br\/wp\/2026\/05\/01\/acidente-com-carga-inflamavel-interdita-totalmente-trecho-da-br-116-na-bahia\/","og_site_name":"Bahia Economica","article_publisher":"https:\/\/www.facebook.com\/bahiaeconomica","article_published_time":"2026-05-01T21:42:23+00:00","og_image":[{"width":1600,"height":752,"url":"https:\/\/bahiaeconomica.com.br\/wp\/wp-content\/uploads\/2026\/05\/181919acidente-com-veiculo-que-transportava-inflamavel-interdita-br-116-na-bahia-3.jpg","type":"image\/jpeg"}],"author":"VICTOR OLIVEIRA","twitter_card":"summary_large_image","twitter_misc":{"Escrito por":"VICTOR OLIVEIRA","Est. tempo de leitura":"1 minuto"},"schema":{"@context":"https:\/\/schema.org","@graph":[{"@type":"Article","@id":"https:\/\/bahiaeconomica.com.br\/wp\/2026\/05\/01\/acidente-com-carga-inflamavel-interdita-totalmente-trecho-da-br-116-na-bahia\/#article","isPartOf":{"@id":"https:\/\/bahiaeconomica.com.br\/wp\/2026\/05\/01\/acidente-com-carga-inflamavel-interdita-totalmente-trecho-da-br-116-na-bahia\/"},"author":{"name":"VICTOR OLIVEIRA","@id":"https:\/\/bahiaeconomica.com.br\/wp\/#\/schema\/person\/a17956d0e1112b626f403fb06b8129a9"},"headline":"ACIDENTE COM CARGA INFLAM\u00c1VEL INTERDITA TOTALMENTE TRECHO DA BR-116 NA BAHIA","datePublished":"2026-05-01T21:42:23+00:00","dateModified":"2026-05-01T21:42:23+00:00","mainEntityOfPage":{"@id":"https:\/\/bahiaeconomica.com.br\/wp\/2026\/05\/01\/acidente-com-carga-inflamavel-interdita-totalmente-trecho-da-br-116-na-bahia\/"},"wordCount":206,"publisher":{"@id":"https:\/\/bahiaeconomica.com.br\/wp\/#organization"},"keywords":["acidente","carga inflamavel"],"articleSection":["MUNIC\u00cdPIOS"],"inLanguage":"pt-BR"},{"@type":"WebPage","@id":"https:\/\/bahiaeconomica.com.br\/wp\/2026\/05\/01\/acidente-com-carga-inflamavel-interdita-totalmente-trecho-da-br-116-na-bahia\/","url":"https:\/\/bahiaeconomica.com.br\/wp\/2026\/05\/01\/acidente-com-carga-inflamavel-interdita-totalmente-trecho-da-br-116-na-bahia\/","name":"ACIDENTE COM CARGA INFLAM\u00c1VEL INTERDITA TOTALMENTE TRECHO DA BR-116 NA BAHIA - Bahia Economica Um grave acidente envolvendo quatro ve\u00edculos interditou completamente um trecho da BR-116, na altura do km 714, no munic\u00edpio de Manoel Vitorino, no centro-sul do estado, no fim da manh\u00e3 desta sexta-feira (1\u00ba).","isPartOf":{"@id":"https:\/\/bahiaeconomica.com.br\/wp\/#website"},"datePublished":"2026-05-01T21:42:23+00:00","dateModified":"2026-05-01T21:42:23+00:00","description":"O maior portal de Economia da Bahia MUNIC\u00cdPIOS Bahia Economica Um grave acidente envolvendo quatro ve\u00edculos interditou completamente um trecho da BR-116, na altura do km 714, no munic\u00edpio de Manoel Vitorino, no centro-sul do estado, no fim da manh\u00e3 desta sexta-feira (1\u00ba).","breadcrumb":{"@id":"https:\/\/bahiaeconomica.com.br\/wp\/2026\/05\/01\/acidente-com-carga-inflamavel-interdita-totalmente-trecho-da-br-116-na-bahia\/#breadcrumb"},"inLanguage":"pt-BR","potentialAction":[{"@type":"ReadAction","target":["https:\/\/bahiaeconomica.com.br\/wp\/2026\/05\/01\/acidente-com-carga-inflamavel-interdita-totalmente-trecho-da-br-116-na-bahia\/"]}]},{"@type":"BreadcrumbList","@id":"https:\/\/bahiaeconomica.com.br\/wp\/2026\/05\/01\/acidente-com-carga-inflamavel-interdita-totalmente-trecho-da-br-116-na-bahia\/#breadcrumb","itemListElement":[{"@type":"ListItem","position":1,"name":"In\u00edcio","item":"https:\/\/bahiaeconomica.com.br\/wp\/"},{"@type":"ListItem","position":2,"name":"ACIDENTE COM CARGA INFLAM\u00c1VEL INTERDITA TOTALMENTE TRECHO DA BR-116 NA BAHIA"}]},{"@type":"WebSite","@id":"https:\/\/bahiaeconomica.com.br\/wp\/#website","url":"https:\/\/bahiaeconomica.com.br\/wp\/","name":"Bahia Economica","description":"O maior portal de Economia da Bahia","publisher":{"@id":"https:\/\/bahiaeconomica.com.br\/wp\/#organization"},"potentialAction":[{"@type":"SearchAction","target":{"@type":"EntryPoint","urlTemplate":"https:\/\/bahiaeconomica.com.br\/wp\/?s={search_term_string}"},"query-input":"required name=search_term_string"}],"inLanguage":"pt-BR"},{"@type":"Organization","@id":"https:\/\/bahiaeconomica.com.br\/wp\/#organization","name":"Bahia Econ\u00f4mica","url":"https:\/\/bahiaeconomica.com.br\/wp\/","logo":{"@type":"ImageObject","inLanguage":"pt-BR","@id":"https:\/\/bahiaeconomica.com.br\/wp\/#\/schema\/logo\/image\/","url":"https:\/\/bahiaeconomica.com.br\/wp\/wp-content\/uploads\/2020\/12\/cropped-BE.png","contentUrl":"https:\/\/bahiaeconomica.com.br\/wp\/wp-content\/uploads\/2020\/12\/cropped-BE.png","width":512,"height":512,"caption":"Bahia Econ\u00f4mica"},"image":{"@id":"https:\/\/bahiaeconomica.com.br\/wp\/#\/schema\/logo\/image\/"},"sameAs":["https:\/\/www.facebook.com\/bahiaeconomica"]},{"@type":"Person","@id":"https:\/\/bahiaeconomica.com.br\/wp\/#\/schema\/person\/a17956d0e1112b626f403fb06b8129a9","name":"VICTOR OLIVEIRA","sameAs":["http:\/\/www.bahiaeconomica.com.br"],"url":"https:\/\/bahiaeconomica.com.br\/wp\/author\/victor-oliveira\/"}]}},"views":191,"_links":{"self":[{"href":"https:\/\/bahiaeconomica.com.br\/wp\/wp-json\/wp\/v2\/posts\/992598"}],"collection":[{"href":"https:\/\/bahiaeconomica.com.br\/wp\/wp-json\/wp\/v2\/posts"}],"about":[{"href":"https:\/\/bahiaeconomica.com.br\/wp\/wp-json\/wp\/v2\/types\/post"}],"author":[{"embeddable":true,"href":"https:\/\/bahiaeconomica.com.br\/wp\/wp-json\/wp\/v2\/users\/24"}],"replies":[{"embeddable":true,"href":"https:\/\/bahiaeconomica.com.br\/wp\/wp-json\/wp\/v2\/comments?post=992598"}],"version-history":[{"count":1,"href":"https:\/\/bahiaeconomica.com.br\/wp\/wp-json\/wp\/v2\/posts\/992598\/revisions"}],"predecessor-version":[{"id":992600,"href":"https:\/\/bahiaeconomica.com.br\/wp\/wp-json\/wp\/v2\/posts\/992598\/revisions\/992600"}],"wp:featuredmedia":[{"embeddable":true,"href":"https:\/\/bahiaeconomica.com.br\/wp\/wp-json\/wp\/v2\/media\/992599"}],"wp:attachment":[{"href":"https:\/\/bahiaeconomica.com.br\/wp\/wp-json\/wp\/v2\/media?parent=992598"}],"wp:term":[{"taxonomy":"category","embeddable":true,"href":"https:\/\/bahiaeconomica.com.br\/wp\/wp-json\/wp\/v2\/categories?post=992598"},{"taxonomy":"post_tag","embeddable":true,"href":"https:\/\/bahiaeconomica.com.br\/wp\/wp-json\/wp\/v2\/tags?post=992598"}],"curies":[{"name":"wp","href":"https:\/\/api.w.org\/{rel}","templated":true}]}}