{"id":992514,"date":"2026-05-01T10:11:58","date_gmt":"2026-05-01T13:11:58","guid":{"rendered":"https:\/\/bahiaeconomica.com.br\/wp\/?p=992514"},"modified":"2026-05-01T10:11:58","modified_gmt":"2026-05-01T13:11:58","slug":"vitoria-x-coritiba-veja-onde-assistir-escalacoes-e-horario","status":"publish","type":"post","link":"https:\/\/bahiaeconomica.com.br\/wp\/2026\/05\/01\/vitoria-x-coritiba-veja-onde-assistir-escalacoes-e-horario\/","title":{"rendered":"VIT\u00d3RIA X CORITIBA: VEJA ONDE ASSISTIR, ESCALA\u00c7\u00d5ES E HOR\u00c1RIO"},"content":{"rendered":"<section class=\"text-token-text-primary w-full focus:outline-none [--shadow-height:45px] has-data-writing-block:pointer-events-none has-data-writing-block:-mt-(--shadow-height) has-data-writing-block:pt-(--shadow-height) [&amp;:has([data-writing-block])&gt;*]:pointer-events-auto [content-visibility:auto] supports-[content-visibility:auto]:[contain-intrinsic-size:auto_100lvh] R6Vx5W_threadScrollVars scroll-mb-[calc(var(--scroll-root-safe-area-inset-bottom,0px)+var(--thread-response-height))] scroll-mt-[calc(var(--header-height)+min(200px,max(70px,20svh)))]\" dir=\"auto\" data-turn-id=\"request-WEB:9feb7b8e-5b41-4111-91e9-1eb178aab93b-15\" data-testid=\"conversation-turn-32\" data-scroll-anchor=\"false\" data-turn=\"assistant\">\n<div class=\"text-base my-auto mx-auto pb-10 [--thread-content-margin:var(--thread-content-margin-xs,calc(var(--spacing)*4))] @w-sm\/main:[--thread-content-margin:var(--thread-content-margin-sm,calc(var(--spacing)*6))] @w-lg\/main:[--thread-content-margin:var(--thread-content-margin-lg,calc(var(--spacing)*16))] px-(--thread-content-margin)\">\n<div class=\"[--thread-content-max-width:40rem] @w-lg\/main:[--thread-content-max-width:48rem] mx-auto max-w-(--thread-content-max-width) flex-1 group\/turn-messages focus-visible:outline-hidden relative flex w-full min-w-0 flex-col agent-turn\">\n<div class=\"flex max-w-full flex-col gap-4 grow\">\n<div class=\"min-h-8 text-message relative flex w-full flex-col items-end gap-2 text-start break-words whitespace-normal outline-none keyboard-focused:focus-ring [.text-message+&amp;]:mt-1\" dir=\"auto\" tabindex=\"0\" data-message-author-role=\"assistant\" data-message-id=\"0374967b-fa3c-401f-b27b-8285f1de5e6b\" data-message-model-slug=\"gpt-5-3-mini\" data-turn-start-message=\"true\">\n<div class=\"flex w-full flex-col gap-1 empty:hidden\">\n<div class=\"markdown prose dark:prose-invert w-full wrap-break-word light markdown-new-styling\">\n<p data-start=\"89\" data-end=\"378\">O <span class=\"hover:entity-accent entity-underline inline cursor-pointer align-baseline\"><span class=\"whitespace-normal\">\u00a0Vit\u00f3ria<\/span><\/span> volta a campo neste s\u00e1bado (2), \u00e0s 18h30, para encarar o <span class=\"hover:entity-accent entity-underline inline cursor-pointer align-baseline\"><span class=\"whitespace-normal\">Coritiba<\/span><\/span>, em duelo v\u00e1lido pela 14\u00aa rodada do <span class=\"hover:entity-accent entity-underline inline cursor-pointer align-baseline\"><span class=\"whitespace-normal\">Campeonato Brasileiro S\u00e9rie A<\/span><\/span>. A partida ser\u00e1 realizada no <span class=\"hover:entity-accent entity-underline inline cursor-pointer align-baseline\"><span class=\"whitespace-normal\">Est\u00e1dio Manoel Barradas<\/span><\/span>, em Salvador.<\/p>\n<p data-start=\"380\" data-end=\"620\">O time baiano chega ao confronto ap\u00f3s compromisso pela Copa do Nordeste, onde garantiu classifica\u00e7\u00e3o ao empatar com o Confian\u00e7a. Agora, o foco volta totalmente para o Brasileir\u00e3o, onde o Vit\u00f3ria tenta manter o bom desempenho dentro de casa.<\/p>\n<p data-start=\"622\" data-end=\"844\">Jogando no Barrad\u00e3o, o Le\u00e3o da Barra busca a quinta vit\u00f3ria em sete partidas como mandante na competi\u00e7\u00e3o. At\u00e9 aqui, a equipe tem feito da for\u00e7a em Salvador um dos principais trunfos na luta por melhores posi\u00e7\u00f5es na tabela.<\/p>\n<p data-start=\"846\" data-end=\"979\">Do outro lado, o Coritiba chega descansado, j\u00e1 que n\u00e3o entra em campo desde a derrota para o Gr\u00eamio na rodada anterior do campeonato.<\/p>\n<p data-start=\"981\" data-end=\"1176\">O t\u00e9cnico Jair Ventura tem desfalques importantes, mas contar\u00e1 com o retorno do lateral Nathan Mendes. J\u00e1 o atacante Erick ainda \u00e9 d\u00favida, dependendo de decis\u00e3o do STJD para atuar ap\u00f3s suspens\u00e3o.<\/p>\n<p data-section-id=\"1cd66fm\" data-start=\"1178\" data-end=\"1195\"><strong>ONDE ASSISTIR<\/strong><\/p>\n<p data-start=\"1196\" data-end=\"1280\">A partida ter\u00e1 transmiss\u00e3o ao vivo pelo canal <span class=\"hover:entity-accent entity-underline inline cursor-pointer align-baseline\"><span class=\"whitespace-normal\">Premiere<\/span><\/span>.<\/p>\n<p data-section-id=\"mrgdwo\" data-start=\"1282\" data-end=\"1306\"><strong>PROV\u00c1VEIS ESCALA\u00c7\u00d5ES<\/strong><\/p>\n<p data-start=\"1308\" data-end=\"1470\"><strong data-start=\"1308\" data-end=\"1320\">Vit\u00f3ria:<\/strong> Lucas Arcanjo; Nathan Mendes, Cac\u00e1, Luan C\u00e2ndido e Ramon; Ca\u00edque, Z\u00e9 Vitor e Emmanuel Mart\u00ednez; Marinho, Matheuzinho e Ren\u00ea.<br data-start=\"1445\" data-end=\"1448\" \/>T\u00e9cnico: Jair Ventura.<\/p>\n<p data-start=\"1472\" data-end=\"1648\"><strong data-start=\"1472\" data-end=\"1485\">Coritiba:<\/strong> Pedro Rangel; Tinga, Maicon, Tiago C\u00f3ser e Felipe Jonatan; Thiago Santos, Sebasti\u00e1n G\u00f3mez e Josu\u00e9; Lucas Ronier, Lavega e Pedro Rocha.<br data-start=\"1620\" data-end=\"1623\" \/>T\u00e9cnico: Fernando Seabra.<\/p>\n<p data-start=\"1650\" data-end=\"1797\" data-is-last-node=\"\" data-is-only-node=\"\">O duelo promete ser equilibrado, com o Vit\u00f3ria tentando confirmar sua for\u00e7a como mandante e o Coritiba buscando rea\u00e7\u00e3o fora de casa no Brasileir\u00e3o.<\/p>\n<\/div>\n<\/div>\n<\/div>\n<\/div>\n<div class=\"z-0 flex min-h-[46px] justify-start\">Foto: Reprodu\u00e7\u00e3o<\/div>\n<\/div>\n<\/div>\n<\/section>\n","protected":false},"excerpt":{"rendered":"<p>O \u00a0Vit\u00f3ria volta a campo neste s\u00e1bado (2), \u00e0s 18h30, para encarar o Coritiba, em duelo v\u00e1lido pela 14\u00aa rodada do Campeonato Brasileiro S\u00e9rie A. A partida ser\u00e1 realizada no Est\u00e1dio Manoel Barradas, em Salvador. O time baiano chega ao confronto ap\u00f3s compromisso pela Copa do Nordeste, onde garantiu classifica\u00e7\u00e3o ao empatar com o Confian\u00e7a. [&hellip;]<\/p>\n","protected":false},"author":24,"featured_media":976807,"comment_status":"closed","ping_status":"closed","sticky":false,"template":"","format":"standard","meta":[],"categories":[4486],"tags":[2119,7961,1002],"acf":[],"yoast_head":"<!-- This site is optimized with the Yoast SEO plugin v20.8 - https:\/\/yoast.com\/wordpress\/plugins\/seo\/ -->\n<title>VIT\u00d3RIA X CORITIBA: VEJA ONDE ASSISTIR, ESCALA\u00c7\u00d5ES E HOR\u00c1RIO - Bahia Economica O \u00a0Vit\u00f3ria volta a campo neste s\u00e1bado (2), \u00e0s 18h30, para encarar o Coritiba, em duelo v\u00e1lido pela 14\u00aa rodada do Campeonato Brasileiro S\u00e9rie A.<\/title>\n<meta name=\"description\" content=\"O maior portal de Economia da Bahia Esporte Bahia Economica O \u00a0Vit\u00f3ria volta a campo neste s\u00e1bado (2), \u00e0s 18h30, para encarar o Coritiba, em duelo v\u00e1lido pela 14\u00aa rodada do Campeonato Brasileiro S\u00e9rie A.\" \/>\n<meta name=\"robots\" content=\"index, follow, max-snippet:-1, max-image-preview:large, max-video-preview:-1\" \/>\n<link rel=\"canonical\" href=\"https:\/\/bahiaeconomica.com.br\/wp\/2026\/05\/01\/vitoria-x-coritiba-veja-onde-assistir-escalacoes-e-horario\/\" \/>\n<meta property=\"og:locale\" content=\"pt_BR\" \/>\n<meta property=\"og:type\" content=\"article\" \/>\n<meta property=\"og:title\" content=\"VIT\u00d3RIA X CORITIBA: VEJA ONDE ASSISTIR, ESCALA\u00c7\u00d5ES E HOR\u00c1RIO - Bahia Economica O \u00a0Vit\u00f3ria volta a campo neste s\u00e1bado (2), \u00e0s 18h30, para encarar o Coritiba, em duelo v\u00e1lido pela 14\u00aa rodada do Campeonato Brasileiro S\u00e9rie A.\" \/>\n<meta property=\"og:description\" content=\"O maior portal de Economia da Bahia Esporte Bahia Economica O \u00a0Vit\u00f3ria volta a campo neste s\u00e1bado (2), \u00e0s 18h30, para encarar o Coritiba, em duelo v\u00e1lido pela 14\u00aa rodada do Campeonato Brasileiro S\u00e9rie A.\" \/>\n<meta property=\"og:url\" content=\"https:\/\/bahiaeconomica.com.br\/wp\/2026\/05\/01\/vitoria-x-coritiba-veja-onde-assistir-escalacoes-e-horario\/\" \/>\n<meta property=\"og:site_name\" content=\"Bahia Economica\" \/>\n<meta property=\"article:publisher\" content=\"https:\/\/www.facebook.com\/bahiaeconomica\" \/>\n<meta property=\"article:published_time\" content=\"2026-05-01T13:11:58+00:00\" \/>\n<meta property=\"og:image\" content=\"https:\/\/bahiaeconomica.com.br\/wp\/wp-content\/uploads\/2026\/02\/barradao-estadio-do-vitoria-1981915-article.webp\" \/>\n\t<meta property=\"og:image:width\" content=\"601\" \/>\n\t<meta property=\"og:image:height\" content=\"373\" \/>\n\t<meta property=\"og:image:type\" content=\"image\/webp\" \/>\n<meta name=\"author\" content=\"VICTOR OLIVEIRA\" \/>\n<meta name=\"twitter:card\" content=\"summary_large_image\" \/>\n<meta name=\"twitter:label1\" content=\"Escrito por\" \/>\n\t<meta name=\"twitter:data1\" content=\"VICTOR OLIVEIRA\" \/>\n\t<meta name=\"twitter:label2\" content=\"Est. tempo de leitura\" \/>\n\t<meta name=\"twitter:data2\" content=\"2 minutos\" \/>\n<script type=\"application\/ld+json\" class=\"yoast-schema-graph\">{\"@context\":\"https:\/\/schema.org\",\"@graph\":[{\"@type\":\"Article\",\"@id\":\"https:\/\/bahiaeconomica.com.br\/wp\/2026\/05\/01\/vitoria-x-coritiba-veja-onde-assistir-escalacoes-e-horario\/#article\",\"isPartOf\":{\"@id\":\"https:\/\/bahiaeconomica.com.br\/wp\/2026\/05\/01\/vitoria-x-coritiba-veja-onde-assistir-escalacoes-e-horario\/\"},\"author\":{\"name\":\"VICTOR OLIVEIRA\",\"@id\":\"https:\/\/bahiaeconomica.com.br\/wp\/#\/schema\/person\/a17956d0e1112b626f403fb06b8129a9\"},\"headline\":\"VIT\u00d3RIA X CORITIBA: VEJA ONDE ASSISTIR, ESCALA\u00c7\u00d5ES E HOR\u00c1RIO\",\"datePublished\":\"2026-05-01T13:11:58+00:00\",\"dateModified\":\"2026-05-01T13:11:58+00:00\",\"mainEntityOfPage\":{\"@id\":\"https:\/\/bahiaeconomica.com.br\/wp\/2026\/05\/01\/vitoria-x-coritiba-veja-onde-assistir-escalacoes-e-horario\/\"},\"wordCount\":305,\"publisher\":{\"@id\":\"https:\/\/bahiaeconomica.com.br\/wp\/#organization\"},\"keywords\":[\"brasileir\u00e3o\",\"coritiba\",\"vitoria\"],\"articleSection\":[\"Esporte\"],\"inLanguage\":\"pt-BR\"},{\"@type\":\"WebPage\",\"@id\":\"https:\/\/bahiaeconomica.com.br\/wp\/2026\/05\/01\/vitoria-x-coritiba-veja-onde-assistir-escalacoes-e-horario\/\",\"url\":\"https:\/\/bahiaeconomica.com.br\/wp\/2026\/05\/01\/vitoria-x-coritiba-veja-onde-assistir-escalacoes-e-horario\/\",\"name\":\"VIT\u00d3RIA X CORITIBA: VEJA ONDE ASSISTIR, ESCALA\u00c7\u00d5ES E HOR\u00c1RIO - Bahia Economica O \u00a0Vit\u00f3ria volta a campo neste s\u00e1bado (2), \u00e0s 18h30, para encarar o Coritiba, em duelo v\u00e1lido pela 14\u00aa rodada do Campeonato Brasileiro S\u00e9rie A.\",\"isPartOf\":{\"@id\":\"https:\/\/bahiaeconomica.com.br\/wp\/#website\"},\"datePublished\":\"2026-05-01T13:11:58+00:00\",\"dateModified\":\"2026-05-01T13:11:58+00:00\",\"description\":\"O maior portal de Economia da Bahia Esporte Bahia Economica O \u00a0Vit\u00f3ria volta a campo neste s\u00e1bado (2), \u00e0s 18h30, para encarar o Coritiba, em duelo v\u00e1lido pela 14\u00aa rodada do Campeonato Brasileiro S\u00e9rie A.\",\"breadcrumb\":{\"@id\":\"https:\/\/bahiaeconomica.com.br\/wp\/2026\/05\/01\/vitoria-x-coritiba-veja-onde-assistir-escalacoes-e-horario\/#breadcrumb\"},\"inLanguage\":\"pt-BR\",\"potentialAction\":[{\"@type\":\"ReadAction\",\"target\":[\"https:\/\/bahiaeconomica.com.br\/wp\/2026\/05\/01\/vitoria-x-coritiba-veja-onde-assistir-escalacoes-e-horario\/\"]}]},{\"@type\":\"BreadcrumbList\",\"@id\":\"https:\/\/bahiaeconomica.com.br\/wp\/2026\/05\/01\/vitoria-x-coritiba-veja-onde-assistir-escalacoes-e-horario\/#breadcrumb\",\"itemListElement\":[{\"@type\":\"ListItem\",\"position\":1,\"name\":\"In\u00edcio\",\"item\":\"https:\/\/bahiaeconomica.com.br\/wp\/\"},{\"@type\":\"ListItem\",\"position\":2,\"name\":\"VIT\u00d3RIA X CORITIBA: VEJA ONDE ASSISTIR, ESCALA\u00c7\u00d5ES E HOR\u00c1RIO\"}]},{\"@type\":\"WebSite\",\"@id\":\"https:\/\/bahiaeconomica.com.br\/wp\/#website\",\"url\":\"https:\/\/bahiaeconomica.com.br\/wp\/\",\"name\":\"Bahia Economica\",\"description\":\"O maior portal de Economia da Bahia\",\"publisher\":{\"@id\":\"https:\/\/bahiaeconomica.com.br\/wp\/#organization\"},\"potentialAction\":[{\"@type\":\"SearchAction\",\"target\":{\"@type\":\"EntryPoint\",\"urlTemplate\":\"https:\/\/bahiaeconomica.com.br\/wp\/?s={search_term_string}\"},\"query-input\":\"required name=search_term_string\"}],\"inLanguage\":\"pt-BR\"},{\"@type\":\"Organization\",\"@id\":\"https:\/\/bahiaeconomica.com.br\/wp\/#organization\",\"name\":\"Bahia Econ\u00f4mica\",\"url\":\"https:\/\/bahiaeconomica.com.br\/wp\/\",\"logo\":{\"@type\":\"ImageObject\",\"inLanguage\":\"pt-BR\",\"@id\":\"https:\/\/bahiaeconomica.com.br\/wp\/#\/schema\/logo\/image\/\",\"url\":\"https:\/\/bahiaeconomica.com.br\/wp\/wp-content\/uploads\/2020\/12\/cropped-BE.png\",\"contentUrl\":\"https:\/\/bahiaeconomica.com.br\/wp\/wp-content\/uploads\/2020\/12\/cropped-BE.png\",\"width\":512,\"height\":512,\"caption\":\"Bahia Econ\u00f4mica\"},\"image\":{\"@id\":\"https:\/\/bahiaeconomica.com.br\/wp\/#\/schema\/logo\/image\/\"},\"sameAs\":[\"https:\/\/www.facebook.com\/bahiaeconomica\"]},{\"@type\":\"Person\",\"@id\":\"https:\/\/bahiaeconomica.com.br\/wp\/#\/schema\/person\/a17956d0e1112b626f403fb06b8129a9\",\"name\":\"VICTOR OLIVEIRA\",\"sameAs\":[\"http:\/\/www.bahiaeconomica.com.br\"],\"url\":\"https:\/\/bahiaeconomica.com.br\/wp\/author\/victor-oliveira\/\"}]}<\/script>\n<!-- \/ Yoast SEO plugin. -->","yoast_head_json":{"title":"VIT\u00d3RIA X CORITIBA: VEJA ONDE ASSISTIR, ESCALA\u00c7\u00d5ES E HOR\u00c1RIO - Bahia Economica O \u00a0Vit\u00f3ria volta a campo neste s\u00e1bado (2), \u00e0s 18h30, para encarar o Coritiba, em duelo v\u00e1lido pela 14\u00aa rodada do Campeonato Brasileiro S\u00e9rie A.","description":"O maior portal de Economia da Bahia Esporte Bahia Economica O \u00a0Vit\u00f3ria volta a campo neste s\u00e1bado (2), \u00e0s 18h30, para encarar o Coritiba, em duelo v\u00e1lido pela 14\u00aa rodada do Campeonato Brasileiro S\u00e9rie A.","robots":{"index":"index","follow":"follow","max-snippet":"max-snippet:-1","max-image-preview":"max-image-preview:large","max-video-preview":"max-video-preview:-1"},"canonical":"https:\/\/bahiaeconomica.com.br\/wp\/2026\/05\/01\/vitoria-x-coritiba-veja-onde-assistir-escalacoes-e-horario\/","og_locale":"pt_BR","og_type":"article","og_title":"VIT\u00d3RIA X CORITIBA: VEJA ONDE ASSISTIR, ESCALA\u00c7\u00d5ES E HOR\u00c1RIO - Bahia Economica O \u00a0Vit\u00f3ria volta a campo neste s\u00e1bado (2), \u00e0s 18h30, para encarar o Coritiba, em duelo v\u00e1lido pela 14\u00aa rodada do Campeonato Brasileiro S\u00e9rie A.","og_description":"O maior portal de Economia da Bahia Esporte Bahia Economica O \u00a0Vit\u00f3ria volta a campo neste s\u00e1bado (2), \u00e0s 18h30, para encarar o Coritiba, em duelo v\u00e1lido pela 14\u00aa rodada do Campeonato Brasileiro S\u00e9rie A.","og_url":"https:\/\/bahiaeconomica.com.br\/wp\/2026\/05\/01\/vitoria-x-coritiba-veja-onde-assistir-escalacoes-e-horario\/","og_site_name":"Bahia Economica","article_publisher":"https:\/\/www.facebook.com\/bahiaeconomica","article_published_time":"2026-05-01T13:11:58+00:00","og_image":[{"width":601,"height":373,"url":"https:\/\/bahiaeconomica.com.br\/wp\/wp-content\/uploads\/2026\/02\/barradao-estadio-do-vitoria-1981915-article.webp","type":"image\/webp"}],"author":"VICTOR OLIVEIRA","twitter_card":"summary_large_image","twitter_misc":{"Escrito por":"VICTOR OLIVEIRA","Est. tempo de leitura":"2 minutos"},"schema":{"@context":"https:\/\/schema.org","@graph":[{"@type":"Article","@id":"https:\/\/bahiaeconomica.com.br\/wp\/2026\/05\/01\/vitoria-x-coritiba-veja-onde-assistir-escalacoes-e-horario\/#article","isPartOf":{"@id":"https:\/\/bahiaeconomica.com.br\/wp\/2026\/05\/01\/vitoria-x-coritiba-veja-onde-assistir-escalacoes-e-horario\/"},"author":{"name":"VICTOR OLIVEIRA","@id":"https:\/\/bahiaeconomica.com.br\/wp\/#\/schema\/person\/a17956d0e1112b626f403fb06b8129a9"},"headline":"VIT\u00d3RIA X CORITIBA: VEJA ONDE ASSISTIR, ESCALA\u00c7\u00d5ES E HOR\u00c1RIO","datePublished":"2026-05-01T13:11:58+00:00","dateModified":"2026-05-01T13:11:58+00:00","mainEntityOfPage":{"@id":"https:\/\/bahiaeconomica.com.br\/wp\/2026\/05\/01\/vitoria-x-coritiba-veja-onde-assistir-escalacoes-e-horario\/"},"wordCount":305,"publisher":{"@id":"https:\/\/bahiaeconomica.com.br\/wp\/#organization"},"keywords":["brasileir\u00e3o","coritiba","vitoria"],"articleSection":["Esporte"],"inLanguage":"pt-BR"},{"@type":"WebPage","@id":"https:\/\/bahiaeconomica.com.br\/wp\/2026\/05\/01\/vitoria-x-coritiba-veja-onde-assistir-escalacoes-e-horario\/","url":"https:\/\/bahiaeconomica.com.br\/wp\/2026\/05\/01\/vitoria-x-coritiba-veja-onde-assistir-escalacoes-e-horario\/","name":"VIT\u00d3RIA X CORITIBA: VEJA ONDE ASSISTIR, ESCALA\u00c7\u00d5ES E HOR\u00c1RIO - Bahia Economica O \u00a0Vit\u00f3ria volta a campo neste s\u00e1bado (2), \u00e0s 18h30, para encarar o Coritiba, em duelo v\u00e1lido pela 14\u00aa rodada do Campeonato Brasileiro S\u00e9rie A.","isPartOf":{"@id":"https:\/\/bahiaeconomica.com.br\/wp\/#website"},"datePublished":"2026-05-01T13:11:58+00:00","dateModified":"2026-05-01T13:11:58+00:00","description":"O maior portal de Economia da Bahia Esporte Bahia Economica O \u00a0Vit\u00f3ria volta a campo neste s\u00e1bado (2), \u00e0s 18h30, para encarar o Coritiba, em duelo v\u00e1lido pela 14\u00aa rodada do Campeonato Brasileiro S\u00e9rie A.","breadcrumb":{"@id":"https:\/\/bahiaeconomica.com.br\/wp\/2026\/05\/01\/vitoria-x-coritiba-veja-onde-assistir-escalacoes-e-horario\/#breadcrumb"},"inLanguage":"pt-BR","potentialAction":[{"@type":"ReadAction","target":["https:\/\/bahiaeconomica.com.br\/wp\/2026\/05\/01\/vitoria-x-coritiba-veja-onde-assistir-escalacoes-e-horario\/"]}]},{"@type":"BreadcrumbList","@id":"https:\/\/bahiaeconomica.com.br\/wp\/2026\/05\/01\/vitoria-x-coritiba-veja-onde-assistir-escalacoes-e-horario\/#breadcrumb","itemListElement":[{"@type":"ListItem","position":1,"name":"In\u00edcio","item":"https:\/\/bahiaeconomica.com.br\/wp\/"},{"@type":"ListItem","position":2,"name":"VIT\u00d3RIA X CORITIBA: VEJA ONDE ASSISTIR, ESCALA\u00c7\u00d5ES E HOR\u00c1RIO"}]},{"@type":"WebSite","@id":"https:\/\/bahiaeconomica.com.br\/wp\/#website","url":"https:\/\/bahiaeconomica.com.br\/wp\/","name":"Bahia Economica","description":"O maior portal de Economia da Bahia","publisher":{"@id":"https:\/\/bahiaeconomica.com.br\/wp\/#organization"},"potentialAction":[{"@type":"SearchAction","target":{"@type":"EntryPoint","urlTemplate":"https:\/\/bahiaeconomica.com.br\/wp\/?s={search_term_string}"},"query-input":"required name=search_term_string"}],"inLanguage":"pt-BR"},{"@type":"Organization","@id":"https:\/\/bahiaeconomica.com.br\/wp\/#organization","name":"Bahia Econ\u00f4mica","url":"https:\/\/bahiaeconomica.com.br\/wp\/","logo":{"@type":"ImageObject","inLanguage":"pt-BR","@id":"https:\/\/bahiaeconomica.com.br\/wp\/#\/schema\/logo\/image\/","url":"https:\/\/bahiaeconomica.com.br\/wp\/wp-content\/uploads\/2020\/12\/cropped-BE.png","contentUrl":"https:\/\/bahiaeconomica.com.br\/wp\/wp-content\/uploads\/2020\/12\/cropped-BE.png","width":512,"height":512,"caption":"Bahia Econ\u00f4mica"},"image":{"@id":"https:\/\/bahiaeconomica.com.br\/wp\/#\/schema\/logo\/image\/"},"sameAs":["https:\/\/www.facebook.com\/bahiaeconomica"]},{"@type":"Person","@id":"https:\/\/bahiaeconomica.com.br\/wp\/#\/schema\/person\/a17956d0e1112b626f403fb06b8129a9","name":"VICTOR OLIVEIRA","sameAs":["http:\/\/www.bahiaeconomica.com.br"],"url":"https:\/\/bahiaeconomica.com.br\/wp\/author\/victor-oliveira\/"}]}},"views":20,"_links":{"self":[{"href":"https:\/\/bahiaeconomica.com.br\/wp\/wp-json\/wp\/v2\/posts\/992514"}],"collection":[{"href":"https:\/\/bahiaeconomica.com.br\/wp\/wp-json\/wp\/v2\/posts"}],"about":[{"href":"https:\/\/bahiaeconomica.com.br\/wp\/wp-json\/wp\/v2\/types\/post"}],"author":[{"embeddable":true,"href":"https:\/\/bahiaeconomica.com.br\/wp\/wp-json\/wp\/v2\/users\/24"}],"replies":[{"embeddable":true,"href":"https:\/\/bahiaeconomica.com.br\/wp\/wp-json\/wp\/v2\/comments?post=992514"}],"version-history":[{"count":1,"href":"https:\/\/bahiaeconomica.com.br\/wp\/wp-json\/wp\/v2\/posts\/992514\/revisions"}],"predecessor-version":[{"id":992515,"href":"https:\/\/bahiaeconomica.com.br\/wp\/wp-json\/wp\/v2\/posts\/992514\/revisions\/992515"}],"wp:featuredmedia":[{"embeddable":true,"href":"https:\/\/bahiaeconomica.com.br\/wp\/wp-json\/wp\/v2\/media\/976807"}],"wp:attachment":[{"href":"https:\/\/bahiaeconomica.com.br\/wp\/wp-json\/wp\/v2\/media?parent=992514"}],"wp:term":[{"taxonomy":"category","embeddable":true,"href":"https:\/\/bahiaeconomica.com.br\/wp\/wp-json\/wp\/v2\/categories?post=992514"},{"taxonomy":"post_tag","embeddable":true,"href":"https:\/\/bahiaeconomica.com.br\/wp\/wp-json\/wp\/v2\/tags?post=992514"}],"curies":[{"name":"wp","href":"https:\/\/api.w.org\/{rel}","templated":true}]}}