{"id":992501,"date":"2026-05-01T09:58:27","date_gmt":"2026-05-01T12:58:27","guid":{"rendered":"https:\/\/bahiaeconomica.com.br\/wp\/?p=992501"},"modified":"2026-05-01T09:34:27","modified_gmt":"2026-05-01T12:34:27","slug":"linha-1800-tem-ampliacao-de-viagens-entre-alto-do-cabrito-e-terminal-campinas-em-salvador","status":"publish","type":"post","link":"https:\/\/bahiaeconomica.com.br\/wp\/2026\/05\/01\/linha-1800-tem-ampliacao-de-viagens-entre-alto-do-cabrito-e-terminal-campinas-em-salvador\/","title":{"rendered":"LINHA 1800 TEM AMPLIA\u00c7\u00c3O DE VIAGENS ENTRE ALTO DO CABRITO E TERMINAL CAMPINAS EM SALVADOR"},"content":{"rendered":"<section class=\"text-token-text-primary w-full focus:outline-none [--shadow-height:45px] has-data-writing-block:pointer-events-none has-data-writing-block:-mt-(--shadow-height) has-data-writing-block:pt-(--shadow-height) [&amp;:has([data-writing-block])&gt;*]:pointer-events-auto R6Vx5W_threadScrollVars scroll-mb-[calc(var(--scroll-root-safe-area-inset-bottom,0px)+var(--thread-response-height))] scroll-mt-(--header-height)\" dir=\"auto\" data-turn-id=\"031c61cd-7d21-413f-bcb1-18f92fb6f8bb\" data-testid=\"conversation-turn-21\" data-scroll-anchor=\"false\" data-turn=\"user\"><\/section>\n<section class=\"text-token-text-primary w-full focus:outline-none [--shadow-height:45px] has-data-writing-block:pointer-events-none has-data-writing-block:-mt-(--shadow-height) has-data-writing-block:pt-(--shadow-height) [&amp;:has([data-writing-block])&gt;*]:pointer-events-auto [content-visibility:auto] supports-[content-visibility:auto]:[contain-intrinsic-size:auto_100lvh] R6Vx5W_threadScrollVars scroll-mb-[calc(var(--scroll-root-safe-area-inset-bottom,0px)+var(--thread-response-height))] scroll-mt-[calc(var(--header-height)+min(200px,max(70px,20svh)))]\" dir=\"auto\" data-turn-id=\"request-WEB:9feb7b8e-5b41-4111-91e9-1eb178aab93b-10\" data-testid=\"conversation-turn-22\" data-scroll-anchor=\"false\" data-turn=\"assistant\">\n<div class=\"text-base my-auto mx-auto pb-10 [--thread-content-margin:var(--thread-content-margin-xs,calc(var(--spacing)*4))] @w-sm\/main:[--thread-content-margin:var(--thread-content-margin-sm,calc(var(--spacing)*6))] @w-lg\/main:[--thread-content-margin:var(--thread-content-margin-lg,calc(var(--spacing)*16))] px-(--thread-content-margin)\">\n<div class=\"[--thread-content-max-width:40rem] @w-lg\/main:[--thread-content-max-width:48rem] mx-auto max-w-(--thread-content-max-width) flex-1 group\/turn-messages focus-visible:outline-hidden relative flex w-full min-w-0 flex-col agent-turn\">\n<div class=\"flex max-w-full flex-col gap-4 grow\">\n<div class=\"min-h-8 text-message relative flex w-full flex-col items-end gap-2 text-start break-words whitespace-normal outline-none keyboard-focused:focus-ring [.text-message+&amp;]:mt-1\" dir=\"auto\" tabindex=\"0\" data-message-author-role=\"assistant\" data-message-id=\"909abd82-7e58-4401-93aa-7842c47ebbb8\" data-message-model-slug=\"gpt-5-3-mini\" data-turn-start-message=\"true\">\n<div class=\"flex w-full flex-col gap-1 empty:hidden\">\n<div class=\"markdown prose dark:prose-invert w-full wrap-break-word light markdown-new-styling\">\n<p data-start=\"95\" data-end=\"270\">A linha de \u00f4nibus <span class=\"hover:entity-accent entity-underline inline cursor-pointer align-baseline\"><span class=\"whitespace-normal\">Linha 1800 \u2013 Alto do Cabrito\/Oscar Seixas x Terminal Campinas<\/span><\/span> teve sua opera\u00e7\u00e3o ampliada com a inclus\u00e3o de seis novas viagens em dias \u00fateis em <span class=\"hover:entity-accent entity-underline inline cursor-pointer align-baseline\"><span class=\"whitespace-normal\">Salvador<\/span><\/span>.<\/p>\n<p data-start=\"272\" data-end=\"520\">Segundo a medida, quatro viagens foram adicionadas diretamente \u00e0 linha principal e outras duas foram distribu\u00eddas nas linhas derivadas 1800-01 e 1800-02, refor\u00e7ando o atendimento nos hor\u00e1rios de maior demanda e melhorando a regularidade do servi\u00e7o.<\/p>\n<p data-start=\"522\" data-end=\"780\">A linha come\u00e7ou a operar em outubro do ano passado e vem passando por ajustes operacionais com base no comportamento dos usu\u00e1rios. De acordo com a Secretaria de Mobilidade, a amplia\u00e7\u00e3o foi definida com base em crit\u00e9rios t\u00e9cnicos de monitoramento da opera\u00e7\u00e3o.<\/p>\n<p data-start=\"782\" data-end=\"958\">O secret\u00e1rio municipal de mobilidade, Pablo Souza, destacou que o refor\u00e7o nas viagens busca equilibrar a oferta e reduzir o tempo de espera, especialmente nos hor\u00e1rios de pico.<\/p>\n<p data-start=\"960\" data-end=\"1202\" data-is-last-node=\"\" data-is-only-node=\"\">A opera\u00e7\u00e3o da linha ocorre diariamente, das 5h \u00e0s 21h20, atendendo moradores das regi\u00f5es do Dique do Cabrito, Rua Oscar Seixas e Alto do Cabrito, com liga\u00e7\u00e3o ao sistema metrovi\u00e1rio da capital, facilitando o deslocamento di\u00e1rio de passageiros.<\/p>\n<p data-start=\"960\" data-end=\"1202\" data-is-last-node=\"\" data-is-only-node=\"\">Foto: Bruno Concha \/ Secom PMS<\/p>\n<\/div>\n<\/div>\n<\/div>\n<\/div>\n<\/div>\n<\/div>\n<\/section>\n","protected":false},"excerpt":{"rendered":"<p>A linha de \u00f4nibus Linha 1800 \u2013 Alto do Cabrito\/Oscar Seixas x Terminal Campinas teve sua opera\u00e7\u00e3o ampliada com a inclus\u00e3o de seis novas viagens em dias \u00fateis em Salvador. Segundo a medida, quatro viagens foram adicionadas diretamente \u00e0 linha principal e outras duas foram distribu\u00eddas nas linhas derivadas 1800-01 e 1800-02, refor\u00e7ando o atendimento [&hellip;]<\/p>\n","protected":false},"author":24,"featured_media":992502,"comment_status":"closed","ping_status":"closed","sticky":false,"template":"","format":"standard","meta":[],"categories":[14,5],"tags":[11506,2218,300],"acf":[],"yoast_head":"<!-- This site is optimized with the Yoast SEO plugin v20.8 - https:\/\/yoast.com\/wordpress\/plugins\/seo\/ -->\n<title>LINHA 1800 TEM AMPLIA\u00c7\u00c3O DE VIAGENS ENTRE ALTO DO CABRITO E TERMINAL CAMPINAS EM SALVADOR - Bahia Economica A linha de \u00f4nibus Linha 1800 \u2013 Alto do Cabrito\/Oscar Seixas x Terminal Campinas teve sua opera\u00e7\u00e3o ampliada com a inclus\u00e3o de seis novas viagens em dias \u00fateis em Salvador.<\/title>\n<meta name=\"description\" content=\"O maior portal de Economia da Bahia DESTAQUE DO DIA, MUNIC\u00cdPIOS Bahia EconomicaA linha de \u00f4nibus Linha 1800 \u2013 Alto do Cabrito\/Oscar Seixas x Terminal Campinas teve sua opera\u00e7\u00e3o ampliada com a inclus\u00e3o de seis novas viagens em dias \u00fateis em Salvador.\" \/>\n<meta name=\"robots\" content=\"index, follow, max-snippet:-1, max-image-preview:large, max-video-preview:-1\" \/>\n<link rel=\"canonical\" href=\"https:\/\/bahiaeconomica.com.br\/wp\/2026\/05\/01\/linha-1800-tem-ampliacao-de-viagens-entre-alto-do-cabrito-e-terminal-campinas-em-salvador\/\" \/>\n<meta property=\"og:locale\" content=\"pt_BR\" \/>\n<meta property=\"og:type\" content=\"article\" \/>\n<meta property=\"og:title\" content=\"LINHA 1800 TEM AMPLIA\u00c7\u00c3O DE VIAGENS ENTRE ALTO DO CABRITO E TERMINAL CAMPINAS EM SALVADOR - Bahia Economica A linha de \u00f4nibus Linha 1800 \u2013 Alto do Cabrito\/Oscar Seixas x Terminal Campinas teve sua opera\u00e7\u00e3o ampliada com a inclus\u00e3o de seis novas viagens em dias \u00fateis em Salvador.\" \/>\n<meta property=\"og:description\" content=\"O maior portal de Economia da Bahia DESTAQUE DO DIA, MUNIC\u00cdPIOS Bahia EconomicaA linha de \u00f4nibus Linha 1800 \u2013 Alto do Cabrito\/Oscar Seixas x Terminal Campinas teve sua opera\u00e7\u00e3o ampliada com a inclus\u00e3o de seis novas viagens em dias \u00fateis em Salvador.\" \/>\n<meta property=\"og:url\" content=\"https:\/\/bahiaeconomica.com.br\/wp\/2026\/05\/01\/linha-1800-tem-ampliacao-de-viagens-entre-alto-do-cabrito-e-terminal-campinas-em-salvador\/\" \/>\n<meta property=\"og:site_name\" content=\"Bahia Economica\" \/>\n<meta property=\"article:publisher\" content=\"https:\/\/www.facebook.com\/bahiaeconomica\" \/>\n<meta property=\"article:published_time\" content=\"2026-05-01T12:58:27+00:00\" \/>\n<meta property=\"article:modified_time\" content=\"2026-05-01T12:34:27+00:00\" \/>\n<meta property=\"og:image\" content=\"https:\/\/bahiaeconomica.com.br\/wp\/wp-content\/uploads\/2026\/05\/WhatsApp-Image-2026-05-01-at-09.29.03.jpeg\" \/>\n\t<meta property=\"og:image:width\" content=\"1600\" \/>\n\t<meta property=\"og:image:height\" content=\"1066\" \/>\n\t<meta property=\"og:image:type\" content=\"image\/jpeg\" \/>\n<meta name=\"author\" content=\"VICTOR OLIVEIRA\" \/>\n<meta name=\"twitter:card\" content=\"summary_large_image\" \/>\n<meta name=\"twitter:label1\" content=\"Escrito por\" \/>\n\t<meta name=\"twitter:data1\" content=\"VICTOR OLIVEIRA\" \/>\n\t<meta name=\"twitter:label2\" content=\"Est. tempo de leitura\" \/>\n\t<meta name=\"twitter:data2\" content=\"1 minuto\" \/>\n<script type=\"application\/ld+json\" class=\"yoast-schema-graph\">{\"@context\":\"https:\/\/schema.org\",\"@graph\":[{\"@type\":\"Article\",\"@id\":\"https:\/\/bahiaeconomica.com.br\/wp\/2026\/05\/01\/linha-1800-tem-ampliacao-de-viagens-entre-alto-do-cabrito-e-terminal-campinas-em-salvador\/#article\",\"isPartOf\":{\"@id\":\"https:\/\/bahiaeconomica.com.br\/wp\/2026\/05\/01\/linha-1800-tem-ampliacao-de-viagens-entre-alto-do-cabrito-e-terminal-campinas-em-salvador\/\"},\"author\":{\"name\":\"VICTOR OLIVEIRA\",\"@id\":\"https:\/\/bahiaeconomica.com.br\/wp\/#\/schema\/person\/a17956d0e1112b626f403fb06b8129a9\"},\"headline\":\"LINHA 1800 TEM AMPLIA\u00c7\u00c3O DE VIAGENS ENTRE ALTO DO CABRITO E TERMINAL CAMPINAS EM SALVADOR\",\"datePublished\":\"2026-05-01T12:58:27+00:00\",\"dateModified\":\"2026-05-01T12:34:27+00:00\",\"mainEntityOfPage\":{\"@id\":\"https:\/\/bahiaeconomica.com.br\/wp\/2026\/05\/01\/linha-1800-tem-ampliacao-de-viagens-entre-alto-do-cabrito-e-terminal-campinas-em-salvador\/\"},\"wordCount\":212,\"publisher\":{\"@id\":\"https:\/\/bahiaeconomica.com.br\/wp\/#organization\"},\"keywords\":[\"Alto do Cabrito\",\"atendimento\",\"passageiros\"],\"articleSection\":[\"DESTAQUE DO DIA\",\"MUNIC\u00cdPIOS\"],\"inLanguage\":\"pt-BR\"},{\"@type\":\"WebPage\",\"@id\":\"https:\/\/bahiaeconomica.com.br\/wp\/2026\/05\/01\/linha-1800-tem-ampliacao-de-viagens-entre-alto-do-cabrito-e-terminal-campinas-em-salvador\/\",\"url\":\"https:\/\/bahiaeconomica.com.br\/wp\/2026\/05\/01\/linha-1800-tem-ampliacao-de-viagens-entre-alto-do-cabrito-e-terminal-campinas-em-salvador\/\",\"name\":\"LINHA 1800 TEM AMPLIA\u00c7\u00c3O DE VIAGENS ENTRE ALTO DO CABRITO E TERMINAL CAMPINAS EM SALVADOR - Bahia Economica A linha de \u00f4nibus Linha 1800 \u2013 Alto do Cabrito\/Oscar Seixas x Terminal Campinas teve sua opera\u00e7\u00e3o ampliada com a inclus\u00e3o de seis novas viagens em dias \u00fateis em Salvador.\",\"isPartOf\":{\"@id\":\"https:\/\/bahiaeconomica.com.br\/wp\/#website\"},\"datePublished\":\"2026-05-01T12:58:27+00:00\",\"dateModified\":\"2026-05-01T12:34:27+00:00\",\"description\":\"O maior portal de Economia da Bahia DESTAQUE DO DIA, MUNIC\u00cdPIOS Bahia EconomicaA linha de \u00f4nibus Linha 1800 \u2013 Alto do Cabrito\/Oscar Seixas x Terminal Campinas teve sua opera\u00e7\u00e3o ampliada com a inclus\u00e3o de seis novas viagens em dias \u00fateis em Salvador.\",\"breadcrumb\":{\"@id\":\"https:\/\/bahiaeconomica.com.br\/wp\/2026\/05\/01\/linha-1800-tem-ampliacao-de-viagens-entre-alto-do-cabrito-e-terminal-campinas-em-salvador\/#breadcrumb\"},\"inLanguage\":\"pt-BR\",\"potentialAction\":[{\"@type\":\"ReadAction\",\"target\":[\"https:\/\/bahiaeconomica.com.br\/wp\/2026\/05\/01\/linha-1800-tem-ampliacao-de-viagens-entre-alto-do-cabrito-e-terminal-campinas-em-salvador\/\"]}]},{\"@type\":\"BreadcrumbList\",\"@id\":\"https:\/\/bahiaeconomica.com.br\/wp\/2026\/05\/01\/linha-1800-tem-ampliacao-de-viagens-entre-alto-do-cabrito-e-terminal-campinas-em-salvador\/#breadcrumb\",\"itemListElement\":[{\"@type\":\"ListItem\",\"position\":1,\"name\":\"In\u00edcio\",\"item\":\"https:\/\/bahiaeconomica.com.br\/wp\/\"},{\"@type\":\"ListItem\",\"position\":2,\"name\":\"LINHA 1800 TEM AMPLIA\u00c7\u00c3O DE VIAGENS ENTRE ALTO DO CABRITO E TERMINAL CAMPINAS EM SALVADOR\"}]},{\"@type\":\"WebSite\",\"@id\":\"https:\/\/bahiaeconomica.com.br\/wp\/#website\",\"url\":\"https:\/\/bahiaeconomica.com.br\/wp\/\",\"name\":\"Bahia Economica\",\"description\":\"O maior portal de Economia da Bahia\",\"publisher\":{\"@id\":\"https:\/\/bahiaeconomica.com.br\/wp\/#organization\"},\"potentialAction\":[{\"@type\":\"SearchAction\",\"target\":{\"@type\":\"EntryPoint\",\"urlTemplate\":\"https:\/\/bahiaeconomica.com.br\/wp\/?s={search_term_string}\"},\"query-input\":\"required name=search_term_string\"}],\"inLanguage\":\"pt-BR\"},{\"@type\":\"Organization\",\"@id\":\"https:\/\/bahiaeconomica.com.br\/wp\/#organization\",\"name\":\"Bahia Econ\u00f4mica\",\"url\":\"https:\/\/bahiaeconomica.com.br\/wp\/\",\"logo\":{\"@type\":\"ImageObject\",\"inLanguage\":\"pt-BR\",\"@id\":\"https:\/\/bahiaeconomica.com.br\/wp\/#\/schema\/logo\/image\/\",\"url\":\"https:\/\/bahiaeconomica.com.br\/wp\/wp-content\/uploads\/2020\/12\/cropped-BE.png\",\"contentUrl\":\"https:\/\/bahiaeconomica.com.br\/wp\/wp-content\/uploads\/2020\/12\/cropped-BE.png\",\"width\":512,\"height\":512,\"caption\":\"Bahia Econ\u00f4mica\"},\"image\":{\"@id\":\"https:\/\/bahiaeconomica.com.br\/wp\/#\/schema\/logo\/image\/\"},\"sameAs\":[\"https:\/\/www.facebook.com\/bahiaeconomica\"]},{\"@type\":\"Person\",\"@id\":\"https:\/\/bahiaeconomica.com.br\/wp\/#\/schema\/person\/a17956d0e1112b626f403fb06b8129a9\",\"name\":\"VICTOR OLIVEIRA\",\"sameAs\":[\"http:\/\/www.bahiaeconomica.com.br\"],\"url\":\"https:\/\/bahiaeconomica.com.br\/wp\/author\/victor-oliveira\/\"}]}<\/script>\n<!-- \/ Yoast SEO plugin. -->","yoast_head_json":{"title":"LINHA 1800 TEM AMPLIA\u00c7\u00c3O DE VIAGENS ENTRE ALTO DO CABRITO E TERMINAL CAMPINAS EM SALVADOR - Bahia Economica A linha de \u00f4nibus Linha 1800 \u2013 Alto do Cabrito\/Oscar Seixas x Terminal Campinas teve sua opera\u00e7\u00e3o ampliada com a inclus\u00e3o de seis novas viagens em dias \u00fateis em Salvador.","description":"O maior portal de Economia da Bahia DESTAQUE DO DIA, MUNIC\u00cdPIOS Bahia EconomicaA linha de \u00f4nibus Linha 1800 \u2013 Alto do Cabrito\/Oscar Seixas x Terminal Campinas teve sua opera\u00e7\u00e3o ampliada com a inclus\u00e3o de seis novas viagens em dias \u00fateis em Salvador.","robots":{"index":"index","follow":"follow","max-snippet":"max-snippet:-1","max-image-preview":"max-image-preview:large","max-video-preview":"max-video-preview:-1"},"canonical":"https:\/\/bahiaeconomica.com.br\/wp\/2026\/05\/01\/linha-1800-tem-ampliacao-de-viagens-entre-alto-do-cabrito-e-terminal-campinas-em-salvador\/","og_locale":"pt_BR","og_type":"article","og_title":"LINHA 1800 TEM AMPLIA\u00c7\u00c3O DE VIAGENS ENTRE ALTO DO CABRITO E TERMINAL CAMPINAS EM SALVADOR - Bahia Economica A linha de \u00f4nibus Linha 1800 \u2013 Alto do Cabrito\/Oscar Seixas x Terminal Campinas teve sua opera\u00e7\u00e3o ampliada com a inclus\u00e3o de seis novas viagens em dias \u00fateis em Salvador.","og_description":"O maior portal de Economia da Bahia DESTAQUE DO DIA, MUNIC\u00cdPIOS Bahia EconomicaA linha de \u00f4nibus Linha 1800 \u2013 Alto do Cabrito\/Oscar Seixas x Terminal Campinas teve sua opera\u00e7\u00e3o ampliada com a inclus\u00e3o de seis novas viagens em dias \u00fateis em Salvador.","og_url":"https:\/\/bahiaeconomica.com.br\/wp\/2026\/05\/01\/linha-1800-tem-ampliacao-de-viagens-entre-alto-do-cabrito-e-terminal-campinas-em-salvador\/","og_site_name":"Bahia Economica","article_publisher":"https:\/\/www.facebook.com\/bahiaeconomica","article_published_time":"2026-05-01T12:58:27+00:00","article_modified_time":"2026-05-01T12:34:27+00:00","og_image":[{"width":1600,"height":1066,"url":"https:\/\/bahiaeconomica.com.br\/wp\/wp-content\/uploads\/2026\/05\/WhatsApp-Image-2026-05-01-at-09.29.03.jpeg","type":"image\/jpeg"}],"author":"VICTOR OLIVEIRA","twitter_card":"summary_large_image","twitter_misc":{"Escrito por":"VICTOR OLIVEIRA","Est. tempo de leitura":"1 minuto"},"schema":{"@context":"https:\/\/schema.org","@graph":[{"@type":"Article","@id":"https:\/\/bahiaeconomica.com.br\/wp\/2026\/05\/01\/linha-1800-tem-ampliacao-de-viagens-entre-alto-do-cabrito-e-terminal-campinas-em-salvador\/#article","isPartOf":{"@id":"https:\/\/bahiaeconomica.com.br\/wp\/2026\/05\/01\/linha-1800-tem-ampliacao-de-viagens-entre-alto-do-cabrito-e-terminal-campinas-em-salvador\/"},"author":{"name":"VICTOR OLIVEIRA","@id":"https:\/\/bahiaeconomica.com.br\/wp\/#\/schema\/person\/a17956d0e1112b626f403fb06b8129a9"},"headline":"LINHA 1800 TEM AMPLIA\u00c7\u00c3O DE VIAGENS ENTRE ALTO DO CABRITO E TERMINAL CAMPINAS EM SALVADOR","datePublished":"2026-05-01T12:58:27+00:00","dateModified":"2026-05-01T12:34:27+00:00","mainEntityOfPage":{"@id":"https:\/\/bahiaeconomica.com.br\/wp\/2026\/05\/01\/linha-1800-tem-ampliacao-de-viagens-entre-alto-do-cabrito-e-terminal-campinas-em-salvador\/"},"wordCount":212,"publisher":{"@id":"https:\/\/bahiaeconomica.com.br\/wp\/#organization"},"keywords":["Alto do Cabrito","atendimento","passageiros"],"articleSection":["DESTAQUE DO DIA","MUNIC\u00cdPIOS"],"inLanguage":"pt-BR"},{"@type":"WebPage","@id":"https:\/\/bahiaeconomica.com.br\/wp\/2026\/05\/01\/linha-1800-tem-ampliacao-de-viagens-entre-alto-do-cabrito-e-terminal-campinas-em-salvador\/","url":"https:\/\/bahiaeconomica.com.br\/wp\/2026\/05\/01\/linha-1800-tem-ampliacao-de-viagens-entre-alto-do-cabrito-e-terminal-campinas-em-salvador\/","name":"LINHA 1800 TEM AMPLIA\u00c7\u00c3O DE VIAGENS ENTRE ALTO DO CABRITO E TERMINAL CAMPINAS EM SALVADOR - Bahia Economica A linha de \u00f4nibus Linha 1800 \u2013 Alto do Cabrito\/Oscar Seixas x Terminal Campinas teve sua opera\u00e7\u00e3o ampliada com a inclus\u00e3o de seis novas viagens em dias \u00fateis em Salvador.","isPartOf":{"@id":"https:\/\/bahiaeconomica.com.br\/wp\/#website"},"datePublished":"2026-05-01T12:58:27+00:00","dateModified":"2026-05-01T12:34:27+00:00","description":"O maior portal de Economia da Bahia DESTAQUE DO DIA, MUNIC\u00cdPIOS Bahia EconomicaA linha de \u00f4nibus Linha 1800 \u2013 Alto do Cabrito\/Oscar Seixas x Terminal Campinas teve sua opera\u00e7\u00e3o ampliada com a inclus\u00e3o de seis novas viagens em dias \u00fateis em Salvador.","breadcrumb":{"@id":"https:\/\/bahiaeconomica.com.br\/wp\/2026\/05\/01\/linha-1800-tem-ampliacao-de-viagens-entre-alto-do-cabrito-e-terminal-campinas-em-salvador\/#breadcrumb"},"inLanguage":"pt-BR","potentialAction":[{"@type":"ReadAction","target":["https:\/\/bahiaeconomica.com.br\/wp\/2026\/05\/01\/linha-1800-tem-ampliacao-de-viagens-entre-alto-do-cabrito-e-terminal-campinas-em-salvador\/"]}]},{"@type":"BreadcrumbList","@id":"https:\/\/bahiaeconomica.com.br\/wp\/2026\/05\/01\/linha-1800-tem-ampliacao-de-viagens-entre-alto-do-cabrito-e-terminal-campinas-em-salvador\/#breadcrumb","itemListElement":[{"@type":"ListItem","position":1,"name":"In\u00edcio","item":"https:\/\/bahiaeconomica.com.br\/wp\/"},{"@type":"ListItem","position":2,"name":"LINHA 1800 TEM AMPLIA\u00c7\u00c3O DE VIAGENS ENTRE ALTO DO CABRITO E TERMINAL CAMPINAS EM SALVADOR"}]},{"@type":"WebSite","@id":"https:\/\/bahiaeconomica.com.br\/wp\/#website","url":"https:\/\/bahiaeconomica.com.br\/wp\/","name":"Bahia Economica","description":"O maior portal de Economia da Bahia","publisher":{"@id":"https:\/\/bahiaeconomica.com.br\/wp\/#organization"},"potentialAction":[{"@type":"SearchAction","target":{"@type":"EntryPoint","urlTemplate":"https:\/\/bahiaeconomica.com.br\/wp\/?s={search_term_string}"},"query-input":"required name=search_term_string"}],"inLanguage":"pt-BR"},{"@type":"Organization","@id":"https:\/\/bahiaeconomica.com.br\/wp\/#organization","name":"Bahia Econ\u00f4mica","url":"https:\/\/bahiaeconomica.com.br\/wp\/","logo":{"@type":"ImageObject","inLanguage":"pt-BR","@id":"https:\/\/bahiaeconomica.com.br\/wp\/#\/schema\/logo\/image\/","url":"https:\/\/bahiaeconomica.com.br\/wp\/wp-content\/uploads\/2020\/12\/cropped-BE.png","contentUrl":"https:\/\/bahiaeconomica.com.br\/wp\/wp-content\/uploads\/2020\/12\/cropped-BE.png","width":512,"height":512,"caption":"Bahia Econ\u00f4mica"},"image":{"@id":"https:\/\/bahiaeconomica.com.br\/wp\/#\/schema\/logo\/image\/"},"sameAs":["https:\/\/www.facebook.com\/bahiaeconomica"]},{"@type":"Person","@id":"https:\/\/bahiaeconomica.com.br\/wp\/#\/schema\/person\/a17956d0e1112b626f403fb06b8129a9","name":"VICTOR OLIVEIRA","sameAs":["http:\/\/www.bahiaeconomica.com.br"],"url":"https:\/\/bahiaeconomica.com.br\/wp\/author\/victor-oliveira\/"}]}},"views":17,"_links":{"self":[{"href":"https:\/\/bahiaeconomica.com.br\/wp\/wp-json\/wp\/v2\/posts\/992501"}],"collection":[{"href":"https:\/\/bahiaeconomica.com.br\/wp\/wp-json\/wp\/v2\/posts"}],"about":[{"href":"https:\/\/bahiaeconomica.com.br\/wp\/wp-json\/wp\/v2\/types\/post"}],"author":[{"embeddable":true,"href":"https:\/\/bahiaeconomica.com.br\/wp\/wp-json\/wp\/v2\/users\/24"}],"replies":[{"embeddable":true,"href":"https:\/\/bahiaeconomica.com.br\/wp\/wp-json\/wp\/v2\/comments?post=992501"}],"version-history":[{"count":1,"href":"https:\/\/bahiaeconomica.com.br\/wp\/wp-json\/wp\/v2\/posts\/992501\/revisions"}],"predecessor-version":[{"id":992503,"href":"https:\/\/bahiaeconomica.com.br\/wp\/wp-json\/wp\/v2\/posts\/992501\/revisions\/992503"}],"wp:featuredmedia":[{"embeddable":true,"href":"https:\/\/bahiaeconomica.com.br\/wp\/wp-json\/wp\/v2\/media\/992502"}],"wp:attachment":[{"href":"https:\/\/bahiaeconomica.com.br\/wp\/wp-json\/wp\/v2\/media?parent=992501"}],"wp:term":[{"taxonomy":"category","embeddable":true,"href":"https:\/\/bahiaeconomica.com.br\/wp\/wp-json\/wp\/v2\/categories?post=992501"},{"taxonomy":"post_tag","embeddable":true,"href":"https:\/\/bahiaeconomica.com.br\/wp\/wp-json\/wp\/v2\/tags?post=992501"}],"curies":[{"name":"wp","href":"https:\/\/api.w.org\/{rel}","templated":true}]}}