{"id":992475,"date":"2026-05-01T07:23:27","date_gmt":"2026-05-01T10:23:27","guid":{"rendered":"https:\/\/bahiaeconomica.com.br\/wp\/?p=992475"},"modified":"2026-05-01T07:23:27","modified_gmt":"2026-05-01T10:23:27","slug":"confira-o-que-abre-e-fecha-em-salvador-no-feriado-do-dia-do-trabalhador","status":"publish","type":"post","link":"https:\/\/bahiaeconomica.com.br\/wp\/2026\/05\/01\/confira-o-que-abre-e-fecha-em-salvador-no-feriado-do-dia-do-trabalhador\/","title":{"rendered":"CONFIRA O QUE ABRE E FECHA EM SALVADOR NO FERIADO DO DIA DO TRABALHADOR"},"content":{"rendered":"<section class=\"text-token-text-primary w-full focus:outline-none [--shadow-height:45px] has-data-writing-block:pointer-events-none has-data-writing-block:-mt-(--shadow-height) has-data-writing-block:pt-(--shadow-height) [&amp;:has([data-writing-block])&gt;*]:pointer-events-auto R6Vx5W_threadScrollVars scroll-mb-[calc(var(--scroll-root-safe-area-inset-bottom,0px)+var(--thread-response-height))] scroll-mt-(--header-height)\" dir=\"auto\" data-turn-id=\"4530e403-6fa3-48c2-b91e-606a1b9f255d\" data-testid=\"conversation-turn-3\" data-scroll-anchor=\"false\" data-turn=\"user\"><\/section>\n<section class=\"text-token-text-primary w-full focus:outline-none [--shadow-height:45px] has-data-writing-block:pointer-events-none has-data-writing-block:-mt-(--shadow-height) has-data-writing-block:pt-(--shadow-height) [&amp;:has([data-writing-block])&gt;*]:pointer-events-auto [content-visibility:auto] supports-[content-visibility:auto]:[contain-intrinsic-size:auto_100lvh] R6Vx5W_threadScrollVars scroll-mb-[calc(var(--scroll-root-safe-area-inset-bottom,0px)+var(--thread-response-height))] scroll-mt-[calc(var(--header-height)+min(200px,max(70px,20svh)))]\" dir=\"auto\" data-turn-id=\"request-WEB:9feb7b8e-5b41-4111-91e9-1eb178aab93b-1\" data-testid=\"conversation-turn-4\" data-scroll-anchor=\"false\" data-turn=\"assistant\">\n<div class=\"text-base my-auto mx-auto pb-10 [--thread-content-margin:var(--thread-content-margin-xs,calc(var(--spacing)*4))] @w-sm\/main:[--thread-content-margin:var(--thread-content-margin-sm,calc(var(--spacing)*6))] @w-lg\/main:[--thread-content-margin:var(--thread-content-margin-lg,calc(var(--spacing)*16))] px-(--thread-content-margin)\">\n<div class=\"[--thread-content-max-width:40rem] @w-lg\/main:[--thread-content-max-width:48rem] mx-auto max-w-(--thread-content-max-width) flex-1 group\/turn-messages focus-visible:outline-hidden relative flex w-full min-w-0 flex-col agent-turn\">\n<div class=\"flex max-w-full flex-col gap-4 grow\">\n<div class=\"min-h-8 text-message relative flex w-full flex-col items-end gap-2 text-start break-words whitespace-normal outline-none keyboard-focused:focus-ring [.text-message+&amp;]:mt-1\" dir=\"auto\" tabindex=\"0\" data-message-author-role=\"assistant\" data-message-id=\"8426fe7a-6d12-4737-bd37-37c8a86586b0\" data-message-model-slug=\"gpt-5-3\" data-turn-start-message=\"true\">\n<div class=\"flex w-full flex-col gap-1 empty:hidden\">\n<div class=\"markdown prose dark:prose-invert w-full wrap-break-word light markdown-new-styling\">\n<p data-start=\"77\" data-end=\"353\">O feriado do <span class=\"hover:entity-accent entity-underline inline cursor-pointer align-baseline\"><span class=\"whitespace-normal\">Dia do Trabalhador<\/span><\/span> altera o funcionamento de shoppings, mercados e espa\u00e7os culturais em <span class=\"hover:entity-accent entity-underline inline cursor-pointer align-baseline\"><span class=\"whitespace-normal\">Salvador<\/span><\/span> e na Regi\u00e3o Metropolitana nesta sexta-feira (1\u00ba). Quem pretende sair de casa deve ficar atento aos hor\u00e1rios especiais.<\/p>\n<p data-start=\"355\" data-end=\"730\">Nos principais centros de compras, as lojas estar\u00e3o fechadas, enquanto \u00e1reas de alimenta\u00e7\u00e3o e lazer funcionam em hor\u00e1rio reduzido. O <span class=\"hover:entity-accent entity-underline inline cursor-pointer align-baseline\"><span class=\"whitespace-normal\">Shopping Barra<\/span><\/span> ter\u00e1 pra\u00e7a de alimenta\u00e7\u00e3o aberta das 12h \u00e0s 20h, com restaurantes operando a partir do meio-dia. J\u00e1 o <span class=\"hover:entity-accent entity-underline inline cursor-pointer align-baseline\"><span class=\"whitespace-normal\">Shopping Paralela<\/span><\/span> funcionar\u00e1 com alimenta\u00e7\u00e3o e servi\u00e7os essenciais das 12h \u00e0s 21h.<\/p>\n<p data-start=\"732\" data-end=\"1105\">No <span class=\"hover:entity-accent entity-underline inline cursor-pointer align-baseline\"><span class=\"whitespace-normal\">Shopping Center Lapa<\/span><\/span>, a pra\u00e7a de alimenta\u00e7\u00e3o abre das 11h \u00e0s 19h, enquanto o <span class=\"hover:entity-accent entity-underline inline cursor-pointer align-baseline\"><span class=\"whitespace-normal\">Salvador Shopping<\/span><\/span> e o <span class=\"hover:entity-accent entity-underline inline cursor-pointer align-baseline\"><span class=\"whitespace-normal\">Salvador Norte Shopping<\/span><\/span> ter\u00e3o funcionamento das \u00e1reas de lazer e alimenta\u00e7\u00e3o entre 12h e 21h. O <span class=\"hover:entity-accent entity-underline inline cursor-pointer align-baseline\"><span class=\"whitespace-normal\">Boulevard Shopping Cama\u00e7ari<\/span><\/span> tamb\u00e9m segue esse padr\u00e3o, com lojas fechadas e alimenta\u00e7\u00e3o funcionando das 12h \u00e0s 21h.<\/p>\n<p data-start=\"1107\" data-end=\"1289\">Outros centros comerciais permanecem totalmente fechados na sexta, como o <span class=\"hover:entity-accent entity-underline inline cursor-pointer align-baseline\"><span class=\"whitespace-normal\">Outlet Premium Salvador<\/span><\/span> e o <span class=\"hover:entity-accent entity-underline inline cursor-pointer align-baseline\"><span class=\"whitespace-normal\">Shopping da Gente<\/span><\/span>, reabrindo apenas no s\u00e1bado.<\/p>\n<p data-start=\"1291\" data-end=\"1536\">Entre os mercados, o funcionamento ser\u00e1 parcial. O <span class=\"hover:entity-accent entity-underline inline cursor-pointer align-baseline\"><span class=\"whitespace-normal\">Mercado do Ogunj\u00e1<\/span><\/span> abre das 6h \u00e0s 13h, enquanto o <span class=\"hover:entity-accent entity-underline inline cursor-pointer align-baseline\"><span class=\"whitespace-normal\">Mercado de Paripe<\/span><\/span> funciona at\u00e9 as 14h. J\u00e1 o <span class=\"hover:entity-accent entity-underline inline cursor-pointer align-baseline\"><span class=\"whitespace-normal\">Mercado das Sete Portas<\/span><\/span> segue at\u00e9 as 15h.<\/p>\n<p data-start=\"1538\" data-end=\"1677\">No <span class=\"hover:entity-accent entity-underline inline cursor-pointer align-baseline\"><span class=\"whitespace-normal\">Mercado do Rio Vermelho<\/span><\/span>, conhecido como Ceasinha, os boxes funcionam das 7h \u00e0s 14h, e a pra\u00e7a de alimenta\u00e7\u00e3o at\u00e9 as 16h.<\/p>\n<p data-start=\"1679\" data-end=\"1767\">No setor cultural, o <span class=\"hover:entity-accent entity-underline inline cursor-pointer align-baseline\"><span class=\"whitespace-normal\">Museu da Miseric\u00f3rdia<\/span><\/span> n\u00e3o abre nesta sexta-feira.<\/p>\n<p data-start=\"1769\" data-end=\"1946\" data-is-last-node=\"\" data-is-only-node=\"\">A recomenda\u00e7\u00e3o \u00e9 que o p\u00fablico verifique a programa\u00e7\u00e3o espec\u00edfica de cinemas e outros servi\u00e7os antes de sair de casa, j\u00e1 que os hor\u00e1rios podem sofrer altera\u00e7\u00f5es ao longo do dia.<\/p>\n<p data-start=\"1769\" data-end=\"1946\" data-is-last-node=\"\" data-is-only-node=\"\">Foto: Reprodu\u00e7\u00e3o<\/p>\n<\/div>\n<\/div>\n<\/div>\n<\/div>\n<\/div>\n<\/div>\n<\/section>\n","protected":false},"excerpt":{"rendered":"<p>O feriado do Dia do Trabalhador altera o funcionamento de shoppings, mercados e espa\u00e7os culturais em Salvador e na Regi\u00e3o Metropolitana nesta sexta-feira (1\u00ba). Quem pretende sair de casa deve ficar atento aos hor\u00e1rios especiais. Nos principais centros de compras, as lojas estar\u00e3o fechadas, enquanto \u00e1reas de alimenta\u00e7\u00e3o e lazer funcionam em hor\u00e1rio reduzido. O [&hellip;]<\/p>\n","protected":false},"author":24,"featured_media":915498,"comment_status":"closed","ping_status":"closed","sticky":false,"template":"","format":"standard","meta":[],"categories":[5],"tags":[1212,1333],"acf":[],"yoast_head":"<!-- This site is optimized with the Yoast SEO plugin v20.8 - https:\/\/yoast.com\/wordpress\/plugins\/seo\/ -->\n<title>CONFIRA O QUE ABRE E FECHA EM SALVADOR NO FERIADO DO DIA DO TRABALHADOR - Bahia Economica O feriado do Dia do Trabalhador altera o funcionamento de shoppings, mercados e espa\u00e7os culturais em Salvador e na Regi\u00e3o Metropolitana nesta sexta-feira (1\u00ba).<\/title>\n<meta name=\"description\" content=\"O maior portal de Economia da Bahia MUNIC\u00cdPIOS Bahia Economica O feriado do Dia do Trabalhador altera o funcionamento de shoppings, mercados e espa\u00e7os culturais em Salvador e na Regi\u00e3o Metropolitana nesta sexta-feira (1\u00ba).\" \/>\n<meta name=\"robots\" content=\"index, follow, max-snippet:-1, max-image-preview:large, max-video-preview:-1\" \/>\n<link rel=\"canonical\" href=\"https:\/\/bahiaeconomica.com.br\/wp\/2026\/05\/01\/confira-o-que-abre-e-fecha-em-salvador-no-feriado-do-dia-do-trabalhador\/\" \/>\n<meta property=\"og:locale\" content=\"pt_BR\" \/>\n<meta property=\"og:type\" content=\"article\" \/>\n<meta property=\"og:title\" content=\"CONFIRA O QUE ABRE E FECHA EM SALVADOR NO FERIADO DO DIA DO TRABALHADOR - Bahia Economica O feriado do Dia do Trabalhador altera o funcionamento de shoppings, mercados e espa\u00e7os culturais em Salvador e na Regi\u00e3o Metropolitana nesta sexta-feira (1\u00ba).\" \/>\n<meta property=\"og:description\" content=\"O maior portal de Economia da Bahia MUNIC\u00cdPIOS Bahia Economica O feriado do Dia do Trabalhador altera o funcionamento de shoppings, mercados e espa\u00e7os culturais em Salvador e na Regi\u00e3o Metropolitana nesta sexta-feira (1\u00ba).\" \/>\n<meta property=\"og:url\" content=\"https:\/\/bahiaeconomica.com.br\/wp\/2026\/05\/01\/confira-o-que-abre-e-fecha-em-salvador-no-feriado-do-dia-do-trabalhador\/\" \/>\n<meta property=\"og:site_name\" content=\"Bahia Economica\" \/>\n<meta property=\"article:publisher\" content=\"https:\/\/www.facebook.com\/bahiaeconomica\" \/>\n<meta property=\"article:published_time\" content=\"2026-05-01T10:23:27+00:00\" \/>\n<meta property=\"og:image\" content=\"https:\/\/bahiaeconomica.com.br\/wp\/wp-content\/uploads\/2025\/07\/salvador_shopping_cover.jpeg\" \/>\n\t<meta property=\"og:image:width\" content=\"1536\" \/>\n\t<meta property=\"og:image:height\" content=\"768\" \/>\n\t<meta property=\"og:image:type\" content=\"image\/jpeg\" \/>\n<meta name=\"author\" content=\"VICTOR OLIVEIRA\" \/>\n<meta name=\"twitter:card\" content=\"summary_large_image\" \/>\n<meta name=\"twitter:label1\" content=\"Escrito por\" \/>\n\t<meta name=\"twitter:data1\" content=\"VICTOR OLIVEIRA\" \/>\n\t<meta name=\"twitter:label2\" content=\"Est. tempo de leitura\" \/>\n\t<meta name=\"twitter:data2\" content=\"2 minutos\" \/>\n<script type=\"application\/ld+json\" class=\"yoast-schema-graph\">{\"@context\":\"https:\/\/schema.org\",\"@graph\":[{\"@type\":\"Article\",\"@id\":\"https:\/\/bahiaeconomica.com.br\/wp\/2026\/05\/01\/confira-o-que-abre-e-fecha-em-salvador-no-feriado-do-dia-do-trabalhador\/#article\",\"isPartOf\":{\"@id\":\"https:\/\/bahiaeconomica.com.br\/wp\/2026\/05\/01\/confira-o-que-abre-e-fecha-em-salvador-no-feriado-do-dia-do-trabalhador\/\"},\"author\":{\"name\":\"VICTOR OLIVEIRA\",\"@id\":\"https:\/\/bahiaeconomica.com.br\/wp\/#\/schema\/person\/a17956d0e1112b626f403fb06b8129a9\"},\"headline\":\"CONFIRA O QUE ABRE E FECHA EM SALVADOR NO FERIADO DO DIA DO TRABALHADOR\",\"datePublished\":\"2026-05-01T10:23:27+00:00\",\"dateModified\":\"2026-05-01T10:23:27+00:00\",\"mainEntityOfPage\":{\"@id\":\"https:\/\/bahiaeconomica.com.br\/wp\/2026\/05\/01\/confira-o-que-abre-e-fecha-em-salvador-no-feriado-do-dia-do-trabalhador\/\"},\"wordCount\":306,\"publisher\":{\"@id\":\"https:\/\/bahiaeconomica.com.br\/wp\/#organization\"},\"keywords\":[\"Feriado\",\"funcionamento\"],\"articleSection\":[\"MUNIC\u00cdPIOS\"],\"inLanguage\":\"pt-BR\"},{\"@type\":\"WebPage\",\"@id\":\"https:\/\/bahiaeconomica.com.br\/wp\/2026\/05\/01\/confira-o-que-abre-e-fecha-em-salvador-no-feriado-do-dia-do-trabalhador\/\",\"url\":\"https:\/\/bahiaeconomica.com.br\/wp\/2026\/05\/01\/confira-o-que-abre-e-fecha-em-salvador-no-feriado-do-dia-do-trabalhador\/\",\"name\":\"CONFIRA O QUE ABRE E FECHA EM SALVADOR NO FERIADO DO DIA DO TRABALHADOR - Bahia Economica O feriado do Dia do Trabalhador altera o funcionamento de shoppings, mercados e espa\u00e7os culturais em Salvador e na Regi\u00e3o Metropolitana nesta sexta-feira (1\u00ba).\",\"isPartOf\":{\"@id\":\"https:\/\/bahiaeconomica.com.br\/wp\/#website\"},\"datePublished\":\"2026-05-01T10:23:27+00:00\",\"dateModified\":\"2026-05-01T10:23:27+00:00\",\"description\":\"O maior portal de Economia da Bahia MUNIC\u00cdPIOS Bahia Economica O feriado do Dia do Trabalhador altera o funcionamento de shoppings, mercados e espa\u00e7os culturais em Salvador e na Regi\u00e3o Metropolitana nesta sexta-feira (1\u00ba).\",\"breadcrumb\":{\"@id\":\"https:\/\/bahiaeconomica.com.br\/wp\/2026\/05\/01\/confira-o-que-abre-e-fecha-em-salvador-no-feriado-do-dia-do-trabalhador\/#breadcrumb\"},\"inLanguage\":\"pt-BR\",\"potentialAction\":[{\"@type\":\"ReadAction\",\"target\":[\"https:\/\/bahiaeconomica.com.br\/wp\/2026\/05\/01\/confira-o-que-abre-e-fecha-em-salvador-no-feriado-do-dia-do-trabalhador\/\"]}]},{\"@type\":\"BreadcrumbList\",\"@id\":\"https:\/\/bahiaeconomica.com.br\/wp\/2026\/05\/01\/confira-o-que-abre-e-fecha-em-salvador-no-feriado-do-dia-do-trabalhador\/#breadcrumb\",\"itemListElement\":[{\"@type\":\"ListItem\",\"position\":1,\"name\":\"In\u00edcio\",\"item\":\"https:\/\/bahiaeconomica.com.br\/wp\/\"},{\"@type\":\"ListItem\",\"position\":2,\"name\":\"CONFIRA O QUE ABRE E FECHA EM SALVADOR NO FERIADO DO DIA DO TRABALHADOR\"}]},{\"@type\":\"WebSite\",\"@id\":\"https:\/\/bahiaeconomica.com.br\/wp\/#website\",\"url\":\"https:\/\/bahiaeconomica.com.br\/wp\/\",\"name\":\"Bahia Economica\",\"description\":\"O maior portal de Economia da Bahia\",\"publisher\":{\"@id\":\"https:\/\/bahiaeconomica.com.br\/wp\/#organization\"},\"potentialAction\":[{\"@type\":\"SearchAction\",\"target\":{\"@type\":\"EntryPoint\",\"urlTemplate\":\"https:\/\/bahiaeconomica.com.br\/wp\/?s={search_term_string}\"},\"query-input\":\"required name=search_term_string\"}],\"inLanguage\":\"pt-BR\"},{\"@type\":\"Organization\",\"@id\":\"https:\/\/bahiaeconomica.com.br\/wp\/#organization\",\"name\":\"Bahia Econ\u00f4mica\",\"url\":\"https:\/\/bahiaeconomica.com.br\/wp\/\",\"logo\":{\"@type\":\"ImageObject\",\"inLanguage\":\"pt-BR\",\"@id\":\"https:\/\/bahiaeconomica.com.br\/wp\/#\/schema\/logo\/image\/\",\"url\":\"https:\/\/bahiaeconomica.com.br\/wp\/wp-content\/uploads\/2020\/12\/cropped-BE.png\",\"contentUrl\":\"https:\/\/bahiaeconomica.com.br\/wp\/wp-content\/uploads\/2020\/12\/cropped-BE.png\",\"width\":512,\"height\":512,\"caption\":\"Bahia Econ\u00f4mica\"},\"image\":{\"@id\":\"https:\/\/bahiaeconomica.com.br\/wp\/#\/schema\/logo\/image\/\"},\"sameAs\":[\"https:\/\/www.facebook.com\/bahiaeconomica\"]},{\"@type\":\"Person\",\"@id\":\"https:\/\/bahiaeconomica.com.br\/wp\/#\/schema\/person\/a17956d0e1112b626f403fb06b8129a9\",\"name\":\"VICTOR OLIVEIRA\",\"sameAs\":[\"http:\/\/www.bahiaeconomica.com.br\"],\"url\":\"https:\/\/bahiaeconomica.com.br\/wp\/author\/victor-oliveira\/\"}]}<\/script>\n<!-- \/ Yoast SEO plugin. -->","yoast_head_json":{"title":"CONFIRA O QUE ABRE E FECHA EM SALVADOR NO FERIADO DO DIA DO TRABALHADOR - Bahia Economica O feriado do Dia do Trabalhador altera o funcionamento de shoppings, mercados e espa\u00e7os culturais em Salvador e na Regi\u00e3o Metropolitana nesta sexta-feira (1\u00ba).","description":"O maior portal de Economia da Bahia MUNIC\u00cdPIOS Bahia Economica O feriado do Dia do Trabalhador altera o funcionamento de shoppings, mercados e espa\u00e7os culturais em Salvador e na Regi\u00e3o Metropolitana nesta sexta-feira (1\u00ba).","robots":{"index":"index","follow":"follow","max-snippet":"max-snippet:-1","max-image-preview":"max-image-preview:large","max-video-preview":"max-video-preview:-1"},"canonical":"https:\/\/bahiaeconomica.com.br\/wp\/2026\/05\/01\/confira-o-que-abre-e-fecha-em-salvador-no-feriado-do-dia-do-trabalhador\/","og_locale":"pt_BR","og_type":"article","og_title":"CONFIRA O QUE ABRE E FECHA EM SALVADOR NO FERIADO DO DIA DO TRABALHADOR - Bahia Economica O feriado do Dia do Trabalhador altera o funcionamento de shoppings, mercados e espa\u00e7os culturais em Salvador e na Regi\u00e3o Metropolitana nesta sexta-feira (1\u00ba).","og_description":"O maior portal de Economia da Bahia MUNIC\u00cdPIOS Bahia Economica O feriado do Dia do Trabalhador altera o funcionamento de shoppings, mercados e espa\u00e7os culturais em Salvador e na Regi\u00e3o Metropolitana nesta sexta-feira (1\u00ba).","og_url":"https:\/\/bahiaeconomica.com.br\/wp\/2026\/05\/01\/confira-o-que-abre-e-fecha-em-salvador-no-feriado-do-dia-do-trabalhador\/","og_site_name":"Bahia Economica","article_publisher":"https:\/\/www.facebook.com\/bahiaeconomica","article_published_time":"2026-05-01T10:23:27+00:00","og_image":[{"width":1536,"height":768,"url":"https:\/\/bahiaeconomica.com.br\/wp\/wp-content\/uploads\/2025\/07\/salvador_shopping_cover.jpeg","type":"image\/jpeg"}],"author":"VICTOR OLIVEIRA","twitter_card":"summary_large_image","twitter_misc":{"Escrito por":"VICTOR OLIVEIRA","Est. tempo de leitura":"2 minutos"},"schema":{"@context":"https:\/\/schema.org","@graph":[{"@type":"Article","@id":"https:\/\/bahiaeconomica.com.br\/wp\/2026\/05\/01\/confira-o-que-abre-e-fecha-em-salvador-no-feriado-do-dia-do-trabalhador\/#article","isPartOf":{"@id":"https:\/\/bahiaeconomica.com.br\/wp\/2026\/05\/01\/confira-o-que-abre-e-fecha-em-salvador-no-feriado-do-dia-do-trabalhador\/"},"author":{"name":"VICTOR OLIVEIRA","@id":"https:\/\/bahiaeconomica.com.br\/wp\/#\/schema\/person\/a17956d0e1112b626f403fb06b8129a9"},"headline":"CONFIRA O QUE ABRE E FECHA EM SALVADOR NO FERIADO DO DIA DO TRABALHADOR","datePublished":"2026-05-01T10:23:27+00:00","dateModified":"2026-05-01T10:23:27+00:00","mainEntityOfPage":{"@id":"https:\/\/bahiaeconomica.com.br\/wp\/2026\/05\/01\/confira-o-que-abre-e-fecha-em-salvador-no-feriado-do-dia-do-trabalhador\/"},"wordCount":306,"publisher":{"@id":"https:\/\/bahiaeconomica.com.br\/wp\/#organization"},"keywords":["Feriado","funcionamento"],"articleSection":["MUNIC\u00cdPIOS"],"inLanguage":"pt-BR"},{"@type":"WebPage","@id":"https:\/\/bahiaeconomica.com.br\/wp\/2026\/05\/01\/confira-o-que-abre-e-fecha-em-salvador-no-feriado-do-dia-do-trabalhador\/","url":"https:\/\/bahiaeconomica.com.br\/wp\/2026\/05\/01\/confira-o-que-abre-e-fecha-em-salvador-no-feriado-do-dia-do-trabalhador\/","name":"CONFIRA O QUE ABRE E FECHA EM SALVADOR NO FERIADO DO DIA DO TRABALHADOR - Bahia Economica O feriado do Dia do Trabalhador altera o funcionamento de shoppings, mercados e espa\u00e7os culturais em Salvador e na Regi\u00e3o Metropolitana nesta sexta-feira (1\u00ba).","isPartOf":{"@id":"https:\/\/bahiaeconomica.com.br\/wp\/#website"},"datePublished":"2026-05-01T10:23:27+00:00","dateModified":"2026-05-01T10:23:27+00:00","description":"O maior portal de Economia da Bahia MUNIC\u00cdPIOS Bahia Economica O feriado do Dia do Trabalhador altera o funcionamento de shoppings, mercados e espa\u00e7os culturais em Salvador e na Regi\u00e3o Metropolitana nesta sexta-feira (1\u00ba).","breadcrumb":{"@id":"https:\/\/bahiaeconomica.com.br\/wp\/2026\/05\/01\/confira-o-que-abre-e-fecha-em-salvador-no-feriado-do-dia-do-trabalhador\/#breadcrumb"},"inLanguage":"pt-BR","potentialAction":[{"@type":"ReadAction","target":["https:\/\/bahiaeconomica.com.br\/wp\/2026\/05\/01\/confira-o-que-abre-e-fecha-em-salvador-no-feriado-do-dia-do-trabalhador\/"]}]},{"@type":"BreadcrumbList","@id":"https:\/\/bahiaeconomica.com.br\/wp\/2026\/05\/01\/confira-o-que-abre-e-fecha-em-salvador-no-feriado-do-dia-do-trabalhador\/#breadcrumb","itemListElement":[{"@type":"ListItem","position":1,"name":"In\u00edcio","item":"https:\/\/bahiaeconomica.com.br\/wp\/"},{"@type":"ListItem","position":2,"name":"CONFIRA O QUE ABRE E FECHA EM SALVADOR NO FERIADO DO DIA DO TRABALHADOR"}]},{"@type":"WebSite","@id":"https:\/\/bahiaeconomica.com.br\/wp\/#website","url":"https:\/\/bahiaeconomica.com.br\/wp\/","name":"Bahia Economica","description":"O maior portal de Economia da Bahia","publisher":{"@id":"https:\/\/bahiaeconomica.com.br\/wp\/#organization"},"potentialAction":[{"@type":"SearchAction","target":{"@type":"EntryPoint","urlTemplate":"https:\/\/bahiaeconomica.com.br\/wp\/?s={search_term_string}"},"query-input":"required name=search_term_string"}],"inLanguage":"pt-BR"},{"@type":"Organization","@id":"https:\/\/bahiaeconomica.com.br\/wp\/#organization","name":"Bahia Econ\u00f4mica","url":"https:\/\/bahiaeconomica.com.br\/wp\/","logo":{"@type":"ImageObject","inLanguage":"pt-BR","@id":"https:\/\/bahiaeconomica.com.br\/wp\/#\/schema\/logo\/image\/","url":"https:\/\/bahiaeconomica.com.br\/wp\/wp-content\/uploads\/2020\/12\/cropped-BE.png","contentUrl":"https:\/\/bahiaeconomica.com.br\/wp\/wp-content\/uploads\/2020\/12\/cropped-BE.png","width":512,"height":512,"caption":"Bahia Econ\u00f4mica"},"image":{"@id":"https:\/\/bahiaeconomica.com.br\/wp\/#\/schema\/logo\/image\/"},"sameAs":["https:\/\/www.facebook.com\/bahiaeconomica"]},{"@type":"Person","@id":"https:\/\/bahiaeconomica.com.br\/wp\/#\/schema\/person\/a17956d0e1112b626f403fb06b8129a9","name":"VICTOR OLIVEIRA","sameAs":["http:\/\/www.bahiaeconomica.com.br"],"url":"https:\/\/bahiaeconomica.com.br\/wp\/author\/victor-oliveira\/"}]}},"views":265,"_links":{"self":[{"href":"https:\/\/bahiaeconomica.com.br\/wp\/wp-json\/wp\/v2\/posts\/992475"}],"collection":[{"href":"https:\/\/bahiaeconomica.com.br\/wp\/wp-json\/wp\/v2\/posts"}],"about":[{"href":"https:\/\/bahiaeconomica.com.br\/wp\/wp-json\/wp\/v2\/types\/post"}],"author":[{"embeddable":true,"href":"https:\/\/bahiaeconomica.com.br\/wp\/wp-json\/wp\/v2\/users\/24"}],"replies":[{"embeddable":true,"href":"https:\/\/bahiaeconomica.com.br\/wp\/wp-json\/wp\/v2\/comments?post=992475"}],"version-history":[{"count":1,"href":"https:\/\/bahiaeconomica.com.br\/wp\/wp-json\/wp\/v2\/posts\/992475\/revisions"}],"predecessor-version":[{"id":992476,"href":"https:\/\/bahiaeconomica.com.br\/wp\/wp-json\/wp\/v2\/posts\/992475\/revisions\/992476"}],"wp:featuredmedia":[{"embeddable":true,"href":"https:\/\/bahiaeconomica.com.br\/wp\/wp-json\/wp\/v2\/media\/915498"}],"wp:attachment":[{"href":"https:\/\/bahiaeconomica.com.br\/wp\/wp-json\/wp\/v2\/media?parent=992475"}],"wp:term":[{"taxonomy":"category","embeddable":true,"href":"https:\/\/bahiaeconomica.com.br\/wp\/wp-json\/wp\/v2\/categories?post=992475"},{"taxonomy":"post_tag","embeddable":true,"href":"https:\/\/bahiaeconomica.com.br\/wp\/wp-json\/wp\/v2\/tags?post=992475"}],"curies":[{"name":"wp","href":"https:\/\/api.w.org\/{rel}","templated":true}]}}