{"id":992449,"date":"2026-04-30T19:00:00","date_gmt":"2026-04-30T22:00:00","guid":{"rendered":"https:\/\/bahiaeconomica.com.br\/wp\/?p=992449"},"modified":"2026-04-30T19:00:00","modified_gmt":"2026-04-30T22:00:00","slug":"lindbergh-farias-anuncia-que-vai-ao-stf-contra-pl-da-dosimetria-apos-derrubada-de-veto-no-congresso","status":"publish","type":"post","link":"https:\/\/bahiaeconomica.com.br\/wp\/2026\/04\/30\/lindbergh-farias-anuncia-que-vai-ao-stf-contra-pl-da-dosimetria-apos-derrubada-de-veto-no-congresso\/","title":{"rendered":"LINDBERGH FARIAS ANUNCIA QUE VAI AO STF CONTRA PL DA DOSIMETRIA AP\u00d3S DERRUBADA DE VETO NO CONGRESSO"},"content":{"rendered":"<section class=\"text-token-text-primary w-full focus:outline-none [--shadow-height:45px] has-data-writing-block:pointer-events-none has-data-writing-block:-mt-(--shadow-height) has-data-writing-block:pt-(--shadow-height) [&amp;:has([data-writing-block])&gt;*]:pointer-events-auto R6Vx5W_threadScrollVars scroll-mb-[calc(var(--scroll-root-safe-area-inset-bottom,0px)+var(--thread-response-height))] scroll-mt-(--header-height)\" dir=\"auto\" data-turn-id=\"e841ab88-441a-430e-8681-3a186d5c195f\" data-testid=\"conversation-turn-7\" data-scroll-anchor=\"false\" data-turn=\"user\"><\/section>\n<section class=\"text-token-text-primary w-full focus:outline-none [--shadow-height:45px] has-data-writing-block:pointer-events-none has-data-writing-block:-mt-(--shadow-height) has-data-writing-block:pt-(--shadow-height) [&amp;:has([data-writing-block])&gt;*]:pointer-events-auto [content-visibility:auto] supports-[content-visibility:auto]:[contain-intrinsic-size:auto_100lvh] R6Vx5W_threadScrollVars scroll-mb-[calc(var(--scroll-root-safe-area-inset-bottom,0px)+var(--thread-response-height))] scroll-mt-[calc(var(--header-height)+min(200px,max(70px,20svh)))]\" dir=\"auto\" data-turn-id=\"request-WEB:676fce3f-6de9-4709-985b-6f4078ff1a08-3\" data-testid=\"conversation-turn-8\" data-scroll-anchor=\"false\" data-turn=\"assistant\">\n<div class=\"text-base my-auto mx-auto pb-10 [--thread-content-margin:var(--thread-content-margin-xs,calc(var(--spacing)*4))] @w-sm\/main:[--thread-content-margin:var(--thread-content-margin-sm,calc(var(--spacing)*6))] @w-lg\/main:[--thread-content-margin:var(--thread-content-margin-lg,calc(var(--spacing)*16))] px-(--thread-content-margin)\">\n<div class=\"[--thread-content-max-width:40rem] @w-lg\/main:[--thread-content-max-width:48rem] mx-auto max-w-(--thread-content-max-width) flex-1 group\/turn-messages focus-visible:outline-hidden relative flex w-full min-w-0 flex-col agent-turn\">\n<div class=\"flex max-w-full flex-col gap-4 grow\">\n<div class=\"min-h-8 text-message relative flex w-full flex-col items-end gap-2 text-start break-words whitespace-normal outline-none keyboard-focused:focus-ring [.text-message+&amp;]:mt-1\" dir=\"auto\" tabindex=\"0\" data-message-author-role=\"assistant\" data-message-id=\"fcd839b0-d489-43d5-9819-395841b034f7\" data-message-model-slug=\"gpt-5-3-mini\" data-turn-start-message=\"true\">\n<div class=\"flex w-full flex-col gap-1 empty:hidden\">\n<div class=\"markdown prose dark:prose-invert w-full wrap-break-word light markdown-new-styling\">\n<p data-start=\"105\" data-end=\"382\">O deputado federal Lindbergh Farias (PT-RJ) afirmou nesta quinta-feira (30) que vai acionar o Supremo Tribunal Federal (STF) para tentar anular o chamado PL da Dosimetria, ap\u00f3s o Congresso Nacional derrubar o veto integral do presidente Luiz In\u00e1cio Lula da Silva (PT) ao texto.<\/p>\n<p data-start=\"384\" data-end=\"707\">Segundo o parlamentar, a proposta apresenta \u201cinconstitucionalidade\u201d por ter car\u00e1ter \u201cabstrato e geral\u201d e por, em sua avalia\u00e7\u00e3o, interferir na compet\u00eancia do Judici\u00e1rio na defini\u00e7\u00e3o da dosimetria das penas. Lindbergh tamb\u00e9m sustenta que haveria \u201cdesvio de finalidade\u201d na medida, com potencial benef\u00edcio a grupos espec\u00edficos.<\/p>\n<p data-start=\"709\" data-end=\"1003\">A decis\u00e3o de derrubada do veto ocorreu em sess\u00e3o conjunta do Congresso, que restabeleceu o texto aprovado anteriormente. O projeto ficou conhecido como PL da Dosimetria por alterar regras do C\u00f3digo Penal e da Lei de Execu\u00e7\u00e3o Penal, com impacto direto na forma de c\u00e1lculo e cumprimento de penas.<\/p>\n<p data-start=\"1005\" data-end=\"1346\">Entre os pontos previstos no texto est\u00e3o a veda\u00e7\u00e3o de soma de penas em determinados crimes ligados a ataques contra o Estado Democr\u00e1tico de Direito, a possibilidade de redu\u00e7\u00e3o de pena para participantes de atos em contexto de multid\u00e3o sem papel de lideran\u00e7a e sem financiamento, al\u00e9m da flexibiliza\u00e7\u00e3o de crit\u00e9rios para progress\u00e3o de regime.<\/p>\n<p data-start=\"1348\" data-end=\"1606\">O projeto foi aprovado pelo Senado em dezembro do ano passado e posteriormente vetado integralmente pelo presidente Lula em janeiro deste ano, em refer\u00eancia ao 8 de janeiro de 2023, quando houve a invas\u00e3o e depreda\u00e7\u00e3o das sedes dos Tr\u00eas Poderes, em Bras\u00edlia.<\/p>\n<p data-start=\"1608\" data-end=\"1885\" data-is-last-node=\"\" data-is-only-node=\"\">Ap\u00f3s a decis\u00e3o do Congresso, Lindbergh publicou em rede social cr\u00edticas ao texto e afirmou que o acordo pol\u00edtico que sustentou a derrubada do veto teria motiva\u00e7\u00f5es indevidas. Agora, ele indica que pretende levar a discuss\u00e3o ao STF para an\u00e1lise da constitucionalidade da medida.<\/p>\n<\/div>\n<\/div>\n<\/div>\n<\/div>\n<\/div>\n<\/div>\n<\/section>\n<div class=\"pointer-events-none -mt-px h-px translate-y-[calc(var(--scroll-root-safe-area-inset-bottom)-14*var(--spacing))]\" aria-hidden=\"true\">Foto: Reprodu\u00e7\u00e3o<\/div>\n","protected":false},"excerpt":{"rendered":"<p>O deputado federal Lindbergh Farias (PT-RJ) afirmou nesta quinta-feira (30) que vai acionar o Supremo Tribunal Federal (STF) para tentar anular o chamado PL da Dosimetria, ap\u00f3s o Congresso Nacional derrubar o veto integral do presidente Luiz In\u00e1cio Lula da Silva (PT) ao texto. Segundo o parlamentar, a proposta apresenta \u201cinconstitucionalidade\u201d por ter car\u00e1ter \u201cabstrato [&hellip;]<\/p>\n","protected":false},"author":24,"featured_media":954795,"comment_status":"closed","ping_status":"closed","sticky":false,"template":"","format":"standard","meta":[],"categories":[14601],"tags":[42723,15250,93],"acf":[],"yoast_head":"<!-- This site is optimized with the Yoast SEO plugin v20.8 - https:\/\/yoast.com\/wordpress\/plugins\/seo\/ -->\n<title>LINDBERGH FARIAS ANUNCIA QUE VAI AO STF CONTRA PL DA DOSIMETRIA AP\u00d3S DERRUBADA DE VETO NO CONGRESSO - Bahia Economica O deputado federal Lindbergh Farias (PT-RJ) afirmou nesta quinta-feira (30) que vai acionar o Supremo Tribunal Federal (STF) para tentar anular o chamado PL<\/title>\n<meta name=\"description\" content=\"O maior portal de Economia da Bahia Pol\u00edtica Bahia Economica O deputado federal Lindbergh Farias (PT-RJ) afirmou nesta quinta-feira (30) que vai acionar o Supremo Tribunal Federal (STF) para tentar anular o chamado PL\" \/>\n<meta name=\"robots\" content=\"index, follow, max-snippet:-1, max-image-preview:large, max-video-preview:-1\" \/>\n<link rel=\"canonical\" href=\"https:\/\/bahiaeconomica.com.br\/wp\/2026\/04\/30\/lindbergh-farias-anuncia-que-vai-ao-stf-contra-pl-da-dosimetria-apos-derrubada-de-veto-no-congresso\/\" \/>\n<meta property=\"og:locale\" content=\"pt_BR\" \/>\n<meta property=\"og:type\" content=\"article\" \/>\n<meta property=\"og:title\" content=\"LINDBERGH FARIAS ANUNCIA QUE VAI AO STF CONTRA PL DA DOSIMETRIA AP\u00d3S DERRUBADA DE VETO NO CONGRESSO - Bahia Economica O deputado federal Lindbergh Farias (PT-RJ) afirmou nesta quinta-feira (30) que vai acionar o Supremo Tribunal Federal (STF) para tentar anular o chamado PL\" \/>\n<meta property=\"og:description\" content=\"O maior portal de Economia da Bahia Pol\u00edtica Bahia Economica O deputado federal Lindbergh Farias (PT-RJ) afirmou nesta quinta-feira (30) que vai acionar o Supremo Tribunal Federal (STF) para tentar anular o chamado PL\" \/>\n<meta property=\"og:url\" content=\"https:\/\/bahiaeconomica.com.br\/wp\/2026\/04\/30\/lindbergh-farias-anuncia-que-vai-ao-stf-contra-pl-da-dosimetria-apos-derrubada-de-veto-no-congresso\/\" \/>\n<meta property=\"og:site_name\" content=\"Bahia Economica\" \/>\n<meta property=\"article:publisher\" content=\"https:\/\/www.facebook.com\/bahiaeconomica\" \/>\n<meta property=\"article:published_time\" content=\"2026-04-30T22:00:00+00:00\" \/>\n<meta property=\"og:image\" content=\"https:\/\/bahiaeconomica.com.br\/wp\/wp-content\/uploads\/2025\/11\/3088930501-senador-lindbergh-farias-agencia-senado-1-1.jpg\" \/>\n\t<meta property=\"og:image:width\" content=\"1200\" \/>\n\t<meta property=\"og:image:height\" content=\"795\" \/>\n\t<meta property=\"og:image:type\" content=\"image\/jpeg\" \/>\n<meta name=\"author\" content=\"VICTOR OLIVEIRA\" \/>\n<meta name=\"twitter:card\" content=\"summary_large_image\" \/>\n<meta name=\"twitter:label1\" content=\"Escrito por\" \/>\n\t<meta name=\"twitter:data1\" content=\"VICTOR OLIVEIRA\" \/>\n\t<meta name=\"twitter:label2\" content=\"Est. tempo de leitura\" \/>\n\t<meta name=\"twitter:data2\" content=\"2 minutos\" \/>\n<script type=\"application\/ld+json\" class=\"yoast-schema-graph\">{\"@context\":\"https:\/\/schema.org\",\"@graph\":[{\"@type\":\"Article\",\"@id\":\"https:\/\/bahiaeconomica.com.br\/wp\/2026\/04\/30\/lindbergh-farias-anuncia-que-vai-ao-stf-contra-pl-da-dosimetria-apos-derrubada-de-veto-no-congresso\/#article\",\"isPartOf\":{\"@id\":\"https:\/\/bahiaeconomica.com.br\/wp\/2026\/04\/30\/lindbergh-farias-anuncia-que-vai-ao-stf-contra-pl-da-dosimetria-apos-derrubada-de-veto-no-congresso\/\"},\"author\":{\"name\":\"VICTOR OLIVEIRA\",\"@id\":\"https:\/\/bahiaeconomica.com.br\/wp\/#\/schema\/person\/a17956d0e1112b626f403fb06b8129a9\"},\"headline\":\"LINDBERGH FARIAS ANUNCIA QUE VAI AO STF CONTRA PL DA DOSIMETRIA AP\u00d3S DERRUBADA DE VETO NO CONGRESSO\",\"datePublished\":\"2026-04-30T22:00:00+00:00\",\"dateModified\":\"2026-04-30T22:00:00+00:00\",\"mainEntityOfPage\":{\"@id\":\"https:\/\/bahiaeconomica.com.br\/wp\/2026\/04\/30\/lindbergh-farias-anuncia-que-vai-ao-stf-contra-pl-da-dosimetria-apos-derrubada-de-veto-no-congresso\/\"},\"wordCount\":335,\"publisher\":{\"@id\":\"https:\/\/bahiaeconomica.com.br\/wp\/#organization\"},\"keywords\":[\"Dosimetria\",\"Lindbergh Farias\",\"STF\"],\"articleSection\":[\"Pol\u00edtica\"],\"inLanguage\":\"pt-BR\"},{\"@type\":\"WebPage\",\"@id\":\"https:\/\/bahiaeconomica.com.br\/wp\/2026\/04\/30\/lindbergh-farias-anuncia-que-vai-ao-stf-contra-pl-da-dosimetria-apos-derrubada-de-veto-no-congresso\/\",\"url\":\"https:\/\/bahiaeconomica.com.br\/wp\/2026\/04\/30\/lindbergh-farias-anuncia-que-vai-ao-stf-contra-pl-da-dosimetria-apos-derrubada-de-veto-no-congresso\/\",\"name\":\"LINDBERGH FARIAS ANUNCIA QUE VAI AO STF CONTRA PL DA DOSIMETRIA AP\u00d3S DERRUBADA DE VETO NO CONGRESSO - Bahia Economica O deputado federal Lindbergh Farias (PT-RJ) afirmou nesta quinta-feira (30) que vai acionar o Supremo Tribunal Federal (STF) para tentar anular o chamado PL\",\"isPartOf\":{\"@id\":\"https:\/\/bahiaeconomica.com.br\/wp\/#website\"},\"datePublished\":\"2026-04-30T22:00:00+00:00\",\"dateModified\":\"2026-04-30T22:00:00+00:00\",\"description\":\"O maior portal de Economia da Bahia Pol\u00edtica Bahia Economica O deputado federal Lindbergh Farias (PT-RJ) afirmou nesta quinta-feira (30) que vai acionar o Supremo Tribunal Federal (STF) para tentar anular o chamado PL\",\"breadcrumb\":{\"@id\":\"https:\/\/bahiaeconomica.com.br\/wp\/2026\/04\/30\/lindbergh-farias-anuncia-que-vai-ao-stf-contra-pl-da-dosimetria-apos-derrubada-de-veto-no-congresso\/#breadcrumb\"},\"inLanguage\":\"pt-BR\",\"potentialAction\":[{\"@type\":\"ReadAction\",\"target\":[\"https:\/\/bahiaeconomica.com.br\/wp\/2026\/04\/30\/lindbergh-farias-anuncia-que-vai-ao-stf-contra-pl-da-dosimetria-apos-derrubada-de-veto-no-congresso\/\"]}]},{\"@type\":\"BreadcrumbList\",\"@id\":\"https:\/\/bahiaeconomica.com.br\/wp\/2026\/04\/30\/lindbergh-farias-anuncia-que-vai-ao-stf-contra-pl-da-dosimetria-apos-derrubada-de-veto-no-congresso\/#breadcrumb\",\"itemListElement\":[{\"@type\":\"ListItem\",\"position\":1,\"name\":\"In\u00edcio\",\"item\":\"https:\/\/bahiaeconomica.com.br\/wp\/\"},{\"@type\":\"ListItem\",\"position\":2,\"name\":\"LINDBERGH FARIAS ANUNCIA QUE VAI AO STF CONTRA PL DA DOSIMETRIA AP\u00d3S DERRUBADA DE VETO NO CONGRESSO\"}]},{\"@type\":\"WebSite\",\"@id\":\"https:\/\/bahiaeconomica.com.br\/wp\/#website\",\"url\":\"https:\/\/bahiaeconomica.com.br\/wp\/\",\"name\":\"Bahia Economica\",\"description\":\"O maior portal de Economia da Bahia\",\"publisher\":{\"@id\":\"https:\/\/bahiaeconomica.com.br\/wp\/#organization\"},\"potentialAction\":[{\"@type\":\"SearchAction\",\"target\":{\"@type\":\"EntryPoint\",\"urlTemplate\":\"https:\/\/bahiaeconomica.com.br\/wp\/?s={search_term_string}\"},\"query-input\":\"required name=search_term_string\"}],\"inLanguage\":\"pt-BR\"},{\"@type\":\"Organization\",\"@id\":\"https:\/\/bahiaeconomica.com.br\/wp\/#organization\",\"name\":\"Bahia Econ\u00f4mica\",\"url\":\"https:\/\/bahiaeconomica.com.br\/wp\/\",\"logo\":{\"@type\":\"ImageObject\",\"inLanguage\":\"pt-BR\",\"@id\":\"https:\/\/bahiaeconomica.com.br\/wp\/#\/schema\/logo\/image\/\",\"url\":\"https:\/\/bahiaeconomica.com.br\/wp\/wp-content\/uploads\/2020\/12\/cropped-BE.png\",\"contentUrl\":\"https:\/\/bahiaeconomica.com.br\/wp\/wp-content\/uploads\/2020\/12\/cropped-BE.png\",\"width\":512,\"height\":512,\"caption\":\"Bahia Econ\u00f4mica\"},\"image\":{\"@id\":\"https:\/\/bahiaeconomica.com.br\/wp\/#\/schema\/logo\/image\/\"},\"sameAs\":[\"https:\/\/www.facebook.com\/bahiaeconomica\"]},{\"@type\":\"Person\",\"@id\":\"https:\/\/bahiaeconomica.com.br\/wp\/#\/schema\/person\/a17956d0e1112b626f403fb06b8129a9\",\"name\":\"VICTOR OLIVEIRA\",\"sameAs\":[\"http:\/\/www.bahiaeconomica.com.br\"],\"url\":\"https:\/\/bahiaeconomica.com.br\/wp\/author\/victor-oliveira\/\"}]}<\/script>\n<!-- \/ Yoast SEO plugin. -->","yoast_head_json":{"title":"LINDBERGH FARIAS ANUNCIA QUE VAI AO STF CONTRA PL DA DOSIMETRIA AP\u00d3S DERRUBADA DE VETO NO CONGRESSO - Bahia Economica O deputado federal Lindbergh Farias (PT-RJ) afirmou nesta quinta-feira (30) que vai acionar o Supremo Tribunal Federal (STF) para tentar anular o chamado PL","description":"O maior portal de Economia da Bahia Pol\u00edtica Bahia Economica O deputado federal Lindbergh Farias (PT-RJ) afirmou nesta quinta-feira (30) que vai acionar o Supremo Tribunal Federal (STF) para tentar anular o chamado PL","robots":{"index":"index","follow":"follow","max-snippet":"max-snippet:-1","max-image-preview":"max-image-preview:large","max-video-preview":"max-video-preview:-1"},"canonical":"https:\/\/bahiaeconomica.com.br\/wp\/2026\/04\/30\/lindbergh-farias-anuncia-que-vai-ao-stf-contra-pl-da-dosimetria-apos-derrubada-de-veto-no-congresso\/","og_locale":"pt_BR","og_type":"article","og_title":"LINDBERGH FARIAS ANUNCIA QUE VAI AO STF CONTRA PL DA DOSIMETRIA AP\u00d3S DERRUBADA DE VETO NO CONGRESSO - Bahia Economica O deputado federal Lindbergh Farias (PT-RJ) afirmou nesta quinta-feira (30) que vai acionar o Supremo Tribunal Federal (STF) para tentar anular o chamado PL","og_description":"O maior portal de Economia da Bahia Pol\u00edtica Bahia Economica O deputado federal Lindbergh Farias (PT-RJ) afirmou nesta quinta-feira (30) que vai acionar o Supremo Tribunal Federal (STF) para tentar anular o chamado PL","og_url":"https:\/\/bahiaeconomica.com.br\/wp\/2026\/04\/30\/lindbergh-farias-anuncia-que-vai-ao-stf-contra-pl-da-dosimetria-apos-derrubada-de-veto-no-congresso\/","og_site_name":"Bahia Economica","article_publisher":"https:\/\/www.facebook.com\/bahiaeconomica","article_published_time":"2026-04-30T22:00:00+00:00","og_image":[{"width":1200,"height":795,"url":"https:\/\/bahiaeconomica.com.br\/wp\/wp-content\/uploads\/2025\/11\/3088930501-senador-lindbergh-farias-agencia-senado-1-1.jpg","type":"image\/jpeg"}],"author":"VICTOR OLIVEIRA","twitter_card":"summary_large_image","twitter_misc":{"Escrito por":"VICTOR OLIVEIRA","Est. tempo de leitura":"2 minutos"},"schema":{"@context":"https:\/\/schema.org","@graph":[{"@type":"Article","@id":"https:\/\/bahiaeconomica.com.br\/wp\/2026\/04\/30\/lindbergh-farias-anuncia-que-vai-ao-stf-contra-pl-da-dosimetria-apos-derrubada-de-veto-no-congresso\/#article","isPartOf":{"@id":"https:\/\/bahiaeconomica.com.br\/wp\/2026\/04\/30\/lindbergh-farias-anuncia-que-vai-ao-stf-contra-pl-da-dosimetria-apos-derrubada-de-veto-no-congresso\/"},"author":{"name":"VICTOR OLIVEIRA","@id":"https:\/\/bahiaeconomica.com.br\/wp\/#\/schema\/person\/a17956d0e1112b626f403fb06b8129a9"},"headline":"LINDBERGH FARIAS ANUNCIA QUE VAI AO STF CONTRA PL DA DOSIMETRIA AP\u00d3S DERRUBADA DE VETO NO CONGRESSO","datePublished":"2026-04-30T22:00:00+00:00","dateModified":"2026-04-30T22:00:00+00:00","mainEntityOfPage":{"@id":"https:\/\/bahiaeconomica.com.br\/wp\/2026\/04\/30\/lindbergh-farias-anuncia-que-vai-ao-stf-contra-pl-da-dosimetria-apos-derrubada-de-veto-no-congresso\/"},"wordCount":335,"publisher":{"@id":"https:\/\/bahiaeconomica.com.br\/wp\/#organization"},"keywords":["Dosimetria","Lindbergh Farias","STF"],"articleSection":["Pol\u00edtica"],"inLanguage":"pt-BR"},{"@type":"WebPage","@id":"https:\/\/bahiaeconomica.com.br\/wp\/2026\/04\/30\/lindbergh-farias-anuncia-que-vai-ao-stf-contra-pl-da-dosimetria-apos-derrubada-de-veto-no-congresso\/","url":"https:\/\/bahiaeconomica.com.br\/wp\/2026\/04\/30\/lindbergh-farias-anuncia-que-vai-ao-stf-contra-pl-da-dosimetria-apos-derrubada-de-veto-no-congresso\/","name":"LINDBERGH FARIAS ANUNCIA QUE VAI AO STF CONTRA PL DA DOSIMETRIA AP\u00d3S DERRUBADA DE VETO NO CONGRESSO - Bahia Economica O deputado federal Lindbergh Farias (PT-RJ) afirmou nesta quinta-feira (30) que vai acionar o Supremo Tribunal Federal (STF) para tentar anular o chamado PL","isPartOf":{"@id":"https:\/\/bahiaeconomica.com.br\/wp\/#website"},"datePublished":"2026-04-30T22:00:00+00:00","dateModified":"2026-04-30T22:00:00+00:00","description":"O maior portal de Economia da Bahia Pol\u00edtica Bahia Economica O deputado federal Lindbergh Farias (PT-RJ) afirmou nesta quinta-feira (30) que vai acionar o Supremo Tribunal Federal (STF) para tentar anular o chamado PL","breadcrumb":{"@id":"https:\/\/bahiaeconomica.com.br\/wp\/2026\/04\/30\/lindbergh-farias-anuncia-que-vai-ao-stf-contra-pl-da-dosimetria-apos-derrubada-de-veto-no-congresso\/#breadcrumb"},"inLanguage":"pt-BR","potentialAction":[{"@type":"ReadAction","target":["https:\/\/bahiaeconomica.com.br\/wp\/2026\/04\/30\/lindbergh-farias-anuncia-que-vai-ao-stf-contra-pl-da-dosimetria-apos-derrubada-de-veto-no-congresso\/"]}]},{"@type":"BreadcrumbList","@id":"https:\/\/bahiaeconomica.com.br\/wp\/2026\/04\/30\/lindbergh-farias-anuncia-que-vai-ao-stf-contra-pl-da-dosimetria-apos-derrubada-de-veto-no-congresso\/#breadcrumb","itemListElement":[{"@type":"ListItem","position":1,"name":"In\u00edcio","item":"https:\/\/bahiaeconomica.com.br\/wp\/"},{"@type":"ListItem","position":2,"name":"LINDBERGH FARIAS ANUNCIA QUE VAI AO STF CONTRA PL DA DOSIMETRIA AP\u00d3S DERRUBADA DE VETO NO CONGRESSO"}]},{"@type":"WebSite","@id":"https:\/\/bahiaeconomica.com.br\/wp\/#website","url":"https:\/\/bahiaeconomica.com.br\/wp\/","name":"Bahia Economica","description":"O maior portal de Economia da Bahia","publisher":{"@id":"https:\/\/bahiaeconomica.com.br\/wp\/#organization"},"potentialAction":[{"@type":"SearchAction","target":{"@type":"EntryPoint","urlTemplate":"https:\/\/bahiaeconomica.com.br\/wp\/?s={search_term_string}"},"query-input":"required name=search_term_string"}],"inLanguage":"pt-BR"},{"@type":"Organization","@id":"https:\/\/bahiaeconomica.com.br\/wp\/#organization","name":"Bahia Econ\u00f4mica","url":"https:\/\/bahiaeconomica.com.br\/wp\/","logo":{"@type":"ImageObject","inLanguage":"pt-BR","@id":"https:\/\/bahiaeconomica.com.br\/wp\/#\/schema\/logo\/image\/","url":"https:\/\/bahiaeconomica.com.br\/wp\/wp-content\/uploads\/2020\/12\/cropped-BE.png","contentUrl":"https:\/\/bahiaeconomica.com.br\/wp\/wp-content\/uploads\/2020\/12\/cropped-BE.png","width":512,"height":512,"caption":"Bahia Econ\u00f4mica"},"image":{"@id":"https:\/\/bahiaeconomica.com.br\/wp\/#\/schema\/logo\/image\/"},"sameAs":["https:\/\/www.facebook.com\/bahiaeconomica"]},{"@type":"Person","@id":"https:\/\/bahiaeconomica.com.br\/wp\/#\/schema\/person\/a17956d0e1112b626f403fb06b8129a9","name":"VICTOR OLIVEIRA","sameAs":["http:\/\/www.bahiaeconomica.com.br"],"url":"https:\/\/bahiaeconomica.com.br\/wp\/author\/victor-oliveira\/"}]}},"views":8,"_links":{"self":[{"href":"https:\/\/bahiaeconomica.com.br\/wp\/wp-json\/wp\/v2\/posts\/992449"}],"collection":[{"href":"https:\/\/bahiaeconomica.com.br\/wp\/wp-json\/wp\/v2\/posts"}],"about":[{"href":"https:\/\/bahiaeconomica.com.br\/wp\/wp-json\/wp\/v2\/types\/post"}],"author":[{"embeddable":true,"href":"https:\/\/bahiaeconomica.com.br\/wp\/wp-json\/wp\/v2\/users\/24"}],"replies":[{"embeddable":true,"href":"https:\/\/bahiaeconomica.com.br\/wp\/wp-json\/wp\/v2\/comments?post=992449"}],"version-history":[{"count":1,"href":"https:\/\/bahiaeconomica.com.br\/wp\/wp-json\/wp\/v2\/posts\/992449\/revisions"}],"predecessor-version":[{"id":992450,"href":"https:\/\/bahiaeconomica.com.br\/wp\/wp-json\/wp\/v2\/posts\/992449\/revisions\/992450"}],"wp:featuredmedia":[{"embeddable":true,"href":"https:\/\/bahiaeconomica.com.br\/wp\/wp-json\/wp\/v2\/media\/954795"}],"wp:attachment":[{"href":"https:\/\/bahiaeconomica.com.br\/wp\/wp-json\/wp\/v2\/media?parent=992449"}],"wp:term":[{"taxonomy":"category","embeddable":true,"href":"https:\/\/bahiaeconomica.com.br\/wp\/wp-json\/wp\/v2\/categories?post=992449"},{"taxonomy":"post_tag","embeddable":true,"href":"https:\/\/bahiaeconomica.com.br\/wp\/wp-json\/wp\/v2\/tags?post=992449"}],"curies":[{"name":"wp","href":"https:\/\/api.w.org\/{rel}","templated":true}]}}