{"id":992422,"date":"2026-04-30T18:58:03","date_gmt":"2026-04-30T21:58:03","guid":{"rendered":"https:\/\/bahiaeconomica.com.br\/wp\/?p=992422"},"modified":"2026-04-30T18:51:07","modified_gmt":"2026-04-30T21:51:07","slug":"governo-pagou-parcelas-de-reajustes-a-43-mil-servidores-nesta-quinta","status":"publish","type":"post","link":"https:\/\/bahiaeconomica.com.br\/wp\/2026\/04\/30\/governo-pagou-parcelas-de-reajustes-a-43-mil-servidores-nesta-quinta\/","title":{"rendered":"GOVERNO PAGOU PARCELAS DE REAJUSTES A 43 MIL SERVIDORES NESTA QUINTA"},"content":{"rendered":"<p>O governo baiano pagou nesta quinta-feira (30.04) novas parcelas de reajustes concedidos a mais de 43 mil servidores p\u00fablicos, aposentados e pensionistas do Estado. Os incrementos salariais \u2013 que oscilam de 1,5% a 7,5% no m\u00eas de abril &#8211; s\u00e3o decorrentes da aprova\u00e7\u00e3o em setembro do ano passado de um conjunto de Projetos de Lei que beneficiou profissionais de 53 diferentes carreiras do funcionalismo p\u00fablico estadual, sendo 34 de n\u00edvel superior e 19 de n\u00edvel m\u00e9dio.<\/p>\n<p>As novas legisla\u00e7\u00f5es determinaram a aplica\u00e7\u00e3o de reajustes de forma escalonada, ao longo de 2025 e 2026, al\u00e9m da reestrutura\u00e7\u00e3o e altera\u00e7\u00e3o da estrutura remunerat\u00f3ria das carreiras, de modo a viabilizar a concess\u00e3o de promo\u00e7\u00f5es dos cargos. No total, as medidas viabilizam ganhos salariais de 10,2% a 22,1% durante o per\u00edodo.<\/p>\n<p>As carreiras que recebem reajuste neste m\u00eas de abril s\u00e3o as integrantes dos grupos ocupacionais Artes e Cultura (com incremento de 7,5%), Comunica\u00e7\u00e3o Social (5,07%), T\u00e9cnico Administrativo (5,07%), T\u00e9cnico Espec\u00edfico (5,07%), Servi\u00e7os de Apoio T\u00e9cnico-Administrativo da Procuradoria Geral do Estado (5,07%), Gest\u00e3o P\u00fablica (1,5%) e Fiscaliza\u00e7\u00e3o e Regula\u00e7\u00e3o (4%).<\/p>\n<p>Al\u00e9m disso, a medida contempla as carreiras de Procurador do Estado (2,8%), Especialista em Produ\u00e7\u00e3o de Informa\u00e7\u00f5es Econ\u00f4mica, Sociais e Geoambientais (2,51%), al\u00e9m dos cargos em comiss\u00e3o da Administra\u00e7\u00e3o Direta, aut\u00e1rquica e fundacional (5%).<\/p>\n<p>&nbsp;<\/p>\n<p>Foto: Jos\u00e9 Cruz\/Ag\u00eancia Brasil<\/p>\n<p>&nbsp;<\/p>\n","protected":false},"excerpt":{"rendered":"<p>O governo baiano pagou nesta quinta-feira (30.04) novas parcelas de reajustes concedidos a mais de 43 mil servidores p\u00fablicos, aposentados e pensionistas do Estado. Os incrementos salariais \u2013 que oscilam de 1,5% a 7,5% no m\u00eas de abril &#8211; s\u00e3o decorrentes da aprova\u00e7\u00e3o em setembro do ano passado de um conjunto de Projetos de Lei [&hellip;]<\/p>\n","protected":false},"author":15,"featured_media":992424,"comment_status":"closed","ping_status":"closed","sticky":false,"template":"","format":"standard","meta":[],"categories":[14,3],"tags":[],"acf":[],"yoast_head":"<!-- This site is optimized with the Yoast SEO plugin v20.8 - https:\/\/yoast.com\/wordpress\/plugins\/seo\/ -->\n<title>GOVERNO PAGOU PARCELAS DE REAJUSTES A 43 MIL SERVIDORES NESTA QUINTA - Bahia Economica<\/title>\n<meta name=\"description\" content=\"O maior portal de Economia da Bahia DESTAQUE DO DIA, ECONOMIA \/ POL\u00cdTICA Bahia Economica\" \/>\n<meta name=\"robots\" content=\"index, follow, max-snippet:-1, max-image-preview:large, max-video-preview:-1\" \/>\n<link rel=\"canonical\" href=\"https:\/\/bahiaeconomica.com.br\/wp\/2026\/04\/30\/governo-pagou-parcelas-de-reajustes-a-43-mil-servidores-nesta-quinta\/\" \/>\n<meta property=\"og:locale\" content=\"pt_BR\" \/>\n<meta property=\"og:type\" content=\"article\" \/>\n<meta property=\"og:title\" content=\"GOVERNO PAGOU PARCELAS DE REAJUSTES A 43 MIL SERVIDORES NESTA QUINTA - Bahia Economica\" \/>\n<meta property=\"og:description\" content=\"O maior portal de Economia da Bahia DESTAQUE DO DIA, ECONOMIA \/ POL\u00cdTICA Bahia Economica\" \/>\n<meta property=\"og:url\" content=\"https:\/\/bahiaeconomica.com.br\/wp\/2026\/04\/30\/governo-pagou-parcelas-de-reajustes-a-43-mil-servidores-nesta-quinta\/\" \/>\n<meta property=\"og:site_name\" content=\"Bahia Economica\" \/>\n<meta property=\"article:publisher\" content=\"https:\/\/www.facebook.com\/bahiaeconomica\" \/>\n<meta property=\"article:published_time\" content=\"2026-04-30T21:58:03+00:00\" \/>\n<meta property=\"article:modified_time\" content=\"2026-04-30T21:51:07+00:00\" \/>\n<meta property=\"og:image\" content=\"https:\/\/bahiaeconomica.com.br\/wp\/wp-content\/uploads\/2026\/04\/r-1-1536x1024-1-1024x683-1.webp\" \/>\n\t<meta property=\"og:image:width\" content=\"1024\" \/>\n\t<meta property=\"og:image:height\" content=\"683\" \/>\n\t<meta property=\"og:image:type\" content=\"image\/webp\" \/>\n<meta name=\"author\" content=\"VICTORIA ISABEL\" \/>\n<meta name=\"twitter:card\" content=\"summary_large_image\" \/>\n<meta name=\"twitter:label1\" content=\"Escrito por\" \/>\n\t<meta name=\"twitter:data1\" content=\"VICTORIA ISABEL\" \/>\n\t<meta name=\"twitter:label2\" content=\"Est. tempo de leitura\" \/>\n\t<meta name=\"twitter:data2\" content=\"2 minutos\" \/>\n<script type=\"application\/ld+json\" class=\"yoast-schema-graph\">{\"@context\":\"https:\/\/schema.org\",\"@graph\":[{\"@type\":\"Article\",\"@id\":\"https:\/\/bahiaeconomica.com.br\/wp\/2026\/04\/30\/governo-pagou-parcelas-de-reajustes-a-43-mil-servidores-nesta-quinta\/#article\",\"isPartOf\":{\"@id\":\"https:\/\/bahiaeconomica.com.br\/wp\/2026\/04\/30\/governo-pagou-parcelas-de-reajustes-a-43-mil-servidores-nesta-quinta\/\"},\"author\":{\"name\":\"VICTORIA ISABEL\",\"@id\":\"https:\/\/bahiaeconomica.com.br\/wp\/#\/schema\/person\/b719ce0fb1c09f3c7a00d9243ced4a6f\"},\"headline\":\"GOVERNO PAGOU PARCELAS DE REAJUSTES A 43 MIL SERVIDORES NESTA QUINTA\",\"datePublished\":\"2026-04-30T21:58:03+00:00\",\"dateModified\":\"2026-04-30T21:51:07+00:00\",\"mainEntityOfPage\":{\"@id\":\"https:\/\/bahiaeconomica.com.br\/wp\/2026\/04\/30\/governo-pagou-parcelas-de-reajustes-a-43-mil-servidores-nesta-quinta\/\"},\"wordCount\":243,\"publisher\":{\"@id\":\"https:\/\/bahiaeconomica.com.br\/wp\/#organization\"},\"articleSection\":[\"DESTAQUE DO DIA\",\"ECONOMIA \/ POL\u00cdTICA\"],\"inLanguage\":\"pt-BR\"},{\"@type\":\"WebPage\",\"@id\":\"https:\/\/bahiaeconomica.com.br\/wp\/2026\/04\/30\/governo-pagou-parcelas-de-reajustes-a-43-mil-servidores-nesta-quinta\/\",\"url\":\"https:\/\/bahiaeconomica.com.br\/wp\/2026\/04\/30\/governo-pagou-parcelas-de-reajustes-a-43-mil-servidores-nesta-quinta\/\",\"name\":\"GOVERNO PAGOU PARCELAS DE REAJUSTES A 43 MIL SERVIDORES NESTA QUINTA - Bahia Economica\",\"isPartOf\":{\"@id\":\"https:\/\/bahiaeconomica.com.br\/wp\/#website\"},\"datePublished\":\"2026-04-30T21:58:03+00:00\",\"dateModified\":\"2026-04-30T21:51:07+00:00\",\"description\":\"O maior portal de Economia da Bahia DESTAQUE DO DIA, ECONOMIA \/ POL\u00cdTICA Bahia Economica\",\"breadcrumb\":{\"@id\":\"https:\/\/bahiaeconomica.com.br\/wp\/2026\/04\/30\/governo-pagou-parcelas-de-reajustes-a-43-mil-servidores-nesta-quinta\/#breadcrumb\"},\"inLanguage\":\"pt-BR\",\"potentialAction\":[{\"@type\":\"ReadAction\",\"target\":[\"https:\/\/bahiaeconomica.com.br\/wp\/2026\/04\/30\/governo-pagou-parcelas-de-reajustes-a-43-mil-servidores-nesta-quinta\/\"]}]},{\"@type\":\"BreadcrumbList\",\"@id\":\"https:\/\/bahiaeconomica.com.br\/wp\/2026\/04\/30\/governo-pagou-parcelas-de-reajustes-a-43-mil-servidores-nesta-quinta\/#breadcrumb\",\"itemListElement\":[{\"@type\":\"ListItem\",\"position\":1,\"name\":\"In\u00edcio\",\"item\":\"https:\/\/bahiaeconomica.com.br\/wp\/\"},{\"@type\":\"ListItem\",\"position\":2,\"name\":\"GOVERNO PAGOU PARCELAS DE REAJUSTES A 43 MIL SERVIDORES NESTA QUINTA\"}]},{\"@type\":\"WebSite\",\"@id\":\"https:\/\/bahiaeconomica.com.br\/wp\/#website\",\"url\":\"https:\/\/bahiaeconomica.com.br\/wp\/\",\"name\":\"Bahia Economica\",\"description\":\"O maior portal de Economia da Bahia\",\"publisher\":{\"@id\":\"https:\/\/bahiaeconomica.com.br\/wp\/#organization\"},\"potentialAction\":[{\"@type\":\"SearchAction\",\"target\":{\"@type\":\"EntryPoint\",\"urlTemplate\":\"https:\/\/bahiaeconomica.com.br\/wp\/?s={search_term_string}\"},\"query-input\":\"required name=search_term_string\"}],\"inLanguage\":\"pt-BR\"},{\"@type\":\"Organization\",\"@id\":\"https:\/\/bahiaeconomica.com.br\/wp\/#organization\",\"name\":\"Bahia Econ\u00f4mica\",\"url\":\"https:\/\/bahiaeconomica.com.br\/wp\/\",\"logo\":{\"@type\":\"ImageObject\",\"inLanguage\":\"pt-BR\",\"@id\":\"https:\/\/bahiaeconomica.com.br\/wp\/#\/schema\/logo\/image\/\",\"url\":\"https:\/\/bahiaeconomica.com.br\/wp\/wp-content\/uploads\/2020\/12\/cropped-BE.png\",\"contentUrl\":\"https:\/\/bahiaeconomica.com.br\/wp\/wp-content\/uploads\/2020\/12\/cropped-BE.png\",\"width\":512,\"height\":512,\"caption\":\"Bahia Econ\u00f4mica\"},\"image\":{\"@id\":\"https:\/\/bahiaeconomica.com.br\/wp\/#\/schema\/logo\/image\/\"},\"sameAs\":[\"https:\/\/www.facebook.com\/bahiaeconomica\"]},{\"@type\":\"Person\",\"@id\":\"https:\/\/bahiaeconomica.com.br\/wp\/#\/schema\/person\/b719ce0fb1c09f3c7a00d9243ced4a6f\",\"name\":\"VICTORIA ISABEL\",\"sameAs\":[\"http:\/\/www.bahiaeconomica.com.br\"],\"url\":\"https:\/\/bahiaeconomica.com.br\/wp\/author\/victoria-isabel\/\"}]}<\/script>\n<!-- \/ Yoast SEO plugin. -->","yoast_head_json":{"title":"GOVERNO PAGOU PARCELAS DE REAJUSTES A 43 MIL SERVIDORES NESTA QUINTA - Bahia Economica","description":"O maior portal de Economia da Bahia DESTAQUE DO DIA, ECONOMIA \/ POL\u00cdTICA Bahia Economica","robots":{"index":"index","follow":"follow","max-snippet":"max-snippet:-1","max-image-preview":"max-image-preview:large","max-video-preview":"max-video-preview:-1"},"canonical":"https:\/\/bahiaeconomica.com.br\/wp\/2026\/04\/30\/governo-pagou-parcelas-de-reajustes-a-43-mil-servidores-nesta-quinta\/","og_locale":"pt_BR","og_type":"article","og_title":"GOVERNO PAGOU PARCELAS DE REAJUSTES A 43 MIL SERVIDORES NESTA QUINTA - Bahia Economica","og_description":"O maior portal de Economia da Bahia DESTAQUE DO DIA, ECONOMIA \/ POL\u00cdTICA Bahia Economica","og_url":"https:\/\/bahiaeconomica.com.br\/wp\/2026\/04\/30\/governo-pagou-parcelas-de-reajustes-a-43-mil-servidores-nesta-quinta\/","og_site_name":"Bahia Economica","article_publisher":"https:\/\/www.facebook.com\/bahiaeconomica","article_published_time":"2026-04-30T21:58:03+00:00","article_modified_time":"2026-04-30T21:51:07+00:00","og_image":[{"width":1024,"height":683,"url":"https:\/\/bahiaeconomica.com.br\/wp\/wp-content\/uploads\/2026\/04\/r-1-1536x1024-1-1024x683-1.webp","type":"image\/webp"}],"author":"VICTORIA ISABEL","twitter_card":"summary_large_image","twitter_misc":{"Escrito por":"VICTORIA ISABEL","Est. tempo de leitura":"2 minutos"},"schema":{"@context":"https:\/\/schema.org","@graph":[{"@type":"Article","@id":"https:\/\/bahiaeconomica.com.br\/wp\/2026\/04\/30\/governo-pagou-parcelas-de-reajustes-a-43-mil-servidores-nesta-quinta\/#article","isPartOf":{"@id":"https:\/\/bahiaeconomica.com.br\/wp\/2026\/04\/30\/governo-pagou-parcelas-de-reajustes-a-43-mil-servidores-nesta-quinta\/"},"author":{"name":"VICTORIA ISABEL","@id":"https:\/\/bahiaeconomica.com.br\/wp\/#\/schema\/person\/b719ce0fb1c09f3c7a00d9243ced4a6f"},"headline":"GOVERNO PAGOU PARCELAS DE REAJUSTES A 43 MIL SERVIDORES NESTA QUINTA","datePublished":"2026-04-30T21:58:03+00:00","dateModified":"2026-04-30T21:51:07+00:00","mainEntityOfPage":{"@id":"https:\/\/bahiaeconomica.com.br\/wp\/2026\/04\/30\/governo-pagou-parcelas-de-reajustes-a-43-mil-servidores-nesta-quinta\/"},"wordCount":243,"publisher":{"@id":"https:\/\/bahiaeconomica.com.br\/wp\/#organization"},"articleSection":["DESTAQUE DO DIA","ECONOMIA \/ POL\u00cdTICA"],"inLanguage":"pt-BR"},{"@type":"WebPage","@id":"https:\/\/bahiaeconomica.com.br\/wp\/2026\/04\/30\/governo-pagou-parcelas-de-reajustes-a-43-mil-servidores-nesta-quinta\/","url":"https:\/\/bahiaeconomica.com.br\/wp\/2026\/04\/30\/governo-pagou-parcelas-de-reajustes-a-43-mil-servidores-nesta-quinta\/","name":"GOVERNO PAGOU PARCELAS DE REAJUSTES A 43 MIL SERVIDORES NESTA QUINTA - Bahia Economica","isPartOf":{"@id":"https:\/\/bahiaeconomica.com.br\/wp\/#website"},"datePublished":"2026-04-30T21:58:03+00:00","dateModified":"2026-04-30T21:51:07+00:00","description":"O maior portal de Economia da Bahia DESTAQUE DO DIA, ECONOMIA \/ POL\u00cdTICA Bahia Economica","breadcrumb":{"@id":"https:\/\/bahiaeconomica.com.br\/wp\/2026\/04\/30\/governo-pagou-parcelas-de-reajustes-a-43-mil-servidores-nesta-quinta\/#breadcrumb"},"inLanguage":"pt-BR","potentialAction":[{"@type":"ReadAction","target":["https:\/\/bahiaeconomica.com.br\/wp\/2026\/04\/30\/governo-pagou-parcelas-de-reajustes-a-43-mil-servidores-nesta-quinta\/"]}]},{"@type":"BreadcrumbList","@id":"https:\/\/bahiaeconomica.com.br\/wp\/2026\/04\/30\/governo-pagou-parcelas-de-reajustes-a-43-mil-servidores-nesta-quinta\/#breadcrumb","itemListElement":[{"@type":"ListItem","position":1,"name":"In\u00edcio","item":"https:\/\/bahiaeconomica.com.br\/wp\/"},{"@type":"ListItem","position":2,"name":"GOVERNO PAGOU PARCELAS DE REAJUSTES A 43 MIL SERVIDORES NESTA QUINTA"}]},{"@type":"WebSite","@id":"https:\/\/bahiaeconomica.com.br\/wp\/#website","url":"https:\/\/bahiaeconomica.com.br\/wp\/","name":"Bahia Economica","description":"O maior portal de Economia da Bahia","publisher":{"@id":"https:\/\/bahiaeconomica.com.br\/wp\/#organization"},"potentialAction":[{"@type":"SearchAction","target":{"@type":"EntryPoint","urlTemplate":"https:\/\/bahiaeconomica.com.br\/wp\/?s={search_term_string}"},"query-input":"required name=search_term_string"}],"inLanguage":"pt-BR"},{"@type":"Organization","@id":"https:\/\/bahiaeconomica.com.br\/wp\/#organization","name":"Bahia Econ\u00f4mica","url":"https:\/\/bahiaeconomica.com.br\/wp\/","logo":{"@type":"ImageObject","inLanguage":"pt-BR","@id":"https:\/\/bahiaeconomica.com.br\/wp\/#\/schema\/logo\/image\/","url":"https:\/\/bahiaeconomica.com.br\/wp\/wp-content\/uploads\/2020\/12\/cropped-BE.png","contentUrl":"https:\/\/bahiaeconomica.com.br\/wp\/wp-content\/uploads\/2020\/12\/cropped-BE.png","width":512,"height":512,"caption":"Bahia Econ\u00f4mica"},"image":{"@id":"https:\/\/bahiaeconomica.com.br\/wp\/#\/schema\/logo\/image\/"},"sameAs":["https:\/\/www.facebook.com\/bahiaeconomica"]},{"@type":"Person","@id":"https:\/\/bahiaeconomica.com.br\/wp\/#\/schema\/person\/b719ce0fb1c09f3c7a00d9243ced4a6f","name":"VICTORIA ISABEL","sameAs":["http:\/\/www.bahiaeconomica.com.br"],"url":"https:\/\/bahiaeconomica.com.br\/wp\/author\/victoria-isabel\/"}]}},"views":9,"_links":{"self":[{"href":"https:\/\/bahiaeconomica.com.br\/wp\/wp-json\/wp\/v2\/posts\/992422"}],"collection":[{"href":"https:\/\/bahiaeconomica.com.br\/wp\/wp-json\/wp\/v2\/posts"}],"about":[{"href":"https:\/\/bahiaeconomica.com.br\/wp\/wp-json\/wp\/v2\/types\/post"}],"author":[{"embeddable":true,"href":"https:\/\/bahiaeconomica.com.br\/wp\/wp-json\/wp\/v2\/users\/15"}],"replies":[{"embeddable":true,"href":"https:\/\/bahiaeconomica.com.br\/wp\/wp-json\/wp\/v2\/comments?post=992422"}],"version-history":[{"count":1,"href":"https:\/\/bahiaeconomica.com.br\/wp\/wp-json\/wp\/v2\/posts\/992422\/revisions"}],"predecessor-version":[{"id":992425,"href":"https:\/\/bahiaeconomica.com.br\/wp\/wp-json\/wp\/v2\/posts\/992422\/revisions\/992425"}],"wp:featuredmedia":[{"embeddable":true,"href":"https:\/\/bahiaeconomica.com.br\/wp\/wp-json\/wp\/v2\/media\/992424"}],"wp:attachment":[{"href":"https:\/\/bahiaeconomica.com.br\/wp\/wp-json\/wp\/v2\/media?parent=992422"}],"wp:term":[{"taxonomy":"category","embeddable":true,"href":"https:\/\/bahiaeconomica.com.br\/wp\/wp-json\/wp\/v2\/categories?post=992422"},{"taxonomy":"post_tag","embeddable":true,"href":"https:\/\/bahiaeconomica.com.br\/wp\/wp-json\/wp\/v2\/tags?post=992422"}],"curies":[{"name":"wp","href":"https:\/\/api.w.org\/{rel}","templated":true}]}}