{"id":992409,"date":"2026-04-30T17:08:53","date_gmt":"2026-04-30T20:08:53","guid":{"rendered":"https:\/\/bahiaeconomica.com.br\/wp\/?p=992409"},"modified":"2026-04-30T17:08:53","modified_gmt":"2026-04-30T20:08:53","slug":"construnordeste-2026-e-lancada-no-sinduscon-ba-com-75-dos-estandes-comercializados","status":"publish","type":"post","link":"https:\/\/bahiaeconomica.com.br\/wp\/2026\/04\/30\/construnordeste-2026-e-lancada-no-sinduscon-ba-com-75-dos-estandes-comercializados\/","title":{"rendered":"CONSTRUNORDESTE 2026 \u00c9 LAN\u00c7ADA NO SINDUSCON-BA COM 75% DOS ESTANDES COMERCIALIZADOS"},"content":{"rendered":"<p>A 4\u00aa edi\u00e7\u00e3o da ConstruNordeste foi oficialmente lan\u00e7ada na noite da \u00faltima ter\u00e7a-feira (28), numa solenidade para convidados na sede do Sinduscon-BA, em Salvador. J\u00e1 consolidada como o maior evento da constru\u00e7\u00e3o civil do Norte e Nordeste, a feira ser\u00e1 realizada entre os dias 12 e 14 de agosto, no Centro de Conven\u00e7\u00f5es Salvador.<\/p>\n<p>Com foco na integra\u00e7\u00e3o de tecnologias digitais e nas pr\u00e1ticas ESG (Ambiental, Social e Governan\u00e7a), a ConstruNordeste se posiciona como um hub estrat\u00e9gico de neg\u00f3cios, inova\u00e7\u00e3o e conhecimento. A expectativa \u00e9 reunir estudantes, t\u00e9cnicos, engenheiros, especialistas e empresas de todo o pa\u00eds para debater temas centrais como descarboniza\u00e7\u00e3o, industrializa\u00e7\u00e3o e o futuro sustent\u00e1vel da constru\u00e7\u00e3o civil.<\/p>\n<p>Para o presidente do Sinduscon-BA, Eduardo Bastos, \u201ca feira reflete o momento de maturidade do setor. A ConstruNordeste vem se consolidando como um term\u00f4metro da constru\u00e7\u00e3o civil, acompanhando a evolu\u00e7\u00e3o da cadeia produtiva e ampliando o di\u00e1logo sobre inova\u00e7\u00e3o, novas tecnologias, sustentabilidade e desenvolvimento econ\u00f4mico regional\u201d, afirma.<\/p>\n<p>De acordo com o coordenador da feira, Angelo Sim\u00f5es, \u201co evento demonstra forte ades\u00e3o do mercado. J\u00e1 comercializamos cerca de 75% dos estandes, o que refor\u00e7a a relev\u00e2ncia e a confian\u00e7a do setor na ConstruNordeste. Ainda h\u00e1 oportunidades para empresas que desejam estar presentes no maior encontro da constru\u00e7\u00e3o do Norte e Nordeste\u201d, destacou.<\/p>\n<p>Sim\u00f5es tamb\u00e9m agradeceu aos parceiros que acompanham o projeto desde a primeira edi\u00e7\u00e3o, como Prefeitura de Salvador, Caixa Econ\u00f4mica Federal, Governo do Estado da Bahia, Embasa, Bahiag\u00e1s, CREA-BA e Desenbahia.<\/p>\n<p>A edi\u00e7\u00e3o de 2025 marcou um crescimento expressivo da feira, com amplia\u00e7\u00e3o da \u00e1rea expositiva, incremento na programa\u00e7\u00e3o t\u00e9cnica e recorde de p\u00fablico, consolidando o evento como um dos principais do setor no pa\u00eds. \u201cPara 2026, a expectativa \u00e9 ampliar ainda mais esses resultados. Queremos engarrafar a orla\u201d, brincou.<\/p>\n<p>Sobre a ConstruNordeste<\/p>\n<p>A ConstruNordeste tem como foco a gera\u00e7\u00e3o de neg\u00f3cios, o favorecimento do networking e a difus\u00e3o de conhecimento t\u00e9cnico, por meio de palestras e apresenta\u00e7\u00f5es ao longo dos tr\u00eas dias. A feira \u00e9 realizada pela Bahia Eventos, em parceria institucional com o Sinduscon-BA, FIEB e Sebrae.<\/p>\n","protected":false},"excerpt":{"rendered":"<p>A 4\u00aa edi\u00e7\u00e3o da ConstruNordeste foi oficialmente lan\u00e7ada na noite da \u00faltima ter\u00e7a-feira (28), numa solenidade para convidados na sede do Sinduscon-BA, em Salvador. J\u00e1 consolidada como o maior evento da constru\u00e7\u00e3o civil do Norte e Nordeste, a feira ser\u00e1 realizada entre os dias 12 e 14 de agosto, no Centro de Conven\u00e7\u00f5es Salvador. Com [&hellip;]<\/p>\n","protected":false},"author":8,"featured_media":992413,"comment_status":"closed","ping_status":"closed","sticky":false,"template":"","format":"standard","meta":[],"categories":[3],"tags":[85,9355,2389,1598],"acf":[],"yoast_head":"<!-- This site is optimized with the Yoast SEO plugin v20.8 - https:\/\/yoast.com\/wordpress\/plugins\/seo\/ -->\n<title>CONSTRUNORDESTE 2026 \u00c9 LAN\u00c7ADA NO SINDUSCON-BA COM 75% DOS ESTANDES COMERCIALIZADOS - Bahia Economica<\/title>\n<meta name=\"description\" content=\"O maior portal de Economia da Bahia ECONOMIA \/ POL\u00cdTICA Bahia Economica A 4\u00aa edi\u00e7\u00e3o da ConstruNordeste foi oficialmente\" \/>\n<meta name=\"robots\" content=\"index, follow, max-snippet:-1, max-image-preview:large, max-video-preview:-1\" \/>\n<link rel=\"canonical\" href=\"https:\/\/bahiaeconomica.com.br\/wp\/2026\/04\/30\/construnordeste-2026-e-lancada-no-sinduscon-ba-com-75-dos-estandes-comercializados\/\" \/>\n<meta property=\"og:locale\" content=\"pt_BR\" \/>\n<meta property=\"og:type\" content=\"article\" \/>\n<meta property=\"og:title\" content=\"CONSTRUNORDESTE 2026 \u00c9 LAN\u00c7ADA NO SINDUSCON-BA COM 75% DOS ESTANDES COMERCIALIZADOS - Bahia Economica\" \/>\n<meta property=\"og:description\" content=\"O maior portal de Economia da Bahia ECONOMIA \/ POL\u00cdTICA Bahia Economica A 4\u00aa edi\u00e7\u00e3o da ConstruNordeste foi oficialmente\" \/>\n<meta property=\"og:url\" content=\"https:\/\/bahiaeconomica.com.br\/wp\/2026\/04\/30\/construnordeste-2026-e-lancada-no-sinduscon-ba-com-75-dos-estandes-comercializados\/\" \/>\n<meta property=\"og:site_name\" content=\"Bahia Economica\" \/>\n<meta property=\"article:publisher\" content=\"https:\/\/www.facebook.com\/bahiaeconomica\" \/>\n<meta property=\"article:published_time\" content=\"2026-04-30T20:08:53+00:00\" \/>\n<meta property=\"og:image\" content=\"https:\/\/bahiaeconomica.com.br\/wp\/wp-content\/uploads\/2026\/04\/Imagem-do-WhatsApp-de-2025-10-16-as-18.30.31_7384df53-rewe13rg0qt9pwgpscdbaetq2rstp9db354e6535ca.webp\" \/>\n\t<meta property=\"og:image:width\" content=\"800\" \/>\n\t<meta property=\"og:image:height\" content=\"481\" \/>\n\t<meta property=\"og:image:type\" content=\"image\/webp\" \/>\n<meta name=\"author\" content=\"JP\" \/>\n<meta name=\"twitter:card\" content=\"summary_large_image\" \/>\n<meta name=\"twitter:label1\" content=\"Escrito por\" \/>\n\t<meta name=\"twitter:data1\" content=\"JP\" \/>\n\t<meta name=\"twitter:label2\" content=\"Est. tempo de leitura\" \/>\n\t<meta name=\"twitter:data2\" content=\"2 minutos\" \/>\n<script type=\"application\/ld+json\" class=\"yoast-schema-graph\">{\"@context\":\"https:\/\/schema.org\",\"@graph\":[{\"@type\":\"Article\",\"@id\":\"https:\/\/bahiaeconomica.com.br\/wp\/2026\/04\/30\/construnordeste-2026-e-lancada-no-sinduscon-ba-com-75-dos-estandes-comercializados\/#article\",\"isPartOf\":{\"@id\":\"https:\/\/bahiaeconomica.com.br\/wp\/2026\/04\/30\/construnordeste-2026-e-lancada-no-sinduscon-ba-com-75-dos-estandes-comercializados\/\"},\"author\":{\"name\":\"JP\",\"@id\":\"https:\/\/bahiaeconomica.com.br\/wp\/#\/schema\/person\/c86d3a3f8960425a0f9d0e5245991f4e\"},\"headline\":\"CONSTRUNORDESTE 2026 \u00c9 LAN\u00c7ADA NO SINDUSCON-BA COM 75% DOS ESTANDES COMERCIALIZADOS\",\"datePublished\":\"2026-04-30T20:08:53+00:00\",\"dateModified\":\"2026-04-30T20:08:53+00:00\",\"mainEntityOfPage\":{\"@id\":\"https:\/\/bahiaeconomica.com.br\/wp\/2026\/04\/30\/construnordeste-2026-e-lancada-no-sinduscon-ba-com-75-dos-estandes-comercializados\/\"},\"wordCount\":384,\"publisher\":{\"@id\":\"https:\/\/bahiaeconomica.com.br\/wp\/#organization\"},\"keywords\":[\"Bahia\",\"brail\",\"civil\",\"constru\u00e7\u00e3o\"],\"articleSection\":[\"ECONOMIA \/ POL\u00cdTICA\"],\"inLanguage\":\"pt-BR\"},{\"@type\":\"WebPage\",\"@id\":\"https:\/\/bahiaeconomica.com.br\/wp\/2026\/04\/30\/construnordeste-2026-e-lancada-no-sinduscon-ba-com-75-dos-estandes-comercializados\/\",\"url\":\"https:\/\/bahiaeconomica.com.br\/wp\/2026\/04\/30\/construnordeste-2026-e-lancada-no-sinduscon-ba-com-75-dos-estandes-comercializados\/\",\"name\":\"CONSTRUNORDESTE 2026 \u00c9 LAN\u00c7ADA NO SINDUSCON-BA COM 75% DOS ESTANDES COMERCIALIZADOS - Bahia Economica\",\"isPartOf\":{\"@id\":\"https:\/\/bahiaeconomica.com.br\/wp\/#website\"},\"datePublished\":\"2026-04-30T20:08:53+00:00\",\"dateModified\":\"2026-04-30T20:08:53+00:00\",\"description\":\"O maior portal de Economia da Bahia ECONOMIA \/ POL\u00cdTICA Bahia Economica A 4\u00aa edi\u00e7\u00e3o da ConstruNordeste foi oficialmente\",\"breadcrumb\":{\"@id\":\"https:\/\/bahiaeconomica.com.br\/wp\/2026\/04\/30\/construnordeste-2026-e-lancada-no-sinduscon-ba-com-75-dos-estandes-comercializados\/#breadcrumb\"},\"inLanguage\":\"pt-BR\",\"potentialAction\":[{\"@type\":\"ReadAction\",\"target\":[\"https:\/\/bahiaeconomica.com.br\/wp\/2026\/04\/30\/construnordeste-2026-e-lancada-no-sinduscon-ba-com-75-dos-estandes-comercializados\/\"]}]},{\"@type\":\"BreadcrumbList\",\"@id\":\"https:\/\/bahiaeconomica.com.br\/wp\/2026\/04\/30\/construnordeste-2026-e-lancada-no-sinduscon-ba-com-75-dos-estandes-comercializados\/#breadcrumb\",\"itemListElement\":[{\"@type\":\"ListItem\",\"position\":1,\"name\":\"In\u00edcio\",\"item\":\"https:\/\/bahiaeconomica.com.br\/wp\/\"},{\"@type\":\"ListItem\",\"position\":2,\"name\":\"CONSTRUNORDESTE 2026 \u00c9 LAN\u00c7ADA NO SINDUSCON-BA COM 75% DOS ESTANDES COMERCIALIZADOS\"}]},{\"@type\":\"WebSite\",\"@id\":\"https:\/\/bahiaeconomica.com.br\/wp\/#website\",\"url\":\"https:\/\/bahiaeconomica.com.br\/wp\/\",\"name\":\"Bahia Economica\",\"description\":\"O maior portal de Economia da Bahia\",\"publisher\":{\"@id\":\"https:\/\/bahiaeconomica.com.br\/wp\/#organization\"},\"potentialAction\":[{\"@type\":\"SearchAction\",\"target\":{\"@type\":\"EntryPoint\",\"urlTemplate\":\"https:\/\/bahiaeconomica.com.br\/wp\/?s={search_term_string}\"},\"query-input\":\"required name=search_term_string\"}],\"inLanguage\":\"pt-BR\"},{\"@type\":\"Organization\",\"@id\":\"https:\/\/bahiaeconomica.com.br\/wp\/#organization\",\"name\":\"Bahia Econ\u00f4mica\",\"url\":\"https:\/\/bahiaeconomica.com.br\/wp\/\",\"logo\":{\"@type\":\"ImageObject\",\"inLanguage\":\"pt-BR\",\"@id\":\"https:\/\/bahiaeconomica.com.br\/wp\/#\/schema\/logo\/image\/\",\"url\":\"https:\/\/bahiaeconomica.com.br\/wp\/wp-content\/uploads\/2020\/12\/cropped-BE.png\",\"contentUrl\":\"https:\/\/bahiaeconomica.com.br\/wp\/wp-content\/uploads\/2020\/12\/cropped-BE.png\",\"width\":512,\"height\":512,\"caption\":\"Bahia Econ\u00f4mica\"},\"image\":{\"@id\":\"https:\/\/bahiaeconomica.com.br\/wp\/#\/schema\/logo\/image\/\"},\"sameAs\":[\"https:\/\/www.facebook.com\/bahiaeconomica\"]},{\"@type\":\"Person\",\"@id\":\"https:\/\/bahiaeconomica.com.br\/wp\/#\/schema\/person\/c86d3a3f8960425a0f9d0e5245991f4e\",\"name\":\"JP\",\"sameAs\":[\"https:\/\/bahiaeconomica.com.br\/wp\/beta\/\"],\"url\":\"https:\/\/bahiaeconomica.com.br\/wp\/author\/jp\/\"}]}<\/script>\n<!-- \/ Yoast SEO plugin. -->","yoast_head_json":{"title":"CONSTRUNORDESTE 2026 \u00c9 LAN\u00c7ADA NO SINDUSCON-BA COM 75% DOS ESTANDES COMERCIALIZADOS - Bahia Economica","description":"O maior portal de Economia da Bahia ECONOMIA \/ POL\u00cdTICA Bahia Economica A 4\u00aa edi\u00e7\u00e3o da ConstruNordeste foi oficialmente","robots":{"index":"index","follow":"follow","max-snippet":"max-snippet:-1","max-image-preview":"max-image-preview:large","max-video-preview":"max-video-preview:-1"},"canonical":"https:\/\/bahiaeconomica.com.br\/wp\/2026\/04\/30\/construnordeste-2026-e-lancada-no-sinduscon-ba-com-75-dos-estandes-comercializados\/","og_locale":"pt_BR","og_type":"article","og_title":"CONSTRUNORDESTE 2026 \u00c9 LAN\u00c7ADA NO SINDUSCON-BA COM 75% DOS ESTANDES COMERCIALIZADOS - Bahia Economica","og_description":"O maior portal de Economia da Bahia ECONOMIA \/ POL\u00cdTICA Bahia Economica A 4\u00aa edi\u00e7\u00e3o da ConstruNordeste foi oficialmente","og_url":"https:\/\/bahiaeconomica.com.br\/wp\/2026\/04\/30\/construnordeste-2026-e-lancada-no-sinduscon-ba-com-75-dos-estandes-comercializados\/","og_site_name":"Bahia Economica","article_publisher":"https:\/\/www.facebook.com\/bahiaeconomica","article_published_time":"2026-04-30T20:08:53+00:00","og_image":[{"width":800,"height":481,"url":"https:\/\/bahiaeconomica.com.br\/wp\/wp-content\/uploads\/2026\/04\/Imagem-do-WhatsApp-de-2025-10-16-as-18.30.31_7384df53-rewe13rg0qt9pwgpscdbaetq2rstp9db354e6535ca.webp","type":"image\/webp"}],"author":"JP","twitter_card":"summary_large_image","twitter_misc":{"Escrito por":"JP","Est. tempo de leitura":"2 minutos"},"schema":{"@context":"https:\/\/schema.org","@graph":[{"@type":"Article","@id":"https:\/\/bahiaeconomica.com.br\/wp\/2026\/04\/30\/construnordeste-2026-e-lancada-no-sinduscon-ba-com-75-dos-estandes-comercializados\/#article","isPartOf":{"@id":"https:\/\/bahiaeconomica.com.br\/wp\/2026\/04\/30\/construnordeste-2026-e-lancada-no-sinduscon-ba-com-75-dos-estandes-comercializados\/"},"author":{"name":"JP","@id":"https:\/\/bahiaeconomica.com.br\/wp\/#\/schema\/person\/c86d3a3f8960425a0f9d0e5245991f4e"},"headline":"CONSTRUNORDESTE 2026 \u00c9 LAN\u00c7ADA NO SINDUSCON-BA COM 75% DOS ESTANDES COMERCIALIZADOS","datePublished":"2026-04-30T20:08:53+00:00","dateModified":"2026-04-30T20:08:53+00:00","mainEntityOfPage":{"@id":"https:\/\/bahiaeconomica.com.br\/wp\/2026\/04\/30\/construnordeste-2026-e-lancada-no-sinduscon-ba-com-75-dos-estandes-comercializados\/"},"wordCount":384,"publisher":{"@id":"https:\/\/bahiaeconomica.com.br\/wp\/#organization"},"keywords":["Bahia","brail","civil","constru\u00e7\u00e3o"],"articleSection":["ECONOMIA \/ POL\u00cdTICA"],"inLanguage":"pt-BR"},{"@type":"WebPage","@id":"https:\/\/bahiaeconomica.com.br\/wp\/2026\/04\/30\/construnordeste-2026-e-lancada-no-sinduscon-ba-com-75-dos-estandes-comercializados\/","url":"https:\/\/bahiaeconomica.com.br\/wp\/2026\/04\/30\/construnordeste-2026-e-lancada-no-sinduscon-ba-com-75-dos-estandes-comercializados\/","name":"CONSTRUNORDESTE 2026 \u00c9 LAN\u00c7ADA NO SINDUSCON-BA COM 75% DOS ESTANDES COMERCIALIZADOS - Bahia Economica","isPartOf":{"@id":"https:\/\/bahiaeconomica.com.br\/wp\/#website"},"datePublished":"2026-04-30T20:08:53+00:00","dateModified":"2026-04-30T20:08:53+00:00","description":"O maior portal de Economia da Bahia ECONOMIA \/ POL\u00cdTICA Bahia Economica A 4\u00aa edi\u00e7\u00e3o da ConstruNordeste foi oficialmente","breadcrumb":{"@id":"https:\/\/bahiaeconomica.com.br\/wp\/2026\/04\/30\/construnordeste-2026-e-lancada-no-sinduscon-ba-com-75-dos-estandes-comercializados\/#breadcrumb"},"inLanguage":"pt-BR","potentialAction":[{"@type":"ReadAction","target":["https:\/\/bahiaeconomica.com.br\/wp\/2026\/04\/30\/construnordeste-2026-e-lancada-no-sinduscon-ba-com-75-dos-estandes-comercializados\/"]}]},{"@type":"BreadcrumbList","@id":"https:\/\/bahiaeconomica.com.br\/wp\/2026\/04\/30\/construnordeste-2026-e-lancada-no-sinduscon-ba-com-75-dos-estandes-comercializados\/#breadcrumb","itemListElement":[{"@type":"ListItem","position":1,"name":"In\u00edcio","item":"https:\/\/bahiaeconomica.com.br\/wp\/"},{"@type":"ListItem","position":2,"name":"CONSTRUNORDESTE 2026 \u00c9 LAN\u00c7ADA NO SINDUSCON-BA COM 75% DOS ESTANDES COMERCIALIZADOS"}]},{"@type":"WebSite","@id":"https:\/\/bahiaeconomica.com.br\/wp\/#website","url":"https:\/\/bahiaeconomica.com.br\/wp\/","name":"Bahia Economica","description":"O maior portal de Economia da Bahia","publisher":{"@id":"https:\/\/bahiaeconomica.com.br\/wp\/#organization"},"potentialAction":[{"@type":"SearchAction","target":{"@type":"EntryPoint","urlTemplate":"https:\/\/bahiaeconomica.com.br\/wp\/?s={search_term_string}"},"query-input":"required name=search_term_string"}],"inLanguage":"pt-BR"},{"@type":"Organization","@id":"https:\/\/bahiaeconomica.com.br\/wp\/#organization","name":"Bahia Econ\u00f4mica","url":"https:\/\/bahiaeconomica.com.br\/wp\/","logo":{"@type":"ImageObject","inLanguage":"pt-BR","@id":"https:\/\/bahiaeconomica.com.br\/wp\/#\/schema\/logo\/image\/","url":"https:\/\/bahiaeconomica.com.br\/wp\/wp-content\/uploads\/2020\/12\/cropped-BE.png","contentUrl":"https:\/\/bahiaeconomica.com.br\/wp\/wp-content\/uploads\/2020\/12\/cropped-BE.png","width":512,"height":512,"caption":"Bahia Econ\u00f4mica"},"image":{"@id":"https:\/\/bahiaeconomica.com.br\/wp\/#\/schema\/logo\/image\/"},"sameAs":["https:\/\/www.facebook.com\/bahiaeconomica"]},{"@type":"Person","@id":"https:\/\/bahiaeconomica.com.br\/wp\/#\/schema\/person\/c86d3a3f8960425a0f9d0e5245991f4e","name":"JP","sameAs":["https:\/\/bahiaeconomica.com.br\/wp\/beta\/"],"url":"https:\/\/bahiaeconomica.com.br\/wp\/author\/jp\/"}]}},"views":12,"_links":{"self":[{"href":"https:\/\/bahiaeconomica.com.br\/wp\/wp-json\/wp\/v2\/posts\/992409"}],"collection":[{"href":"https:\/\/bahiaeconomica.com.br\/wp\/wp-json\/wp\/v2\/posts"}],"about":[{"href":"https:\/\/bahiaeconomica.com.br\/wp\/wp-json\/wp\/v2\/types\/post"}],"author":[{"embeddable":true,"href":"https:\/\/bahiaeconomica.com.br\/wp\/wp-json\/wp\/v2\/users\/8"}],"replies":[{"embeddable":true,"href":"https:\/\/bahiaeconomica.com.br\/wp\/wp-json\/wp\/v2\/comments?post=992409"}],"version-history":[{"count":1,"href":"https:\/\/bahiaeconomica.com.br\/wp\/wp-json\/wp\/v2\/posts\/992409\/revisions"}],"predecessor-version":[{"id":992414,"href":"https:\/\/bahiaeconomica.com.br\/wp\/wp-json\/wp\/v2\/posts\/992409\/revisions\/992414"}],"wp:featuredmedia":[{"embeddable":true,"href":"https:\/\/bahiaeconomica.com.br\/wp\/wp-json\/wp\/v2\/media\/992413"}],"wp:attachment":[{"href":"https:\/\/bahiaeconomica.com.br\/wp\/wp-json\/wp\/v2\/media?parent=992409"}],"wp:term":[{"taxonomy":"category","embeddable":true,"href":"https:\/\/bahiaeconomica.com.br\/wp\/wp-json\/wp\/v2\/categories?post=992409"},{"taxonomy":"post_tag","embeddable":true,"href":"https:\/\/bahiaeconomica.com.br\/wp\/wp-json\/wp\/v2\/tags?post=992409"}],"curies":[{"name":"wp","href":"https:\/\/api.w.org\/{rel}","templated":true}]}}