{"id":992389,"date":"2026-04-30T16:13:06","date_gmt":"2026-04-30T19:13:06","guid":{"rendered":"https:\/\/bahiaeconomica.com.br\/wp\/?p=992389"},"modified":"2026-04-30T16:13:06","modified_gmt":"2026-04-30T19:13:06","slug":"democratizacao-da-saude-ganha-impulso-no-nordeste-com-avanco-da-tecnologia","status":"publish","type":"post","link":"https:\/\/bahiaeconomica.com.br\/wp\/2026\/04\/30\/democratizacao-da-saude-ganha-impulso-no-nordeste-com-avanco-da-tecnologia\/","title":{"rendered":"DEMOCRATIZA\u00c7\u00c3O DA SA\u00daDE GANHA IMPULSO NO NORDESTE COM AVAN\u00c7O DA TECNOLOGIA"},"content":{"rendered":"<p>A democratiza\u00e7\u00e3o do acesso \u00e0 sa\u00fade segue como um dos principais desafios do Brasil, especialmente em regi\u00f5es historicamente marcadas por desigualdades, como o Nordeste. Embora o pa\u00eds conte com um sistema p\u00fablico, ainda persistem gargalos relacionados \u00e0 distribui\u00e7\u00e3o de profissionais, acesso a especialistas e infraestrutura. Nesse cen\u00e1rio, a incorpora\u00e7\u00e3o de tecnologias e novos modelos assistenciais tem ganhado protagonismo ao ampliar o alcance dos servi\u00e7os e reduzir barreiras geogr\u00e1ficas.<\/p>\n<p>Dados do pr\u00f3prio Minist\u00e9rio da Sa\u00fade apontam que a transforma\u00e7\u00e3o digital est\u00e1 entre as prioridades estrat\u00e9gicas para os pr\u00f3ximos anos, com iniciativas voltadas \u00e0 integra\u00e7\u00e3o de informa\u00e7\u00f5es e expans\u00e3o da telemedicina no pa\u00eds. A modalidade, que teve crescimento acelerado nos \u00faltimos anos, tem se consolidado como uma alternativa eficiente para facilitar o acesso ao atendimento m\u00e9dico, especialmente em regi\u00f5es fora dos grandes centros urbanos.<\/p>\n<p>\u00c9 nesse contexto que a iniciativa privada tamb\u00e9m vem desempenhando um papel relevante. Com atua\u00e7\u00e3o no Cear\u00e1, Pernambuco e Bahia, a Cl\u00ednica SiM tem investido na expans\u00e3o de sua rede e na ado\u00e7\u00e3o de modelos inovadores de atendimento para ampliar o acesso \u00e0 sa\u00fade na regi\u00e3o Nordeste. A estrat\u00e9gia combina presen\u00e7a f\u00edsica com solu\u00e7\u00f5es digitais, permitindo maior capilaridade e efici\u00eancia no cuidado.<\/p>\n<p>\u201cA democratiza\u00e7\u00e3o da sa\u00fade passa, necessariamente, pela amplia\u00e7\u00e3o do acesso com qualidade, e a tecnologia tem um papel fundamental nesse processo. Nosso objetivo \u00e9 levar um atendimento resolutivo para mais pessoas, independentemente da localiza\u00e7\u00e3o\u201d, destaca Mariana Paiva, head de Opera\u00e7\u00f5es da Cl\u00ednica SiM.<\/p>\n<p>Entre os diferenciais adotados pela rede est\u00e1 a telemedicina ampliada, modelo que integra atendimento remoto com suporte presencial e uso de dispositivos conectados (IoTs) para coleta de dados cl\u00ednicos em tempo real. A iniciativa contribui para aumentar a precis\u00e3o das consultas, reduzir a necessidade de deslocamento dos pacientes e ampliar o acesso a especialistas em regi\u00f5es distantes dos grandes centros.<\/p>\n<p>Nos \u00faltimos anos, a Cl\u00ednica SiM tem acelerado seu plano de expans\u00e3o no Nordeste, com abertura de novas unidades e amplia\u00e7\u00e3o do portf\u00f3lio de servi\u00e7os. Recentemente, a empresa investiu na internaliza\u00e7\u00e3o de exames para as cl\u00ednicas de Fortaleza, inaugurando a unidade de F\u00e1tima II, com estrutura dedicada \u00e0 realiza\u00e7\u00e3o de exames de imagem e de maior complexidade.<\/p>\n<p>A expectativa da rede \u00e9 seguir investindo no Nordeste, acompanhando a crescente demanda por solu\u00e7\u00f5es de sa\u00fade mais acess\u00edveis, \u00e1geis e integradas. \u201cN\u00f3s nascemos no Nordeste e vemos a regi\u00e3o como estrat\u00e9gica para o nosso crescimento. Seguimos investindo em estrutura, tecnologia e novos servi\u00e7os para atender uma popula\u00e7\u00e3o que, historicamente, teve mais dificuldade de acesso \u00e0 sa\u00fade privada\u201d, refor\u00e7a Mariana.<\/p>\n<p>Neste m\u00eas de abril, a Cl\u00ednica SiM tamb\u00e9m celebrou mais um ano de atua\u00e7\u00e3o, consolidando trajet\u00f3ria de crescimento e fortalecimento no mercado regional. A data marca n\u00e3o apenas a expans\u00e3o da rede, mas tamb\u00e9m a evolu\u00e7\u00e3o de um modelo assistencial que aposta na inova\u00e7\u00e3o como caminho para tornar a sa\u00fade mais acess\u00edvel.<\/p>\n<p>Com a combina\u00e7\u00e3o entre tecnologia, presen\u00e7a territorial e foco na experi\u00eancia do paciente, a Cl\u00ednica SiM se posiciona como uma das protagonistas no movimento de democratiza\u00e7\u00e3o da sa\u00fade no Nordeste, contribuindo para ampliar o acesso e qualificar o atendimento em diferentes regi\u00f5es.<\/p>\n<p>FOTO GEORGE LUCAS<\/p>\n","protected":false},"excerpt":{"rendered":"<p>A democratiza\u00e7\u00e3o do acesso \u00e0 sa\u00fade segue como um dos principais desafios do Brasil, especialmente em regi\u00f5es historicamente marcadas por desigualdades, como o Nordeste. Embora o pa\u00eds conte com um sistema p\u00fablico, ainda persistem gargalos relacionados \u00e0 distribui\u00e7\u00e3o de profissionais, acesso a especialistas e infraestrutura. Nesse cen\u00e1rio, a incorpora\u00e7\u00e3o de tecnologias e novos modelos assistenciais [&hellip;]<\/p>\n","protected":false},"author":8,"featured_media":992390,"comment_status":"closed","ping_status":"closed","sticky":false,"template":"","format":"standard","meta":[],"categories":[21],"tags":[],"acf":[],"yoast_head":"<!-- This site is optimized with the Yoast SEO plugin v20.8 - https:\/\/yoast.com\/wordpress\/plugins\/seo\/ -->\n<title>DEMOCRATIZA\u00c7\u00c3O DA SA\u00daDE GANHA IMPULSO NO NORDESTE COM AVAN\u00c7O DA TECNOLOGIA - Bahia Economica<\/title>\n<meta name=\"description\" content=\"O maior portal de Economia da Bahia Sa\u00fade \/ Educa\u00e7\u00e3o Bahia Economica\" \/>\n<meta name=\"robots\" content=\"index, follow, max-snippet:-1, max-image-preview:large, max-video-preview:-1\" \/>\n<link rel=\"canonical\" href=\"https:\/\/bahiaeconomica.com.br\/wp\/2026\/04\/30\/democratizacao-da-saude-ganha-impulso-no-nordeste-com-avanco-da-tecnologia\/\" \/>\n<meta property=\"og:locale\" content=\"pt_BR\" \/>\n<meta property=\"og:type\" content=\"article\" \/>\n<meta property=\"og:title\" content=\"DEMOCRATIZA\u00c7\u00c3O DA SA\u00daDE GANHA IMPULSO NO NORDESTE COM AVAN\u00c7O DA TECNOLOGIA - Bahia Economica\" \/>\n<meta property=\"og:description\" content=\"O maior portal de Economia da Bahia Sa\u00fade \/ Educa\u00e7\u00e3o Bahia Economica\" \/>\n<meta property=\"og:url\" content=\"https:\/\/bahiaeconomica.com.br\/wp\/2026\/04\/30\/democratizacao-da-saude-ganha-impulso-no-nordeste-com-avanco-da-tecnologia\/\" \/>\n<meta property=\"og:site_name\" content=\"Bahia Economica\" \/>\n<meta property=\"article:publisher\" content=\"https:\/\/www.facebook.com\/bahiaeconomica\" \/>\n<meta property=\"article:published_time\" content=\"2026-04-30T19:13:06+00:00\" \/>\n<meta property=\"og:image\" content=\"https:\/\/bahiaeconomica.com.br\/wp\/wp-content\/uploads\/2026\/04\/CLINICA-SIM-FACHADA-E-ESTRUTURA-II-FATIMA_FOTO-GEORGE-LUCAS-24.jpg-scaled.jpeg\" \/>\n\t<meta property=\"og:image:width\" content=\"2560\" \/>\n\t<meta property=\"og:image:height\" content=\"1703\" \/>\n\t<meta property=\"og:image:type\" content=\"image\/jpeg\" \/>\n<meta name=\"author\" content=\"JP\" \/>\n<meta name=\"twitter:card\" content=\"summary_large_image\" \/>\n<meta name=\"twitter:label1\" content=\"Escrito por\" \/>\n\t<meta name=\"twitter:data1\" content=\"JP\" \/>\n\t<meta name=\"twitter:label2\" content=\"Est. tempo de leitura\" \/>\n\t<meta name=\"twitter:data2\" content=\"3 minutos\" \/>\n<script type=\"application\/ld+json\" class=\"yoast-schema-graph\">{\"@context\":\"https:\/\/schema.org\",\"@graph\":[{\"@type\":\"Article\",\"@id\":\"https:\/\/bahiaeconomica.com.br\/wp\/2026\/04\/30\/democratizacao-da-saude-ganha-impulso-no-nordeste-com-avanco-da-tecnologia\/#article\",\"isPartOf\":{\"@id\":\"https:\/\/bahiaeconomica.com.br\/wp\/2026\/04\/30\/democratizacao-da-saude-ganha-impulso-no-nordeste-com-avanco-da-tecnologia\/\"},\"author\":{\"name\":\"JP\",\"@id\":\"https:\/\/bahiaeconomica.com.br\/wp\/#\/schema\/person\/c86d3a3f8960425a0f9d0e5245991f4e\"},\"headline\":\"DEMOCRATIZA\u00c7\u00c3O DA SA\u00daDE GANHA IMPULSO NO NORDESTE COM AVAN\u00c7O DA TECNOLOGIA\",\"datePublished\":\"2026-04-30T19:13:06+00:00\",\"dateModified\":\"2026-04-30T19:13:06+00:00\",\"mainEntityOfPage\":{\"@id\":\"https:\/\/bahiaeconomica.com.br\/wp\/2026\/04\/30\/democratizacao-da-saude-ganha-impulso-no-nordeste-com-avanco-da-tecnologia\/\"},\"wordCount\":597,\"publisher\":{\"@id\":\"https:\/\/bahiaeconomica.com.br\/wp\/#organization\"},\"articleSection\":[\"Sa\u00fade \/ Educa\u00e7\u00e3o\"],\"inLanguage\":\"pt-BR\"},{\"@type\":\"WebPage\",\"@id\":\"https:\/\/bahiaeconomica.com.br\/wp\/2026\/04\/30\/democratizacao-da-saude-ganha-impulso-no-nordeste-com-avanco-da-tecnologia\/\",\"url\":\"https:\/\/bahiaeconomica.com.br\/wp\/2026\/04\/30\/democratizacao-da-saude-ganha-impulso-no-nordeste-com-avanco-da-tecnologia\/\",\"name\":\"DEMOCRATIZA\u00c7\u00c3O DA SA\u00daDE GANHA IMPULSO NO NORDESTE COM AVAN\u00c7O DA TECNOLOGIA - Bahia Economica\",\"isPartOf\":{\"@id\":\"https:\/\/bahiaeconomica.com.br\/wp\/#website\"},\"datePublished\":\"2026-04-30T19:13:06+00:00\",\"dateModified\":\"2026-04-30T19:13:06+00:00\",\"description\":\"O maior portal de Economia da Bahia Sa\u00fade \/ Educa\u00e7\u00e3o Bahia Economica\",\"breadcrumb\":{\"@id\":\"https:\/\/bahiaeconomica.com.br\/wp\/2026\/04\/30\/democratizacao-da-saude-ganha-impulso-no-nordeste-com-avanco-da-tecnologia\/#breadcrumb\"},\"inLanguage\":\"pt-BR\",\"potentialAction\":[{\"@type\":\"ReadAction\",\"target\":[\"https:\/\/bahiaeconomica.com.br\/wp\/2026\/04\/30\/democratizacao-da-saude-ganha-impulso-no-nordeste-com-avanco-da-tecnologia\/\"]}]},{\"@type\":\"BreadcrumbList\",\"@id\":\"https:\/\/bahiaeconomica.com.br\/wp\/2026\/04\/30\/democratizacao-da-saude-ganha-impulso-no-nordeste-com-avanco-da-tecnologia\/#breadcrumb\",\"itemListElement\":[{\"@type\":\"ListItem\",\"position\":1,\"name\":\"In\u00edcio\",\"item\":\"https:\/\/bahiaeconomica.com.br\/wp\/\"},{\"@type\":\"ListItem\",\"position\":2,\"name\":\"DEMOCRATIZA\u00c7\u00c3O DA SA\u00daDE GANHA IMPULSO NO NORDESTE COM AVAN\u00c7O DA TECNOLOGIA\"}]},{\"@type\":\"WebSite\",\"@id\":\"https:\/\/bahiaeconomica.com.br\/wp\/#website\",\"url\":\"https:\/\/bahiaeconomica.com.br\/wp\/\",\"name\":\"Bahia Economica\",\"description\":\"O maior portal de Economia da Bahia\",\"publisher\":{\"@id\":\"https:\/\/bahiaeconomica.com.br\/wp\/#organization\"},\"potentialAction\":[{\"@type\":\"SearchAction\",\"target\":{\"@type\":\"EntryPoint\",\"urlTemplate\":\"https:\/\/bahiaeconomica.com.br\/wp\/?s={search_term_string}\"},\"query-input\":\"required name=search_term_string\"}],\"inLanguage\":\"pt-BR\"},{\"@type\":\"Organization\",\"@id\":\"https:\/\/bahiaeconomica.com.br\/wp\/#organization\",\"name\":\"Bahia Econ\u00f4mica\",\"url\":\"https:\/\/bahiaeconomica.com.br\/wp\/\",\"logo\":{\"@type\":\"ImageObject\",\"inLanguage\":\"pt-BR\",\"@id\":\"https:\/\/bahiaeconomica.com.br\/wp\/#\/schema\/logo\/image\/\",\"url\":\"https:\/\/bahiaeconomica.com.br\/wp\/wp-content\/uploads\/2020\/12\/cropped-BE.png\",\"contentUrl\":\"https:\/\/bahiaeconomica.com.br\/wp\/wp-content\/uploads\/2020\/12\/cropped-BE.png\",\"width\":512,\"height\":512,\"caption\":\"Bahia Econ\u00f4mica\"},\"image\":{\"@id\":\"https:\/\/bahiaeconomica.com.br\/wp\/#\/schema\/logo\/image\/\"},\"sameAs\":[\"https:\/\/www.facebook.com\/bahiaeconomica\"]},{\"@type\":\"Person\",\"@id\":\"https:\/\/bahiaeconomica.com.br\/wp\/#\/schema\/person\/c86d3a3f8960425a0f9d0e5245991f4e\",\"name\":\"JP\",\"sameAs\":[\"https:\/\/bahiaeconomica.com.br\/wp\/beta\/\"],\"url\":\"https:\/\/bahiaeconomica.com.br\/wp\/author\/jp\/\"}]}<\/script>\n<!-- \/ Yoast SEO plugin. -->","yoast_head_json":{"title":"DEMOCRATIZA\u00c7\u00c3O DA SA\u00daDE GANHA IMPULSO NO NORDESTE COM AVAN\u00c7O DA TECNOLOGIA - Bahia Economica","description":"O maior portal de Economia da Bahia Sa\u00fade \/ Educa\u00e7\u00e3o Bahia Economica","robots":{"index":"index","follow":"follow","max-snippet":"max-snippet:-1","max-image-preview":"max-image-preview:large","max-video-preview":"max-video-preview:-1"},"canonical":"https:\/\/bahiaeconomica.com.br\/wp\/2026\/04\/30\/democratizacao-da-saude-ganha-impulso-no-nordeste-com-avanco-da-tecnologia\/","og_locale":"pt_BR","og_type":"article","og_title":"DEMOCRATIZA\u00c7\u00c3O DA SA\u00daDE GANHA IMPULSO NO NORDESTE COM AVAN\u00c7O DA TECNOLOGIA - Bahia Economica","og_description":"O maior portal de Economia da Bahia Sa\u00fade \/ Educa\u00e7\u00e3o Bahia Economica","og_url":"https:\/\/bahiaeconomica.com.br\/wp\/2026\/04\/30\/democratizacao-da-saude-ganha-impulso-no-nordeste-com-avanco-da-tecnologia\/","og_site_name":"Bahia Economica","article_publisher":"https:\/\/www.facebook.com\/bahiaeconomica","article_published_time":"2026-04-30T19:13:06+00:00","og_image":[{"width":2560,"height":1703,"url":"https:\/\/bahiaeconomica.com.br\/wp\/wp-content\/uploads\/2026\/04\/CLINICA-SIM-FACHADA-E-ESTRUTURA-II-FATIMA_FOTO-GEORGE-LUCAS-24.jpg-scaled.jpeg","type":"image\/jpeg"}],"author":"JP","twitter_card":"summary_large_image","twitter_misc":{"Escrito por":"JP","Est. tempo de leitura":"3 minutos"},"schema":{"@context":"https:\/\/schema.org","@graph":[{"@type":"Article","@id":"https:\/\/bahiaeconomica.com.br\/wp\/2026\/04\/30\/democratizacao-da-saude-ganha-impulso-no-nordeste-com-avanco-da-tecnologia\/#article","isPartOf":{"@id":"https:\/\/bahiaeconomica.com.br\/wp\/2026\/04\/30\/democratizacao-da-saude-ganha-impulso-no-nordeste-com-avanco-da-tecnologia\/"},"author":{"name":"JP","@id":"https:\/\/bahiaeconomica.com.br\/wp\/#\/schema\/person\/c86d3a3f8960425a0f9d0e5245991f4e"},"headline":"DEMOCRATIZA\u00c7\u00c3O DA SA\u00daDE GANHA IMPULSO NO NORDESTE COM AVAN\u00c7O DA TECNOLOGIA","datePublished":"2026-04-30T19:13:06+00:00","dateModified":"2026-04-30T19:13:06+00:00","mainEntityOfPage":{"@id":"https:\/\/bahiaeconomica.com.br\/wp\/2026\/04\/30\/democratizacao-da-saude-ganha-impulso-no-nordeste-com-avanco-da-tecnologia\/"},"wordCount":597,"publisher":{"@id":"https:\/\/bahiaeconomica.com.br\/wp\/#organization"},"articleSection":["Sa\u00fade \/ Educa\u00e7\u00e3o"],"inLanguage":"pt-BR"},{"@type":"WebPage","@id":"https:\/\/bahiaeconomica.com.br\/wp\/2026\/04\/30\/democratizacao-da-saude-ganha-impulso-no-nordeste-com-avanco-da-tecnologia\/","url":"https:\/\/bahiaeconomica.com.br\/wp\/2026\/04\/30\/democratizacao-da-saude-ganha-impulso-no-nordeste-com-avanco-da-tecnologia\/","name":"DEMOCRATIZA\u00c7\u00c3O DA SA\u00daDE GANHA IMPULSO NO NORDESTE COM AVAN\u00c7O DA TECNOLOGIA - Bahia Economica","isPartOf":{"@id":"https:\/\/bahiaeconomica.com.br\/wp\/#website"},"datePublished":"2026-04-30T19:13:06+00:00","dateModified":"2026-04-30T19:13:06+00:00","description":"O maior portal de Economia da Bahia Sa\u00fade \/ Educa\u00e7\u00e3o Bahia Economica","breadcrumb":{"@id":"https:\/\/bahiaeconomica.com.br\/wp\/2026\/04\/30\/democratizacao-da-saude-ganha-impulso-no-nordeste-com-avanco-da-tecnologia\/#breadcrumb"},"inLanguage":"pt-BR","potentialAction":[{"@type":"ReadAction","target":["https:\/\/bahiaeconomica.com.br\/wp\/2026\/04\/30\/democratizacao-da-saude-ganha-impulso-no-nordeste-com-avanco-da-tecnologia\/"]}]},{"@type":"BreadcrumbList","@id":"https:\/\/bahiaeconomica.com.br\/wp\/2026\/04\/30\/democratizacao-da-saude-ganha-impulso-no-nordeste-com-avanco-da-tecnologia\/#breadcrumb","itemListElement":[{"@type":"ListItem","position":1,"name":"In\u00edcio","item":"https:\/\/bahiaeconomica.com.br\/wp\/"},{"@type":"ListItem","position":2,"name":"DEMOCRATIZA\u00c7\u00c3O DA SA\u00daDE GANHA IMPULSO NO NORDESTE COM AVAN\u00c7O DA TECNOLOGIA"}]},{"@type":"WebSite","@id":"https:\/\/bahiaeconomica.com.br\/wp\/#website","url":"https:\/\/bahiaeconomica.com.br\/wp\/","name":"Bahia Economica","description":"O maior portal de Economia da Bahia","publisher":{"@id":"https:\/\/bahiaeconomica.com.br\/wp\/#organization"},"potentialAction":[{"@type":"SearchAction","target":{"@type":"EntryPoint","urlTemplate":"https:\/\/bahiaeconomica.com.br\/wp\/?s={search_term_string}"},"query-input":"required name=search_term_string"}],"inLanguage":"pt-BR"},{"@type":"Organization","@id":"https:\/\/bahiaeconomica.com.br\/wp\/#organization","name":"Bahia Econ\u00f4mica","url":"https:\/\/bahiaeconomica.com.br\/wp\/","logo":{"@type":"ImageObject","inLanguage":"pt-BR","@id":"https:\/\/bahiaeconomica.com.br\/wp\/#\/schema\/logo\/image\/","url":"https:\/\/bahiaeconomica.com.br\/wp\/wp-content\/uploads\/2020\/12\/cropped-BE.png","contentUrl":"https:\/\/bahiaeconomica.com.br\/wp\/wp-content\/uploads\/2020\/12\/cropped-BE.png","width":512,"height":512,"caption":"Bahia Econ\u00f4mica"},"image":{"@id":"https:\/\/bahiaeconomica.com.br\/wp\/#\/schema\/logo\/image\/"},"sameAs":["https:\/\/www.facebook.com\/bahiaeconomica"]},{"@type":"Person","@id":"https:\/\/bahiaeconomica.com.br\/wp\/#\/schema\/person\/c86d3a3f8960425a0f9d0e5245991f4e","name":"JP","sameAs":["https:\/\/bahiaeconomica.com.br\/wp\/beta\/"],"url":"https:\/\/bahiaeconomica.com.br\/wp\/author\/jp\/"}]}},"views":4,"_links":{"self":[{"href":"https:\/\/bahiaeconomica.com.br\/wp\/wp-json\/wp\/v2\/posts\/992389"}],"collection":[{"href":"https:\/\/bahiaeconomica.com.br\/wp\/wp-json\/wp\/v2\/posts"}],"about":[{"href":"https:\/\/bahiaeconomica.com.br\/wp\/wp-json\/wp\/v2\/types\/post"}],"author":[{"embeddable":true,"href":"https:\/\/bahiaeconomica.com.br\/wp\/wp-json\/wp\/v2\/users\/8"}],"replies":[{"embeddable":true,"href":"https:\/\/bahiaeconomica.com.br\/wp\/wp-json\/wp\/v2\/comments?post=992389"}],"version-history":[{"count":1,"href":"https:\/\/bahiaeconomica.com.br\/wp\/wp-json\/wp\/v2\/posts\/992389\/revisions"}],"predecessor-version":[{"id":992391,"href":"https:\/\/bahiaeconomica.com.br\/wp\/wp-json\/wp\/v2\/posts\/992389\/revisions\/992391"}],"wp:featuredmedia":[{"embeddable":true,"href":"https:\/\/bahiaeconomica.com.br\/wp\/wp-json\/wp\/v2\/media\/992390"}],"wp:attachment":[{"href":"https:\/\/bahiaeconomica.com.br\/wp\/wp-json\/wp\/v2\/media?parent=992389"}],"wp:term":[{"taxonomy":"category","embeddable":true,"href":"https:\/\/bahiaeconomica.com.br\/wp\/wp-json\/wp\/v2\/categories?post=992389"},{"taxonomy":"post_tag","embeddable":true,"href":"https:\/\/bahiaeconomica.com.br\/wp\/wp-json\/wp\/v2\/tags?post=992389"}],"curies":[{"name":"wp","href":"https:\/\/api.w.org\/{rel}","templated":true}]}}