{"id":992380,"date":"2026-04-30T16:30:58","date_gmt":"2026-04-30T19:30:58","guid":{"rendered":"https:\/\/bahiaeconomica.com.br\/wp\/?p=992380"},"modified":"2026-04-30T16:02:24","modified_gmt":"2026-04-30T19:02:24","slug":"dia-do-trabalhador-confira-os-servicos-municipais-que-funcionarao-no-feriado","status":"publish","type":"post","link":"https:\/\/bahiaeconomica.com.br\/wp\/2026\/04\/30\/dia-do-trabalhador-confira-os-servicos-municipais-que-funcionarao-no-feriado\/","title":{"rendered":"DIA DO TRABALHADOR: CONFIRA OS SERVI\u00c7OS MUNICIPAIS QUE FUNCIONAR\u00c3O NO FERIADO"},"content":{"rendered":"<p>A Prefeitura de Salvador manter\u00e1 ativos nesta sexta-feira (1\u00ba), feriado do Dia do Trabalhador, apenas os servi\u00e7os considerados essenciais, al\u00e9m de op\u00e7\u00f5es de cultura e lazer para a popula\u00e7\u00e3o. Servi\u00e7os emergenciais relacionados \u00e0 sa\u00fade e seguran\u00e7a funcionar\u00e3o normalmente, enquanto estar\u00e3o suspensas as atividades das reparti\u00e7\u00f5es p\u00fablicas, como as unidades das Prefeituras-Bairro e Servi\u00e7o Municipal de Intermedia\u00e7\u00e3o de M\u00e3o de Obra (Simm).<\/p>\n<p>&nbsp;<\/p>\n<p>Sa\u00fade &#8211; As atividades das Unidades B\u00e1sicas de Sa\u00fade (UBS) e Unidades de Sa\u00fade da Fam\u00edlia (USF) estar\u00e3o suspensas nesta sexta. Apenas os servi\u00e7os de urg\u00eancia e emerg\u00eancia nas Unidades de Pronto Atendimento (UPAs) e no Servi\u00e7o de Atendimento M\u00e9dico de Urg\u00eancia (Samu) seguem funcionando ininterruptamente.<\/p>\n<p>&nbsp;<\/p>\n<p>Seguran\u00e7a &#8211; A Guarda Civil Municipal de Salvador (GCM) ir\u00e1 intensificar sua atua\u00e7\u00e3o durante o feriado, com o emprego de aproximadamente 110 agentes por dia no servi\u00e7o operacional. Distribu\u00eddos em pontos estrat\u00e9gicos da cidade, os guardas municipais ir\u00e3o refor\u00e7ar a seguran\u00e7a preventiva e garantir a tranquilidade de moradores e visitantes.<\/p>\n<p>&nbsp;<\/p>\n<p>As equipes atuar\u00e3o em apoio \u00e0s a\u00e7\u00f5es integradas com diversos \u00f3rg\u00e3os municipais, contribuindo para o ordenamento urbano, fiscaliza\u00e7\u00e3o de espa\u00e7os p\u00fablicos e suporte \u00e0s atividades previstas para o per\u00edodo.<\/p>\n<p>&nbsp;<\/p>\n<p>Defesa Civil &#8211; Como servi\u00e7o essencial da Prefeitura, a Defesa Civil de Salvador (Codesal) funciona normalmente no feriado, em continuidade \u00e0s atividades da Opera\u00e7\u00e3o Chuva. Em caso de emerg\u00eancia, o cidad\u00e3o deve entrar em contato atrav\u00e9s do n\u00famero 199 para solicitar ajuda.<\/p>\n<p>&nbsp;<\/p>\n<p>Cultura &#8211; Os espa\u00e7os culturais da Secretaria Municipal de Cultura e Turismo (Secult) funcionam normalmente nesta sexta e ao longo do final de semana. Na segunda-feira (4), os equipamentos estar\u00e3o fechados.<\/p>\n<p>&nbsp;<\/p>\n<p>J\u00e1 as unidades geridas pela Funda\u00e7\u00e3o Greg\u00f3rio de Mattos (FGM) estar\u00e3o fechadas na sexta, exceto o Teatro Greg\u00f3rio de Mattos, onde haver\u00e1 a apresenta\u00e7\u00e3o do espet\u00e1culo Vermelho Melodrama, \u00e0s 19h. As bibliotecas tamb\u00e9m n\u00e3o funcionar\u00e3o no feriado, retornando normalmente na segunda.<\/p>\n<p>&nbsp;<\/p>\n<p>Tr\u00e2nsito &#8211; Durante o feriado do Dia do Trabalhador, os agentes da Superintend\u00eancia de Tr\u00e2nsito de Salvador (Transalvador) atuar\u00e3o normalmente nas ruas, atentos para agir imediatamente em casos de obstru\u00e7\u00f5es e outras intercorr\u00eancias no tr\u00e1fego. O N\u00facleo de Opera\u00e7\u00e3o Assistida (NOA) tamb\u00e9m vai monitorar o tr\u00e1fego 24h durante todo o per\u00edodo, por meio das c\u00e2meras de videomonitoramento, auxiliando as equipes que estar\u00e3o em rondas.<\/p>\n<p>&nbsp;<\/p>\n<p>As blitze da opera\u00e7\u00e3o Respeite a Vida tamb\u00e9m ser\u00e3o realizadas normalmente durante o per\u00edodo. O cidad\u00e3o pode entrar em contato com a Transalvador por meio do aplicativo NOA Cidad\u00e3o, ou pelo Fala Salvador, atrav\u00e9s do n\u00famero 156.<\/p>\n<p>&nbsp;<\/p>\n<p>J\u00e1 os setores de atendimento ao p\u00fablico para servi\u00e7os como defesa, recurso e protocolo, por exemplo, n\u00e3o funcionar\u00e3o na sexta, retornando ao pleno funcionamento na segunda. Os setores de libera\u00e7\u00e3o de ve\u00edculos custodiados tamb\u00e9m n\u00e3o funcionam na sexta. J\u00e1 no s\u00e1bado (2), o funcionamento \u00e9 normal, das 9h \u00e0s 16h.<\/p>\n<p>&nbsp;<\/p>\n<p>Salvamar &#8211; A Coordenadoria de Salvamento Mar\u00edtimo de Salvador (Salvamar) contar\u00e1 com um refor\u00e7o di\u00e1rio de dez homens de plant\u00e3o no feriado, se estendendo durante todo o final de semana.<\/p>\n<p>&nbsp;<\/p>\n<p>O trabalho preventivo e ostensivo de rotina segue normalmente, na extens\u00e3o de orla que vai do Jardim de Alah at\u00e9 a praia de Ipitanga, na divisa com Lauro de Freitas, al\u00e9m das ilhas de Salvador, com o apoio de uma equipe n\u00e1utica para resposta r\u00e1pida, em caso de emerg\u00eancia. Ao todo, ser\u00e3o ativados de 23 a 28 postos salva-vidas entre Jardim de Alah e Ipitanga, e outros tr\u00eas nas ilhas.<\/p>\n<p>&nbsp;<\/p>\n<p>Mobilidade &#8211; O Plano Inclinado do Pilar, que liga a Rua do Pilar, no Com\u00e9rcio, ao Santo Ant\u00f4nio Al\u00e9m do Carmo, voltar\u00e1 a funcionar apenas na segunda, das 7h \u00e0s 17h30, permanecendo fechado no feriad\u00e3o.<\/p>\n<p>&nbsp;<\/p>\n<p>J\u00e1 o Plano Inclinado Gon\u00e7alves, que liga o Com\u00e9rcio ao Pelourinho, funcionar\u00e1 no s\u00e1bado, das 7h \u00e0s 13h, e ficar\u00e1 indispon\u00edvel na sexta e no domingo. O Plano Inclinado Liberdade\/Cal\u00e7ada, por sua vez, est\u00e1 fechado para manuten\u00e7\u00e3o, mas a popula\u00e7\u00e3o tem \u00e0 disposi\u00e7\u00e3o uma linha gratuita para fazer o trajeto.<\/p>\n<p>&nbsp;<\/p>\n<p>A travessia mar\u00edtima Plataforma\u2013Ribeira funcionar\u00e1 normalmente, das 6h \u00e0s 18h30.<\/p>\n<p>&nbsp;<\/p>\n<p>Parques e jardins &#8211; Espa\u00e7os vinculados \u00e0 Secretaria Municipal de Sustentabilidade, Resili\u00eancia, Bem-Estar e Prote\u00e7\u00e3o Animal (Secis), como o Jardim Bot\u00e2nico e o Centro de Interpreta\u00e7\u00e3o da Mata Atl\u00e2ntica (Cima), fecham na sexta.<\/p>\n<p>&nbsp;<\/p>\n<p>No s\u00e1bado, os parques da Cidade e S\u00e3o Bartolomeu ter\u00e3o funcionamento regular. J\u00e1 o Hospital Veterin\u00e1rio e o Recicla Capital fecham na sexta e t\u00eam funcionamento regular no s\u00e1bado.<\/p>\n<p>&nbsp;<\/p>\n<p>Fiscaliza\u00e7\u00e3o &#8211; A Secretaria Municipal de Desenvolvimento Urbano (Sedur) intensificar\u00e1 a fiscaliza\u00e7\u00e3o no feriado, em regime de plant\u00e3o, com o objetivo de fiscalizar a regularidade de estabelecimentos comerciais e eventos em Salvador. O \u00f3rg\u00e3o tamb\u00e9m realiza opera\u00e7\u00f5es de combate \u00e0 polui\u00e7\u00e3o sonora, publicidade e constru\u00e7\u00e3o irregular. As den\u00fancias de polui\u00e7\u00e3o sonora devem ser feitas atrav\u00e9s do Fala Salvador 156. Na sexta, o atendimento presencial est\u00e1 suspenso.<\/p>\n<p>foto: Lucas Moura<\/p>\n<p>&nbsp;<\/p>\n<p>&nbsp;<\/p>\n","protected":false},"excerpt":{"rendered":"<p>A Prefeitura de Salvador manter\u00e1 ativos nesta sexta-feira (1\u00ba), feriado do Dia do Trabalhador, apenas os servi\u00e7os considerados essenciais, al\u00e9m de op\u00e7\u00f5es de cultura e lazer para a popula\u00e7\u00e3o. Servi\u00e7os emergenciais relacionados \u00e0 sa\u00fade e seguran\u00e7a funcionar\u00e3o normalmente, enquanto estar\u00e3o suspensas as atividades das reparti\u00e7\u00f5es p\u00fablicas, como as unidades das Prefeituras-Bairro e Servi\u00e7o Municipal de [&hellip;]<\/p>\n","protected":false},"author":15,"featured_media":992383,"comment_status":"closed","ping_status":"closed","sticky":false,"template":"","format":"standard","meta":[],"categories":[5],"tags":[],"acf":[],"yoast_head":"<!-- This site is optimized with the Yoast SEO plugin v20.8 - https:\/\/yoast.com\/wordpress\/plugins\/seo\/ -->\n<title>DIA DO TRABALHADOR: CONFIRA OS SERVI\u00c7OS MUNICIPAIS QUE FUNCIONAR\u00c3O NO FERIADO - Bahia Economica<\/title>\n<meta name=\"description\" content=\"O maior portal de Economia da Bahia MUNIC\u00cdPIOS Bahia Economica\" \/>\n<meta name=\"robots\" content=\"index, follow, max-snippet:-1, max-image-preview:large, max-video-preview:-1\" \/>\n<link rel=\"canonical\" href=\"https:\/\/bahiaeconomica.com.br\/wp\/2026\/04\/30\/dia-do-trabalhador-confira-os-servicos-municipais-que-funcionarao-no-feriado\/\" \/>\n<meta property=\"og:locale\" content=\"pt_BR\" \/>\n<meta property=\"og:type\" content=\"article\" \/>\n<meta property=\"og:title\" content=\"DIA DO TRABALHADOR: CONFIRA OS SERVI\u00c7OS MUNICIPAIS QUE FUNCIONAR\u00c3O NO FERIADO - Bahia Economica\" \/>\n<meta property=\"og:description\" content=\"O maior portal de Economia da Bahia MUNIC\u00cdPIOS Bahia Economica\" \/>\n<meta property=\"og:url\" content=\"https:\/\/bahiaeconomica.com.br\/wp\/2026\/04\/30\/dia-do-trabalhador-confira-os-servicos-municipais-que-funcionarao-no-feriado\/\" \/>\n<meta property=\"og:site_name\" content=\"Bahia Economica\" \/>\n<meta property=\"article:publisher\" content=\"https:\/\/www.facebook.com\/bahiaeconomica\" \/>\n<meta property=\"article:published_time\" content=\"2026-04-30T19:30:58+00:00\" \/>\n<meta property=\"article:modified_time\" content=\"2026-04-30T19:02:24+00:00\" \/>\n<meta property=\"og:image\" content=\"https:\/\/bahiaeconomica.com.br\/wp\/wp-content\/uploads\/2026\/04\/Palacio-Thome-de-Souza.-Foto-Lucas-Moura.-PMS-1.jpeg\" \/>\n\t<meta property=\"og:image:width\" content=\"1920\" \/>\n\t<meta property=\"og:image:height\" content=\"1280\" \/>\n\t<meta property=\"og:image:type\" content=\"image\/jpeg\" \/>\n<meta name=\"author\" content=\"VICTORIA ISABEL\" \/>\n<meta name=\"twitter:card\" content=\"summary_large_image\" \/>\n<meta name=\"twitter:label1\" content=\"Escrito por\" \/>\n\t<meta name=\"twitter:data1\" content=\"VICTORIA ISABEL\" \/>\n\t<meta name=\"twitter:label2\" content=\"Est. tempo de leitura\" \/>\n\t<meta name=\"twitter:data2\" content=\"5 minutos\" \/>\n<script type=\"application\/ld+json\" class=\"yoast-schema-graph\">{\"@context\":\"https:\/\/schema.org\",\"@graph\":[{\"@type\":\"Article\",\"@id\":\"https:\/\/bahiaeconomica.com.br\/wp\/2026\/04\/30\/dia-do-trabalhador-confira-os-servicos-municipais-que-funcionarao-no-feriado\/#article\",\"isPartOf\":{\"@id\":\"https:\/\/bahiaeconomica.com.br\/wp\/2026\/04\/30\/dia-do-trabalhador-confira-os-servicos-municipais-que-funcionarao-no-feriado\/\"},\"author\":{\"name\":\"VICTORIA ISABEL\",\"@id\":\"https:\/\/bahiaeconomica.com.br\/wp\/#\/schema\/person\/b719ce0fb1c09f3c7a00d9243ced4a6f\"},\"headline\":\"DIA DO TRABALHADOR: CONFIRA OS SERVI\u00c7OS MUNICIPAIS QUE FUNCIONAR\u00c3O NO FERIADO\",\"datePublished\":\"2026-04-30T19:30:58+00:00\",\"dateModified\":\"2026-04-30T19:02:24+00:00\",\"mainEntityOfPage\":{\"@id\":\"https:\/\/bahiaeconomica.com.br\/wp\/2026\/04\/30\/dia-do-trabalhador-confira-os-servicos-municipais-que-funcionarao-no-feriado\/\"},\"wordCount\":933,\"publisher\":{\"@id\":\"https:\/\/bahiaeconomica.com.br\/wp\/#organization\"},\"articleSection\":[\"MUNIC\u00cdPIOS\"],\"inLanguage\":\"pt-BR\"},{\"@type\":\"WebPage\",\"@id\":\"https:\/\/bahiaeconomica.com.br\/wp\/2026\/04\/30\/dia-do-trabalhador-confira-os-servicos-municipais-que-funcionarao-no-feriado\/\",\"url\":\"https:\/\/bahiaeconomica.com.br\/wp\/2026\/04\/30\/dia-do-trabalhador-confira-os-servicos-municipais-que-funcionarao-no-feriado\/\",\"name\":\"DIA DO TRABALHADOR: CONFIRA OS SERVI\u00c7OS MUNICIPAIS QUE FUNCIONAR\u00c3O NO FERIADO - Bahia Economica\",\"isPartOf\":{\"@id\":\"https:\/\/bahiaeconomica.com.br\/wp\/#website\"},\"datePublished\":\"2026-04-30T19:30:58+00:00\",\"dateModified\":\"2026-04-30T19:02:24+00:00\",\"description\":\"O maior portal de Economia da Bahia MUNIC\u00cdPIOS Bahia Economica\",\"breadcrumb\":{\"@id\":\"https:\/\/bahiaeconomica.com.br\/wp\/2026\/04\/30\/dia-do-trabalhador-confira-os-servicos-municipais-que-funcionarao-no-feriado\/#breadcrumb\"},\"inLanguage\":\"pt-BR\",\"potentialAction\":[{\"@type\":\"ReadAction\",\"target\":[\"https:\/\/bahiaeconomica.com.br\/wp\/2026\/04\/30\/dia-do-trabalhador-confira-os-servicos-municipais-que-funcionarao-no-feriado\/\"]}]},{\"@type\":\"BreadcrumbList\",\"@id\":\"https:\/\/bahiaeconomica.com.br\/wp\/2026\/04\/30\/dia-do-trabalhador-confira-os-servicos-municipais-que-funcionarao-no-feriado\/#breadcrumb\",\"itemListElement\":[{\"@type\":\"ListItem\",\"position\":1,\"name\":\"In\u00edcio\",\"item\":\"https:\/\/bahiaeconomica.com.br\/wp\/\"},{\"@type\":\"ListItem\",\"position\":2,\"name\":\"DIA DO TRABALHADOR: CONFIRA OS SERVI\u00c7OS MUNICIPAIS QUE FUNCIONAR\u00c3O NO FERIADO\"}]},{\"@type\":\"WebSite\",\"@id\":\"https:\/\/bahiaeconomica.com.br\/wp\/#website\",\"url\":\"https:\/\/bahiaeconomica.com.br\/wp\/\",\"name\":\"Bahia Economica\",\"description\":\"O maior portal de Economia da Bahia\",\"publisher\":{\"@id\":\"https:\/\/bahiaeconomica.com.br\/wp\/#organization\"},\"potentialAction\":[{\"@type\":\"SearchAction\",\"target\":{\"@type\":\"EntryPoint\",\"urlTemplate\":\"https:\/\/bahiaeconomica.com.br\/wp\/?s={search_term_string}\"},\"query-input\":\"required name=search_term_string\"}],\"inLanguage\":\"pt-BR\"},{\"@type\":\"Organization\",\"@id\":\"https:\/\/bahiaeconomica.com.br\/wp\/#organization\",\"name\":\"Bahia Econ\u00f4mica\",\"url\":\"https:\/\/bahiaeconomica.com.br\/wp\/\",\"logo\":{\"@type\":\"ImageObject\",\"inLanguage\":\"pt-BR\",\"@id\":\"https:\/\/bahiaeconomica.com.br\/wp\/#\/schema\/logo\/image\/\",\"url\":\"https:\/\/bahiaeconomica.com.br\/wp\/wp-content\/uploads\/2020\/12\/cropped-BE.png\",\"contentUrl\":\"https:\/\/bahiaeconomica.com.br\/wp\/wp-content\/uploads\/2020\/12\/cropped-BE.png\",\"width\":512,\"height\":512,\"caption\":\"Bahia Econ\u00f4mica\"},\"image\":{\"@id\":\"https:\/\/bahiaeconomica.com.br\/wp\/#\/schema\/logo\/image\/\"},\"sameAs\":[\"https:\/\/www.facebook.com\/bahiaeconomica\"]},{\"@type\":\"Person\",\"@id\":\"https:\/\/bahiaeconomica.com.br\/wp\/#\/schema\/person\/b719ce0fb1c09f3c7a00d9243ced4a6f\",\"name\":\"VICTORIA ISABEL\",\"sameAs\":[\"http:\/\/www.bahiaeconomica.com.br\"],\"url\":\"https:\/\/bahiaeconomica.com.br\/wp\/author\/victoria-isabel\/\"}]}<\/script>\n<!-- \/ Yoast SEO plugin. -->","yoast_head_json":{"title":"DIA DO TRABALHADOR: CONFIRA OS SERVI\u00c7OS MUNICIPAIS QUE FUNCIONAR\u00c3O NO FERIADO - Bahia Economica","description":"O maior portal de Economia da Bahia MUNIC\u00cdPIOS Bahia Economica","robots":{"index":"index","follow":"follow","max-snippet":"max-snippet:-1","max-image-preview":"max-image-preview:large","max-video-preview":"max-video-preview:-1"},"canonical":"https:\/\/bahiaeconomica.com.br\/wp\/2026\/04\/30\/dia-do-trabalhador-confira-os-servicos-municipais-que-funcionarao-no-feriado\/","og_locale":"pt_BR","og_type":"article","og_title":"DIA DO TRABALHADOR: CONFIRA OS SERVI\u00c7OS MUNICIPAIS QUE FUNCIONAR\u00c3O NO FERIADO - Bahia Economica","og_description":"O maior portal de Economia da Bahia MUNIC\u00cdPIOS Bahia Economica","og_url":"https:\/\/bahiaeconomica.com.br\/wp\/2026\/04\/30\/dia-do-trabalhador-confira-os-servicos-municipais-que-funcionarao-no-feriado\/","og_site_name":"Bahia Economica","article_publisher":"https:\/\/www.facebook.com\/bahiaeconomica","article_published_time":"2026-04-30T19:30:58+00:00","article_modified_time":"2026-04-30T19:02:24+00:00","og_image":[{"width":1920,"height":1280,"url":"https:\/\/bahiaeconomica.com.br\/wp\/wp-content\/uploads\/2026\/04\/Palacio-Thome-de-Souza.-Foto-Lucas-Moura.-PMS-1.jpeg","type":"image\/jpeg"}],"author":"VICTORIA ISABEL","twitter_card":"summary_large_image","twitter_misc":{"Escrito por":"VICTORIA ISABEL","Est. tempo de leitura":"5 minutos"},"schema":{"@context":"https:\/\/schema.org","@graph":[{"@type":"Article","@id":"https:\/\/bahiaeconomica.com.br\/wp\/2026\/04\/30\/dia-do-trabalhador-confira-os-servicos-municipais-que-funcionarao-no-feriado\/#article","isPartOf":{"@id":"https:\/\/bahiaeconomica.com.br\/wp\/2026\/04\/30\/dia-do-trabalhador-confira-os-servicos-municipais-que-funcionarao-no-feriado\/"},"author":{"name":"VICTORIA ISABEL","@id":"https:\/\/bahiaeconomica.com.br\/wp\/#\/schema\/person\/b719ce0fb1c09f3c7a00d9243ced4a6f"},"headline":"DIA DO TRABALHADOR: CONFIRA OS SERVI\u00c7OS MUNICIPAIS QUE FUNCIONAR\u00c3O NO FERIADO","datePublished":"2026-04-30T19:30:58+00:00","dateModified":"2026-04-30T19:02:24+00:00","mainEntityOfPage":{"@id":"https:\/\/bahiaeconomica.com.br\/wp\/2026\/04\/30\/dia-do-trabalhador-confira-os-servicos-municipais-que-funcionarao-no-feriado\/"},"wordCount":933,"publisher":{"@id":"https:\/\/bahiaeconomica.com.br\/wp\/#organization"},"articleSection":["MUNIC\u00cdPIOS"],"inLanguage":"pt-BR"},{"@type":"WebPage","@id":"https:\/\/bahiaeconomica.com.br\/wp\/2026\/04\/30\/dia-do-trabalhador-confira-os-servicos-municipais-que-funcionarao-no-feriado\/","url":"https:\/\/bahiaeconomica.com.br\/wp\/2026\/04\/30\/dia-do-trabalhador-confira-os-servicos-municipais-que-funcionarao-no-feriado\/","name":"DIA DO TRABALHADOR: CONFIRA OS SERVI\u00c7OS MUNICIPAIS QUE FUNCIONAR\u00c3O NO FERIADO - Bahia Economica","isPartOf":{"@id":"https:\/\/bahiaeconomica.com.br\/wp\/#website"},"datePublished":"2026-04-30T19:30:58+00:00","dateModified":"2026-04-30T19:02:24+00:00","description":"O maior portal de Economia da Bahia MUNIC\u00cdPIOS Bahia Economica","breadcrumb":{"@id":"https:\/\/bahiaeconomica.com.br\/wp\/2026\/04\/30\/dia-do-trabalhador-confira-os-servicos-municipais-que-funcionarao-no-feriado\/#breadcrumb"},"inLanguage":"pt-BR","potentialAction":[{"@type":"ReadAction","target":["https:\/\/bahiaeconomica.com.br\/wp\/2026\/04\/30\/dia-do-trabalhador-confira-os-servicos-municipais-que-funcionarao-no-feriado\/"]}]},{"@type":"BreadcrumbList","@id":"https:\/\/bahiaeconomica.com.br\/wp\/2026\/04\/30\/dia-do-trabalhador-confira-os-servicos-municipais-que-funcionarao-no-feriado\/#breadcrumb","itemListElement":[{"@type":"ListItem","position":1,"name":"In\u00edcio","item":"https:\/\/bahiaeconomica.com.br\/wp\/"},{"@type":"ListItem","position":2,"name":"DIA DO TRABALHADOR: CONFIRA OS SERVI\u00c7OS MUNICIPAIS QUE FUNCIONAR\u00c3O NO FERIADO"}]},{"@type":"WebSite","@id":"https:\/\/bahiaeconomica.com.br\/wp\/#website","url":"https:\/\/bahiaeconomica.com.br\/wp\/","name":"Bahia Economica","description":"O maior portal de Economia da Bahia","publisher":{"@id":"https:\/\/bahiaeconomica.com.br\/wp\/#organization"},"potentialAction":[{"@type":"SearchAction","target":{"@type":"EntryPoint","urlTemplate":"https:\/\/bahiaeconomica.com.br\/wp\/?s={search_term_string}"},"query-input":"required name=search_term_string"}],"inLanguage":"pt-BR"},{"@type":"Organization","@id":"https:\/\/bahiaeconomica.com.br\/wp\/#organization","name":"Bahia Econ\u00f4mica","url":"https:\/\/bahiaeconomica.com.br\/wp\/","logo":{"@type":"ImageObject","inLanguage":"pt-BR","@id":"https:\/\/bahiaeconomica.com.br\/wp\/#\/schema\/logo\/image\/","url":"https:\/\/bahiaeconomica.com.br\/wp\/wp-content\/uploads\/2020\/12\/cropped-BE.png","contentUrl":"https:\/\/bahiaeconomica.com.br\/wp\/wp-content\/uploads\/2020\/12\/cropped-BE.png","width":512,"height":512,"caption":"Bahia Econ\u00f4mica"},"image":{"@id":"https:\/\/bahiaeconomica.com.br\/wp\/#\/schema\/logo\/image\/"},"sameAs":["https:\/\/www.facebook.com\/bahiaeconomica"]},{"@type":"Person","@id":"https:\/\/bahiaeconomica.com.br\/wp\/#\/schema\/person\/b719ce0fb1c09f3c7a00d9243ced4a6f","name":"VICTORIA ISABEL","sameAs":["http:\/\/www.bahiaeconomica.com.br"],"url":"https:\/\/bahiaeconomica.com.br\/wp\/author\/victoria-isabel\/"}]}},"views":8,"_links":{"self":[{"href":"https:\/\/bahiaeconomica.com.br\/wp\/wp-json\/wp\/v2\/posts\/992380"}],"collection":[{"href":"https:\/\/bahiaeconomica.com.br\/wp\/wp-json\/wp\/v2\/posts"}],"about":[{"href":"https:\/\/bahiaeconomica.com.br\/wp\/wp-json\/wp\/v2\/types\/post"}],"author":[{"embeddable":true,"href":"https:\/\/bahiaeconomica.com.br\/wp\/wp-json\/wp\/v2\/users\/15"}],"replies":[{"embeddable":true,"href":"https:\/\/bahiaeconomica.com.br\/wp\/wp-json\/wp\/v2\/comments?post=992380"}],"version-history":[{"count":1,"href":"https:\/\/bahiaeconomica.com.br\/wp\/wp-json\/wp\/v2\/posts\/992380\/revisions"}],"predecessor-version":[{"id":992384,"href":"https:\/\/bahiaeconomica.com.br\/wp\/wp-json\/wp\/v2\/posts\/992380\/revisions\/992384"}],"wp:featuredmedia":[{"embeddable":true,"href":"https:\/\/bahiaeconomica.com.br\/wp\/wp-json\/wp\/v2\/media\/992383"}],"wp:attachment":[{"href":"https:\/\/bahiaeconomica.com.br\/wp\/wp-json\/wp\/v2\/media?parent=992380"}],"wp:term":[{"taxonomy":"category","embeddable":true,"href":"https:\/\/bahiaeconomica.com.br\/wp\/wp-json\/wp\/v2\/categories?post=992380"},{"taxonomy":"post_tag","embeddable":true,"href":"https:\/\/bahiaeconomica.com.br\/wp\/wp-json\/wp\/v2\/tags?post=992380"}],"curies":[{"name":"wp","href":"https:\/\/api.w.org\/{rel}","templated":true}]}}