{"id":992313,"date":"2026-04-30T15:46:16","date_gmt":"2026-04-30T18:46:16","guid":{"rendered":"https:\/\/bahiaeconomica.com.br\/wp\/?p=992313"},"modified":"2026-04-30T17:45:03","modified_gmt":"2026-04-30T20:45:03","slug":"veja-o-que-mara-maravilha-falou-sobre-daniela-mercury","status":"publish","type":"post","link":"https:\/\/bahiaeconomica.com.br\/wp\/2026\/04\/30\/veja-o-que-mara-maravilha-falou-sobre-daniela-mercury\/","title":{"rendered":"VEJA O QUE MARA MARAVILHA FALOU SOBRE DANIELA MERCURY"},"content":{"rendered":"<div class=\"n6owBd awi2gc\" data-sfc-cp=\"\" data-sfc-root=\"c\" data-sfc-cb=\"\" data-hveid=\"CAIQAA\" data-processed=\"true\">Nesta quarta-feira (30\/04), Mara Maravilha fez diversas declara\u00e7\u00f5es sobre Daniela Mercury em alguns ve\u00edculos de comunica\u00e7\u00e3o. Ela tamb\u00e9m resgatou, nas redes sociais, uma publica\u00e7\u00e3o de uma entrevista antiga, na qual fala de forma negativa sobre a cantora, reacendendo o antigo atrito entre as artistas. A apresentadora compartilhou um v\u00eddeo com cr\u00edticas contundentes contra a baiana. O conte\u00fado foi republicado nas plataformas digitais e rapidamente viralizou, gerando discuss\u00f5es entre f\u00e3s e seguidores das duas cantoras.<span class=\"uJ19be notranslate\" data-sfc-root=\"c\" data-wiz-uids=\"ORJtAb_l,ORJtAb_m\" data-sfc-cb=\"\"><span class=\"vKEkVd\" data-animation-atomic=\"\" data-wiz-attrbind=\"class=ORJtAb_k\/TKHnVd\"><span aria-hidden=\"true\">\u00a0<\/span><button class=\"rBl3me\" tabindex=\"0\" data-amic=\"true\" data-icl-uuid=\"82bf6a2c-a076-453f-8a82-09e52bbfefab\" aria-label=\"Mostrar links relacionados\" data-wiz-attrbind=\"disabled=ORJtAb_k\/C5gNJc;aria-label=ORJtAb_k\/bOjMyf;class=ORJtAb_k\/UpSNec\" data-ved=\"2ahUKEwib1b63nZaUAxXaK7kGHXBXAMgQye0OegQIAhAB\" data-hveid=\"CAIQAQ\"><\/button><\/span><\/span><\/div>\n<div class=\"\" data-bfc=\"\" data-ved=\"2ahUKEwib1b63nZaUAxXaK7kGHXBXAMgQi4wTegQIAxAA\" data-processed=\"true\">\n<div data-sfc-cp=\"\" data-sfc-root=\"c\" data-sfc-cb=\"\" data-hveid=\"CAMQAQ\"><\/div>\n<div data-sfc-cp=\"\" data-sfc-root=\"c\" data-sfc-cb=\"\" data-hveid=\"CAMQAQ\"><\/div>\n<div class=\"n6owBd awi2gc\" data-sfc-cp=\"\" data-sfc-root=\"c\" data-sfc-cb=\"\" data-hveid=\"CAMQAQ\">Na grava\u00e7\u00e3o, Mara afirma sentir \u201cvergonha\u201d de ter sido respons\u00e1vel por apresentar Daniela ao grande p\u00fablico no in\u00edcio da carreira. A declara\u00e7\u00e3o chama aten\u00e7\u00e3o pela forma como Maravilha se expressa ao refor\u00e7ar suas cr\u00edticas. \u201cPe\u00e7o perd\u00e3o \u00e0 Bahia, ao Brasil e ao mundo, por ter lan\u00e7ado essa m\u2026\u201d, disse. Em outro momento, refor\u00e7ou o ataque com a frase: \u201cVoc\u00ea \u00e9 uma vergonha\u201d. A pol\u00eamica se intensificou quando Mara questionou a participa\u00e7\u00e3o de Daniela Mercury em eventos ligados \u00e0 comunidade LGBTQI+, afirmando que a presen\u00e7a da cantora estaria condicionada ao recebimento de cach\u00ea.<\/div>\n<\/div>\n<div data-sfc-cp=\"\" data-sfc-root=\"c\" data-sfc-cb=\"\" data-hveid=\"CAMQAQ\"><\/div>\n<div data-sfc-cp=\"\" data-sfc-root=\"c\" data-sfc-cb=\"\" data-hveid=\"CAMQAQ\">\n<div class=\"\" data-bfc=\"\" data-ved=\"2ahUKEwib1b63nZaUAxXaK7kGHXBXAMgQi4wTegQIBBAA\" data-processed=\"true\">\n<div class=\"n6owBd awi2gc\" data-sfc-cp=\"\" data-sfc-root=\"c\" data-sfc-cb=\"\" data-hveid=\"CAQQAQ\">Apesar de algumas especula\u00e7\u00f5es do p\u00fablico de que as cr\u00edticas estariam ligadas a quest\u00f5es pol\u00edticas, o resgate do v\u00eddeo aconteceu em meio a uma nova pol\u00eamica envolvendo Daniela Mercury. Durante a entrega do Trof\u00e9u Armandinho &amp; Irm\u00e3os Macedo, realizada na \u00faltima ter\u00e7a-feira (28), em Salvador, a cantora fez um coment\u00e1rio sobre o artista Edson Gomes, sugerindo uma poss\u00edvel situa\u00e7\u00e3o de agress\u00e3o contra a atual esposa dele. Diante da repercuss\u00e3o negativa, Daniela se pronunciou por meio de nota oficial em seu perfil no Instagram, afirmando que seu discurso foi mal interpretado e que n\u00e3o teve a inten\u00e7\u00e3o de acusar diretamente o cantor. Segundo ela, a inten\u00e7\u00e3o era fazer um apelo mais amplo.<button class=\"rBl3me\" tabindex=\"0\" data-amic=\"true\" data-icl-uuid=\"22944a95-f405-4718-91c5-fcc01883df8f\" aria-label=\"Mostrar links relacionados\" data-wiz-attrbind=\"disabled=ORJtAb_s\/C5gNJc;aria-label=ORJtAb_s\/bOjMyf;class=ORJtAb_s\/UpSNec\" data-ved=\"2ahUKEwib1b63nZaUAxXaK7kGHXBXAMgQye0OegQIBBAC\" data-hveid=\"CAQQAg\"><\/button><\/div>\n<\/div>\n<div class=\"\" data-bfc=\"\" data-ved=\"2ahUKEwib1b63nZaUAxXaK7kGHXBXAMgQi4wTegQIBRAA\" data-processed=\"true\"><\/div>\n<\/div>\n<div class=\"x1qjc9v5 x972fbf x10w94by x1qhh985 x14e42zd x9f619 x78zum5 xdt5ytf x2lah0s xk390pu xdj266r x14z9mp xat24cr x1lziwak xexx8yu xyri2b x18d9i69 x1c1uobl x1n2onr6 xggy1nq x11njtxf\" tabindex=\"0\" role=\"button\">\n<div class=\"_a9zm\">\n<div class=\"_a9zn _a9zo\">\n<div class=\"_a9zr\">\n<div class=\"xt0psk2\">\n<p dir=\"auto\">Foto: Reprodu\u00e7\u00e3o<\/p>\n<\/div>\n<\/div>\n<\/div>\n<\/div>\n<\/div>\n","protected":false},"excerpt":{"rendered":"<p>Nesta quarta-feira (30\/04), Mara Maravilha fez diversas declara\u00e7\u00f5es sobre Daniela Mercury em alguns ve\u00edculos de comunica\u00e7\u00e3o. Ela tamb\u00e9m resgatou, nas redes sociais, uma publica\u00e7\u00e3o de uma entrevista antiga, na qual fala de forma negativa sobre a cantora, reacendendo o antigo atrito entre as artistas. A apresentadora compartilhou um v\u00eddeo com cr\u00edticas contundentes contra a baiana. [&hellip;]<\/p>\n","protected":false},"author":27,"featured_media":992318,"comment_status":"closed","ping_status":"closed","sticky":false,"template":"","format":"standard","meta":[],"categories":[4],"tags":[],"acf":[],"yoast_head":"<!-- This site is optimized with the Yoast SEO plugin v20.8 - https:\/\/yoast.com\/wordpress\/plugins\/seo\/ -->\n<title>VEJA O QUE MARA MARAVILHA FALOU SOBRE DANIELA MERCURY - Bahia Economica<\/title>\n<meta name=\"description\" content=\"O maior portal de Economia da Bahia ENTRETENIMENTO Bahia Economica\" \/>\n<meta name=\"robots\" content=\"index, follow, max-snippet:-1, max-image-preview:large, max-video-preview:-1\" \/>\n<link rel=\"canonical\" href=\"https:\/\/bahiaeconomica.com.br\/wp\/2026\/04\/30\/veja-o-que-mara-maravilha-falou-sobre-daniela-mercury\/\" \/>\n<meta property=\"og:locale\" content=\"pt_BR\" \/>\n<meta property=\"og:type\" content=\"article\" \/>\n<meta property=\"og:title\" content=\"VEJA O QUE MARA MARAVILHA FALOU SOBRE DANIELA MERCURY - Bahia Economica\" \/>\n<meta property=\"og:description\" content=\"O maior portal de Economia da Bahia ENTRETENIMENTO Bahia Economica\" \/>\n<meta property=\"og:url\" content=\"https:\/\/bahiaeconomica.com.br\/wp\/2026\/04\/30\/veja-o-que-mara-maravilha-falou-sobre-daniela-mercury\/\" \/>\n<meta property=\"og:site_name\" content=\"Bahia Economica\" \/>\n<meta property=\"article:publisher\" content=\"https:\/\/www.facebook.com\/bahiaeconomica\" \/>\n<meta property=\"article:published_time\" content=\"2026-04-30T18:46:16+00:00\" \/>\n<meta property=\"article:modified_time\" content=\"2026-04-30T20:45:03+00:00\" \/>\n<meta property=\"og:image\" content=\"https:\/\/bahiaeconomica.com.br\/wp\/wp-content\/uploads\/2026\/04\/mara-maravilha-daniela-mercury-800x450-1.jpg\" \/>\n\t<meta property=\"og:image:width\" content=\"800\" \/>\n\t<meta property=\"og:image:height\" content=\"450\" \/>\n\t<meta property=\"og:image:type\" content=\"image\/jpeg\" \/>\n<meta name=\"author\" content=\"Maiane dos Santos\" \/>\n<meta name=\"twitter:card\" content=\"summary_large_image\" \/>\n<meta name=\"twitter:label1\" content=\"Escrito por\" \/>\n\t<meta name=\"twitter:data1\" content=\"Maiane dos Santos\" \/>\n\t<meta name=\"twitter:label2\" content=\"Est. tempo de leitura\" \/>\n\t<meta name=\"twitter:data2\" content=\"2 minutos\" \/>\n<script type=\"application\/ld+json\" class=\"yoast-schema-graph\">{\"@context\":\"https:\/\/schema.org\",\"@graph\":[{\"@type\":\"Article\",\"@id\":\"https:\/\/bahiaeconomica.com.br\/wp\/2026\/04\/30\/veja-o-que-mara-maravilha-falou-sobre-daniela-mercury\/#article\",\"isPartOf\":{\"@id\":\"https:\/\/bahiaeconomica.com.br\/wp\/2026\/04\/30\/veja-o-que-mara-maravilha-falou-sobre-daniela-mercury\/\"},\"author\":{\"name\":\"Maiane dos Santos\",\"@id\":\"https:\/\/bahiaeconomica.com.br\/wp\/#\/schema\/person\/eacd243b0169a79d106d1d535d051d5b\"},\"headline\":\"VEJA O QUE MARA MARAVILHA FALOU SOBRE DANIELA MERCURY\",\"datePublished\":\"2026-04-30T18:46:16+00:00\",\"dateModified\":\"2026-04-30T20:45:03+00:00\",\"mainEntityOfPage\":{\"@id\":\"https:\/\/bahiaeconomica.com.br\/wp\/2026\/04\/30\/veja-o-que-mara-maravilha-falou-sobre-daniela-mercury\/\"},\"wordCount\":327,\"publisher\":{\"@id\":\"https:\/\/bahiaeconomica.com.br\/wp\/#organization\"},\"articleSection\":[\"ENTRETENIMENTO\"],\"inLanguage\":\"pt-BR\"},{\"@type\":\"WebPage\",\"@id\":\"https:\/\/bahiaeconomica.com.br\/wp\/2026\/04\/30\/veja-o-que-mara-maravilha-falou-sobre-daniela-mercury\/\",\"url\":\"https:\/\/bahiaeconomica.com.br\/wp\/2026\/04\/30\/veja-o-que-mara-maravilha-falou-sobre-daniela-mercury\/\",\"name\":\"VEJA O QUE MARA MARAVILHA FALOU SOBRE DANIELA MERCURY - Bahia Economica\",\"isPartOf\":{\"@id\":\"https:\/\/bahiaeconomica.com.br\/wp\/#website\"},\"datePublished\":\"2026-04-30T18:46:16+00:00\",\"dateModified\":\"2026-04-30T20:45:03+00:00\",\"description\":\"O maior portal de Economia da Bahia ENTRETENIMENTO Bahia Economica\",\"breadcrumb\":{\"@id\":\"https:\/\/bahiaeconomica.com.br\/wp\/2026\/04\/30\/veja-o-que-mara-maravilha-falou-sobre-daniela-mercury\/#breadcrumb\"},\"inLanguage\":\"pt-BR\",\"potentialAction\":[{\"@type\":\"ReadAction\",\"target\":[\"https:\/\/bahiaeconomica.com.br\/wp\/2026\/04\/30\/veja-o-que-mara-maravilha-falou-sobre-daniela-mercury\/\"]}]},{\"@type\":\"BreadcrumbList\",\"@id\":\"https:\/\/bahiaeconomica.com.br\/wp\/2026\/04\/30\/veja-o-que-mara-maravilha-falou-sobre-daniela-mercury\/#breadcrumb\",\"itemListElement\":[{\"@type\":\"ListItem\",\"position\":1,\"name\":\"In\u00edcio\",\"item\":\"https:\/\/bahiaeconomica.com.br\/wp\/\"},{\"@type\":\"ListItem\",\"position\":2,\"name\":\"VEJA O QUE MARA MARAVILHA FALOU SOBRE DANIELA MERCURY\"}]},{\"@type\":\"WebSite\",\"@id\":\"https:\/\/bahiaeconomica.com.br\/wp\/#website\",\"url\":\"https:\/\/bahiaeconomica.com.br\/wp\/\",\"name\":\"Bahia Economica\",\"description\":\"O maior portal de Economia da Bahia\",\"publisher\":{\"@id\":\"https:\/\/bahiaeconomica.com.br\/wp\/#organization\"},\"potentialAction\":[{\"@type\":\"SearchAction\",\"target\":{\"@type\":\"EntryPoint\",\"urlTemplate\":\"https:\/\/bahiaeconomica.com.br\/wp\/?s={search_term_string}\"},\"query-input\":\"required name=search_term_string\"}],\"inLanguage\":\"pt-BR\"},{\"@type\":\"Organization\",\"@id\":\"https:\/\/bahiaeconomica.com.br\/wp\/#organization\",\"name\":\"Bahia Econ\u00f4mica\",\"url\":\"https:\/\/bahiaeconomica.com.br\/wp\/\",\"logo\":{\"@type\":\"ImageObject\",\"inLanguage\":\"pt-BR\",\"@id\":\"https:\/\/bahiaeconomica.com.br\/wp\/#\/schema\/logo\/image\/\",\"url\":\"https:\/\/bahiaeconomica.com.br\/wp\/wp-content\/uploads\/2020\/12\/cropped-BE.png\",\"contentUrl\":\"https:\/\/bahiaeconomica.com.br\/wp\/wp-content\/uploads\/2020\/12\/cropped-BE.png\",\"width\":512,\"height\":512,\"caption\":\"Bahia Econ\u00f4mica\"},\"image\":{\"@id\":\"https:\/\/bahiaeconomica.com.br\/wp\/#\/schema\/logo\/image\/\"},\"sameAs\":[\"https:\/\/www.facebook.com\/bahiaeconomica\"]},{\"@type\":\"Person\",\"@id\":\"https:\/\/bahiaeconomica.com.br\/wp\/#\/schema\/person\/eacd243b0169a79d106d1d535d051d5b\",\"name\":\"Maiane dos Santos\",\"sameAs\":[\"http:\/\/www.bahiaeconomica.com.br\"],\"url\":\"https:\/\/bahiaeconomica.com.br\/wp\/author\/maiane-dos-santos\/\"}]}<\/script>\n<!-- \/ Yoast SEO plugin. -->","yoast_head_json":{"title":"VEJA O QUE MARA MARAVILHA FALOU SOBRE DANIELA MERCURY - Bahia Economica","description":"O maior portal de Economia da Bahia ENTRETENIMENTO Bahia Economica","robots":{"index":"index","follow":"follow","max-snippet":"max-snippet:-1","max-image-preview":"max-image-preview:large","max-video-preview":"max-video-preview:-1"},"canonical":"https:\/\/bahiaeconomica.com.br\/wp\/2026\/04\/30\/veja-o-que-mara-maravilha-falou-sobre-daniela-mercury\/","og_locale":"pt_BR","og_type":"article","og_title":"VEJA O QUE MARA MARAVILHA FALOU SOBRE DANIELA MERCURY - Bahia Economica","og_description":"O maior portal de Economia da Bahia ENTRETENIMENTO Bahia Economica","og_url":"https:\/\/bahiaeconomica.com.br\/wp\/2026\/04\/30\/veja-o-que-mara-maravilha-falou-sobre-daniela-mercury\/","og_site_name":"Bahia Economica","article_publisher":"https:\/\/www.facebook.com\/bahiaeconomica","article_published_time":"2026-04-30T18:46:16+00:00","article_modified_time":"2026-04-30T20:45:03+00:00","og_image":[{"width":800,"height":450,"url":"https:\/\/bahiaeconomica.com.br\/wp\/wp-content\/uploads\/2026\/04\/mara-maravilha-daniela-mercury-800x450-1.jpg","type":"image\/jpeg"}],"author":"Maiane dos Santos","twitter_card":"summary_large_image","twitter_misc":{"Escrito por":"Maiane dos Santos","Est. tempo de leitura":"2 minutos"},"schema":{"@context":"https:\/\/schema.org","@graph":[{"@type":"Article","@id":"https:\/\/bahiaeconomica.com.br\/wp\/2026\/04\/30\/veja-o-que-mara-maravilha-falou-sobre-daniela-mercury\/#article","isPartOf":{"@id":"https:\/\/bahiaeconomica.com.br\/wp\/2026\/04\/30\/veja-o-que-mara-maravilha-falou-sobre-daniela-mercury\/"},"author":{"name":"Maiane dos Santos","@id":"https:\/\/bahiaeconomica.com.br\/wp\/#\/schema\/person\/eacd243b0169a79d106d1d535d051d5b"},"headline":"VEJA O QUE MARA MARAVILHA FALOU SOBRE DANIELA MERCURY","datePublished":"2026-04-30T18:46:16+00:00","dateModified":"2026-04-30T20:45:03+00:00","mainEntityOfPage":{"@id":"https:\/\/bahiaeconomica.com.br\/wp\/2026\/04\/30\/veja-o-que-mara-maravilha-falou-sobre-daniela-mercury\/"},"wordCount":327,"publisher":{"@id":"https:\/\/bahiaeconomica.com.br\/wp\/#organization"},"articleSection":["ENTRETENIMENTO"],"inLanguage":"pt-BR"},{"@type":"WebPage","@id":"https:\/\/bahiaeconomica.com.br\/wp\/2026\/04\/30\/veja-o-que-mara-maravilha-falou-sobre-daniela-mercury\/","url":"https:\/\/bahiaeconomica.com.br\/wp\/2026\/04\/30\/veja-o-que-mara-maravilha-falou-sobre-daniela-mercury\/","name":"VEJA O QUE MARA MARAVILHA FALOU SOBRE DANIELA MERCURY - Bahia Economica","isPartOf":{"@id":"https:\/\/bahiaeconomica.com.br\/wp\/#website"},"datePublished":"2026-04-30T18:46:16+00:00","dateModified":"2026-04-30T20:45:03+00:00","description":"O maior portal de Economia da Bahia ENTRETENIMENTO Bahia Economica","breadcrumb":{"@id":"https:\/\/bahiaeconomica.com.br\/wp\/2026\/04\/30\/veja-o-que-mara-maravilha-falou-sobre-daniela-mercury\/#breadcrumb"},"inLanguage":"pt-BR","potentialAction":[{"@type":"ReadAction","target":["https:\/\/bahiaeconomica.com.br\/wp\/2026\/04\/30\/veja-o-que-mara-maravilha-falou-sobre-daniela-mercury\/"]}]},{"@type":"BreadcrumbList","@id":"https:\/\/bahiaeconomica.com.br\/wp\/2026\/04\/30\/veja-o-que-mara-maravilha-falou-sobre-daniela-mercury\/#breadcrumb","itemListElement":[{"@type":"ListItem","position":1,"name":"In\u00edcio","item":"https:\/\/bahiaeconomica.com.br\/wp\/"},{"@type":"ListItem","position":2,"name":"VEJA O QUE MARA MARAVILHA FALOU SOBRE DANIELA MERCURY"}]},{"@type":"WebSite","@id":"https:\/\/bahiaeconomica.com.br\/wp\/#website","url":"https:\/\/bahiaeconomica.com.br\/wp\/","name":"Bahia Economica","description":"O maior portal de Economia da Bahia","publisher":{"@id":"https:\/\/bahiaeconomica.com.br\/wp\/#organization"},"potentialAction":[{"@type":"SearchAction","target":{"@type":"EntryPoint","urlTemplate":"https:\/\/bahiaeconomica.com.br\/wp\/?s={search_term_string}"},"query-input":"required name=search_term_string"}],"inLanguage":"pt-BR"},{"@type":"Organization","@id":"https:\/\/bahiaeconomica.com.br\/wp\/#organization","name":"Bahia Econ\u00f4mica","url":"https:\/\/bahiaeconomica.com.br\/wp\/","logo":{"@type":"ImageObject","inLanguage":"pt-BR","@id":"https:\/\/bahiaeconomica.com.br\/wp\/#\/schema\/logo\/image\/","url":"https:\/\/bahiaeconomica.com.br\/wp\/wp-content\/uploads\/2020\/12\/cropped-BE.png","contentUrl":"https:\/\/bahiaeconomica.com.br\/wp\/wp-content\/uploads\/2020\/12\/cropped-BE.png","width":512,"height":512,"caption":"Bahia Econ\u00f4mica"},"image":{"@id":"https:\/\/bahiaeconomica.com.br\/wp\/#\/schema\/logo\/image\/"},"sameAs":["https:\/\/www.facebook.com\/bahiaeconomica"]},{"@type":"Person","@id":"https:\/\/bahiaeconomica.com.br\/wp\/#\/schema\/person\/eacd243b0169a79d106d1d535d051d5b","name":"Maiane dos Santos","sameAs":["http:\/\/www.bahiaeconomica.com.br"],"url":"https:\/\/bahiaeconomica.com.br\/wp\/author\/maiane-dos-santos\/"}]}},"views":27,"_links":{"self":[{"href":"https:\/\/bahiaeconomica.com.br\/wp\/wp-json\/wp\/v2\/posts\/992313"}],"collection":[{"href":"https:\/\/bahiaeconomica.com.br\/wp\/wp-json\/wp\/v2\/posts"}],"about":[{"href":"https:\/\/bahiaeconomica.com.br\/wp\/wp-json\/wp\/v2\/types\/post"}],"author":[{"embeddable":true,"href":"https:\/\/bahiaeconomica.com.br\/wp\/wp-json\/wp\/v2\/users\/27"}],"replies":[{"embeddable":true,"href":"https:\/\/bahiaeconomica.com.br\/wp\/wp-json\/wp\/v2\/comments?post=992313"}],"version-history":[{"count":1,"href":"https:\/\/bahiaeconomica.com.br\/wp\/wp-json\/wp\/v2\/posts\/992313\/revisions"}],"predecessor-version":[{"id":992377,"href":"https:\/\/bahiaeconomica.com.br\/wp\/wp-json\/wp\/v2\/posts\/992313\/revisions\/992377"}],"wp:featuredmedia":[{"embeddable":true,"href":"https:\/\/bahiaeconomica.com.br\/wp\/wp-json\/wp\/v2\/media\/992318"}],"wp:attachment":[{"href":"https:\/\/bahiaeconomica.com.br\/wp\/wp-json\/wp\/v2\/media?parent=992313"}],"wp:term":[{"taxonomy":"category","embeddable":true,"href":"https:\/\/bahiaeconomica.com.br\/wp\/wp-json\/wp\/v2\/categories?post=992313"},{"taxonomy":"post_tag","embeddable":true,"href":"https:\/\/bahiaeconomica.com.br\/wp\/wp-json\/wp\/v2\/tags?post=992313"}],"curies":[{"name":"wp","href":"https:\/\/api.w.org\/{rel}","templated":true}]}}