{"id":992161,"date":"2026-04-30T08:02:16","date_gmt":"2026-04-30T11:02:16","guid":{"rendered":"https:\/\/bahiaeconomica.com.br\/wp\/?p=992161"},"modified":"2026-04-30T08:02:16","modified_gmt":"2026-04-30T11:02:16","slug":"rejeicao-de-jorge-messias-ao-stf-e-dia-historico-diz-joao-roma","status":"publish","type":"post","link":"https:\/\/bahiaeconomica.com.br\/wp\/2026\/04\/30\/rejeicao-de-jorge-messias-ao-stf-e-dia-historico-diz-joao-roma\/","title":{"rendered":"REJEI\u00c7\u00c3O DE JORGE MESSIAS AO STF \u00c9 \u201cDIA HIST\u00d3RICO\u201d, DIZ JO\u00c3O ROMA"},"content":{"rendered":"<p>O presidente do PL na Bahia, Jo\u00e3o Roma, afirmou nesta quarta-feira (29) que a rejei\u00e7\u00e3o do nome de Jorge Messias pelo Senado para o Supremo Tribunal Federal (STF) representa \u201cum dia hist\u00f3rico para o Brasil\u201d e um sinal de independ\u00eancia entre os Poderes.<\/p>\n<p>Segundo Roma, a decis\u00e3o dos senadores reflete a insatisfa\u00e7\u00e3o popular com o desempenho da Corte e a percep\u00e7\u00e3o de politiza\u00e7\u00e3o. \u201cA rejei\u00e7\u00e3o do nome de Jorge Messias pelo Senado para o STF marca um dia hist\u00f3rico para o Brasil. O Senado expressou a insatisfa\u00e7\u00e3o crescente da popula\u00e7\u00e3o com os rumos do STF e com a percep\u00e7\u00e3o de excessiva politiza\u00e7\u00e3o da Corte\u201d, afirmou.<\/p>\n<p>O dirigente do PL avaliou que a vota\u00e7\u00e3o refor\u00e7a a necessidade de autonomia do Judici\u00e1rio em rela\u00e7\u00e3o ao Executivo.<\/p>\n<p>\u201cO que se viu hoje foi o Senado reafirmando que o Supremo n\u00e3o pode ser subserviente a qualquer governo, nem funcionar sob amarras ideol\u00f3gicas. O STF deve servir \u00e0 Justi\u00e7a, \u00e0 Constitui\u00e7\u00e3o e ao povo brasileiro, nunca a interesses circunstanciais de quem ocupa o poder\u201d, disse.<\/p>\n<p>Roma classificou o resultado como derrota pol\u00edtica do governo Luiz In\u00e1cio Lula da Silva, mas destacou o fortalecimento institucional. \u201cEssa vota\u00e7\u00e3o \u00e9, sim, uma vit\u00f3ria da oposi\u00e7\u00e3o ao presidente Lula, mas acima de tudo \u00e9 uma vit\u00f3ria do Brasil. \u00c9 a demonstra\u00e7\u00e3o de que ainda existem freios e contrapesos funcionando e de que o Senado compreendeu o sentimento das ruas, que pedem independ\u00eancia entre os Poderes, equil\u00edbrio institucional e respeito \u00e0 democracia\u201d, declarou.<\/p>\n<p>Ele tamb\u00e9m defendeu uma Suprema Corte mais t\u00e9cnica. \u201cO Brasil precisa de uma Suprema Corte t\u00e9cnica, imparcial e comprometida exclusivamente com a Justi\u00e7a. Que este epis\u00f3dio sirva para lembrar que nenhum poder est\u00e1 acima do escrut\u00ednio democr\u00e1tico. Hoje venceu a independ\u00eancia da Justi\u00e7a e venceu o Brasil\u201d, concluiu.<\/p>\n<p>Foto: Divulga\u00e7\u00e3o<\/p>\n","protected":false},"excerpt":{"rendered":"<p>O presidente do PL na Bahia, Jo\u00e3o Roma, afirmou nesta quarta-feira (29) que a rejei\u00e7\u00e3o do nome de Jorge Messias pelo Senado para o Supremo Tribunal Federal (STF) representa \u201cum dia hist\u00f3rico para o Brasil\u201d e um sinal de independ\u00eancia entre os Poderes. Segundo Roma, a decis\u00e3o dos senadores reflete a insatisfa\u00e7\u00e3o popular com o [&hellip;]<\/p>\n","protected":false},"author":20,"featured_media":904103,"comment_status":"closed","ping_status":"closed","sticky":false,"template":"","format":"standard","meta":[],"categories":[14601],"tags":[950,11606,1752],"acf":[],"yoast_head":"<!-- This site is optimized with the Yoast SEO plugin v20.8 - https:\/\/yoast.com\/wordpress\/plugins\/seo\/ -->\n<title>REJEI\u00c7\u00c3O DE JORGE MESSIAS AO STF \u00c9 \u201cDIA HIST\u00d3RICO\u201d, DIZ JO\u00c3O ROMA - Bahia Economica<\/title>\n<meta name=\"description\" content=\"O maior portal de Economia da Bahia Pol\u00edtica Bahia Economica\" \/>\n<meta name=\"robots\" content=\"index, follow, max-snippet:-1, max-image-preview:large, max-video-preview:-1\" \/>\n<link rel=\"canonical\" href=\"https:\/\/bahiaeconomica.com.br\/wp\/2026\/04\/30\/rejeicao-de-jorge-messias-ao-stf-e-dia-historico-diz-joao-roma\/\" \/>\n<meta property=\"og:locale\" content=\"pt_BR\" \/>\n<meta property=\"og:type\" content=\"article\" \/>\n<meta property=\"og:title\" content=\"REJEI\u00c7\u00c3O DE JORGE MESSIAS AO STF \u00c9 \u201cDIA HIST\u00d3RICO\u201d, DIZ JO\u00c3O ROMA - Bahia Economica\" \/>\n<meta property=\"og:description\" content=\"O maior portal de Economia da Bahia Pol\u00edtica Bahia Economica\" \/>\n<meta property=\"og:url\" content=\"https:\/\/bahiaeconomica.com.br\/wp\/2026\/04\/30\/rejeicao-de-jorge-messias-ao-stf-e-dia-historico-diz-joao-roma\/\" \/>\n<meta property=\"og:site_name\" content=\"Bahia Economica\" \/>\n<meta property=\"article:publisher\" content=\"https:\/\/www.facebook.com\/bahiaeconomica\" \/>\n<meta property=\"article:published_time\" content=\"2026-04-30T11:02:16+00:00\" \/>\n<meta property=\"og:image\" content=\"https:\/\/bahiaeconomica.com.br\/wp\/wp-content\/uploads\/2025\/05\/joao-roma-republicanos-foto-cedida-05-03-2021-compressor-1.jpg\" \/>\n\t<meta property=\"og:image:width\" content=\"840\" \/>\n\t<meta property=\"og:image:height\" content=\"590\" \/>\n\t<meta property=\"og:image:type\" content=\"image\/jpeg\" \/>\n<meta name=\"author\" content=\"BRUNA CARVALHO\" \/>\n<meta name=\"twitter:card\" content=\"summary_large_image\" \/>\n<meta name=\"twitter:label1\" content=\"Escrito por\" \/>\n\t<meta name=\"twitter:data1\" content=\"BRUNA CARVALHO\" \/>\n\t<meta name=\"twitter:label2\" content=\"Est. tempo de leitura\" \/>\n\t<meta name=\"twitter:data2\" content=\"2 minutos\" \/>\n<script type=\"application\/ld+json\" class=\"yoast-schema-graph\">{\"@context\":\"https:\/\/schema.org\",\"@graph\":[{\"@type\":\"Article\",\"@id\":\"https:\/\/bahiaeconomica.com.br\/wp\/2026\/04\/30\/rejeicao-de-jorge-messias-ao-stf-e-dia-historico-diz-joao-roma\/#article\",\"isPartOf\":{\"@id\":\"https:\/\/bahiaeconomica.com.br\/wp\/2026\/04\/30\/rejeicao-de-jorge-messias-ao-stf-e-dia-historico-diz-joao-roma\/\"},\"author\":{\"name\":\"BRUNA CARVALHO\",\"@id\":\"https:\/\/bahiaeconomica.com.br\/wp\/#\/schema\/person\/9310b0e591f5979f6f99773eac5804e6\"},\"headline\":\"REJEI\u00c7\u00c3O DE JORGE MESSIAS AO STF \u00c9 \u201cDIA HIST\u00d3RICO\u201d, DIZ JO\u00c3O ROMA\",\"datePublished\":\"2026-04-30T11:02:16+00:00\",\"dateModified\":\"2026-04-30T11:02:16+00:00\",\"mainEntityOfPage\":{\"@id\":\"https:\/\/bahiaeconomica.com.br\/wp\/2026\/04\/30\/rejeicao-de-jorge-messias-ao-stf-e-dia-historico-diz-joao-roma\/\"},\"wordCount\":341,\"publisher\":{\"@id\":\"https:\/\/bahiaeconomica.com.br\/wp\/#organization\"},\"keywords\":[\"Jo\u00e3o Roma\",\"messias\",\"sabatina\"],\"articleSection\":[\"Pol\u00edtica\"],\"inLanguage\":\"pt-BR\"},{\"@type\":\"WebPage\",\"@id\":\"https:\/\/bahiaeconomica.com.br\/wp\/2026\/04\/30\/rejeicao-de-jorge-messias-ao-stf-e-dia-historico-diz-joao-roma\/\",\"url\":\"https:\/\/bahiaeconomica.com.br\/wp\/2026\/04\/30\/rejeicao-de-jorge-messias-ao-stf-e-dia-historico-diz-joao-roma\/\",\"name\":\"REJEI\u00c7\u00c3O DE JORGE MESSIAS AO STF \u00c9 \u201cDIA HIST\u00d3RICO\u201d, DIZ JO\u00c3O ROMA - Bahia Economica\",\"isPartOf\":{\"@id\":\"https:\/\/bahiaeconomica.com.br\/wp\/#website\"},\"datePublished\":\"2026-04-30T11:02:16+00:00\",\"dateModified\":\"2026-04-30T11:02:16+00:00\",\"description\":\"O maior portal de Economia da Bahia Pol\u00edtica Bahia Economica\",\"breadcrumb\":{\"@id\":\"https:\/\/bahiaeconomica.com.br\/wp\/2026\/04\/30\/rejeicao-de-jorge-messias-ao-stf-e-dia-historico-diz-joao-roma\/#breadcrumb\"},\"inLanguage\":\"pt-BR\",\"potentialAction\":[{\"@type\":\"ReadAction\",\"target\":[\"https:\/\/bahiaeconomica.com.br\/wp\/2026\/04\/30\/rejeicao-de-jorge-messias-ao-stf-e-dia-historico-diz-joao-roma\/\"]}]},{\"@type\":\"BreadcrumbList\",\"@id\":\"https:\/\/bahiaeconomica.com.br\/wp\/2026\/04\/30\/rejeicao-de-jorge-messias-ao-stf-e-dia-historico-diz-joao-roma\/#breadcrumb\",\"itemListElement\":[{\"@type\":\"ListItem\",\"position\":1,\"name\":\"In\u00edcio\",\"item\":\"https:\/\/bahiaeconomica.com.br\/wp\/\"},{\"@type\":\"ListItem\",\"position\":2,\"name\":\"REJEI\u00c7\u00c3O DE JORGE MESSIAS AO STF \u00c9 \u201cDIA HIST\u00d3RICO\u201d, DIZ JO\u00c3O ROMA\"}]},{\"@type\":\"WebSite\",\"@id\":\"https:\/\/bahiaeconomica.com.br\/wp\/#website\",\"url\":\"https:\/\/bahiaeconomica.com.br\/wp\/\",\"name\":\"Bahia Economica\",\"description\":\"O maior portal de Economia da Bahia\",\"publisher\":{\"@id\":\"https:\/\/bahiaeconomica.com.br\/wp\/#organization\"},\"potentialAction\":[{\"@type\":\"SearchAction\",\"target\":{\"@type\":\"EntryPoint\",\"urlTemplate\":\"https:\/\/bahiaeconomica.com.br\/wp\/?s={search_term_string}\"},\"query-input\":\"required name=search_term_string\"}],\"inLanguage\":\"pt-BR\"},{\"@type\":\"Organization\",\"@id\":\"https:\/\/bahiaeconomica.com.br\/wp\/#organization\",\"name\":\"Bahia Econ\u00f4mica\",\"url\":\"https:\/\/bahiaeconomica.com.br\/wp\/\",\"logo\":{\"@type\":\"ImageObject\",\"inLanguage\":\"pt-BR\",\"@id\":\"https:\/\/bahiaeconomica.com.br\/wp\/#\/schema\/logo\/image\/\",\"url\":\"https:\/\/bahiaeconomica.com.br\/wp\/wp-content\/uploads\/2020\/12\/cropped-BE.png\",\"contentUrl\":\"https:\/\/bahiaeconomica.com.br\/wp\/wp-content\/uploads\/2020\/12\/cropped-BE.png\",\"width\":512,\"height\":512,\"caption\":\"Bahia Econ\u00f4mica\"},\"image\":{\"@id\":\"https:\/\/bahiaeconomica.com.br\/wp\/#\/schema\/logo\/image\/\"},\"sameAs\":[\"https:\/\/www.facebook.com\/bahiaeconomica\"]},{\"@type\":\"Person\",\"@id\":\"https:\/\/bahiaeconomica.com.br\/wp\/#\/schema\/person\/9310b0e591f5979f6f99773eac5804e6\",\"name\":\"BRUNA CARVALHO\",\"sameAs\":[\"http:\/\/www.bahiaeconomica.com.br\"],\"url\":\"https:\/\/bahiaeconomica.com.br\/wp\/author\/bruna\/\"}]}<\/script>\n<!-- \/ Yoast SEO plugin. -->","yoast_head_json":{"title":"REJEI\u00c7\u00c3O DE JORGE MESSIAS AO STF \u00c9 \u201cDIA HIST\u00d3RICO\u201d, DIZ JO\u00c3O ROMA - Bahia Economica","description":"O maior portal de Economia da Bahia Pol\u00edtica Bahia Economica","robots":{"index":"index","follow":"follow","max-snippet":"max-snippet:-1","max-image-preview":"max-image-preview:large","max-video-preview":"max-video-preview:-1"},"canonical":"https:\/\/bahiaeconomica.com.br\/wp\/2026\/04\/30\/rejeicao-de-jorge-messias-ao-stf-e-dia-historico-diz-joao-roma\/","og_locale":"pt_BR","og_type":"article","og_title":"REJEI\u00c7\u00c3O DE JORGE MESSIAS AO STF \u00c9 \u201cDIA HIST\u00d3RICO\u201d, DIZ JO\u00c3O ROMA - Bahia Economica","og_description":"O maior portal de Economia da Bahia Pol\u00edtica Bahia Economica","og_url":"https:\/\/bahiaeconomica.com.br\/wp\/2026\/04\/30\/rejeicao-de-jorge-messias-ao-stf-e-dia-historico-diz-joao-roma\/","og_site_name":"Bahia Economica","article_publisher":"https:\/\/www.facebook.com\/bahiaeconomica","article_published_time":"2026-04-30T11:02:16+00:00","og_image":[{"width":840,"height":590,"url":"https:\/\/bahiaeconomica.com.br\/wp\/wp-content\/uploads\/2025\/05\/joao-roma-republicanos-foto-cedida-05-03-2021-compressor-1.jpg","type":"image\/jpeg"}],"author":"BRUNA CARVALHO","twitter_card":"summary_large_image","twitter_misc":{"Escrito por":"BRUNA CARVALHO","Est. tempo de leitura":"2 minutos"},"schema":{"@context":"https:\/\/schema.org","@graph":[{"@type":"Article","@id":"https:\/\/bahiaeconomica.com.br\/wp\/2026\/04\/30\/rejeicao-de-jorge-messias-ao-stf-e-dia-historico-diz-joao-roma\/#article","isPartOf":{"@id":"https:\/\/bahiaeconomica.com.br\/wp\/2026\/04\/30\/rejeicao-de-jorge-messias-ao-stf-e-dia-historico-diz-joao-roma\/"},"author":{"name":"BRUNA CARVALHO","@id":"https:\/\/bahiaeconomica.com.br\/wp\/#\/schema\/person\/9310b0e591f5979f6f99773eac5804e6"},"headline":"REJEI\u00c7\u00c3O DE JORGE MESSIAS AO STF \u00c9 \u201cDIA HIST\u00d3RICO\u201d, DIZ JO\u00c3O ROMA","datePublished":"2026-04-30T11:02:16+00:00","dateModified":"2026-04-30T11:02:16+00:00","mainEntityOfPage":{"@id":"https:\/\/bahiaeconomica.com.br\/wp\/2026\/04\/30\/rejeicao-de-jorge-messias-ao-stf-e-dia-historico-diz-joao-roma\/"},"wordCount":341,"publisher":{"@id":"https:\/\/bahiaeconomica.com.br\/wp\/#organization"},"keywords":["Jo\u00e3o Roma","messias","sabatina"],"articleSection":["Pol\u00edtica"],"inLanguage":"pt-BR"},{"@type":"WebPage","@id":"https:\/\/bahiaeconomica.com.br\/wp\/2026\/04\/30\/rejeicao-de-jorge-messias-ao-stf-e-dia-historico-diz-joao-roma\/","url":"https:\/\/bahiaeconomica.com.br\/wp\/2026\/04\/30\/rejeicao-de-jorge-messias-ao-stf-e-dia-historico-diz-joao-roma\/","name":"REJEI\u00c7\u00c3O DE JORGE MESSIAS AO STF \u00c9 \u201cDIA HIST\u00d3RICO\u201d, DIZ JO\u00c3O ROMA - Bahia Economica","isPartOf":{"@id":"https:\/\/bahiaeconomica.com.br\/wp\/#website"},"datePublished":"2026-04-30T11:02:16+00:00","dateModified":"2026-04-30T11:02:16+00:00","description":"O maior portal de Economia da Bahia Pol\u00edtica Bahia Economica","breadcrumb":{"@id":"https:\/\/bahiaeconomica.com.br\/wp\/2026\/04\/30\/rejeicao-de-jorge-messias-ao-stf-e-dia-historico-diz-joao-roma\/#breadcrumb"},"inLanguage":"pt-BR","potentialAction":[{"@type":"ReadAction","target":["https:\/\/bahiaeconomica.com.br\/wp\/2026\/04\/30\/rejeicao-de-jorge-messias-ao-stf-e-dia-historico-diz-joao-roma\/"]}]},{"@type":"BreadcrumbList","@id":"https:\/\/bahiaeconomica.com.br\/wp\/2026\/04\/30\/rejeicao-de-jorge-messias-ao-stf-e-dia-historico-diz-joao-roma\/#breadcrumb","itemListElement":[{"@type":"ListItem","position":1,"name":"In\u00edcio","item":"https:\/\/bahiaeconomica.com.br\/wp\/"},{"@type":"ListItem","position":2,"name":"REJEI\u00c7\u00c3O DE JORGE MESSIAS AO STF \u00c9 \u201cDIA HIST\u00d3RICO\u201d, DIZ JO\u00c3O ROMA"}]},{"@type":"WebSite","@id":"https:\/\/bahiaeconomica.com.br\/wp\/#website","url":"https:\/\/bahiaeconomica.com.br\/wp\/","name":"Bahia Economica","description":"O maior portal de Economia da Bahia","publisher":{"@id":"https:\/\/bahiaeconomica.com.br\/wp\/#organization"},"potentialAction":[{"@type":"SearchAction","target":{"@type":"EntryPoint","urlTemplate":"https:\/\/bahiaeconomica.com.br\/wp\/?s={search_term_string}"},"query-input":"required name=search_term_string"}],"inLanguage":"pt-BR"},{"@type":"Organization","@id":"https:\/\/bahiaeconomica.com.br\/wp\/#organization","name":"Bahia Econ\u00f4mica","url":"https:\/\/bahiaeconomica.com.br\/wp\/","logo":{"@type":"ImageObject","inLanguage":"pt-BR","@id":"https:\/\/bahiaeconomica.com.br\/wp\/#\/schema\/logo\/image\/","url":"https:\/\/bahiaeconomica.com.br\/wp\/wp-content\/uploads\/2020\/12\/cropped-BE.png","contentUrl":"https:\/\/bahiaeconomica.com.br\/wp\/wp-content\/uploads\/2020\/12\/cropped-BE.png","width":512,"height":512,"caption":"Bahia Econ\u00f4mica"},"image":{"@id":"https:\/\/bahiaeconomica.com.br\/wp\/#\/schema\/logo\/image\/"},"sameAs":["https:\/\/www.facebook.com\/bahiaeconomica"]},{"@type":"Person","@id":"https:\/\/bahiaeconomica.com.br\/wp\/#\/schema\/person\/9310b0e591f5979f6f99773eac5804e6","name":"BRUNA CARVALHO","sameAs":["http:\/\/www.bahiaeconomica.com.br"],"url":"https:\/\/bahiaeconomica.com.br\/wp\/author\/bruna\/"}]}},"views":4,"_links":{"self":[{"href":"https:\/\/bahiaeconomica.com.br\/wp\/wp-json\/wp\/v2\/posts\/992161"}],"collection":[{"href":"https:\/\/bahiaeconomica.com.br\/wp\/wp-json\/wp\/v2\/posts"}],"about":[{"href":"https:\/\/bahiaeconomica.com.br\/wp\/wp-json\/wp\/v2\/types\/post"}],"author":[{"embeddable":true,"href":"https:\/\/bahiaeconomica.com.br\/wp\/wp-json\/wp\/v2\/users\/20"}],"replies":[{"embeddable":true,"href":"https:\/\/bahiaeconomica.com.br\/wp\/wp-json\/wp\/v2\/comments?post=992161"}],"version-history":[{"count":1,"href":"https:\/\/bahiaeconomica.com.br\/wp\/wp-json\/wp\/v2\/posts\/992161\/revisions"}],"predecessor-version":[{"id":992167,"href":"https:\/\/bahiaeconomica.com.br\/wp\/wp-json\/wp\/v2\/posts\/992161\/revisions\/992167"}],"wp:featuredmedia":[{"embeddable":true,"href":"https:\/\/bahiaeconomica.com.br\/wp\/wp-json\/wp\/v2\/media\/904103"}],"wp:attachment":[{"href":"https:\/\/bahiaeconomica.com.br\/wp\/wp-json\/wp\/v2\/media?parent=992161"}],"wp:term":[{"taxonomy":"category","embeddable":true,"href":"https:\/\/bahiaeconomica.com.br\/wp\/wp-json\/wp\/v2\/categories?post=992161"},{"taxonomy":"post_tag","embeddable":true,"href":"https:\/\/bahiaeconomica.com.br\/wp\/wp-json\/wp\/v2\/tags?post=992161"}],"curies":[{"name":"wp","href":"https:\/\/api.w.org\/{rel}","templated":true}]}}