{"id":992108,"date":"2026-04-29T15:01:47","date_gmt":"2026-04-29T18:01:47","guid":{"rendered":"https:\/\/bahiaeconomica.com.br\/wp\/?p=992108"},"modified":"2026-04-30T06:14:48","modified_gmt":"2026-04-30T09:14:48","slug":"musica-no-ita-de-maio-tera-especial-de-dia-das-maes-com-beto-narchi","status":"publish","type":"post","link":"https:\/\/bahiaeconomica.com.br\/wp\/2026\/04\/29\/musica-no-ita-de-maio-tera-especial-de-dia-das-maes-com-beto-narchi\/","title":{"rendered":"M\u00daSICA NO ITA DE MAIO TER\u00c1 ESPECIAL DE DIA DAS M\u00c3ES COM BETO NARCHI"},"content":{"rendered":"<p>Para tornar o M\u00eas das M\u00e3es ainda mais especial, o projeto M\u00fasica no Ita preparou uma programa\u00e7\u00e3o em maio que promete embalar os cora\u00e7\u00f5es de m\u00e3es, filhos e fam\u00edlias. As apresenta\u00e7\u00f5es acontecem \u00e0s sextas-feiras, das 17h \u00e0s 19h, e aos s\u00e1bados, a partir das 13h. O cantor Beto Narch, conhecido por emocionar o p\u00fablico com cl\u00e1ssicos da MPB, se apresenta com um repert\u00f3rio especial na sexta-feira, dia 8 de maio.<\/p>\n<p>Na sequ\u00eancia das sextas-feiras, o palco do M\u00fasica no Ita recebe Magno Sant\u00e9 (15), Paulo Humildes (22) e Tadeu Vaqueiro (29). Aos s\u00e1bados, N\u00e9ia Santana abre a programa\u00e7\u00e3o no dia 2. No fim de semana das M\u00e3es, no dia 09, al\u00e9m da estreia de Vanesca Pinheiro \u2014 cantora de repert\u00f3rio ecl\u00e9tico que transita por diversos estilos \u2014 o p\u00fablico poder\u00e1 aproveitar uma edi\u00e7\u00e3o especial do projeto Tarde Dan\u00e7ante, com tangos e boleros, das 16h \u00e0s 18h, na pra\u00e7a central, com a equipe de dan\u00e7arinos do professor Agnaldo Lima.<\/p>\n<p>Nas demais datas de s\u00e1bado, sobem ao palco Alessandro Paiva (16), Paulo Bandeira (23) e Leo Almeida (30). O show de abertura dos dias 16, 23 e 29 de maio ficar\u00e1 sob o comando de David Macedo.<\/p>\n<p>\u201cMais do que uma programa\u00e7\u00e3o musical, o M\u00fasica no Ita \u00e9 um convite para viver momentos de afeto e conex\u00e3o. No M\u00eas das M\u00e3es, pensamos em uma agenda que valoriza o encontro entre gera\u00e7\u00f5es, tendo a m\u00fasica como trilha sonora dessas mem\u00f3rias\u201d, destaca Luciana Coelho*, gerente de Marketing do empreendimento.<\/p>\n<p>Confira a programa\u00e7\u00e3o completa do m\u00eas de maio!<\/p>\n<p>Sextas-feiras, das 17h \u00e0s 19h<\/p>\n<p>08\/05 &#8211;\u00a0 Beto Narchi<\/p>\n<p>15\/05 \u2013\u00a0 Magno Sant\u00e9<\/p>\n<p>22\/05 \u00ad\u2013 Paulo Humildes<\/p>\n<p>29\/05 &#8211; Tadeu Vaqueiro<\/p>\n<p>&nbsp;<\/p>\n<p>S\u00e1bados, a partir das 13h<\/p>\n<p>02\/05 \u2013 N\u00e9ia Santana<\/p>\n<p>09\/05 \u2013 Vanesca Pinheiro<\/p>\n<p>16\/05 \u2013\u00a0 Alessandro Paiva<\/p>\n<p>23\/05 &#8211;\u00a0 Paulo Bandeira<\/p>\n<p>30\/05 \u2013 Leo Almeida<\/p>\n<p>&nbsp;<\/p>\n<p>Obs. O show de abertura dos dias 16, 23 e 29 de maio ficar\u00e1 sob o comando de David Macedo.<\/p>\n<p>Foto: Beto Narchi<\/p>\n<p>Foto: Vanesca Pinheiro<\/p>\n<p>Foto: David Macedo<\/p>\n","protected":false},"excerpt":{"rendered":"<p>Para tornar o M\u00eas das M\u00e3es ainda mais especial, o projeto M\u00fasica no Ita preparou uma programa\u00e7\u00e3o em maio que promete embalar os cora\u00e7\u00f5es de m\u00e3es, filhos e fam\u00edlias. As apresenta\u00e7\u00f5es acontecem \u00e0s sextas-feiras, das 17h \u00e0s 19h, e aos s\u00e1bados, a partir das 13h. O cantor Beto Narch, conhecido por emocionar o p\u00fablico com [&hellip;]<\/p>\n","protected":false},"author":8,"featured_media":992109,"comment_status":"closed","ping_status":"closed","sticky":false,"template":"","format":"standard","meta":[],"categories":[4],"tags":[85,100],"acf":[],"yoast_head":"<!-- This site is optimized with the Yoast SEO plugin v20.8 - https:\/\/yoast.com\/wordpress\/plugins\/seo\/ -->\n<title>M\u00daSICA NO ITA DE MAIO TER\u00c1 ESPECIAL DE DIA DAS M\u00c3ES COM BETO NARCHI - Bahia Economica<\/title>\n<meta name=\"description\" content=\"O maior portal de Economia da Bahia ENTRETENIMENTO Bahia Economica M\u00daSICA NO ITA DE MAIO TER\u00c1 ESPECIAL DE DIA DAS M\u00c3ES COM BETO NARCHI\" \/>\n<meta name=\"robots\" content=\"index, follow, max-snippet:-1, max-image-preview:large, max-video-preview:-1\" \/>\n<link rel=\"canonical\" href=\"https:\/\/bahiaeconomica.com.br\/wp\/2026\/04\/29\/musica-no-ita-de-maio-tera-especial-de-dia-das-maes-com-beto-narchi\/\" \/>\n<meta property=\"og:locale\" content=\"pt_BR\" \/>\n<meta property=\"og:type\" content=\"article\" \/>\n<meta property=\"og:title\" content=\"M\u00daSICA NO ITA DE MAIO TER\u00c1 ESPECIAL DE DIA DAS M\u00c3ES COM BETO NARCHI - Bahia Economica\" \/>\n<meta property=\"og:description\" content=\"O maior portal de Economia da Bahia ENTRETENIMENTO Bahia Economica M\u00daSICA NO ITA DE MAIO TER\u00c1 ESPECIAL DE DIA DAS M\u00c3ES COM BETO NARCHI\" \/>\n<meta property=\"og:url\" content=\"https:\/\/bahiaeconomica.com.br\/wp\/2026\/04\/29\/musica-no-ita-de-maio-tera-especial-de-dia-das-maes-com-beto-narchi\/\" \/>\n<meta property=\"og:site_name\" content=\"Bahia Economica\" \/>\n<meta property=\"article:publisher\" content=\"https:\/\/www.facebook.com\/bahiaeconomica\" \/>\n<meta property=\"article:published_time\" content=\"2026-04-29T18:01:47+00:00\" \/>\n<meta property=\"article:modified_time\" content=\"2026-04-30T09:14:48+00:00\" \/>\n<meta property=\"og:image\" content=\"https:\/\/bahiaeconomica.com.br\/wp\/wp-content\/uploads\/2026\/04\/WhatsApp-Image-2026-04-29-at-19.19.13.jpeg\" \/>\n\t<meta property=\"og:image:width\" content=\"1128\" \/>\n\t<meta property=\"og:image:height\" content=\"750\" \/>\n\t<meta property=\"og:image:type\" content=\"image\/jpeg\" \/>\n<meta name=\"author\" content=\"JP\" \/>\n<meta name=\"twitter:card\" content=\"summary_large_image\" \/>\n<meta name=\"twitter:label1\" content=\"Escrito por\" \/>\n\t<meta name=\"twitter:data1\" content=\"JP\" \/>\n\t<meta name=\"twitter:label2\" content=\"Est. tempo de leitura\" \/>\n\t<meta name=\"twitter:data2\" content=\"2 minutos\" \/>\n<script type=\"application\/ld+json\" class=\"yoast-schema-graph\">{\"@context\":\"https:\/\/schema.org\",\"@graph\":[{\"@type\":\"Article\",\"@id\":\"https:\/\/bahiaeconomica.com.br\/wp\/2026\/04\/29\/musica-no-ita-de-maio-tera-especial-de-dia-das-maes-com-beto-narchi\/#article\",\"isPartOf\":{\"@id\":\"https:\/\/bahiaeconomica.com.br\/wp\/2026\/04\/29\/musica-no-ita-de-maio-tera-especial-de-dia-das-maes-com-beto-narchi\/\"},\"author\":{\"name\":\"JP\",\"@id\":\"https:\/\/bahiaeconomica.com.br\/wp\/#\/schema\/person\/c86d3a3f8960425a0f9d0e5245991f4e\"},\"headline\":\"M\u00daSICA NO ITA DE MAIO TER\u00c1 ESPECIAL DE DIA DAS M\u00c3ES COM BETO NARCHI\",\"datePublished\":\"2026-04-29T18:01:47+00:00\",\"dateModified\":\"2026-04-30T09:14:48+00:00\",\"mainEntityOfPage\":{\"@id\":\"https:\/\/bahiaeconomica.com.br\/wp\/2026\/04\/29\/musica-no-ita-de-maio-tera-especial-de-dia-das-maes-com-beto-narchi\/\"},\"wordCount\":352,\"publisher\":{\"@id\":\"https:\/\/bahiaeconomica.com.br\/wp\/#organization\"},\"keywords\":[\"Bahia\",\"Pol\u00edtica\"],\"articleSection\":[\"ENTRETENIMENTO\"],\"inLanguage\":\"pt-BR\"},{\"@type\":\"WebPage\",\"@id\":\"https:\/\/bahiaeconomica.com.br\/wp\/2026\/04\/29\/musica-no-ita-de-maio-tera-especial-de-dia-das-maes-com-beto-narchi\/\",\"url\":\"https:\/\/bahiaeconomica.com.br\/wp\/2026\/04\/29\/musica-no-ita-de-maio-tera-especial-de-dia-das-maes-com-beto-narchi\/\",\"name\":\"M\u00daSICA NO ITA DE MAIO TER\u00c1 ESPECIAL DE DIA DAS M\u00c3ES COM BETO NARCHI - Bahia Economica\",\"isPartOf\":{\"@id\":\"https:\/\/bahiaeconomica.com.br\/wp\/#website\"},\"datePublished\":\"2026-04-29T18:01:47+00:00\",\"dateModified\":\"2026-04-30T09:14:48+00:00\",\"description\":\"O maior portal de Economia da Bahia ENTRETENIMENTO Bahia Economica M\u00daSICA NO ITA DE MAIO TER\u00c1 ESPECIAL DE DIA DAS M\u00c3ES COM BETO NARCHI\",\"breadcrumb\":{\"@id\":\"https:\/\/bahiaeconomica.com.br\/wp\/2026\/04\/29\/musica-no-ita-de-maio-tera-especial-de-dia-das-maes-com-beto-narchi\/#breadcrumb\"},\"inLanguage\":\"pt-BR\",\"potentialAction\":[{\"@type\":\"ReadAction\",\"target\":[\"https:\/\/bahiaeconomica.com.br\/wp\/2026\/04\/29\/musica-no-ita-de-maio-tera-especial-de-dia-das-maes-com-beto-narchi\/\"]}]},{\"@type\":\"BreadcrumbList\",\"@id\":\"https:\/\/bahiaeconomica.com.br\/wp\/2026\/04\/29\/musica-no-ita-de-maio-tera-especial-de-dia-das-maes-com-beto-narchi\/#breadcrumb\",\"itemListElement\":[{\"@type\":\"ListItem\",\"position\":1,\"name\":\"In\u00edcio\",\"item\":\"https:\/\/bahiaeconomica.com.br\/wp\/\"},{\"@type\":\"ListItem\",\"position\":2,\"name\":\"M\u00daSICA NO ITA DE MAIO TER\u00c1 ESPECIAL DE DIA DAS M\u00c3ES COM BETO NARCHI\"}]},{\"@type\":\"WebSite\",\"@id\":\"https:\/\/bahiaeconomica.com.br\/wp\/#website\",\"url\":\"https:\/\/bahiaeconomica.com.br\/wp\/\",\"name\":\"Bahia Economica\",\"description\":\"O maior portal de Economia da Bahia\",\"publisher\":{\"@id\":\"https:\/\/bahiaeconomica.com.br\/wp\/#organization\"},\"potentialAction\":[{\"@type\":\"SearchAction\",\"target\":{\"@type\":\"EntryPoint\",\"urlTemplate\":\"https:\/\/bahiaeconomica.com.br\/wp\/?s={search_term_string}\"},\"query-input\":\"required name=search_term_string\"}],\"inLanguage\":\"pt-BR\"},{\"@type\":\"Organization\",\"@id\":\"https:\/\/bahiaeconomica.com.br\/wp\/#organization\",\"name\":\"Bahia Econ\u00f4mica\",\"url\":\"https:\/\/bahiaeconomica.com.br\/wp\/\",\"logo\":{\"@type\":\"ImageObject\",\"inLanguage\":\"pt-BR\",\"@id\":\"https:\/\/bahiaeconomica.com.br\/wp\/#\/schema\/logo\/image\/\",\"url\":\"https:\/\/bahiaeconomica.com.br\/wp\/wp-content\/uploads\/2020\/12\/cropped-BE.png\",\"contentUrl\":\"https:\/\/bahiaeconomica.com.br\/wp\/wp-content\/uploads\/2020\/12\/cropped-BE.png\",\"width\":512,\"height\":512,\"caption\":\"Bahia Econ\u00f4mica\"},\"image\":{\"@id\":\"https:\/\/bahiaeconomica.com.br\/wp\/#\/schema\/logo\/image\/\"},\"sameAs\":[\"https:\/\/www.facebook.com\/bahiaeconomica\"]},{\"@type\":\"Person\",\"@id\":\"https:\/\/bahiaeconomica.com.br\/wp\/#\/schema\/person\/c86d3a3f8960425a0f9d0e5245991f4e\",\"name\":\"JP\",\"sameAs\":[\"https:\/\/bahiaeconomica.com.br\/wp\/beta\/\"],\"url\":\"https:\/\/bahiaeconomica.com.br\/wp\/author\/jp\/\"}]}<\/script>\n<!-- \/ Yoast SEO plugin. -->","yoast_head_json":{"title":"M\u00daSICA NO ITA DE MAIO TER\u00c1 ESPECIAL DE DIA DAS M\u00c3ES COM BETO NARCHI - Bahia Economica","description":"O maior portal de Economia da Bahia ENTRETENIMENTO Bahia Economica M\u00daSICA NO ITA DE MAIO TER\u00c1 ESPECIAL DE DIA DAS M\u00c3ES COM BETO NARCHI","robots":{"index":"index","follow":"follow","max-snippet":"max-snippet:-1","max-image-preview":"max-image-preview:large","max-video-preview":"max-video-preview:-1"},"canonical":"https:\/\/bahiaeconomica.com.br\/wp\/2026\/04\/29\/musica-no-ita-de-maio-tera-especial-de-dia-das-maes-com-beto-narchi\/","og_locale":"pt_BR","og_type":"article","og_title":"M\u00daSICA NO ITA DE MAIO TER\u00c1 ESPECIAL DE DIA DAS M\u00c3ES COM BETO NARCHI - Bahia Economica","og_description":"O maior portal de Economia da Bahia ENTRETENIMENTO Bahia Economica M\u00daSICA NO ITA DE MAIO TER\u00c1 ESPECIAL DE DIA DAS M\u00c3ES COM BETO NARCHI","og_url":"https:\/\/bahiaeconomica.com.br\/wp\/2026\/04\/29\/musica-no-ita-de-maio-tera-especial-de-dia-das-maes-com-beto-narchi\/","og_site_name":"Bahia Economica","article_publisher":"https:\/\/www.facebook.com\/bahiaeconomica","article_published_time":"2026-04-29T18:01:47+00:00","article_modified_time":"2026-04-30T09:14:48+00:00","og_image":[{"width":1128,"height":750,"url":"https:\/\/bahiaeconomica.com.br\/wp\/wp-content\/uploads\/2026\/04\/WhatsApp-Image-2026-04-29-at-19.19.13.jpeg","type":"image\/jpeg"}],"author":"JP","twitter_card":"summary_large_image","twitter_misc":{"Escrito por":"JP","Est. tempo de leitura":"2 minutos"},"schema":{"@context":"https:\/\/schema.org","@graph":[{"@type":"Article","@id":"https:\/\/bahiaeconomica.com.br\/wp\/2026\/04\/29\/musica-no-ita-de-maio-tera-especial-de-dia-das-maes-com-beto-narchi\/#article","isPartOf":{"@id":"https:\/\/bahiaeconomica.com.br\/wp\/2026\/04\/29\/musica-no-ita-de-maio-tera-especial-de-dia-das-maes-com-beto-narchi\/"},"author":{"name":"JP","@id":"https:\/\/bahiaeconomica.com.br\/wp\/#\/schema\/person\/c86d3a3f8960425a0f9d0e5245991f4e"},"headline":"M\u00daSICA NO ITA DE MAIO TER\u00c1 ESPECIAL DE DIA DAS M\u00c3ES COM BETO NARCHI","datePublished":"2026-04-29T18:01:47+00:00","dateModified":"2026-04-30T09:14:48+00:00","mainEntityOfPage":{"@id":"https:\/\/bahiaeconomica.com.br\/wp\/2026\/04\/29\/musica-no-ita-de-maio-tera-especial-de-dia-das-maes-com-beto-narchi\/"},"wordCount":352,"publisher":{"@id":"https:\/\/bahiaeconomica.com.br\/wp\/#organization"},"keywords":["Bahia","Pol\u00edtica"],"articleSection":["ENTRETENIMENTO"],"inLanguage":"pt-BR"},{"@type":"WebPage","@id":"https:\/\/bahiaeconomica.com.br\/wp\/2026\/04\/29\/musica-no-ita-de-maio-tera-especial-de-dia-das-maes-com-beto-narchi\/","url":"https:\/\/bahiaeconomica.com.br\/wp\/2026\/04\/29\/musica-no-ita-de-maio-tera-especial-de-dia-das-maes-com-beto-narchi\/","name":"M\u00daSICA NO ITA DE MAIO TER\u00c1 ESPECIAL DE DIA DAS M\u00c3ES COM BETO NARCHI - Bahia Economica","isPartOf":{"@id":"https:\/\/bahiaeconomica.com.br\/wp\/#website"},"datePublished":"2026-04-29T18:01:47+00:00","dateModified":"2026-04-30T09:14:48+00:00","description":"O maior portal de Economia da Bahia ENTRETENIMENTO Bahia Economica M\u00daSICA NO ITA DE MAIO TER\u00c1 ESPECIAL DE DIA DAS M\u00c3ES COM BETO NARCHI","breadcrumb":{"@id":"https:\/\/bahiaeconomica.com.br\/wp\/2026\/04\/29\/musica-no-ita-de-maio-tera-especial-de-dia-das-maes-com-beto-narchi\/#breadcrumb"},"inLanguage":"pt-BR","potentialAction":[{"@type":"ReadAction","target":["https:\/\/bahiaeconomica.com.br\/wp\/2026\/04\/29\/musica-no-ita-de-maio-tera-especial-de-dia-das-maes-com-beto-narchi\/"]}]},{"@type":"BreadcrumbList","@id":"https:\/\/bahiaeconomica.com.br\/wp\/2026\/04\/29\/musica-no-ita-de-maio-tera-especial-de-dia-das-maes-com-beto-narchi\/#breadcrumb","itemListElement":[{"@type":"ListItem","position":1,"name":"In\u00edcio","item":"https:\/\/bahiaeconomica.com.br\/wp\/"},{"@type":"ListItem","position":2,"name":"M\u00daSICA NO ITA DE MAIO TER\u00c1 ESPECIAL DE DIA DAS M\u00c3ES COM BETO NARCHI"}]},{"@type":"WebSite","@id":"https:\/\/bahiaeconomica.com.br\/wp\/#website","url":"https:\/\/bahiaeconomica.com.br\/wp\/","name":"Bahia Economica","description":"O maior portal de Economia da Bahia","publisher":{"@id":"https:\/\/bahiaeconomica.com.br\/wp\/#organization"},"potentialAction":[{"@type":"SearchAction","target":{"@type":"EntryPoint","urlTemplate":"https:\/\/bahiaeconomica.com.br\/wp\/?s={search_term_string}"},"query-input":"required name=search_term_string"}],"inLanguage":"pt-BR"},{"@type":"Organization","@id":"https:\/\/bahiaeconomica.com.br\/wp\/#organization","name":"Bahia Econ\u00f4mica","url":"https:\/\/bahiaeconomica.com.br\/wp\/","logo":{"@type":"ImageObject","inLanguage":"pt-BR","@id":"https:\/\/bahiaeconomica.com.br\/wp\/#\/schema\/logo\/image\/","url":"https:\/\/bahiaeconomica.com.br\/wp\/wp-content\/uploads\/2020\/12\/cropped-BE.png","contentUrl":"https:\/\/bahiaeconomica.com.br\/wp\/wp-content\/uploads\/2020\/12\/cropped-BE.png","width":512,"height":512,"caption":"Bahia Econ\u00f4mica"},"image":{"@id":"https:\/\/bahiaeconomica.com.br\/wp\/#\/schema\/logo\/image\/"},"sameAs":["https:\/\/www.facebook.com\/bahiaeconomica"]},{"@type":"Person","@id":"https:\/\/bahiaeconomica.com.br\/wp\/#\/schema\/person\/c86d3a3f8960425a0f9d0e5245991f4e","name":"JP","sameAs":["https:\/\/bahiaeconomica.com.br\/wp\/beta\/"],"url":"https:\/\/bahiaeconomica.com.br\/wp\/author\/jp\/"}]}},"views":1,"_links":{"self":[{"href":"https:\/\/bahiaeconomica.com.br\/wp\/wp-json\/wp\/v2\/posts\/992108"}],"collection":[{"href":"https:\/\/bahiaeconomica.com.br\/wp\/wp-json\/wp\/v2\/posts"}],"about":[{"href":"https:\/\/bahiaeconomica.com.br\/wp\/wp-json\/wp\/v2\/types\/post"}],"author":[{"embeddable":true,"href":"https:\/\/bahiaeconomica.com.br\/wp\/wp-json\/wp\/v2\/users\/8"}],"replies":[{"embeddable":true,"href":"https:\/\/bahiaeconomica.com.br\/wp\/wp-json\/wp\/v2\/comments?post=992108"}],"version-history":[{"count":1,"href":"https:\/\/bahiaeconomica.com.br\/wp\/wp-json\/wp\/v2\/posts\/992108\/revisions"}],"predecessor-version":[{"id":992110,"href":"https:\/\/bahiaeconomica.com.br\/wp\/wp-json\/wp\/v2\/posts\/992108\/revisions\/992110"}],"wp:featuredmedia":[{"embeddable":true,"href":"https:\/\/bahiaeconomica.com.br\/wp\/wp-json\/wp\/v2\/media\/992109"}],"wp:attachment":[{"href":"https:\/\/bahiaeconomica.com.br\/wp\/wp-json\/wp\/v2\/media?parent=992108"}],"wp:term":[{"taxonomy":"category","embeddable":true,"href":"https:\/\/bahiaeconomica.com.br\/wp\/wp-json\/wp\/v2\/categories?post=992108"},{"taxonomy":"post_tag","embeddable":true,"href":"https:\/\/bahiaeconomica.com.br\/wp\/wp-json\/wp\/v2\/tags?post=992108"}],"curies":[{"name":"wp","href":"https:\/\/api.w.org\/{rel}","templated":true}]}}