{"id":992052,"date":"2026-04-29T18:58:25","date_gmt":"2026-04-29T21:58:25","guid":{"rendered":"https:\/\/bahiaeconomica.com.br\/wp\/?p=992052"},"modified":"2026-04-29T18:10:13","modified_gmt":"2026-04-29T21:10:13","slug":"turismo-internacional-no-brasil-deve-crescer-21-no-segundo-trimestre","status":"publish","type":"post","link":"https:\/\/bahiaeconomica.com.br\/wp\/2026\/04\/29\/turismo-internacional-no-brasil-deve-crescer-21-no-segundo-trimestre\/","title":{"rendered":"TURISMO INTERNACIONAL NO BRASIL DEVE CRESCER 2,1% NO SEGUNDO TRIMESTRE"},"content":{"rendered":"<p>A Embratur divulgou a nova edi\u00e7\u00e3o da Dadosfera Externa, boletim de intelig\u00eancia que re\u00fane an\u00e1lises e tend\u00eancias do turismo internacional com foco nos mercados estrat\u00e9gicos para o Brasil. O levantamento traz informa\u00e7\u00f5es importantes para o desempenho do setor no segundo trimestre de 2026, apontando oportunidades e comportamentos dos viajantes estrangeiros.<\/p>\n<p>De acordo com a publica\u00e7\u00e3o, o Brasil deve registrar crescimento moderado na demanda internacional no curto prazo, com alta de 2,1% nas chegadas a\u00e9reas para o trimestre (abril a junho), em compara\u00e7\u00e3o ao mesmo per\u00edodo do ano anterior. Entre os principais mercados emissores previstos para o per\u00edodo, a Argentina segue na lideran\u00e7a em volume de bilhetes, com mais de 325 mil emiss\u00f5es, seguida pelos Estados Unidos, Chile, Portugal, Espanha, Alemanha e It\u00e1lia. Segundo o presidente da Embratur, Bruno Reis, a an\u00e1lise baseada em dados reflete um cen\u00e1rio influenciado por fatores macroecon\u00f4micos e geopol\u00edticos do pa\u00eds.<\/p>\n<p>&#8220;No consolidado do ano, a proje\u00e7\u00e3o indica um crescimento de 9,5% em rela\u00e7\u00e3o ao ano anterior, com volumes mais expressivos no segundo semestre. Esses n\u00fameros refor\u00e7am a tend\u00eancia de manuten\u00e7\u00e3o sustentada dos n\u00fameros de 2025 para o turismo internacional no pa\u00eds&#8221;, afirma.<\/p>\n<p>O informativo refor\u00e7a, ainda, que o Brasil mant\u00e9m competitividade em segmentos como natureza, cultura e experi\u00eancias aut\u00eanticas, atributos valorizados por diferentes mercados internacionais. Al\u00e9m disso, o pa\u00eds se destaca pelo alto gasto m\u00e9dio di\u00e1rio de turistas, 414 d\u00f3lares, posicionando-se entre os destinos com maior potencial de receita.<\/p>\n<p>Reis atribui os resultados a fatores como amplia\u00e7\u00e3o da conectividade a\u00e9rea e novos investimentos em infraestrutura tur\u00edstica. O fortalecimento da imagem internacional tamb\u00e9m aparece como vetor de crescimento no curto e m\u00e9dio prazo. &#8220;Com base nesses dados, a Embratur orienta suas estrat\u00e9gias de promo\u00e7\u00e3o internacional, priorizando mercados com maior potencial de crescimento e alinhando campanhas \u00e0s principais tend\u00eancias globais, com foco em atrair turistas de maior valor agregado e diversificar a origem dos visitantes&#8221;, explica.<\/p>\n<p><strong>Desempenho<\/strong><\/p>\n<p>Os dados do primeiro trimestre de 2026 mostram estabilidade no volume total de visitantes estrangeiros, com cerca de 3,74 milh\u00f5es de turistas internacionais, percentual bem parecido com o mesmo per\u00edodo de 2025 e varia\u00e7\u00e3o de 0,07%.<\/p>\n<p>O crescimento foi puxado principalmente pelas chegadas via a\u00e9rea, que avan\u00e7aram 19,4%. Entre os mercados com maior crescimento no in\u00edcio do ano, destacam-se Portugal (+47,5%), Col\u00f4mbia (+46,8%) e Espanha (+36,8%).<\/p>\n<p>O boletim aponta que o turismo de bem-estar segue como uma das principais tend\u00eancias globais, com previs\u00e3o de crescimento m\u00e9dio anual de 9,1% at\u00e9 2029. Em 2024, esse segmento movimentou cerca de US$ 41 bilh\u00f5es na Am\u00e9rica Latina e Caribe, com mais de 60 milh\u00f5es de viagens realizadas.<\/p>\n<p>Foto: Reprodu\u00e7\u00e3o<\/p>\n<p>&nbsp;<\/p>\n","protected":false},"excerpt":{"rendered":"<p>A Embratur divulgou a nova edi\u00e7\u00e3o da Dadosfera Externa, boletim de intelig\u00eancia que re\u00fane an\u00e1lises e tend\u00eancias do turismo internacional com foco nos mercados estrat\u00e9gicos para o Brasil. O levantamento traz informa\u00e7\u00f5es importantes para o desempenho do setor no segundo trimestre de 2026, apontando oportunidades e comportamentos dos viajantes estrangeiros. De acordo com a publica\u00e7\u00e3o, [&hellip;]<\/p>\n","protected":false},"author":15,"featured_media":992054,"comment_status":"closed","ping_status":"closed","sticky":false,"template":"","format":"standard","meta":[],"categories":[14,3],"tags":[],"acf":[],"yoast_head":"<!-- This site is optimized with the Yoast SEO plugin v20.8 - https:\/\/yoast.com\/wordpress\/plugins\/seo\/ -->\n<title>TURISMO INTERNACIONAL NO BRASIL DEVE CRESCER 2,1% NO SEGUNDO TRIMESTRE - Bahia Economica<\/title>\n<meta name=\"description\" content=\"O maior portal de Economia da Bahia DESTAQUE DO DIA, ECONOMIA \/ POL\u00cdTICA Bahia Economica\" \/>\n<meta name=\"robots\" content=\"index, follow, max-snippet:-1, max-image-preview:large, max-video-preview:-1\" \/>\n<link rel=\"canonical\" href=\"https:\/\/bahiaeconomica.com.br\/wp\/2026\/04\/29\/turismo-internacional-no-brasil-deve-crescer-21-no-segundo-trimestre\/\" \/>\n<meta property=\"og:locale\" content=\"pt_BR\" \/>\n<meta property=\"og:type\" content=\"article\" \/>\n<meta property=\"og:title\" content=\"TURISMO INTERNACIONAL NO BRASIL DEVE CRESCER 2,1% NO SEGUNDO TRIMESTRE - Bahia Economica\" \/>\n<meta property=\"og:description\" content=\"O maior portal de Economia da Bahia DESTAQUE DO DIA, ECONOMIA \/ POL\u00cdTICA Bahia Economica\" \/>\n<meta property=\"og:url\" content=\"https:\/\/bahiaeconomica.com.br\/wp\/2026\/04\/29\/turismo-internacional-no-brasil-deve-crescer-21-no-segundo-trimestre\/\" \/>\n<meta property=\"og:site_name\" content=\"Bahia Economica\" \/>\n<meta property=\"article:publisher\" content=\"https:\/\/www.facebook.com\/bahiaeconomica\" \/>\n<meta property=\"article:published_time\" content=\"2026-04-29T21:58:25+00:00\" \/>\n<meta property=\"article:modified_time\" content=\"2026-04-29T21:10:13+00:00\" \/>\n<meta property=\"og:image\" content=\"https:\/\/bahiaeconomica.com.br\/wp\/wp-content\/uploads\/2026\/04\/adolescente-viajando-no-aeroporto-de-salvador-2365391-article-1024x681-1-768x511-1.webp\" \/>\n\t<meta property=\"og:image:width\" content=\"768\" \/>\n\t<meta property=\"og:image:height\" content=\"511\" \/>\n\t<meta property=\"og:image:type\" content=\"image\/webp\" \/>\n<meta name=\"author\" content=\"VICTORIA ISABEL\" \/>\n<meta name=\"twitter:card\" content=\"summary_large_image\" \/>\n<meta name=\"twitter:label1\" content=\"Escrito por\" \/>\n\t<meta name=\"twitter:data1\" content=\"VICTORIA ISABEL\" \/>\n\t<meta name=\"twitter:label2\" content=\"Est. tempo de leitura\" \/>\n\t<meta name=\"twitter:data2\" content=\"3 minutos\" \/>\n<script type=\"application\/ld+json\" class=\"yoast-schema-graph\">{\"@context\":\"https:\/\/schema.org\",\"@graph\":[{\"@type\":\"Article\",\"@id\":\"https:\/\/bahiaeconomica.com.br\/wp\/2026\/04\/29\/turismo-internacional-no-brasil-deve-crescer-21-no-segundo-trimestre\/#article\",\"isPartOf\":{\"@id\":\"https:\/\/bahiaeconomica.com.br\/wp\/2026\/04\/29\/turismo-internacional-no-brasil-deve-crescer-21-no-segundo-trimestre\/\"},\"author\":{\"name\":\"VICTORIA ISABEL\",\"@id\":\"https:\/\/bahiaeconomica.com.br\/wp\/#\/schema\/person\/b719ce0fb1c09f3c7a00d9243ced4a6f\"},\"headline\":\"TURISMO INTERNACIONAL NO BRASIL DEVE CRESCER 2,1% NO SEGUNDO TRIMESTRE\",\"datePublished\":\"2026-04-29T21:58:25+00:00\",\"dateModified\":\"2026-04-29T21:10:13+00:00\",\"mainEntityOfPage\":{\"@id\":\"https:\/\/bahiaeconomica.com.br\/wp\/2026\/04\/29\/turismo-internacional-no-brasil-deve-crescer-21-no-segundo-trimestre\/\"},\"wordCount\":476,\"publisher\":{\"@id\":\"https:\/\/bahiaeconomica.com.br\/wp\/#organization\"},\"articleSection\":[\"DESTAQUE DO DIA\",\"ECONOMIA \/ POL\u00cdTICA\"],\"inLanguage\":\"pt-BR\"},{\"@type\":\"WebPage\",\"@id\":\"https:\/\/bahiaeconomica.com.br\/wp\/2026\/04\/29\/turismo-internacional-no-brasil-deve-crescer-21-no-segundo-trimestre\/\",\"url\":\"https:\/\/bahiaeconomica.com.br\/wp\/2026\/04\/29\/turismo-internacional-no-brasil-deve-crescer-21-no-segundo-trimestre\/\",\"name\":\"TURISMO INTERNACIONAL NO BRASIL DEVE CRESCER 2,1% NO SEGUNDO TRIMESTRE - Bahia Economica\",\"isPartOf\":{\"@id\":\"https:\/\/bahiaeconomica.com.br\/wp\/#website\"},\"datePublished\":\"2026-04-29T21:58:25+00:00\",\"dateModified\":\"2026-04-29T21:10:13+00:00\",\"description\":\"O maior portal de Economia da Bahia DESTAQUE DO DIA, ECONOMIA \/ POL\u00cdTICA Bahia Economica\",\"breadcrumb\":{\"@id\":\"https:\/\/bahiaeconomica.com.br\/wp\/2026\/04\/29\/turismo-internacional-no-brasil-deve-crescer-21-no-segundo-trimestre\/#breadcrumb\"},\"inLanguage\":\"pt-BR\",\"potentialAction\":[{\"@type\":\"ReadAction\",\"target\":[\"https:\/\/bahiaeconomica.com.br\/wp\/2026\/04\/29\/turismo-internacional-no-brasil-deve-crescer-21-no-segundo-trimestre\/\"]}]},{\"@type\":\"BreadcrumbList\",\"@id\":\"https:\/\/bahiaeconomica.com.br\/wp\/2026\/04\/29\/turismo-internacional-no-brasil-deve-crescer-21-no-segundo-trimestre\/#breadcrumb\",\"itemListElement\":[{\"@type\":\"ListItem\",\"position\":1,\"name\":\"In\u00edcio\",\"item\":\"https:\/\/bahiaeconomica.com.br\/wp\/\"},{\"@type\":\"ListItem\",\"position\":2,\"name\":\"TURISMO INTERNACIONAL NO BRASIL DEVE CRESCER 2,1% NO SEGUNDO TRIMESTRE\"}]},{\"@type\":\"WebSite\",\"@id\":\"https:\/\/bahiaeconomica.com.br\/wp\/#website\",\"url\":\"https:\/\/bahiaeconomica.com.br\/wp\/\",\"name\":\"Bahia Economica\",\"description\":\"O maior portal de Economia da Bahia\",\"publisher\":{\"@id\":\"https:\/\/bahiaeconomica.com.br\/wp\/#organization\"},\"potentialAction\":[{\"@type\":\"SearchAction\",\"target\":{\"@type\":\"EntryPoint\",\"urlTemplate\":\"https:\/\/bahiaeconomica.com.br\/wp\/?s={search_term_string}\"},\"query-input\":\"required name=search_term_string\"}],\"inLanguage\":\"pt-BR\"},{\"@type\":\"Organization\",\"@id\":\"https:\/\/bahiaeconomica.com.br\/wp\/#organization\",\"name\":\"Bahia Econ\u00f4mica\",\"url\":\"https:\/\/bahiaeconomica.com.br\/wp\/\",\"logo\":{\"@type\":\"ImageObject\",\"inLanguage\":\"pt-BR\",\"@id\":\"https:\/\/bahiaeconomica.com.br\/wp\/#\/schema\/logo\/image\/\",\"url\":\"https:\/\/bahiaeconomica.com.br\/wp\/wp-content\/uploads\/2020\/12\/cropped-BE.png\",\"contentUrl\":\"https:\/\/bahiaeconomica.com.br\/wp\/wp-content\/uploads\/2020\/12\/cropped-BE.png\",\"width\":512,\"height\":512,\"caption\":\"Bahia Econ\u00f4mica\"},\"image\":{\"@id\":\"https:\/\/bahiaeconomica.com.br\/wp\/#\/schema\/logo\/image\/\"},\"sameAs\":[\"https:\/\/www.facebook.com\/bahiaeconomica\"]},{\"@type\":\"Person\",\"@id\":\"https:\/\/bahiaeconomica.com.br\/wp\/#\/schema\/person\/b719ce0fb1c09f3c7a00d9243ced4a6f\",\"name\":\"VICTORIA ISABEL\",\"sameAs\":[\"http:\/\/www.bahiaeconomica.com.br\"],\"url\":\"https:\/\/bahiaeconomica.com.br\/wp\/author\/victoria-isabel\/\"}]}<\/script>\n<!-- \/ Yoast SEO plugin. -->","yoast_head_json":{"title":"TURISMO INTERNACIONAL NO BRASIL DEVE CRESCER 2,1% NO SEGUNDO TRIMESTRE - Bahia Economica","description":"O maior portal de Economia da Bahia DESTAQUE DO DIA, ECONOMIA \/ POL\u00cdTICA Bahia Economica","robots":{"index":"index","follow":"follow","max-snippet":"max-snippet:-1","max-image-preview":"max-image-preview:large","max-video-preview":"max-video-preview:-1"},"canonical":"https:\/\/bahiaeconomica.com.br\/wp\/2026\/04\/29\/turismo-internacional-no-brasil-deve-crescer-21-no-segundo-trimestre\/","og_locale":"pt_BR","og_type":"article","og_title":"TURISMO INTERNACIONAL NO BRASIL DEVE CRESCER 2,1% NO SEGUNDO TRIMESTRE - Bahia Economica","og_description":"O maior portal de Economia da Bahia DESTAQUE DO DIA, ECONOMIA \/ POL\u00cdTICA Bahia Economica","og_url":"https:\/\/bahiaeconomica.com.br\/wp\/2026\/04\/29\/turismo-internacional-no-brasil-deve-crescer-21-no-segundo-trimestre\/","og_site_name":"Bahia Economica","article_publisher":"https:\/\/www.facebook.com\/bahiaeconomica","article_published_time":"2026-04-29T21:58:25+00:00","article_modified_time":"2026-04-29T21:10:13+00:00","og_image":[{"width":768,"height":511,"url":"https:\/\/bahiaeconomica.com.br\/wp\/wp-content\/uploads\/2026\/04\/adolescente-viajando-no-aeroporto-de-salvador-2365391-article-1024x681-1-768x511-1.webp","type":"image\/webp"}],"author":"VICTORIA ISABEL","twitter_card":"summary_large_image","twitter_misc":{"Escrito por":"VICTORIA ISABEL","Est. tempo de leitura":"3 minutos"},"schema":{"@context":"https:\/\/schema.org","@graph":[{"@type":"Article","@id":"https:\/\/bahiaeconomica.com.br\/wp\/2026\/04\/29\/turismo-internacional-no-brasil-deve-crescer-21-no-segundo-trimestre\/#article","isPartOf":{"@id":"https:\/\/bahiaeconomica.com.br\/wp\/2026\/04\/29\/turismo-internacional-no-brasil-deve-crescer-21-no-segundo-trimestre\/"},"author":{"name":"VICTORIA ISABEL","@id":"https:\/\/bahiaeconomica.com.br\/wp\/#\/schema\/person\/b719ce0fb1c09f3c7a00d9243ced4a6f"},"headline":"TURISMO INTERNACIONAL NO BRASIL DEVE CRESCER 2,1% NO SEGUNDO TRIMESTRE","datePublished":"2026-04-29T21:58:25+00:00","dateModified":"2026-04-29T21:10:13+00:00","mainEntityOfPage":{"@id":"https:\/\/bahiaeconomica.com.br\/wp\/2026\/04\/29\/turismo-internacional-no-brasil-deve-crescer-21-no-segundo-trimestre\/"},"wordCount":476,"publisher":{"@id":"https:\/\/bahiaeconomica.com.br\/wp\/#organization"},"articleSection":["DESTAQUE DO DIA","ECONOMIA \/ POL\u00cdTICA"],"inLanguage":"pt-BR"},{"@type":"WebPage","@id":"https:\/\/bahiaeconomica.com.br\/wp\/2026\/04\/29\/turismo-internacional-no-brasil-deve-crescer-21-no-segundo-trimestre\/","url":"https:\/\/bahiaeconomica.com.br\/wp\/2026\/04\/29\/turismo-internacional-no-brasil-deve-crescer-21-no-segundo-trimestre\/","name":"TURISMO INTERNACIONAL NO BRASIL DEVE CRESCER 2,1% NO SEGUNDO TRIMESTRE - Bahia Economica","isPartOf":{"@id":"https:\/\/bahiaeconomica.com.br\/wp\/#website"},"datePublished":"2026-04-29T21:58:25+00:00","dateModified":"2026-04-29T21:10:13+00:00","description":"O maior portal de Economia da Bahia DESTAQUE DO DIA, ECONOMIA \/ POL\u00cdTICA Bahia Economica","breadcrumb":{"@id":"https:\/\/bahiaeconomica.com.br\/wp\/2026\/04\/29\/turismo-internacional-no-brasil-deve-crescer-21-no-segundo-trimestre\/#breadcrumb"},"inLanguage":"pt-BR","potentialAction":[{"@type":"ReadAction","target":["https:\/\/bahiaeconomica.com.br\/wp\/2026\/04\/29\/turismo-internacional-no-brasil-deve-crescer-21-no-segundo-trimestre\/"]}]},{"@type":"BreadcrumbList","@id":"https:\/\/bahiaeconomica.com.br\/wp\/2026\/04\/29\/turismo-internacional-no-brasil-deve-crescer-21-no-segundo-trimestre\/#breadcrumb","itemListElement":[{"@type":"ListItem","position":1,"name":"In\u00edcio","item":"https:\/\/bahiaeconomica.com.br\/wp\/"},{"@type":"ListItem","position":2,"name":"TURISMO INTERNACIONAL NO BRASIL DEVE CRESCER 2,1% NO SEGUNDO TRIMESTRE"}]},{"@type":"WebSite","@id":"https:\/\/bahiaeconomica.com.br\/wp\/#website","url":"https:\/\/bahiaeconomica.com.br\/wp\/","name":"Bahia Economica","description":"O maior portal de Economia da Bahia","publisher":{"@id":"https:\/\/bahiaeconomica.com.br\/wp\/#organization"},"potentialAction":[{"@type":"SearchAction","target":{"@type":"EntryPoint","urlTemplate":"https:\/\/bahiaeconomica.com.br\/wp\/?s={search_term_string}"},"query-input":"required name=search_term_string"}],"inLanguage":"pt-BR"},{"@type":"Organization","@id":"https:\/\/bahiaeconomica.com.br\/wp\/#organization","name":"Bahia Econ\u00f4mica","url":"https:\/\/bahiaeconomica.com.br\/wp\/","logo":{"@type":"ImageObject","inLanguage":"pt-BR","@id":"https:\/\/bahiaeconomica.com.br\/wp\/#\/schema\/logo\/image\/","url":"https:\/\/bahiaeconomica.com.br\/wp\/wp-content\/uploads\/2020\/12\/cropped-BE.png","contentUrl":"https:\/\/bahiaeconomica.com.br\/wp\/wp-content\/uploads\/2020\/12\/cropped-BE.png","width":512,"height":512,"caption":"Bahia Econ\u00f4mica"},"image":{"@id":"https:\/\/bahiaeconomica.com.br\/wp\/#\/schema\/logo\/image\/"},"sameAs":["https:\/\/www.facebook.com\/bahiaeconomica"]},{"@type":"Person","@id":"https:\/\/bahiaeconomica.com.br\/wp\/#\/schema\/person\/b719ce0fb1c09f3c7a00d9243ced4a6f","name":"VICTORIA ISABEL","sameAs":["http:\/\/www.bahiaeconomica.com.br"],"url":"https:\/\/bahiaeconomica.com.br\/wp\/author\/victoria-isabel\/"}]}},"views":6,"_links":{"self":[{"href":"https:\/\/bahiaeconomica.com.br\/wp\/wp-json\/wp\/v2\/posts\/992052"}],"collection":[{"href":"https:\/\/bahiaeconomica.com.br\/wp\/wp-json\/wp\/v2\/posts"}],"about":[{"href":"https:\/\/bahiaeconomica.com.br\/wp\/wp-json\/wp\/v2\/types\/post"}],"author":[{"embeddable":true,"href":"https:\/\/bahiaeconomica.com.br\/wp\/wp-json\/wp\/v2\/users\/15"}],"replies":[{"embeddable":true,"href":"https:\/\/bahiaeconomica.com.br\/wp\/wp-json\/wp\/v2\/comments?post=992052"}],"version-history":[{"count":2,"href":"https:\/\/bahiaeconomica.com.br\/wp\/wp-json\/wp\/v2\/posts\/992052\/revisions"}],"predecessor-version":[{"id":992071,"href":"https:\/\/bahiaeconomica.com.br\/wp\/wp-json\/wp\/v2\/posts\/992052\/revisions\/992071"}],"wp:featuredmedia":[{"embeddable":true,"href":"https:\/\/bahiaeconomica.com.br\/wp\/wp-json\/wp\/v2\/media\/992054"}],"wp:attachment":[{"href":"https:\/\/bahiaeconomica.com.br\/wp\/wp-json\/wp\/v2\/media?parent=992052"}],"wp:term":[{"taxonomy":"category","embeddable":true,"href":"https:\/\/bahiaeconomica.com.br\/wp\/wp-json\/wp\/v2\/categories?post=992052"},{"taxonomy":"post_tag","embeddable":true,"href":"https:\/\/bahiaeconomica.com.br\/wp\/wp-json\/wp\/v2\/tags?post=992052"}],"curies":[{"name":"wp","href":"https:\/\/api.w.org\/{rel}","templated":true}]}}