{"id":991992,"date":"2026-04-29T15:00:04","date_gmt":"2026-04-29T18:00:04","guid":{"rendered":"https:\/\/bahiaeconomica.com.br\/wp\/?p=991992"},"modified":"2026-04-29T15:00:04","modified_gmt":"2026-04-29T18:00:04","slug":"alba-abre-inscricoes-para-vaga-de-conselheiro-no-tcm-ba","status":"publish","type":"post","link":"https:\/\/bahiaeconomica.com.br\/wp\/2026\/04\/29\/alba-abre-inscricoes-para-vaga-de-conselheiro-no-tcm-ba\/","title":{"rendered":"ALBA ABRE INSCRI\u00c7\u00d5ES PARA VAGA DE CONSELHEIRO NO TCM-BA"},"content":{"rendered":"<section class=\"text-token-text-primary w-full focus:outline-none [--shadow-height:45px] has-data-writing-block:pointer-events-none has-data-writing-block:-mt-(--shadow-height) has-data-writing-block:pt-(--shadow-height) [&amp;:has([data-writing-block])&gt;*]:pointer-events-auto R6Vx5W_threadScrollVars scroll-mb-[calc(var(--scroll-root-safe-area-inset-bottom,0px)+var(--thread-response-height))] scroll-mt-(--header-height)\" dir=\"auto\" data-turn-id=\"25de7b54-aadf-473e-a295-0014591ab71f\" data-testid=\"conversation-turn-9\" data-scroll-anchor=\"false\" data-turn=\"user\"><\/section>\n<section class=\"text-token-text-primary w-full focus:outline-none [--shadow-height:45px] has-data-writing-block:pointer-events-none has-data-writing-block:-mt-(--shadow-height) has-data-writing-block:pt-(--shadow-height) [&amp;:has([data-writing-block])&gt;*]:pointer-events-auto [content-visibility:auto] supports-[content-visibility:auto]:[contain-intrinsic-size:auto_100lvh] R6Vx5W_threadScrollVars scroll-mb-[calc(var(--scroll-root-safe-area-inset-bottom,0px)+var(--thread-response-height))] scroll-mt-[calc(var(--header-height)+min(200px,max(70px,20svh)))]\" dir=\"auto\" data-turn-id=\"request-WEB:7cacf1ee-715d-422a-89fd-3d7b664dd105-4\" data-testid=\"conversation-turn-10\" data-scroll-anchor=\"false\" data-turn=\"assistant\">\n<div class=\"text-base my-auto mx-auto pb-10 [--thread-content-margin:var(--thread-content-margin-xs,calc(var(--spacing)*4))] @w-sm\/main:[--thread-content-margin:var(--thread-content-margin-sm,calc(var(--spacing)*6))] @w-lg\/main:[--thread-content-margin:var(--thread-content-margin-lg,calc(var(--spacing)*16))] px-(--thread-content-margin)\">\n<div class=\"[--thread-content-max-width:40rem] @w-lg\/main:[--thread-content-max-width:48rem] mx-auto max-w-(--thread-content-max-width) flex-1 group\/turn-messages focus-visible:outline-hidden relative flex w-full min-w-0 flex-col agent-turn\">\n<div class=\"flex max-w-full flex-col gap-4 grow\">\n<div class=\"min-h-8 text-message relative flex w-full flex-col items-end gap-2 text-start break-words whitespace-normal outline-none keyboard-focused:focus-ring [.text-message+&amp;]:mt-1\" dir=\"auto\" tabindex=\"0\" data-message-author-role=\"assistant\" data-message-id=\"fad77829-5e6e-4cb5-a458-319b99927abb\" data-message-model-slug=\"gpt-5-3\" data-turn-start-message=\"true\">\n<div class=\"flex w-full flex-col gap-1 empty:hidden\">\n<div class=\"markdown prose dark:prose-invert w-full wrap-break-word light markdown-new-styling\">\n<p data-start=\"61\" data-end=\"367\">A <span class=\"hover:entity-accent entity-underline inline cursor-pointer align-baseline\"><span class=\"whitespace-normal\">Assembleia Legislativa da Bahia<\/span><\/span> (ALBA) iniciou, nesta quarta-feira (29), o prazo para indica\u00e7\u00f5es ao cargo de conselheiro do <span class=\"hover:entity-accent entity-underline inline cursor-pointer align-baseline\"><span class=\"whitespace-normal\">Tribunal de Contas dos Munic\u00edpios da Bahia<\/span><\/span> (TCM-BA). O edital foi publicado no Di\u00e1rio Oficial do Legislativo e estabelece que as inscri\u00e7\u00f5es poder\u00e3o ser feitas at\u00e9 o dia 4 de maio.<\/p>\n<p data-start=\"369\" data-end=\"656\">O documento \u00e9 assinado pela presidente da Casa, <span class=\"hover:entity-accent entity-underline inline cursor-pointer align-baseline\"><span class=\"whitespace-normal\">Ivana Bastos<\/span><\/span>, e segue as normas previstas no regimento interno da Assembleia. Para formalizar uma indica\u00e7\u00e3o, \u00e9 necess\u00e1rio o apoio de pelo menos 20% dos parlamentares \u2014 o equivalente a 13 dos 63 deputados estaduais.<\/p>\n<p data-start=\"658\" data-end=\"786\">Al\u00e9m dos parlamentares, o processo de indica\u00e7\u00e3o tamb\u00e9m pode ser iniciado pela Mesa Diretora ou pela pr\u00f3pria Presid\u00eancia da ALBA.<\/p>\n<h3 data-section-id=\"fjdp0\" data-start=\"788\" data-end=\"811\">Processo e vac\u00e2ncia<\/h3>\n<p data-start=\"813\" data-end=\"1039\">A abertura do prazo ocorre ap\u00f3s parecer da Procuradoria-Geral da Assembleia, elaborado pelo procurador-geral <span class=\"hover:entity-accent entity-underline inline cursor-pointer align-baseline\"><span class=\"whitespace-normal\">Rafael Barretto<\/span><\/span>, que definiu os procedimentos preparat\u00f3rios para a escolha do novo conselheiro.<\/p>\n<p data-start=\"1041\" data-end=\"1166\">A vaga ser\u00e1 aberta oficialmente no dia 9 de agosto, com a aposentadoria do conselheiro <span class=\"hover:entity-accent entity-underline inline cursor-pointer align-baseline\"><span class=\"whitespace-normal\">Francisco Netto<\/span><\/span>.<\/p>\n<p data-start=\"1168\" data-end=\"1357\" data-is-last-node=\"\" data-is-only-node=\"\">Ap\u00f3s a defini\u00e7\u00e3o do nome dentro da Assembleia, a indica\u00e7\u00e3o ser\u00e1 encaminhada ao governador da <span class=\"hover:entity-accent entity-underline inline cursor-pointer align-baseline\"><span class=\"whitespace-normal\">Bahia<\/span><\/span>, respons\u00e1vel pela nomea\u00e7\u00e3o final para o cargo no tribunal.<\/p>\n<p data-start=\"1168\" data-end=\"1357\" data-is-last-node=\"\" data-is-only-node=\"\">Foto: Reprodu\u00e7\u00e3o<\/p>\n<\/div>\n<\/div>\n<\/div>\n<\/div>\n<\/div>\n<\/div>\n<\/section>\n","protected":false},"excerpt":{"rendered":"<p>A Assembleia Legislativa da Bahia (ALBA) iniciou, nesta quarta-feira (29), o prazo para indica\u00e7\u00f5es ao cargo de conselheiro do Tribunal de Contas dos Munic\u00edpios da Bahia (TCM-BA). O edital foi publicado no Di\u00e1rio Oficial do Legislativo e estabelece que as inscri\u00e7\u00f5es poder\u00e3o ser feitas at\u00e9 o dia 4 de maio. O documento \u00e9 assinado pela [&hellip;]<\/p>\n","protected":false},"author":24,"featured_media":935031,"comment_status":"closed","ping_status":"closed","sticky":false,"template":"","format":"standard","meta":[],"categories":[5,14601],"tags":[503,6400,981,5000,1856],"acf":[],"yoast_head":"<!-- This site is optimized with the Yoast SEO plugin v20.8 - https:\/\/yoast.com\/wordpress\/plugins\/seo\/ -->\n<title>ALBA ABRE INSCRI\u00c7\u00d5ES PARA VAGA DE CONSELHEIRO NO TCM-BA - Bahia Economica A Assembleia Legislativa da Bahia (ALBA) iniciou, nesta quarta-feira (29), o prazo para indica\u00e7\u00f5es ao cargo de conselheiro do Tribunal de Contas dos Munic\u00edpios da Bahia (TCM-BA).<\/title>\n<meta name=\"description\" content=\"O maior portal de Economia da Bahia MUNIC\u00cdPIOS, Pol\u00edtica Bahia Economica A Assembleia Legislativa da Bahia (ALBA) iniciou, nesta quarta-feira (29), o prazo para indica\u00e7\u00f5es ao cargo de conselheiro do Tribunal de Contas dos Munic\u00edpios da Bahia (TCM-BA).\" \/>\n<meta name=\"robots\" content=\"index, follow, max-snippet:-1, max-image-preview:large, max-video-preview:-1\" \/>\n<link rel=\"canonical\" href=\"https:\/\/bahiaeconomica.com.br\/wp\/2026\/04\/29\/alba-abre-inscricoes-para-vaga-de-conselheiro-no-tcm-ba\/\" \/>\n<meta property=\"og:locale\" content=\"pt_BR\" \/>\n<meta property=\"og:type\" content=\"article\" \/>\n<meta property=\"og:title\" content=\"ALBA ABRE INSCRI\u00c7\u00d5ES PARA VAGA DE CONSELHEIRO NO TCM-BA - Bahia Economica A Assembleia Legislativa da Bahia (ALBA) iniciou, nesta quarta-feira (29), o prazo para indica\u00e7\u00f5es ao cargo de conselheiro do Tribunal de Contas dos Munic\u00edpios da Bahia (TCM-BA).\" \/>\n<meta property=\"og:description\" content=\"O maior portal de Economia da Bahia MUNIC\u00cdPIOS, Pol\u00edtica Bahia Economica A Assembleia Legislativa da Bahia (ALBA) iniciou, nesta quarta-feira (29), o prazo para indica\u00e7\u00f5es ao cargo de conselheiro do Tribunal de Contas dos Munic\u00edpios da Bahia (TCM-BA).\" \/>\n<meta property=\"og:url\" content=\"https:\/\/bahiaeconomica.com.br\/wp\/2026\/04\/29\/alba-abre-inscricoes-para-vaga-de-conselheiro-no-tcm-ba\/\" \/>\n<meta property=\"og:site_name\" content=\"Bahia Economica\" \/>\n<meta property=\"article:publisher\" content=\"https:\/\/www.facebook.com\/bahiaeconomica\" \/>\n<meta property=\"article:published_time\" content=\"2026-04-29T18:00:04+00:00\" \/>\n<meta property=\"og:image\" content=\"https:\/\/bahiaeconomica.com.br\/wp\/wp-content\/uploads\/2025\/09\/Plenario-da-Alba.jpg\" \/>\n\t<meta property=\"og:image:width\" content=\"600\" \/>\n\t<meta property=\"og:image:height\" content=\"420\" \/>\n\t<meta property=\"og:image:type\" content=\"image\/jpeg\" \/>\n<meta name=\"author\" content=\"VICTOR OLIVEIRA\" \/>\n<meta name=\"twitter:card\" content=\"summary_large_image\" \/>\n<meta name=\"twitter:label1\" content=\"Escrito por\" \/>\n\t<meta name=\"twitter:data1\" content=\"VICTOR OLIVEIRA\" \/>\n\t<meta name=\"twitter:label2\" content=\"Est. tempo de leitura\" \/>\n\t<meta name=\"twitter:data2\" content=\"2 minutos\" \/>\n<script type=\"application\/ld+json\" class=\"yoast-schema-graph\">{\"@context\":\"https:\/\/schema.org\",\"@graph\":[{\"@type\":\"Article\",\"@id\":\"https:\/\/bahiaeconomica.com.br\/wp\/2026\/04\/29\/alba-abre-inscricoes-para-vaga-de-conselheiro-no-tcm-ba\/#article\",\"isPartOf\":{\"@id\":\"https:\/\/bahiaeconomica.com.br\/wp\/2026\/04\/29\/alba-abre-inscricoes-para-vaga-de-conselheiro-no-tcm-ba\/\"},\"author\":{\"name\":\"VICTOR OLIVEIRA\",\"@id\":\"https:\/\/bahiaeconomica.com.br\/wp\/#\/schema\/person\/a17956d0e1112b626f403fb06b8129a9\"},\"headline\":\"ALBA ABRE INSCRI\u00c7\u00d5ES PARA VAGA DE CONSELHEIRO NO TCM-BA\",\"datePublished\":\"2026-04-29T18:00:04+00:00\",\"dateModified\":\"2026-04-29T18:00:04+00:00\",\"mainEntityOfPage\":{\"@id\":\"https:\/\/bahiaeconomica.com.br\/wp\/2026\/04\/29\/alba-abre-inscricoes-para-vaga-de-conselheiro-no-tcm-ba\/\"},\"wordCount\":209,\"publisher\":{\"@id\":\"https:\/\/bahiaeconomica.com.br\/wp\/#organization\"},\"keywords\":[\"ALBA\",\"conselheiro\",\"inscri\u00e7\u00f5es\",\"TCM-BA\",\"vaga\"],\"articleSection\":[\"MUNIC\u00cdPIOS\",\"Pol\u00edtica\"],\"inLanguage\":\"pt-BR\"},{\"@type\":\"WebPage\",\"@id\":\"https:\/\/bahiaeconomica.com.br\/wp\/2026\/04\/29\/alba-abre-inscricoes-para-vaga-de-conselheiro-no-tcm-ba\/\",\"url\":\"https:\/\/bahiaeconomica.com.br\/wp\/2026\/04\/29\/alba-abre-inscricoes-para-vaga-de-conselheiro-no-tcm-ba\/\",\"name\":\"ALBA ABRE INSCRI\u00c7\u00d5ES PARA VAGA DE CONSELHEIRO NO TCM-BA - Bahia Economica A Assembleia Legislativa da Bahia (ALBA) iniciou, nesta quarta-feira (29), o prazo para indica\u00e7\u00f5es ao cargo de conselheiro do Tribunal de Contas dos Munic\u00edpios da Bahia (TCM-BA).\",\"isPartOf\":{\"@id\":\"https:\/\/bahiaeconomica.com.br\/wp\/#website\"},\"datePublished\":\"2026-04-29T18:00:04+00:00\",\"dateModified\":\"2026-04-29T18:00:04+00:00\",\"description\":\"O maior portal de Economia da Bahia MUNIC\u00cdPIOS, Pol\u00edtica Bahia Economica A Assembleia Legislativa da Bahia (ALBA) iniciou, nesta quarta-feira (29), o prazo para indica\u00e7\u00f5es ao cargo de conselheiro do Tribunal de Contas dos Munic\u00edpios da Bahia (TCM-BA).\",\"breadcrumb\":{\"@id\":\"https:\/\/bahiaeconomica.com.br\/wp\/2026\/04\/29\/alba-abre-inscricoes-para-vaga-de-conselheiro-no-tcm-ba\/#breadcrumb\"},\"inLanguage\":\"pt-BR\",\"potentialAction\":[{\"@type\":\"ReadAction\",\"target\":[\"https:\/\/bahiaeconomica.com.br\/wp\/2026\/04\/29\/alba-abre-inscricoes-para-vaga-de-conselheiro-no-tcm-ba\/\"]}]},{\"@type\":\"BreadcrumbList\",\"@id\":\"https:\/\/bahiaeconomica.com.br\/wp\/2026\/04\/29\/alba-abre-inscricoes-para-vaga-de-conselheiro-no-tcm-ba\/#breadcrumb\",\"itemListElement\":[{\"@type\":\"ListItem\",\"position\":1,\"name\":\"In\u00edcio\",\"item\":\"https:\/\/bahiaeconomica.com.br\/wp\/\"},{\"@type\":\"ListItem\",\"position\":2,\"name\":\"ALBA ABRE INSCRI\u00c7\u00d5ES PARA VAGA DE CONSELHEIRO NO TCM-BA\"}]},{\"@type\":\"WebSite\",\"@id\":\"https:\/\/bahiaeconomica.com.br\/wp\/#website\",\"url\":\"https:\/\/bahiaeconomica.com.br\/wp\/\",\"name\":\"Bahia Economica\",\"description\":\"O maior portal de Economia da Bahia\",\"publisher\":{\"@id\":\"https:\/\/bahiaeconomica.com.br\/wp\/#organization\"},\"potentialAction\":[{\"@type\":\"SearchAction\",\"target\":{\"@type\":\"EntryPoint\",\"urlTemplate\":\"https:\/\/bahiaeconomica.com.br\/wp\/?s={search_term_string}\"},\"query-input\":\"required name=search_term_string\"}],\"inLanguage\":\"pt-BR\"},{\"@type\":\"Organization\",\"@id\":\"https:\/\/bahiaeconomica.com.br\/wp\/#organization\",\"name\":\"Bahia Econ\u00f4mica\",\"url\":\"https:\/\/bahiaeconomica.com.br\/wp\/\",\"logo\":{\"@type\":\"ImageObject\",\"inLanguage\":\"pt-BR\",\"@id\":\"https:\/\/bahiaeconomica.com.br\/wp\/#\/schema\/logo\/image\/\",\"url\":\"https:\/\/bahiaeconomica.com.br\/wp\/wp-content\/uploads\/2020\/12\/cropped-BE.png\",\"contentUrl\":\"https:\/\/bahiaeconomica.com.br\/wp\/wp-content\/uploads\/2020\/12\/cropped-BE.png\",\"width\":512,\"height\":512,\"caption\":\"Bahia Econ\u00f4mica\"},\"image\":{\"@id\":\"https:\/\/bahiaeconomica.com.br\/wp\/#\/schema\/logo\/image\/\"},\"sameAs\":[\"https:\/\/www.facebook.com\/bahiaeconomica\"]},{\"@type\":\"Person\",\"@id\":\"https:\/\/bahiaeconomica.com.br\/wp\/#\/schema\/person\/a17956d0e1112b626f403fb06b8129a9\",\"name\":\"VICTOR OLIVEIRA\",\"sameAs\":[\"http:\/\/www.bahiaeconomica.com.br\"],\"url\":\"https:\/\/bahiaeconomica.com.br\/wp\/author\/victor-oliveira\/\"}]}<\/script>\n<!-- \/ Yoast SEO plugin. -->","yoast_head_json":{"title":"ALBA ABRE INSCRI\u00c7\u00d5ES PARA VAGA DE CONSELHEIRO NO TCM-BA - Bahia Economica A Assembleia Legislativa da Bahia (ALBA) iniciou, nesta quarta-feira (29), o prazo para indica\u00e7\u00f5es ao cargo de conselheiro do Tribunal de Contas dos Munic\u00edpios da Bahia (TCM-BA).","description":"O maior portal de Economia da Bahia MUNIC\u00cdPIOS, Pol\u00edtica Bahia Economica A Assembleia Legislativa da Bahia (ALBA) iniciou, nesta quarta-feira (29), o prazo para indica\u00e7\u00f5es ao cargo de conselheiro do Tribunal de Contas dos Munic\u00edpios da Bahia (TCM-BA).","robots":{"index":"index","follow":"follow","max-snippet":"max-snippet:-1","max-image-preview":"max-image-preview:large","max-video-preview":"max-video-preview:-1"},"canonical":"https:\/\/bahiaeconomica.com.br\/wp\/2026\/04\/29\/alba-abre-inscricoes-para-vaga-de-conselheiro-no-tcm-ba\/","og_locale":"pt_BR","og_type":"article","og_title":"ALBA ABRE INSCRI\u00c7\u00d5ES PARA VAGA DE CONSELHEIRO NO TCM-BA - Bahia Economica A Assembleia Legislativa da Bahia (ALBA) iniciou, nesta quarta-feira (29), o prazo para indica\u00e7\u00f5es ao cargo de conselheiro do Tribunal de Contas dos Munic\u00edpios da Bahia (TCM-BA).","og_description":"O maior portal de Economia da Bahia MUNIC\u00cdPIOS, Pol\u00edtica Bahia Economica A Assembleia Legislativa da Bahia (ALBA) iniciou, nesta quarta-feira (29), o prazo para indica\u00e7\u00f5es ao cargo de conselheiro do Tribunal de Contas dos Munic\u00edpios da Bahia (TCM-BA).","og_url":"https:\/\/bahiaeconomica.com.br\/wp\/2026\/04\/29\/alba-abre-inscricoes-para-vaga-de-conselheiro-no-tcm-ba\/","og_site_name":"Bahia Economica","article_publisher":"https:\/\/www.facebook.com\/bahiaeconomica","article_published_time":"2026-04-29T18:00:04+00:00","og_image":[{"width":600,"height":420,"url":"https:\/\/bahiaeconomica.com.br\/wp\/wp-content\/uploads\/2025\/09\/Plenario-da-Alba.jpg","type":"image\/jpeg"}],"author":"VICTOR OLIVEIRA","twitter_card":"summary_large_image","twitter_misc":{"Escrito por":"VICTOR OLIVEIRA","Est. tempo de leitura":"2 minutos"},"schema":{"@context":"https:\/\/schema.org","@graph":[{"@type":"Article","@id":"https:\/\/bahiaeconomica.com.br\/wp\/2026\/04\/29\/alba-abre-inscricoes-para-vaga-de-conselheiro-no-tcm-ba\/#article","isPartOf":{"@id":"https:\/\/bahiaeconomica.com.br\/wp\/2026\/04\/29\/alba-abre-inscricoes-para-vaga-de-conselheiro-no-tcm-ba\/"},"author":{"name":"VICTOR OLIVEIRA","@id":"https:\/\/bahiaeconomica.com.br\/wp\/#\/schema\/person\/a17956d0e1112b626f403fb06b8129a9"},"headline":"ALBA ABRE INSCRI\u00c7\u00d5ES PARA VAGA DE CONSELHEIRO NO TCM-BA","datePublished":"2026-04-29T18:00:04+00:00","dateModified":"2026-04-29T18:00:04+00:00","mainEntityOfPage":{"@id":"https:\/\/bahiaeconomica.com.br\/wp\/2026\/04\/29\/alba-abre-inscricoes-para-vaga-de-conselheiro-no-tcm-ba\/"},"wordCount":209,"publisher":{"@id":"https:\/\/bahiaeconomica.com.br\/wp\/#organization"},"keywords":["ALBA","conselheiro","inscri\u00e7\u00f5es","TCM-BA","vaga"],"articleSection":["MUNIC\u00cdPIOS","Pol\u00edtica"],"inLanguage":"pt-BR"},{"@type":"WebPage","@id":"https:\/\/bahiaeconomica.com.br\/wp\/2026\/04\/29\/alba-abre-inscricoes-para-vaga-de-conselheiro-no-tcm-ba\/","url":"https:\/\/bahiaeconomica.com.br\/wp\/2026\/04\/29\/alba-abre-inscricoes-para-vaga-de-conselheiro-no-tcm-ba\/","name":"ALBA ABRE INSCRI\u00c7\u00d5ES PARA VAGA DE CONSELHEIRO NO TCM-BA - Bahia Economica A Assembleia Legislativa da Bahia (ALBA) iniciou, nesta quarta-feira (29), o prazo para indica\u00e7\u00f5es ao cargo de conselheiro do Tribunal de Contas dos Munic\u00edpios da Bahia (TCM-BA).","isPartOf":{"@id":"https:\/\/bahiaeconomica.com.br\/wp\/#website"},"datePublished":"2026-04-29T18:00:04+00:00","dateModified":"2026-04-29T18:00:04+00:00","description":"O maior portal de Economia da Bahia MUNIC\u00cdPIOS, Pol\u00edtica Bahia Economica A Assembleia Legislativa da Bahia (ALBA) iniciou, nesta quarta-feira (29), o prazo para indica\u00e7\u00f5es ao cargo de conselheiro do Tribunal de Contas dos Munic\u00edpios da Bahia (TCM-BA).","breadcrumb":{"@id":"https:\/\/bahiaeconomica.com.br\/wp\/2026\/04\/29\/alba-abre-inscricoes-para-vaga-de-conselheiro-no-tcm-ba\/#breadcrumb"},"inLanguage":"pt-BR","potentialAction":[{"@type":"ReadAction","target":["https:\/\/bahiaeconomica.com.br\/wp\/2026\/04\/29\/alba-abre-inscricoes-para-vaga-de-conselheiro-no-tcm-ba\/"]}]},{"@type":"BreadcrumbList","@id":"https:\/\/bahiaeconomica.com.br\/wp\/2026\/04\/29\/alba-abre-inscricoes-para-vaga-de-conselheiro-no-tcm-ba\/#breadcrumb","itemListElement":[{"@type":"ListItem","position":1,"name":"In\u00edcio","item":"https:\/\/bahiaeconomica.com.br\/wp\/"},{"@type":"ListItem","position":2,"name":"ALBA ABRE INSCRI\u00c7\u00d5ES PARA VAGA DE CONSELHEIRO NO TCM-BA"}]},{"@type":"WebSite","@id":"https:\/\/bahiaeconomica.com.br\/wp\/#website","url":"https:\/\/bahiaeconomica.com.br\/wp\/","name":"Bahia Economica","description":"O maior portal de Economia da Bahia","publisher":{"@id":"https:\/\/bahiaeconomica.com.br\/wp\/#organization"},"potentialAction":[{"@type":"SearchAction","target":{"@type":"EntryPoint","urlTemplate":"https:\/\/bahiaeconomica.com.br\/wp\/?s={search_term_string}"},"query-input":"required name=search_term_string"}],"inLanguage":"pt-BR"},{"@type":"Organization","@id":"https:\/\/bahiaeconomica.com.br\/wp\/#organization","name":"Bahia Econ\u00f4mica","url":"https:\/\/bahiaeconomica.com.br\/wp\/","logo":{"@type":"ImageObject","inLanguage":"pt-BR","@id":"https:\/\/bahiaeconomica.com.br\/wp\/#\/schema\/logo\/image\/","url":"https:\/\/bahiaeconomica.com.br\/wp\/wp-content\/uploads\/2020\/12\/cropped-BE.png","contentUrl":"https:\/\/bahiaeconomica.com.br\/wp\/wp-content\/uploads\/2020\/12\/cropped-BE.png","width":512,"height":512,"caption":"Bahia Econ\u00f4mica"},"image":{"@id":"https:\/\/bahiaeconomica.com.br\/wp\/#\/schema\/logo\/image\/"},"sameAs":["https:\/\/www.facebook.com\/bahiaeconomica"]},{"@type":"Person","@id":"https:\/\/bahiaeconomica.com.br\/wp\/#\/schema\/person\/a17956d0e1112b626f403fb06b8129a9","name":"VICTOR OLIVEIRA","sameAs":["http:\/\/www.bahiaeconomica.com.br"],"url":"https:\/\/bahiaeconomica.com.br\/wp\/author\/victor-oliveira\/"}]}},"views":5,"_links":{"self":[{"href":"https:\/\/bahiaeconomica.com.br\/wp\/wp-json\/wp\/v2\/posts\/991992"}],"collection":[{"href":"https:\/\/bahiaeconomica.com.br\/wp\/wp-json\/wp\/v2\/posts"}],"about":[{"href":"https:\/\/bahiaeconomica.com.br\/wp\/wp-json\/wp\/v2\/types\/post"}],"author":[{"embeddable":true,"href":"https:\/\/bahiaeconomica.com.br\/wp\/wp-json\/wp\/v2\/users\/24"}],"replies":[{"embeddable":true,"href":"https:\/\/bahiaeconomica.com.br\/wp\/wp-json\/wp\/v2\/comments?post=991992"}],"version-history":[{"count":1,"href":"https:\/\/bahiaeconomica.com.br\/wp\/wp-json\/wp\/v2\/posts\/991992\/revisions"}],"predecessor-version":[{"id":991993,"href":"https:\/\/bahiaeconomica.com.br\/wp\/wp-json\/wp\/v2\/posts\/991992\/revisions\/991993"}],"wp:featuredmedia":[{"embeddable":true,"href":"https:\/\/bahiaeconomica.com.br\/wp\/wp-json\/wp\/v2\/media\/935031"}],"wp:attachment":[{"href":"https:\/\/bahiaeconomica.com.br\/wp\/wp-json\/wp\/v2\/media?parent=991992"}],"wp:term":[{"taxonomy":"category","embeddable":true,"href":"https:\/\/bahiaeconomica.com.br\/wp\/wp-json\/wp\/v2\/categories?post=991992"},{"taxonomy":"post_tag","embeddable":true,"href":"https:\/\/bahiaeconomica.com.br\/wp\/wp-json\/wp\/v2\/tags?post=991992"}],"curies":[{"name":"wp","href":"https:\/\/api.w.org\/{rel}","templated":true}]}}