{"id":991968,"date":"2026-04-29T14:31:37","date_gmt":"2026-04-29T17:31:37","guid":{"rendered":"https:\/\/bahiaeconomica.com.br\/wp\/?p=991968"},"modified":"2026-04-29T14:32:05","modified_gmt":"2026-04-29T17:32:05","slug":"prf-reforca-fiscalizacao-nas-estradas-da-bahia-durante-operacao-dia-do-trabalho-2026","status":"publish","type":"post","link":"https:\/\/bahiaeconomica.com.br\/wp\/2026\/04\/29\/prf-reforca-fiscalizacao-nas-estradas-da-bahia-durante-operacao-dia-do-trabalho-2026\/","title":{"rendered":"PRF REFOR\u00c7A FISCALIZA\u00c7\u00c3O NAS ESTRADAS DA BAHIA DURANTE OPERA\u00c7\u00c3O DIA DO TRABALHO 2026"},"content":{"rendered":"<section class=\"text-token-text-primary w-full focus:outline-none [--shadow-height:45px] has-data-writing-block:pointer-events-none has-data-writing-block:-mt-(--shadow-height) has-data-writing-block:pt-(--shadow-height) [&amp;:has([data-writing-block])&gt;*]:pointer-events-auto R6Vx5W_threadScrollVars scroll-mb-[calc(var(--scroll-root-safe-area-inset-bottom,0px)+var(--thread-response-height))] scroll-mt-(--header-height)\" dir=\"auto\" data-turn-id=\"5245dba5-5cee-42dd-b6b5-1be2e17b8e9b\" data-testid=\"conversation-turn-5\" data-scroll-anchor=\"false\" data-turn=\"user\"><\/section>\n<section class=\"text-token-text-primary w-full focus:outline-none [--shadow-height:45px] has-data-writing-block:pointer-events-none has-data-writing-block:-mt-(--shadow-height) has-data-writing-block:pt-(--shadow-height) [&amp;:has([data-writing-block])&gt;*]:pointer-events-auto [content-visibility:auto] supports-[content-visibility:auto]:[contain-intrinsic-size:auto_100lvh] R6Vx5W_threadScrollVars scroll-mb-[calc(var(--scroll-root-safe-area-inset-bottom,0px)+var(--thread-response-height))] scroll-mt-[calc(var(--header-height)+min(200px,max(70px,20svh)))]\" dir=\"auto\" data-turn-id=\"request-WEB:7cacf1ee-715d-422a-89fd-3d7b664dd105-2\" data-testid=\"conversation-turn-6\" data-scroll-anchor=\"false\" data-turn=\"assistant\">\n<div class=\"text-base my-auto mx-auto pb-10 [--thread-content-margin:var(--thread-content-margin-xs,calc(var(--spacing)*4))] @w-sm\/main:[--thread-content-margin:var(--thread-content-margin-sm,calc(var(--spacing)*6))] @w-lg\/main:[--thread-content-margin:var(--thread-content-margin-lg,calc(var(--spacing)*16))] px-(--thread-content-margin)\">\n<div class=\"[--thread-content-max-width:40rem] @w-lg\/main:[--thread-content-max-width:48rem] mx-auto max-w-(--thread-content-max-width) flex-1 group\/turn-messages focus-visible:outline-hidden relative flex w-full min-w-0 flex-col agent-turn\">\n<div class=\"flex max-w-full flex-col gap-4 grow\">\n<div class=\"min-h-8 text-message relative flex w-full flex-col items-end gap-2 text-start break-words whitespace-normal outline-none keyboard-focused:focus-ring [.text-message+&amp;]:mt-1\" dir=\"auto\" tabindex=\"0\" data-message-author-role=\"assistant\" data-message-id=\"3765f5d9-4744-4b6e-804d-20846be91537\" data-message-model-slug=\"gpt-5-3\" data-turn-start-message=\"true\">\n<div class=\"flex w-full flex-col gap-1 empty:hidden\">\n<div class=\"streaming-animation markdown prose dark:prose-invert w-full wrap-break-word light markdown-new-styling\">\n<p data-start=\"90\" data-end=\"434\">A <span class=\"hover:entity-accent entity-underline inline cursor-pointer align-baseline\"><span class=\"whitespace-normal\">Pol\u00edcia Rodovi\u00e1ria Federal<\/span><\/span> inicia \u00e0 0h desta quinta-feira (30) a Opera\u00e7\u00e3o Dia do Trabalho 2026 nas rodovias federais da <span class=\"hover:entity-accent entity-underline inline cursor-pointer align-baseline\"><span class=\"whitespace-normal\">Bahia<\/span><\/span>. A a\u00e7\u00e3o segue at\u00e9 o domingo (3) e faz parte de um esfor\u00e7o nacional para aumentar a seguran\u00e7a vi\u00e1ria durante o feriado, per\u00edodo marcado pelo crescimento no fluxo de ve\u00edculos.<\/p>\n<p data-start=\"436\" data-end=\"812\">Com a expectativa de maior movimenta\u00e7\u00e3o, principalmente nos trajetos que ligam <span class=\"hover:entity-accent entity-underline inline cursor-pointer align-baseline\"><span class=\"whitespace-normal\">Salvador<\/span><\/span> ao interior e a destinos tur\u00edsticos, a PRF vai intensificar a fiscaliza\u00e7\u00e3o e ampliar o efetivo em pontos estrat\u00e9gicos. O planejamento das a\u00e7\u00f5es leva em considera\u00e7\u00e3o dados de acidentes, priorizando trechos e hor\u00e1rios com maior incid\u00eancia de ocorr\u00eancias graves.<\/p>\n<p data-start=\"814\" data-end=\"1155\">Entre as principais medidas est\u00e1 o refor\u00e7o no motopoliciamento, estrat\u00e9gia que garante mais agilidade tanto na fiscaliza\u00e7\u00e3o quanto no atendimento de emerg\u00eancias. A utiliza\u00e7\u00e3o de motocicletas permite atua\u00e7\u00e3o r\u00e1pida em \u00e1reas cr\u00edticas, com foco no combate a infra\u00e7\u00f5es como ultrapassagens irregulares, excesso de velocidade e manobras perigosas.<\/p>\n<p data-start=\"1157\" data-end=\"1412\">Al\u00e9m da repress\u00e3o a condutas de risco, a opera\u00e7\u00e3o tamb\u00e9m aposta na conscientiza\u00e7\u00e3o dos motoristas. Est\u00e3o previstas a\u00e7\u00f5es educativas, com abordagens orientativas, distribui\u00e7\u00e3o de materiais informativos e di\u00e1logo direto com condutores ao longo das rodovias.<\/p>\n<p data-start=\"1414\" data-end=\"1590\" data-is-last-node=\"\" data-is-only-node=\"\">A iniciativa busca reduzir o n\u00famero de acidentes e promover um tr\u00e2nsito mais seguro, especialmente para motociclistas, considerados um dos grupos mais vulner\u00e1veis nas estradas.<\/p>\n<p data-start=\"1414\" data-end=\"1590\" data-is-last-node=\"\" data-is-only-node=\"\">Foto: Reprodu\u00e7\u00e3o<\/p>\n<\/div>\n<\/div>\n<\/div>\n<\/div>\n<\/div>\n<\/div>\n<\/section>\n","protected":false},"excerpt":{"rendered":"<p>A Pol\u00edcia Rodovi\u00e1ria Federal inicia \u00e0 0h desta quinta-feira (30) a Opera\u00e7\u00e3o Dia do Trabalho 2026 nas rodovias federais da Bahia. A a\u00e7\u00e3o segue at\u00e9 o domingo (3) e faz parte de um esfor\u00e7o nacional para aumentar a seguran\u00e7a vi\u00e1ria durante o feriado, per\u00edodo marcado pelo crescimento no fluxo de ve\u00edculos. Com a expectativa de [&hellip;]<\/p>\n","protected":false},"author":24,"featured_media":667162,"comment_status":"closed","ping_status":"closed","sticky":false,"template":"","format":"standard","meta":[],"categories":[5],"tags":[85,1344,302,1342],"acf":[],"yoast_head":"<!-- This site is optimized with the Yoast SEO plugin v20.8 - https:\/\/yoast.com\/wordpress\/plugins\/seo\/ -->\n<title>PRF REFOR\u00c7A FISCALIZA\u00c7\u00c3O NAS ESTRADAS DA BAHIA DURANTE OPERA\u00c7\u00c3O DIA DO TRABALHO 2026 - Bahia Economica A Pol\u00edcia Rodovi\u00e1ria Federal inicia \u00e0 0h desta quinta-feira (30) a Opera\u00e7\u00e3o Dia do Trabalho 2026 nas rodovias federais da Bahia.<\/title>\n<meta name=\"description\" content=\"O maior portal de Economia da Bahia MUNIC\u00cdPIOS Bahia Economica A Pol\u00edcia Rodovi\u00e1ria Federal inicia \u00e0 0h desta quinta-feira (30) a Opera\u00e7\u00e3o Dia do Trabalho 2026 nas rodovias federais da Bahia.\" \/>\n<meta name=\"robots\" content=\"index, follow, max-snippet:-1, max-image-preview:large, max-video-preview:-1\" \/>\n<link rel=\"canonical\" href=\"https:\/\/bahiaeconomica.com.br\/wp\/2026\/04\/29\/prf-reforca-fiscalizacao-nas-estradas-da-bahia-durante-operacao-dia-do-trabalho-2026\/\" \/>\n<meta property=\"og:locale\" content=\"pt_BR\" \/>\n<meta property=\"og:type\" content=\"article\" \/>\n<meta property=\"og:title\" content=\"PRF REFOR\u00c7A FISCALIZA\u00c7\u00c3O NAS ESTRADAS DA BAHIA DURANTE OPERA\u00c7\u00c3O DIA DO TRABALHO 2026 - Bahia Economica A Pol\u00edcia Rodovi\u00e1ria Federal inicia \u00e0 0h desta quinta-feira (30) a Opera\u00e7\u00e3o Dia do Trabalho 2026 nas rodovias federais da Bahia.\" \/>\n<meta property=\"og:description\" content=\"O maior portal de Economia da Bahia MUNIC\u00cdPIOS Bahia Economica A Pol\u00edcia Rodovi\u00e1ria Federal inicia \u00e0 0h desta quinta-feira (30) a Opera\u00e7\u00e3o Dia do Trabalho 2026 nas rodovias federais da Bahia.\" \/>\n<meta property=\"og:url\" content=\"https:\/\/bahiaeconomica.com.br\/wp\/2026\/04\/29\/prf-reforca-fiscalizacao-nas-estradas-da-bahia-durante-operacao-dia-do-trabalho-2026\/\" \/>\n<meta property=\"og:site_name\" content=\"Bahia Economica\" \/>\n<meta property=\"article:publisher\" content=\"https:\/\/www.facebook.com\/bahiaeconomica\" \/>\n<meta property=\"article:published_time\" content=\"2026-04-29T17:31:37+00:00\" \/>\n<meta property=\"article:modified_time\" content=\"2026-04-29T17:32:05+00:00\" \/>\n<meta property=\"og:image\" content=\"https:\/\/bahiaeconomica.com.br\/wp\/wp-content\/uploads\/2022\/05\/PRF-aponta-reducao-de-acidentes-com-vitimas-fatais-nas-estradas-baianas-no-feriadao.jpeg\" \/>\n\t<meta property=\"og:image:width\" content=\"600\" \/>\n\t<meta property=\"og:image:height\" content=\"400\" \/>\n\t<meta property=\"og:image:type\" content=\"image\/jpeg\" \/>\n<meta name=\"author\" content=\"VICTOR OLIVEIRA\" \/>\n<meta name=\"twitter:card\" content=\"summary_large_image\" \/>\n<meta name=\"twitter:label1\" content=\"Escrito por\" \/>\n\t<meta name=\"twitter:data1\" content=\"VICTOR OLIVEIRA\" \/>\n\t<meta name=\"twitter:label2\" content=\"Est. tempo de leitura\" \/>\n\t<meta name=\"twitter:data2\" content=\"2 minutos\" \/>\n<script type=\"application\/ld+json\" class=\"yoast-schema-graph\">{\"@context\":\"https:\/\/schema.org\",\"@graph\":[{\"@type\":\"Article\",\"@id\":\"https:\/\/bahiaeconomica.com.br\/wp\/2026\/04\/29\/prf-reforca-fiscalizacao-nas-estradas-da-bahia-durante-operacao-dia-do-trabalho-2026\/#article\",\"isPartOf\":{\"@id\":\"https:\/\/bahiaeconomica.com.br\/wp\/2026\/04\/29\/prf-reforca-fiscalizacao-nas-estradas-da-bahia-durante-operacao-dia-do-trabalho-2026\/\"},\"author\":{\"name\":\"VICTOR OLIVEIRA\",\"@id\":\"https:\/\/bahiaeconomica.com.br\/wp\/#\/schema\/person\/a17956d0e1112b626f403fb06b8129a9\"},\"headline\":\"PRF REFOR\u00c7A FISCALIZA\u00c7\u00c3O NAS ESTRADAS DA BAHIA DURANTE OPERA\u00c7\u00c3O DIA DO TRABALHO 2026\",\"datePublished\":\"2026-04-29T17:31:37+00:00\",\"dateModified\":\"2026-04-29T17:32:05+00:00\",\"mainEntityOfPage\":{\"@id\":\"https:\/\/bahiaeconomica.com.br\/wp\/2026\/04\/29\/prf-reforca-fiscalizacao-nas-estradas-da-bahia-durante-operacao-dia-do-trabalho-2026\/\"},\"wordCount\":262,\"publisher\":{\"@id\":\"https:\/\/bahiaeconomica.com.br\/wp\/#organization\"},\"keywords\":[\"Bahia\",\"estradas\",\"fiscaliza\u00e7\u00e3o\",\"PRF\"],\"articleSection\":[\"MUNIC\u00cdPIOS\"],\"inLanguage\":\"pt-BR\"},{\"@type\":\"WebPage\",\"@id\":\"https:\/\/bahiaeconomica.com.br\/wp\/2026\/04\/29\/prf-reforca-fiscalizacao-nas-estradas-da-bahia-durante-operacao-dia-do-trabalho-2026\/\",\"url\":\"https:\/\/bahiaeconomica.com.br\/wp\/2026\/04\/29\/prf-reforca-fiscalizacao-nas-estradas-da-bahia-durante-operacao-dia-do-trabalho-2026\/\",\"name\":\"PRF REFOR\u00c7A FISCALIZA\u00c7\u00c3O NAS ESTRADAS DA BAHIA DURANTE OPERA\u00c7\u00c3O DIA DO TRABALHO 2026 - Bahia Economica A Pol\u00edcia Rodovi\u00e1ria Federal inicia \u00e0 0h desta quinta-feira (30) a Opera\u00e7\u00e3o Dia do Trabalho 2026 nas rodovias federais da Bahia.\",\"isPartOf\":{\"@id\":\"https:\/\/bahiaeconomica.com.br\/wp\/#website\"},\"datePublished\":\"2026-04-29T17:31:37+00:00\",\"dateModified\":\"2026-04-29T17:32:05+00:00\",\"description\":\"O maior portal de Economia da Bahia MUNIC\u00cdPIOS Bahia Economica A Pol\u00edcia Rodovi\u00e1ria Federal inicia \u00e0 0h desta quinta-feira (30) a Opera\u00e7\u00e3o Dia do Trabalho 2026 nas rodovias federais da Bahia.\",\"breadcrumb\":{\"@id\":\"https:\/\/bahiaeconomica.com.br\/wp\/2026\/04\/29\/prf-reforca-fiscalizacao-nas-estradas-da-bahia-durante-operacao-dia-do-trabalho-2026\/#breadcrumb\"},\"inLanguage\":\"pt-BR\",\"potentialAction\":[{\"@type\":\"ReadAction\",\"target\":[\"https:\/\/bahiaeconomica.com.br\/wp\/2026\/04\/29\/prf-reforca-fiscalizacao-nas-estradas-da-bahia-durante-operacao-dia-do-trabalho-2026\/\"]}]},{\"@type\":\"BreadcrumbList\",\"@id\":\"https:\/\/bahiaeconomica.com.br\/wp\/2026\/04\/29\/prf-reforca-fiscalizacao-nas-estradas-da-bahia-durante-operacao-dia-do-trabalho-2026\/#breadcrumb\",\"itemListElement\":[{\"@type\":\"ListItem\",\"position\":1,\"name\":\"In\u00edcio\",\"item\":\"https:\/\/bahiaeconomica.com.br\/wp\/\"},{\"@type\":\"ListItem\",\"position\":2,\"name\":\"PRF REFOR\u00c7A FISCALIZA\u00c7\u00c3O NAS ESTRADAS DA BAHIA DURANTE OPERA\u00c7\u00c3O DIA DO TRABALHO 2026\"}]},{\"@type\":\"WebSite\",\"@id\":\"https:\/\/bahiaeconomica.com.br\/wp\/#website\",\"url\":\"https:\/\/bahiaeconomica.com.br\/wp\/\",\"name\":\"Bahia Economica\",\"description\":\"O maior portal de Economia da Bahia\",\"publisher\":{\"@id\":\"https:\/\/bahiaeconomica.com.br\/wp\/#organization\"},\"potentialAction\":[{\"@type\":\"SearchAction\",\"target\":{\"@type\":\"EntryPoint\",\"urlTemplate\":\"https:\/\/bahiaeconomica.com.br\/wp\/?s={search_term_string}\"},\"query-input\":\"required name=search_term_string\"}],\"inLanguage\":\"pt-BR\"},{\"@type\":\"Organization\",\"@id\":\"https:\/\/bahiaeconomica.com.br\/wp\/#organization\",\"name\":\"Bahia Econ\u00f4mica\",\"url\":\"https:\/\/bahiaeconomica.com.br\/wp\/\",\"logo\":{\"@type\":\"ImageObject\",\"inLanguage\":\"pt-BR\",\"@id\":\"https:\/\/bahiaeconomica.com.br\/wp\/#\/schema\/logo\/image\/\",\"url\":\"https:\/\/bahiaeconomica.com.br\/wp\/wp-content\/uploads\/2020\/12\/cropped-BE.png\",\"contentUrl\":\"https:\/\/bahiaeconomica.com.br\/wp\/wp-content\/uploads\/2020\/12\/cropped-BE.png\",\"width\":512,\"height\":512,\"caption\":\"Bahia Econ\u00f4mica\"},\"image\":{\"@id\":\"https:\/\/bahiaeconomica.com.br\/wp\/#\/schema\/logo\/image\/\"},\"sameAs\":[\"https:\/\/www.facebook.com\/bahiaeconomica\"]},{\"@type\":\"Person\",\"@id\":\"https:\/\/bahiaeconomica.com.br\/wp\/#\/schema\/person\/a17956d0e1112b626f403fb06b8129a9\",\"name\":\"VICTOR OLIVEIRA\",\"sameAs\":[\"http:\/\/www.bahiaeconomica.com.br\"],\"url\":\"https:\/\/bahiaeconomica.com.br\/wp\/author\/victor-oliveira\/\"}]}<\/script>\n<!-- \/ Yoast SEO plugin. -->","yoast_head_json":{"title":"PRF REFOR\u00c7A FISCALIZA\u00c7\u00c3O NAS ESTRADAS DA BAHIA DURANTE OPERA\u00c7\u00c3O DIA DO TRABALHO 2026 - Bahia Economica A Pol\u00edcia Rodovi\u00e1ria Federal inicia \u00e0 0h desta quinta-feira (30) a Opera\u00e7\u00e3o Dia do Trabalho 2026 nas rodovias federais da Bahia.","description":"O maior portal de Economia da Bahia MUNIC\u00cdPIOS Bahia Economica A Pol\u00edcia Rodovi\u00e1ria Federal inicia \u00e0 0h desta quinta-feira (30) a Opera\u00e7\u00e3o Dia do Trabalho 2026 nas rodovias federais da Bahia.","robots":{"index":"index","follow":"follow","max-snippet":"max-snippet:-1","max-image-preview":"max-image-preview:large","max-video-preview":"max-video-preview:-1"},"canonical":"https:\/\/bahiaeconomica.com.br\/wp\/2026\/04\/29\/prf-reforca-fiscalizacao-nas-estradas-da-bahia-durante-operacao-dia-do-trabalho-2026\/","og_locale":"pt_BR","og_type":"article","og_title":"PRF REFOR\u00c7A FISCALIZA\u00c7\u00c3O NAS ESTRADAS DA BAHIA DURANTE OPERA\u00c7\u00c3O DIA DO TRABALHO 2026 - Bahia Economica A Pol\u00edcia Rodovi\u00e1ria Federal inicia \u00e0 0h desta quinta-feira (30) a Opera\u00e7\u00e3o Dia do Trabalho 2026 nas rodovias federais da Bahia.","og_description":"O maior portal de Economia da Bahia MUNIC\u00cdPIOS Bahia Economica A Pol\u00edcia Rodovi\u00e1ria Federal inicia \u00e0 0h desta quinta-feira (30) a Opera\u00e7\u00e3o Dia do Trabalho 2026 nas rodovias federais da Bahia.","og_url":"https:\/\/bahiaeconomica.com.br\/wp\/2026\/04\/29\/prf-reforca-fiscalizacao-nas-estradas-da-bahia-durante-operacao-dia-do-trabalho-2026\/","og_site_name":"Bahia Economica","article_publisher":"https:\/\/www.facebook.com\/bahiaeconomica","article_published_time":"2026-04-29T17:31:37+00:00","article_modified_time":"2026-04-29T17:32:05+00:00","og_image":[{"width":600,"height":400,"url":"https:\/\/bahiaeconomica.com.br\/wp\/wp-content\/uploads\/2022\/05\/PRF-aponta-reducao-de-acidentes-com-vitimas-fatais-nas-estradas-baianas-no-feriadao.jpeg","type":"image\/jpeg"}],"author":"VICTOR OLIVEIRA","twitter_card":"summary_large_image","twitter_misc":{"Escrito por":"VICTOR OLIVEIRA","Est. tempo de leitura":"2 minutos"},"schema":{"@context":"https:\/\/schema.org","@graph":[{"@type":"Article","@id":"https:\/\/bahiaeconomica.com.br\/wp\/2026\/04\/29\/prf-reforca-fiscalizacao-nas-estradas-da-bahia-durante-operacao-dia-do-trabalho-2026\/#article","isPartOf":{"@id":"https:\/\/bahiaeconomica.com.br\/wp\/2026\/04\/29\/prf-reforca-fiscalizacao-nas-estradas-da-bahia-durante-operacao-dia-do-trabalho-2026\/"},"author":{"name":"VICTOR OLIVEIRA","@id":"https:\/\/bahiaeconomica.com.br\/wp\/#\/schema\/person\/a17956d0e1112b626f403fb06b8129a9"},"headline":"PRF REFOR\u00c7A FISCALIZA\u00c7\u00c3O NAS ESTRADAS DA BAHIA DURANTE OPERA\u00c7\u00c3O DIA DO TRABALHO 2026","datePublished":"2026-04-29T17:31:37+00:00","dateModified":"2026-04-29T17:32:05+00:00","mainEntityOfPage":{"@id":"https:\/\/bahiaeconomica.com.br\/wp\/2026\/04\/29\/prf-reforca-fiscalizacao-nas-estradas-da-bahia-durante-operacao-dia-do-trabalho-2026\/"},"wordCount":262,"publisher":{"@id":"https:\/\/bahiaeconomica.com.br\/wp\/#organization"},"keywords":["Bahia","estradas","fiscaliza\u00e7\u00e3o","PRF"],"articleSection":["MUNIC\u00cdPIOS"],"inLanguage":"pt-BR"},{"@type":"WebPage","@id":"https:\/\/bahiaeconomica.com.br\/wp\/2026\/04\/29\/prf-reforca-fiscalizacao-nas-estradas-da-bahia-durante-operacao-dia-do-trabalho-2026\/","url":"https:\/\/bahiaeconomica.com.br\/wp\/2026\/04\/29\/prf-reforca-fiscalizacao-nas-estradas-da-bahia-durante-operacao-dia-do-trabalho-2026\/","name":"PRF REFOR\u00c7A FISCALIZA\u00c7\u00c3O NAS ESTRADAS DA BAHIA DURANTE OPERA\u00c7\u00c3O DIA DO TRABALHO 2026 - Bahia Economica A Pol\u00edcia Rodovi\u00e1ria Federal inicia \u00e0 0h desta quinta-feira (30) a Opera\u00e7\u00e3o Dia do Trabalho 2026 nas rodovias federais da Bahia.","isPartOf":{"@id":"https:\/\/bahiaeconomica.com.br\/wp\/#website"},"datePublished":"2026-04-29T17:31:37+00:00","dateModified":"2026-04-29T17:32:05+00:00","description":"O maior portal de Economia da Bahia MUNIC\u00cdPIOS Bahia Economica A Pol\u00edcia Rodovi\u00e1ria Federal inicia \u00e0 0h desta quinta-feira (30) a Opera\u00e7\u00e3o Dia do Trabalho 2026 nas rodovias federais da Bahia.","breadcrumb":{"@id":"https:\/\/bahiaeconomica.com.br\/wp\/2026\/04\/29\/prf-reforca-fiscalizacao-nas-estradas-da-bahia-durante-operacao-dia-do-trabalho-2026\/#breadcrumb"},"inLanguage":"pt-BR","potentialAction":[{"@type":"ReadAction","target":["https:\/\/bahiaeconomica.com.br\/wp\/2026\/04\/29\/prf-reforca-fiscalizacao-nas-estradas-da-bahia-durante-operacao-dia-do-trabalho-2026\/"]}]},{"@type":"BreadcrumbList","@id":"https:\/\/bahiaeconomica.com.br\/wp\/2026\/04\/29\/prf-reforca-fiscalizacao-nas-estradas-da-bahia-durante-operacao-dia-do-trabalho-2026\/#breadcrumb","itemListElement":[{"@type":"ListItem","position":1,"name":"In\u00edcio","item":"https:\/\/bahiaeconomica.com.br\/wp\/"},{"@type":"ListItem","position":2,"name":"PRF REFOR\u00c7A FISCALIZA\u00c7\u00c3O NAS ESTRADAS DA BAHIA DURANTE OPERA\u00c7\u00c3O DIA DO TRABALHO 2026"}]},{"@type":"WebSite","@id":"https:\/\/bahiaeconomica.com.br\/wp\/#website","url":"https:\/\/bahiaeconomica.com.br\/wp\/","name":"Bahia Economica","description":"O maior portal de Economia da Bahia","publisher":{"@id":"https:\/\/bahiaeconomica.com.br\/wp\/#organization"},"potentialAction":[{"@type":"SearchAction","target":{"@type":"EntryPoint","urlTemplate":"https:\/\/bahiaeconomica.com.br\/wp\/?s={search_term_string}"},"query-input":"required name=search_term_string"}],"inLanguage":"pt-BR"},{"@type":"Organization","@id":"https:\/\/bahiaeconomica.com.br\/wp\/#organization","name":"Bahia Econ\u00f4mica","url":"https:\/\/bahiaeconomica.com.br\/wp\/","logo":{"@type":"ImageObject","inLanguage":"pt-BR","@id":"https:\/\/bahiaeconomica.com.br\/wp\/#\/schema\/logo\/image\/","url":"https:\/\/bahiaeconomica.com.br\/wp\/wp-content\/uploads\/2020\/12\/cropped-BE.png","contentUrl":"https:\/\/bahiaeconomica.com.br\/wp\/wp-content\/uploads\/2020\/12\/cropped-BE.png","width":512,"height":512,"caption":"Bahia Econ\u00f4mica"},"image":{"@id":"https:\/\/bahiaeconomica.com.br\/wp\/#\/schema\/logo\/image\/"},"sameAs":["https:\/\/www.facebook.com\/bahiaeconomica"]},{"@type":"Person","@id":"https:\/\/bahiaeconomica.com.br\/wp\/#\/schema\/person\/a17956d0e1112b626f403fb06b8129a9","name":"VICTOR OLIVEIRA","sameAs":["http:\/\/www.bahiaeconomica.com.br"],"url":"https:\/\/bahiaeconomica.com.br\/wp\/author\/victor-oliveira\/"}]}},"views":3,"_links":{"self":[{"href":"https:\/\/bahiaeconomica.com.br\/wp\/wp-json\/wp\/v2\/posts\/991968"}],"collection":[{"href":"https:\/\/bahiaeconomica.com.br\/wp\/wp-json\/wp\/v2\/posts"}],"about":[{"href":"https:\/\/bahiaeconomica.com.br\/wp\/wp-json\/wp\/v2\/types\/post"}],"author":[{"embeddable":true,"href":"https:\/\/bahiaeconomica.com.br\/wp\/wp-json\/wp\/v2\/users\/24"}],"replies":[{"embeddable":true,"href":"https:\/\/bahiaeconomica.com.br\/wp\/wp-json\/wp\/v2\/comments?post=991968"}],"version-history":[{"count":2,"href":"https:\/\/bahiaeconomica.com.br\/wp\/wp-json\/wp\/v2\/posts\/991968\/revisions"}],"predecessor-version":[{"id":991972,"href":"https:\/\/bahiaeconomica.com.br\/wp\/wp-json\/wp\/v2\/posts\/991968\/revisions\/991972"}],"wp:featuredmedia":[{"embeddable":true,"href":"https:\/\/bahiaeconomica.com.br\/wp\/wp-json\/wp\/v2\/media\/667162"}],"wp:attachment":[{"href":"https:\/\/bahiaeconomica.com.br\/wp\/wp-json\/wp\/v2\/media?parent=991968"}],"wp:term":[{"taxonomy":"category","embeddable":true,"href":"https:\/\/bahiaeconomica.com.br\/wp\/wp-json\/wp\/v2\/categories?post=991968"},{"taxonomy":"post_tag","embeddable":true,"href":"https:\/\/bahiaeconomica.com.br\/wp\/wp-json\/wp\/v2\/tags?post=991968"}],"curies":[{"name":"wp","href":"https:\/\/api.w.org\/{rel}","templated":true}]}}