{"id":991963,"date":"2026-04-29T19:01:48","date_gmt":"2026-04-29T22:01:48","guid":{"rendered":"https:\/\/bahiaeconomica.com.br\/wp\/?p=991963"},"modified":"2026-04-29T19:46:19","modified_gmt":"2026-04-29T22:46:19","slug":"confianca-do-empresariado-baiano-tem-segunda-queda-consecutiva","status":"publish","type":"post","link":"https:\/\/bahiaeconomica.com.br\/wp\/2026\/04\/29\/confianca-do-empresariado-baiano-tem-segunda-queda-consecutiva\/","title":{"rendered":"CONFIAN\u00c7A DO EMPRESARIADO BAIANO TEM SEGUNDA QUEDA CONSECUTIVA"},"content":{"rendered":"<p>O Indicador de Confian\u00e7a do Empresariado Baiano (ICEB), m\u00e9trica calculada pela Superintend\u00eancia de Estudos Econ\u00f4micos e Sociais da Bahia (SEI) para monitorar as expectativas do setor produtivo do estado, marcou -145 pontos em abril, numa escala que vai de -1.000 a 1.000 pontos, indicando um cen\u00e1rio de Pessimismo Moderado (intervalo de -250 pontos a zero ponto). Trata-se da 27\u00aa pontua\u00e7\u00e3o abaixo de zero em sequ\u00eancia e o menor patamar dos \u00faltimos sete meses.<\/p>\n<p>No m\u00eas, ao registrar -145 pontos, o ICEB indicou recuo da confian\u00e7a em rela\u00e7\u00e3o a mar\u00e7o (quando o indicador marcou -84 pontos). A redu\u00e7\u00e3o em compara\u00e7\u00e3o ao m\u00eas imediatamente antecedente foi de 61 pontos, emendando, assim, a segunda queda em sequ\u00eancia.<\/p>\n<p>Para Luiz Fernando Lobo, especialista em produ\u00e7\u00e3o de informa\u00e7\u00f5es da SEI, &#8220;a princ\u00edpio, esses dois recuos consecutivos da confian\u00e7a empresarial, mesmo sem representarem ainda uma trajet\u00f3ria consolidada de decaimento, terminam por comprometer, quase que por completo, dada a magnitude do somat\u00f3rio, o movimento ascendente observado nos \u00faltimos meses do ano passado. Al\u00e9m do mais, vale destacar que a confian\u00e7a chegou ao menor n\u00edvel desde setembro de 2025&#8221;.<\/p>\n<p>A queda da confian\u00e7a de mar\u00e7o a abril aconteceu de forma generalizada entre os setores. O setor de Servi\u00e7os foi o que registrou o maior recuo de confian\u00e7a no m\u00eas, enquanto a Ind\u00fastria apresentou a menor redu\u00e7\u00e3o.<\/p>\n<p>Os resultados foram: Agropecu\u00e1ria, -94 pontos; Ind\u00fastria, -150 pontos; Servi\u00e7os, -169 pontos; e Com\u00e9rcio, -81 pontos. Enquanto o setor de Com\u00e9rcio foi o de pontua\u00e7\u00e3o mais favor\u00e1vel pela segunda vez seguida, a atividade de Servi\u00e7os registrou o menor n\u00edvel de confian\u00e7a.<\/p>\n<p>Do conjunto avaliado de assuntos, os temas cr\u00e9dito, situa\u00e7\u00e3o financeira e capacidade produtiva foram aqueles com as piores expectativas do empresariado baiano. Em contrapartida, as vari\u00e1veis juros, exporta\u00e7\u00e3o e c\u00e2mbio apresentaram os indicadores de confian\u00e7a em situa\u00e7\u00e3o menos desfavor\u00e1vel no m\u00eas.<\/p>\n","protected":false},"excerpt":{"rendered":"<p>O Indicador de Confian\u00e7a do Empresariado Baiano (ICEB), m\u00e9trica calculada pela Superintend\u00eancia de Estudos Econ\u00f4micos e Sociais da Bahia (SEI) para monitorar as expectativas do setor produtivo do estado, marcou -145 pontos em abril, numa escala que vai de -1.000 a 1.000 pontos, indicando um cen\u00e1rio de Pessimismo Moderado (intervalo de -250 pontos a zero [&hellip;]<\/p>\n","protected":false},"author":15,"featured_media":991969,"comment_status":"closed","ping_status":"closed","sticky":false,"template":"","format":"standard","meta":[],"categories":[3],"tags":[],"acf":[],"yoast_head":"<!-- This site is optimized with the Yoast SEO plugin v20.8 - https:\/\/yoast.com\/wordpress\/plugins\/seo\/ -->\n<title>CONFIAN\u00c7A DO EMPRESARIADO BAIANO TEM SEGUNDA QUEDA CONSECUTIVA - Bahia Economica<\/title>\n<meta name=\"description\" content=\"O maior portal de Economia da Bahia ECONOMIA \/ POL\u00cdTICA Bahia Economica\" \/>\n<meta name=\"robots\" content=\"index, follow, max-snippet:-1, max-image-preview:large, max-video-preview:-1\" \/>\n<link rel=\"canonical\" href=\"https:\/\/bahiaeconomica.com.br\/wp\/2026\/04\/29\/confianca-do-empresariado-baiano-tem-segunda-queda-consecutiva\/\" \/>\n<meta property=\"og:locale\" content=\"pt_BR\" \/>\n<meta property=\"og:type\" content=\"article\" \/>\n<meta property=\"og:title\" content=\"CONFIAN\u00c7A DO EMPRESARIADO BAIANO TEM SEGUNDA QUEDA CONSECUTIVA - Bahia Economica\" \/>\n<meta property=\"og:description\" content=\"O maior portal de Economia da Bahia ECONOMIA \/ POL\u00cdTICA Bahia Economica\" \/>\n<meta property=\"og:url\" content=\"https:\/\/bahiaeconomica.com.br\/wp\/2026\/04\/29\/confianca-do-empresariado-baiano-tem-segunda-queda-consecutiva\/\" \/>\n<meta property=\"og:site_name\" content=\"Bahia Economica\" \/>\n<meta property=\"article:publisher\" content=\"https:\/\/www.facebook.com\/bahiaeconomica\" \/>\n<meta property=\"article:published_time\" content=\"2026-04-29T22:01:48+00:00\" \/>\n<meta property=\"article:modified_time\" content=\"2026-04-29T22:46:19+00:00\" \/>\n<meta property=\"og:image\" content=\"https:\/\/bahiaeconomica.com.br\/wp\/wp-content\/uploads\/2026\/04\/people-taking-part-business-event-scaled-e1777483644501.jpg\" \/>\n\t<meta property=\"og:image:width\" content=\"1702\" \/>\n\t<meta property=\"og:image:height\" content=\"1440\" \/>\n\t<meta property=\"og:image:type\" content=\"image\/jpeg\" \/>\n<meta name=\"author\" content=\"VICTORIA ISABEL\" \/>\n<meta name=\"twitter:card\" content=\"summary_large_image\" \/>\n<meta name=\"twitter:label1\" content=\"Escrito por\" \/>\n\t<meta name=\"twitter:data1\" content=\"VICTORIA ISABEL\" \/>\n\t<meta name=\"twitter:label2\" content=\"Est. tempo de leitura\" \/>\n\t<meta name=\"twitter:data2\" content=\"2 minutos\" \/>\n<script type=\"application\/ld+json\" class=\"yoast-schema-graph\">{\"@context\":\"https:\/\/schema.org\",\"@graph\":[{\"@type\":\"Article\",\"@id\":\"https:\/\/bahiaeconomica.com.br\/wp\/2026\/04\/29\/confianca-do-empresariado-baiano-tem-segunda-queda-consecutiva\/#article\",\"isPartOf\":{\"@id\":\"https:\/\/bahiaeconomica.com.br\/wp\/2026\/04\/29\/confianca-do-empresariado-baiano-tem-segunda-queda-consecutiva\/\"},\"author\":{\"name\":\"VICTORIA ISABEL\",\"@id\":\"https:\/\/bahiaeconomica.com.br\/wp\/#\/schema\/person\/b719ce0fb1c09f3c7a00d9243ced4a6f\"},\"headline\":\"CONFIAN\u00c7A DO EMPRESARIADO BAIANO TEM SEGUNDA QUEDA CONSECUTIVA\",\"datePublished\":\"2026-04-29T22:01:48+00:00\",\"dateModified\":\"2026-04-29T22:46:19+00:00\",\"mainEntityOfPage\":{\"@id\":\"https:\/\/bahiaeconomica.com.br\/wp\/2026\/04\/29\/confianca-do-empresariado-baiano-tem-segunda-queda-consecutiva\/\"},\"wordCount\":355,\"publisher\":{\"@id\":\"https:\/\/bahiaeconomica.com.br\/wp\/#organization\"},\"articleSection\":[\"ECONOMIA \/ POL\u00cdTICA\"],\"inLanguage\":\"pt-BR\"},{\"@type\":\"WebPage\",\"@id\":\"https:\/\/bahiaeconomica.com.br\/wp\/2026\/04\/29\/confianca-do-empresariado-baiano-tem-segunda-queda-consecutiva\/\",\"url\":\"https:\/\/bahiaeconomica.com.br\/wp\/2026\/04\/29\/confianca-do-empresariado-baiano-tem-segunda-queda-consecutiva\/\",\"name\":\"CONFIAN\u00c7A DO EMPRESARIADO BAIANO TEM SEGUNDA QUEDA CONSECUTIVA - Bahia Economica\",\"isPartOf\":{\"@id\":\"https:\/\/bahiaeconomica.com.br\/wp\/#website\"},\"datePublished\":\"2026-04-29T22:01:48+00:00\",\"dateModified\":\"2026-04-29T22:46:19+00:00\",\"description\":\"O maior portal de Economia da Bahia ECONOMIA \/ POL\u00cdTICA Bahia Economica\",\"breadcrumb\":{\"@id\":\"https:\/\/bahiaeconomica.com.br\/wp\/2026\/04\/29\/confianca-do-empresariado-baiano-tem-segunda-queda-consecutiva\/#breadcrumb\"},\"inLanguage\":\"pt-BR\",\"potentialAction\":[{\"@type\":\"ReadAction\",\"target\":[\"https:\/\/bahiaeconomica.com.br\/wp\/2026\/04\/29\/confianca-do-empresariado-baiano-tem-segunda-queda-consecutiva\/\"]}]},{\"@type\":\"BreadcrumbList\",\"@id\":\"https:\/\/bahiaeconomica.com.br\/wp\/2026\/04\/29\/confianca-do-empresariado-baiano-tem-segunda-queda-consecutiva\/#breadcrumb\",\"itemListElement\":[{\"@type\":\"ListItem\",\"position\":1,\"name\":\"In\u00edcio\",\"item\":\"https:\/\/bahiaeconomica.com.br\/wp\/\"},{\"@type\":\"ListItem\",\"position\":2,\"name\":\"CONFIAN\u00c7A DO EMPRESARIADO BAIANO TEM SEGUNDA QUEDA CONSECUTIVA\"}]},{\"@type\":\"WebSite\",\"@id\":\"https:\/\/bahiaeconomica.com.br\/wp\/#website\",\"url\":\"https:\/\/bahiaeconomica.com.br\/wp\/\",\"name\":\"Bahia Economica\",\"description\":\"O maior portal de Economia da Bahia\",\"publisher\":{\"@id\":\"https:\/\/bahiaeconomica.com.br\/wp\/#organization\"},\"potentialAction\":[{\"@type\":\"SearchAction\",\"target\":{\"@type\":\"EntryPoint\",\"urlTemplate\":\"https:\/\/bahiaeconomica.com.br\/wp\/?s={search_term_string}\"},\"query-input\":\"required name=search_term_string\"}],\"inLanguage\":\"pt-BR\"},{\"@type\":\"Organization\",\"@id\":\"https:\/\/bahiaeconomica.com.br\/wp\/#organization\",\"name\":\"Bahia Econ\u00f4mica\",\"url\":\"https:\/\/bahiaeconomica.com.br\/wp\/\",\"logo\":{\"@type\":\"ImageObject\",\"inLanguage\":\"pt-BR\",\"@id\":\"https:\/\/bahiaeconomica.com.br\/wp\/#\/schema\/logo\/image\/\",\"url\":\"https:\/\/bahiaeconomica.com.br\/wp\/wp-content\/uploads\/2020\/12\/cropped-BE.png\",\"contentUrl\":\"https:\/\/bahiaeconomica.com.br\/wp\/wp-content\/uploads\/2020\/12\/cropped-BE.png\",\"width\":512,\"height\":512,\"caption\":\"Bahia Econ\u00f4mica\"},\"image\":{\"@id\":\"https:\/\/bahiaeconomica.com.br\/wp\/#\/schema\/logo\/image\/\"},\"sameAs\":[\"https:\/\/www.facebook.com\/bahiaeconomica\"]},{\"@type\":\"Person\",\"@id\":\"https:\/\/bahiaeconomica.com.br\/wp\/#\/schema\/person\/b719ce0fb1c09f3c7a00d9243ced4a6f\",\"name\":\"VICTORIA ISABEL\",\"sameAs\":[\"http:\/\/www.bahiaeconomica.com.br\"],\"url\":\"https:\/\/bahiaeconomica.com.br\/wp\/author\/victoria-isabel\/\"}]}<\/script>\n<!-- \/ Yoast SEO plugin. -->","yoast_head_json":{"title":"CONFIAN\u00c7A DO EMPRESARIADO BAIANO TEM SEGUNDA QUEDA CONSECUTIVA - Bahia Economica","description":"O maior portal de Economia da Bahia ECONOMIA \/ POL\u00cdTICA Bahia Economica","robots":{"index":"index","follow":"follow","max-snippet":"max-snippet:-1","max-image-preview":"max-image-preview:large","max-video-preview":"max-video-preview:-1"},"canonical":"https:\/\/bahiaeconomica.com.br\/wp\/2026\/04\/29\/confianca-do-empresariado-baiano-tem-segunda-queda-consecutiva\/","og_locale":"pt_BR","og_type":"article","og_title":"CONFIAN\u00c7A DO EMPRESARIADO BAIANO TEM SEGUNDA QUEDA CONSECUTIVA - Bahia Economica","og_description":"O maior portal de Economia da Bahia ECONOMIA \/ POL\u00cdTICA Bahia Economica","og_url":"https:\/\/bahiaeconomica.com.br\/wp\/2026\/04\/29\/confianca-do-empresariado-baiano-tem-segunda-queda-consecutiva\/","og_site_name":"Bahia Economica","article_publisher":"https:\/\/www.facebook.com\/bahiaeconomica","article_published_time":"2026-04-29T22:01:48+00:00","article_modified_time":"2026-04-29T22:46:19+00:00","og_image":[{"width":1702,"height":1440,"url":"https:\/\/bahiaeconomica.com.br\/wp\/wp-content\/uploads\/2026\/04\/people-taking-part-business-event-scaled-e1777483644501.jpg","type":"image\/jpeg"}],"author":"VICTORIA ISABEL","twitter_card":"summary_large_image","twitter_misc":{"Escrito por":"VICTORIA ISABEL","Est. tempo de leitura":"2 minutos"},"schema":{"@context":"https:\/\/schema.org","@graph":[{"@type":"Article","@id":"https:\/\/bahiaeconomica.com.br\/wp\/2026\/04\/29\/confianca-do-empresariado-baiano-tem-segunda-queda-consecutiva\/#article","isPartOf":{"@id":"https:\/\/bahiaeconomica.com.br\/wp\/2026\/04\/29\/confianca-do-empresariado-baiano-tem-segunda-queda-consecutiva\/"},"author":{"name":"VICTORIA ISABEL","@id":"https:\/\/bahiaeconomica.com.br\/wp\/#\/schema\/person\/b719ce0fb1c09f3c7a00d9243ced4a6f"},"headline":"CONFIAN\u00c7A DO EMPRESARIADO BAIANO TEM SEGUNDA QUEDA CONSECUTIVA","datePublished":"2026-04-29T22:01:48+00:00","dateModified":"2026-04-29T22:46:19+00:00","mainEntityOfPage":{"@id":"https:\/\/bahiaeconomica.com.br\/wp\/2026\/04\/29\/confianca-do-empresariado-baiano-tem-segunda-queda-consecutiva\/"},"wordCount":355,"publisher":{"@id":"https:\/\/bahiaeconomica.com.br\/wp\/#organization"},"articleSection":["ECONOMIA \/ POL\u00cdTICA"],"inLanguage":"pt-BR"},{"@type":"WebPage","@id":"https:\/\/bahiaeconomica.com.br\/wp\/2026\/04\/29\/confianca-do-empresariado-baiano-tem-segunda-queda-consecutiva\/","url":"https:\/\/bahiaeconomica.com.br\/wp\/2026\/04\/29\/confianca-do-empresariado-baiano-tem-segunda-queda-consecutiva\/","name":"CONFIAN\u00c7A DO EMPRESARIADO BAIANO TEM SEGUNDA QUEDA CONSECUTIVA - Bahia Economica","isPartOf":{"@id":"https:\/\/bahiaeconomica.com.br\/wp\/#website"},"datePublished":"2026-04-29T22:01:48+00:00","dateModified":"2026-04-29T22:46:19+00:00","description":"O maior portal de Economia da Bahia ECONOMIA \/ POL\u00cdTICA Bahia Economica","breadcrumb":{"@id":"https:\/\/bahiaeconomica.com.br\/wp\/2026\/04\/29\/confianca-do-empresariado-baiano-tem-segunda-queda-consecutiva\/#breadcrumb"},"inLanguage":"pt-BR","potentialAction":[{"@type":"ReadAction","target":["https:\/\/bahiaeconomica.com.br\/wp\/2026\/04\/29\/confianca-do-empresariado-baiano-tem-segunda-queda-consecutiva\/"]}]},{"@type":"BreadcrumbList","@id":"https:\/\/bahiaeconomica.com.br\/wp\/2026\/04\/29\/confianca-do-empresariado-baiano-tem-segunda-queda-consecutiva\/#breadcrumb","itemListElement":[{"@type":"ListItem","position":1,"name":"In\u00edcio","item":"https:\/\/bahiaeconomica.com.br\/wp\/"},{"@type":"ListItem","position":2,"name":"CONFIAN\u00c7A DO EMPRESARIADO BAIANO TEM SEGUNDA QUEDA CONSECUTIVA"}]},{"@type":"WebSite","@id":"https:\/\/bahiaeconomica.com.br\/wp\/#website","url":"https:\/\/bahiaeconomica.com.br\/wp\/","name":"Bahia Economica","description":"O maior portal de Economia da Bahia","publisher":{"@id":"https:\/\/bahiaeconomica.com.br\/wp\/#organization"},"potentialAction":[{"@type":"SearchAction","target":{"@type":"EntryPoint","urlTemplate":"https:\/\/bahiaeconomica.com.br\/wp\/?s={search_term_string}"},"query-input":"required name=search_term_string"}],"inLanguage":"pt-BR"},{"@type":"Organization","@id":"https:\/\/bahiaeconomica.com.br\/wp\/#organization","name":"Bahia Econ\u00f4mica","url":"https:\/\/bahiaeconomica.com.br\/wp\/","logo":{"@type":"ImageObject","inLanguage":"pt-BR","@id":"https:\/\/bahiaeconomica.com.br\/wp\/#\/schema\/logo\/image\/","url":"https:\/\/bahiaeconomica.com.br\/wp\/wp-content\/uploads\/2020\/12\/cropped-BE.png","contentUrl":"https:\/\/bahiaeconomica.com.br\/wp\/wp-content\/uploads\/2020\/12\/cropped-BE.png","width":512,"height":512,"caption":"Bahia Econ\u00f4mica"},"image":{"@id":"https:\/\/bahiaeconomica.com.br\/wp\/#\/schema\/logo\/image\/"},"sameAs":["https:\/\/www.facebook.com\/bahiaeconomica"]},{"@type":"Person","@id":"https:\/\/bahiaeconomica.com.br\/wp\/#\/schema\/person\/b719ce0fb1c09f3c7a00d9243ced4a6f","name":"VICTORIA ISABEL","sameAs":["http:\/\/www.bahiaeconomica.com.br"],"url":"https:\/\/bahiaeconomica.com.br\/wp\/author\/victoria-isabel\/"}]}},"views":3,"_links":{"self":[{"href":"https:\/\/bahiaeconomica.com.br\/wp\/wp-json\/wp\/v2\/posts\/991963"}],"collection":[{"href":"https:\/\/bahiaeconomica.com.br\/wp\/wp-json\/wp\/v2\/posts"}],"about":[{"href":"https:\/\/bahiaeconomica.com.br\/wp\/wp-json\/wp\/v2\/types\/post"}],"author":[{"embeddable":true,"href":"https:\/\/bahiaeconomica.com.br\/wp\/wp-json\/wp\/v2\/users\/15"}],"replies":[{"embeddable":true,"href":"https:\/\/bahiaeconomica.com.br\/wp\/wp-json\/wp\/v2\/comments?post=991963"}],"version-history":[{"count":1,"href":"https:\/\/bahiaeconomica.com.br\/wp\/wp-json\/wp\/v2\/posts\/991963\/revisions"}],"predecessor-version":[{"id":991970,"href":"https:\/\/bahiaeconomica.com.br\/wp\/wp-json\/wp\/v2\/posts\/991963\/revisions\/991970"}],"wp:featuredmedia":[{"embeddable":true,"href":"https:\/\/bahiaeconomica.com.br\/wp\/wp-json\/wp\/v2\/media\/991969"}],"wp:attachment":[{"href":"https:\/\/bahiaeconomica.com.br\/wp\/wp-json\/wp\/v2\/media?parent=991963"}],"wp:term":[{"taxonomy":"category","embeddable":true,"href":"https:\/\/bahiaeconomica.com.br\/wp\/wp-json\/wp\/v2\/categories?post=991963"},{"taxonomy":"post_tag","embeddable":true,"href":"https:\/\/bahiaeconomica.com.br\/wp\/wp-json\/wp\/v2\/tags?post=991963"}],"curies":[{"name":"wp","href":"https:\/\/api.w.org\/{rel}","templated":true}]}}