{"id":991843,"date":"2026-04-29T11:20:42","date_gmt":"2026-04-29T14:20:42","guid":{"rendered":"https:\/\/bahiaeconomica.com.br\/wp\/?p=991843"},"modified":"2026-04-29T11:02:49","modified_gmt":"2026-04-29T14:02:49","slug":"manchas-na-maternidade-por-que-o-melasma-atinge-ate-75-das-gestantes-e-como-trata-lo","status":"publish","type":"post","link":"https:\/\/bahiaeconomica.com.br\/wp\/2026\/04\/29\/manchas-na-maternidade-por-que-o-melasma-atinge-ate-75-das-gestantes-e-como-trata-lo\/","title":{"rendered":"MANCHAS NA MATERNIDADE: POR QUE O MELASMA ATINGE AT\u00c9 75% DAS GESTANTES E COMO TRAT\u00c1-LO"},"content":{"rendered":"<p>O m\u00eas de maio, tradicionalmente dedicado \u00e0s m\u00e3es, traz \u00e0 luz um desafio dermatol\u00f3gico que afeta a sa\u00fade emocional de milhares de mulheres: o melasma. Estimativas da Sociedade Brasileira de Dermatologia (SBD) e estudos publicados no Journal of the American Academy of Dermatology indicam que entre 50% e 75% das gestantes desenvolvem algum grau de hiperpigmenta\u00e7\u00e3o. Em cidades com alta incid\u00eancia solar, como Salvador, o fen\u00f4meno \u2014 conhecido tecnicamente como cloasma grav\u00eddico \u2014 assume propor\u00e7\u00f5es de sa\u00fade p\u00fablica.<\/p>\n<p>De acordo com a m\u00e9dica Dani\u00e8l\u00e0 Hermes, a condi\u00e7\u00e3o \u00e9 um &#8220;coquetel biol\u00f3gico&#8221;. \u201cO estrog\u00eanio e a progesterona estimulam os melan\u00f3citos a produzir melanina em excesso. Quando somamos isso \u00e0 radia\u00e7\u00e3o UV e \u00e0 luz vis\u00edvel, o resultado s\u00e3o manchas profundas que, se n\u00e3o tratadas, podem se tornar cr\u00f4nicas\u201d, explica.<\/p>\n<p>Manchas que v\u00e3o al\u00e9m da est\u00e9tica<\/p>\n<p>O melasma se caracteriza pelo surgimento de manchas escuras, principalmente no rosto (testa, bochechas e bu\u00e7o), podendo tamb\u00e9m atingir outras \u00e1reas expostas ao sol. Embora n\u00e3o represente risco direto \u00e0 sa\u00fade, o impacto emocional \u00e9 significativo, afetando a autoestima e a qualidade de vida.<\/p>\n<p>O risco n\u00e3o \u00e9 distribu\u00eddo de forma igual. Mulheres com fototipos mais altos (peles pardas e negras) possuem melan\u00f3citos mais ativos, o que torna a popula\u00e7\u00e3o baiana particularmente suscet\u00edvel. Al\u00e9m das manchas, o per\u00edodo gestacional costuma vir acompanhado de:<\/p>\n<p>Hiperpigmenta\u00e7\u00e3o linear: aumento da &#8220;linha nigra&#8221; no abd\u00f4men.<\/p>\n<p>Altera\u00e7\u00f5es vasculares : acne gestacional (em at\u00e9 42% das mulheres) e estrias.<\/p>\n<p>\u201cS\u00e3o mudan\u00e7as naturais do corpo, mas que exigem acompanhamento e orienta\u00e7\u00e3o adequada para evitar agravamentos, principalmente em regi\u00f5es de clima quente e \u00famido como o nosso\u201d, refor\u00e7a Dani\u00e8l\u00e0 Hermes.<\/p>\n<p>P\u00f3s-parto: melhora parcial e riscos de agravamento<\/p>\n<p>A cren\u00e7a de que o melasma desaparece espontaneamente ap\u00f3s o parto \u00e9 um mito perigoso. Embora haja uma redu\u00e7\u00e3o hormonal, a &#8220;mem\u00f3ria&#8221; do melan\u00f3cito permanece, ou seja, o melasma, por exemplo, pode persistir por anos se n\u00e3o houver tratamento adequado.\u201cMuitas mulheres perdem a janela ideal de tratamento por acreditar que a regress\u00e3o ser\u00e1 total. Sem interven\u00e7\u00e3o e prote\u00e7\u00e3o rigorosa, a mancha estabiliza e o tratamento torna-se muito mais complexo\u201d, alerta a m\u00e9dica.<\/p>\n<p>Para mitigar os danos, o consenso dermatol\u00f3gico internacional sugere:<\/p>\n<p>* Uso di\u00e1rio de protetor solar (FPS 50 ou mais), com reaplica\u00e7\u00e3o ao longo do dia.<\/p>\n<p>* Evitar exposi\u00e7\u00e3o solar intensa, especialmente entre 10h e 16h.<\/p>\n<p>* Uso de chap\u00e9us e barreiras f\u00edsicas.<\/p>\n<p>* Hidrata\u00e7\u00e3o constante da pele.<\/p>\n<p>* Evitar produtos sem proced\u00eancia ou contraindicado para gestantes, como alguns \u00e1cidos e clareadores.<\/p>\n<p>\u201cUm erro comum \u00e9 o uso de produtos por conta pr\u00f3pria, principalmente pomadas e clareadores sem orienta\u00e7\u00e3o m\u00e9dica. Isso pode piorar o melasma ou causar danos irrevers\u00edveis \u00e0 pele\u201d, destaca Dani\u00e8l\u00e0 Hermes.<\/p>\n<p>Cr\u00e9dito: Getty Images<\/p>\n","protected":false},"excerpt":{"rendered":"<p>O m\u00eas de maio, tradicionalmente dedicado \u00e0s m\u00e3es, traz \u00e0 luz um desafio dermatol\u00f3gico que afeta a sa\u00fade emocional de milhares de mulheres: o melasma. Estimativas da Sociedade Brasileira de Dermatologia (SBD) e estudos publicados no Journal of the American Academy of Dermatology indicam que entre 50% e 75% das gestantes desenvolvem algum grau de [&hellip;]<\/p>\n","protected":false},"author":8,"featured_media":991844,"comment_status":"closed","ping_status":"closed","sticky":false,"template":"","format":"standard","meta":[],"categories":[5],"tags":[],"acf":[],"yoast_head":"<!-- This site is optimized with the Yoast SEO plugin v20.8 - https:\/\/yoast.com\/wordpress\/plugins\/seo\/ -->\n<title>MANCHAS NA MATERNIDADE: POR QUE O MELASMA ATINGE AT\u00c9 75% DAS GESTANTES E COMO TRAT\u00c1-LO - Bahia Economica<\/title>\n<meta name=\"description\" content=\"O maior portal de Economia da Bahia MUNIC\u00cdPIOS Bahia Economica melasma se caracteriza pelo surgimento de manchas escuras, principalmente no rosto (testa\" \/>\n<meta name=\"robots\" content=\"index, follow, max-snippet:-1, max-image-preview:large, max-video-preview:-1\" \/>\n<link rel=\"canonical\" href=\"https:\/\/bahiaeconomica.com.br\/wp\/2026\/04\/29\/manchas-na-maternidade-por-que-o-melasma-atinge-ate-75-das-gestantes-e-como-trata-lo\/\" \/>\n<meta property=\"og:locale\" content=\"pt_BR\" \/>\n<meta property=\"og:type\" content=\"article\" \/>\n<meta property=\"og:title\" content=\"MANCHAS NA MATERNIDADE: POR QUE O MELASMA ATINGE AT\u00c9 75% DAS GESTANTES E COMO TRAT\u00c1-LO - Bahia Economica\" \/>\n<meta property=\"og:description\" content=\"O maior portal de Economia da Bahia MUNIC\u00cdPIOS Bahia Economica melasma se caracteriza pelo surgimento de manchas escuras, principalmente no rosto (testa\" \/>\n<meta property=\"og:url\" content=\"https:\/\/bahiaeconomica.com.br\/wp\/2026\/04\/29\/manchas-na-maternidade-por-que-o-melasma-atinge-ate-75-das-gestantes-e-como-trata-lo\/\" \/>\n<meta property=\"og:site_name\" content=\"Bahia Economica\" \/>\n<meta property=\"article:publisher\" content=\"https:\/\/www.facebook.com\/bahiaeconomica\" \/>\n<meta property=\"article:published_time\" content=\"2026-04-29T14:20:42+00:00\" \/>\n<meta property=\"article:modified_time\" content=\"2026-04-29T14:02:49+00:00\" \/>\n<meta property=\"og:image\" content=\"https:\/\/bahiaeconomica.com.br\/wp\/wp-content\/uploads\/2026\/04\/WhatsApp-Image-2026-04-29-at-09.41.00.jpeg\" \/>\n\t<meta property=\"og:image:width\" content=\"1600\" \/>\n\t<meta property=\"og:image:height\" content=\"1066\" \/>\n\t<meta property=\"og:image:type\" content=\"image\/jpeg\" \/>\n<meta name=\"author\" content=\"JP\" \/>\n<meta name=\"twitter:card\" content=\"summary_large_image\" \/>\n<meta name=\"twitter:label1\" content=\"Escrito por\" \/>\n\t<meta name=\"twitter:data1\" content=\"JP\" \/>\n\t<meta name=\"twitter:label2\" content=\"Est. tempo de leitura\" \/>\n\t<meta name=\"twitter:data2\" content=\"3 minutos\" \/>\n<script type=\"application\/ld+json\" class=\"yoast-schema-graph\">{\"@context\":\"https:\/\/schema.org\",\"@graph\":[{\"@type\":\"Article\",\"@id\":\"https:\/\/bahiaeconomica.com.br\/wp\/2026\/04\/29\/manchas-na-maternidade-por-que-o-melasma-atinge-ate-75-das-gestantes-e-como-trata-lo\/#article\",\"isPartOf\":{\"@id\":\"https:\/\/bahiaeconomica.com.br\/wp\/2026\/04\/29\/manchas-na-maternidade-por-que-o-melasma-atinge-ate-75-das-gestantes-e-como-trata-lo\/\"},\"author\":{\"name\":\"JP\",\"@id\":\"https:\/\/bahiaeconomica.com.br\/wp\/#\/schema\/person\/c86d3a3f8960425a0f9d0e5245991f4e\"},\"headline\":\"MANCHAS NA MATERNIDADE: POR QUE O MELASMA ATINGE AT\u00c9 75% DAS GESTANTES E COMO TRAT\u00c1-LO\",\"datePublished\":\"2026-04-29T14:20:42+00:00\",\"dateModified\":\"2026-04-29T14:02:49+00:00\",\"mainEntityOfPage\":{\"@id\":\"https:\/\/bahiaeconomica.com.br\/wp\/2026\/04\/29\/manchas-na-maternidade-por-que-o-melasma-atinge-ate-75-das-gestantes-e-como-trata-lo\/\"},\"wordCount\":505,\"publisher\":{\"@id\":\"https:\/\/bahiaeconomica.com.br\/wp\/#organization\"},\"articleSection\":[\"MUNIC\u00cdPIOS\"],\"inLanguage\":\"pt-BR\"},{\"@type\":\"WebPage\",\"@id\":\"https:\/\/bahiaeconomica.com.br\/wp\/2026\/04\/29\/manchas-na-maternidade-por-que-o-melasma-atinge-ate-75-das-gestantes-e-como-trata-lo\/\",\"url\":\"https:\/\/bahiaeconomica.com.br\/wp\/2026\/04\/29\/manchas-na-maternidade-por-que-o-melasma-atinge-ate-75-das-gestantes-e-como-trata-lo\/\",\"name\":\"MANCHAS NA MATERNIDADE: POR QUE O MELASMA ATINGE AT\u00c9 75% DAS GESTANTES E COMO TRAT\u00c1-LO - Bahia Economica\",\"isPartOf\":{\"@id\":\"https:\/\/bahiaeconomica.com.br\/wp\/#website\"},\"datePublished\":\"2026-04-29T14:20:42+00:00\",\"dateModified\":\"2026-04-29T14:02:49+00:00\",\"description\":\"O maior portal de Economia da Bahia MUNIC\u00cdPIOS Bahia Economica melasma se caracteriza pelo surgimento de manchas escuras, principalmente no rosto (testa\",\"breadcrumb\":{\"@id\":\"https:\/\/bahiaeconomica.com.br\/wp\/2026\/04\/29\/manchas-na-maternidade-por-que-o-melasma-atinge-ate-75-das-gestantes-e-como-trata-lo\/#breadcrumb\"},\"inLanguage\":\"pt-BR\",\"potentialAction\":[{\"@type\":\"ReadAction\",\"target\":[\"https:\/\/bahiaeconomica.com.br\/wp\/2026\/04\/29\/manchas-na-maternidade-por-que-o-melasma-atinge-ate-75-das-gestantes-e-como-trata-lo\/\"]}]},{\"@type\":\"BreadcrumbList\",\"@id\":\"https:\/\/bahiaeconomica.com.br\/wp\/2026\/04\/29\/manchas-na-maternidade-por-que-o-melasma-atinge-ate-75-das-gestantes-e-como-trata-lo\/#breadcrumb\",\"itemListElement\":[{\"@type\":\"ListItem\",\"position\":1,\"name\":\"In\u00edcio\",\"item\":\"https:\/\/bahiaeconomica.com.br\/wp\/\"},{\"@type\":\"ListItem\",\"position\":2,\"name\":\"MANCHAS NA MATERNIDADE: POR QUE O MELASMA ATINGE AT\u00c9 75% DAS GESTANTES E COMO TRAT\u00c1-LO\"}]},{\"@type\":\"WebSite\",\"@id\":\"https:\/\/bahiaeconomica.com.br\/wp\/#website\",\"url\":\"https:\/\/bahiaeconomica.com.br\/wp\/\",\"name\":\"Bahia Economica\",\"description\":\"O maior portal de Economia da Bahia\",\"publisher\":{\"@id\":\"https:\/\/bahiaeconomica.com.br\/wp\/#organization\"},\"potentialAction\":[{\"@type\":\"SearchAction\",\"target\":{\"@type\":\"EntryPoint\",\"urlTemplate\":\"https:\/\/bahiaeconomica.com.br\/wp\/?s={search_term_string}\"},\"query-input\":\"required name=search_term_string\"}],\"inLanguage\":\"pt-BR\"},{\"@type\":\"Organization\",\"@id\":\"https:\/\/bahiaeconomica.com.br\/wp\/#organization\",\"name\":\"Bahia Econ\u00f4mica\",\"url\":\"https:\/\/bahiaeconomica.com.br\/wp\/\",\"logo\":{\"@type\":\"ImageObject\",\"inLanguage\":\"pt-BR\",\"@id\":\"https:\/\/bahiaeconomica.com.br\/wp\/#\/schema\/logo\/image\/\",\"url\":\"https:\/\/bahiaeconomica.com.br\/wp\/wp-content\/uploads\/2020\/12\/cropped-BE.png\",\"contentUrl\":\"https:\/\/bahiaeconomica.com.br\/wp\/wp-content\/uploads\/2020\/12\/cropped-BE.png\",\"width\":512,\"height\":512,\"caption\":\"Bahia Econ\u00f4mica\"},\"image\":{\"@id\":\"https:\/\/bahiaeconomica.com.br\/wp\/#\/schema\/logo\/image\/\"},\"sameAs\":[\"https:\/\/www.facebook.com\/bahiaeconomica\"]},{\"@type\":\"Person\",\"@id\":\"https:\/\/bahiaeconomica.com.br\/wp\/#\/schema\/person\/c86d3a3f8960425a0f9d0e5245991f4e\",\"name\":\"JP\",\"sameAs\":[\"https:\/\/bahiaeconomica.com.br\/wp\/beta\/\"],\"url\":\"https:\/\/bahiaeconomica.com.br\/wp\/author\/jp\/\"}]}<\/script>\n<!-- \/ Yoast SEO plugin. -->","yoast_head_json":{"title":"MANCHAS NA MATERNIDADE: POR QUE O MELASMA ATINGE AT\u00c9 75% DAS GESTANTES E COMO TRAT\u00c1-LO - Bahia Economica","description":"O maior portal de Economia da Bahia MUNIC\u00cdPIOS Bahia Economica melasma se caracteriza pelo surgimento de manchas escuras, principalmente no rosto (testa","robots":{"index":"index","follow":"follow","max-snippet":"max-snippet:-1","max-image-preview":"max-image-preview:large","max-video-preview":"max-video-preview:-1"},"canonical":"https:\/\/bahiaeconomica.com.br\/wp\/2026\/04\/29\/manchas-na-maternidade-por-que-o-melasma-atinge-ate-75-das-gestantes-e-como-trata-lo\/","og_locale":"pt_BR","og_type":"article","og_title":"MANCHAS NA MATERNIDADE: POR QUE O MELASMA ATINGE AT\u00c9 75% DAS GESTANTES E COMO TRAT\u00c1-LO - Bahia Economica","og_description":"O maior portal de Economia da Bahia MUNIC\u00cdPIOS Bahia Economica melasma se caracteriza pelo surgimento de manchas escuras, principalmente no rosto (testa","og_url":"https:\/\/bahiaeconomica.com.br\/wp\/2026\/04\/29\/manchas-na-maternidade-por-que-o-melasma-atinge-ate-75-das-gestantes-e-como-trata-lo\/","og_site_name":"Bahia Economica","article_publisher":"https:\/\/www.facebook.com\/bahiaeconomica","article_published_time":"2026-04-29T14:20:42+00:00","article_modified_time":"2026-04-29T14:02:49+00:00","og_image":[{"width":1600,"height":1066,"url":"https:\/\/bahiaeconomica.com.br\/wp\/wp-content\/uploads\/2026\/04\/WhatsApp-Image-2026-04-29-at-09.41.00.jpeg","type":"image\/jpeg"}],"author":"JP","twitter_card":"summary_large_image","twitter_misc":{"Escrito por":"JP","Est. tempo de leitura":"3 minutos"},"schema":{"@context":"https:\/\/schema.org","@graph":[{"@type":"Article","@id":"https:\/\/bahiaeconomica.com.br\/wp\/2026\/04\/29\/manchas-na-maternidade-por-que-o-melasma-atinge-ate-75-das-gestantes-e-como-trata-lo\/#article","isPartOf":{"@id":"https:\/\/bahiaeconomica.com.br\/wp\/2026\/04\/29\/manchas-na-maternidade-por-que-o-melasma-atinge-ate-75-das-gestantes-e-como-trata-lo\/"},"author":{"name":"JP","@id":"https:\/\/bahiaeconomica.com.br\/wp\/#\/schema\/person\/c86d3a3f8960425a0f9d0e5245991f4e"},"headline":"MANCHAS NA MATERNIDADE: POR QUE O MELASMA ATINGE AT\u00c9 75% DAS GESTANTES E COMO TRAT\u00c1-LO","datePublished":"2026-04-29T14:20:42+00:00","dateModified":"2026-04-29T14:02:49+00:00","mainEntityOfPage":{"@id":"https:\/\/bahiaeconomica.com.br\/wp\/2026\/04\/29\/manchas-na-maternidade-por-que-o-melasma-atinge-ate-75-das-gestantes-e-como-trata-lo\/"},"wordCount":505,"publisher":{"@id":"https:\/\/bahiaeconomica.com.br\/wp\/#organization"},"articleSection":["MUNIC\u00cdPIOS"],"inLanguage":"pt-BR"},{"@type":"WebPage","@id":"https:\/\/bahiaeconomica.com.br\/wp\/2026\/04\/29\/manchas-na-maternidade-por-que-o-melasma-atinge-ate-75-das-gestantes-e-como-trata-lo\/","url":"https:\/\/bahiaeconomica.com.br\/wp\/2026\/04\/29\/manchas-na-maternidade-por-que-o-melasma-atinge-ate-75-das-gestantes-e-como-trata-lo\/","name":"MANCHAS NA MATERNIDADE: POR QUE O MELASMA ATINGE AT\u00c9 75% DAS GESTANTES E COMO TRAT\u00c1-LO - Bahia Economica","isPartOf":{"@id":"https:\/\/bahiaeconomica.com.br\/wp\/#website"},"datePublished":"2026-04-29T14:20:42+00:00","dateModified":"2026-04-29T14:02:49+00:00","description":"O maior portal de Economia da Bahia MUNIC\u00cdPIOS Bahia Economica melasma se caracteriza pelo surgimento de manchas escuras, principalmente no rosto (testa","breadcrumb":{"@id":"https:\/\/bahiaeconomica.com.br\/wp\/2026\/04\/29\/manchas-na-maternidade-por-que-o-melasma-atinge-ate-75-das-gestantes-e-como-trata-lo\/#breadcrumb"},"inLanguage":"pt-BR","potentialAction":[{"@type":"ReadAction","target":["https:\/\/bahiaeconomica.com.br\/wp\/2026\/04\/29\/manchas-na-maternidade-por-que-o-melasma-atinge-ate-75-das-gestantes-e-como-trata-lo\/"]}]},{"@type":"BreadcrumbList","@id":"https:\/\/bahiaeconomica.com.br\/wp\/2026\/04\/29\/manchas-na-maternidade-por-que-o-melasma-atinge-ate-75-das-gestantes-e-como-trata-lo\/#breadcrumb","itemListElement":[{"@type":"ListItem","position":1,"name":"In\u00edcio","item":"https:\/\/bahiaeconomica.com.br\/wp\/"},{"@type":"ListItem","position":2,"name":"MANCHAS NA MATERNIDADE: POR QUE O MELASMA ATINGE AT\u00c9 75% DAS GESTANTES E COMO TRAT\u00c1-LO"}]},{"@type":"WebSite","@id":"https:\/\/bahiaeconomica.com.br\/wp\/#website","url":"https:\/\/bahiaeconomica.com.br\/wp\/","name":"Bahia Economica","description":"O maior portal de Economia da Bahia","publisher":{"@id":"https:\/\/bahiaeconomica.com.br\/wp\/#organization"},"potentialAction":[{"@type":"SearchAction","target":{"@type":"EntryPoint","urlTemplate":"https:\/\/bahiaeconomica.com.br\/wp\/?s={search_term_string}"},"query-input":"required name=search_term_string"}],"inLanguage":"pt-BR"},{"@type":"Organization","@id":"https:\/\/bahiaeconomica.com.br\/wp\/#organization","name":"Bahia Econ\u00f4mica","url":"https:\/\/bahiaeconomica.com.br\/wp\/","logo":{"@type":"ImageObject","inLanguage":"pt-BR","@id":"https:\/\/bahiaeconomica.com.br\/wp\/#\/schema\/logo\/image\/","url":"https:\/\/bahiaeconomica.com.br\/wp\/wp-content\/uploads\/2020\/12\/cropped-BE.png","contentUrl":"https:\/\/bahiaeconomica.com.br\/wp\/wp-content\/uploads\/2020\/12\/cropped-BE.png","width":512,"height":512,"caption":"Bahia Econ\u00f4mica"},"image":{"@id":"https:\/\/bahiaeconomica.com.br\/wp\/#\/schema\/logo\/image\/"},"sameAs":["https:\/\/www.facebook.com\/bahiaeconomica"]},{"@type":"Person","@id":"https:\/\/bahiaeconomica.com.br\/wp\/#\/schema\/person\/c86d3a3f8960425a0f9d0e5245991f4e","name":"JP","sameAs":["https:\/\/bahiaeconomica.com.br\/wp\/beta\/"],"url":"https:\/\/bahiaeconomica.com.br\/wp\/author\/jp\/"}]}},"views":6,"_links":{"self":[{"href":"https:\/\/bahiaeconomica.com.br\/wp\/wp-json\/wp\/v2\/posts\/991843"}],"collection":[{"href":"https:\/\/bahiaeconomica.com.br\/wp\/wp-json\/wp\/v2\/posts"}],"about":[{"href":"https:\/\/bahiaeconomica.com.br\/wp\/wp-json\/wp\/v2\/types\/post"}],"author":[{"embeddable":true,"href":"https:\/\/bahiaeconomica.com.br\/wp\/wp-json\/wp\/v2\/users\/8"}],"replies":[{"embeddable":true,"href":"https:\/\/bahiaeconomica.com.br\/wp\/wp-json\/wp\/v2\/comments?post=991843"}],"version-history":[{"count":1,"href":"https:\/\/bahiaeconomica.com.br\/wp\/wp-json\/wp\/v2\/posts\/991843\/revisions"}],"predecessor-version":[{"id":991845,"href":"https:\/\/bahiaeconomica.com.br\/wp\/wp-json\/wp\/v2\/posts\/991843\/revisions\/991845"}],"wp:featuredmedia":[{"embeddable":true,"href":"https:\/\/bahiaeconomica.com.br\/wp\/wp-json\/wp\/v2\/media\/991844"}],"wp:attachment":[{"href":"https:\/\/bahiaeconomica.com.br\/wp\/wp-json\/wp\/v2\/media?parent=991843"}],"wp:term":[{"taxonomy":"category","embeddable":true,"href":"https:\/\/bahiaeconomica.com.br\/wp\/wp-json\/wp\/v2\/categories?post=991843"},{"taxonomy":"post_tag","embeddable":true,"href":"https:\/\/bahiaeconomica.com.br\/wp\/wp-json\/wp\/v2\/tags?post=991843"}],"curies":[{"name":"wp","href":"https:\/\/api.w.org\/{rel}","templated":true}]}}