{"id":991818,"date":"2026-04-29T09:00:04","date_gmt":"2026-04-29T12:00:04","guid":{"rendered":"https:\/\/bahiaeconomica.com.br\/wp\/?p=991818"},"modified":"2026-04-29T09:00:29","modified_gmt":"2026-04-29T12:00:29","slug":"pesquisa-quaest-rui-costa-e-jaques-wagner-lideram-intencoes-de-votos-totais-para-o-senado","status":"publish","type":"post","link":"https:\/\/bahiaeconomica.com.br\/wp\/2026\/04\/29\/pesquisa-quaest-rui-costa-e-jaques-wagner-lideram-intencoes-de-votos-totais-para-o-senado\/","title":{"rendered":"PESQUISA QUAEST: RUI COSTA E JAQUES WAGNER LIDERAM INTEN\u00c7\u00d5ES DE VOTOS TOTAIS PARA O SENADO"},"content":{"rendered":"<p>Os petistas Rui Costa e Jaques Wagner lideram as inten\u00e7\u00f5es de votos totais na disputa pelo Senado Federal, nas duas vagas para a Bahia. A informa\u00e7\u00e3o foi apresentada na Pesquisa Quaest, divulgada pela TV Bahia, nesta quarta-feira (29). No levantamento, o ex-ministro da Casa Civil e o senador lideram com 24% e 22% respectivamente. Como haver\u00e1 duas vagas em disputa, a pesquisa considerou a combina\u00e7\u00e3o de votos totais e a ordem de prefer\u00eancia no primeiro voto:<\/p>\n<ul>\n<li>Rui Costa (PT): 31%<\/li>\n<li>Jaques Wagner (PT): 20%<\/li>\n<li>Jo\u00e3o Roma (PL): 10%<\/li>\n<li>Angelo Coronel (Republicanos): 4%<\/li>\n<li>Delliana Ricelli (PSOL): 1%<\/li>\n<li>Marcelo Santtana (DC): 0%<\/li>\n<li>Indecisos: 15%<\/li>\n<li>Branco\/Nulo\/N\u00e3o vai votar: 19.<\/li>\n<\/ul>\n<p>J\u00e1 o segundo voto foi liderado por Wagner e seguido por Rui:<\/p>\n<ul>\n<li>Jaques Wagner (PT): 24%<\/li>\n<li>Rui Costa (PT): 16%<\/li>\n<li>Jo\u00e3o Roma (PL): 7%<\/li>\n<li>Angelo Coronel (Republicanos): 7%<\/li>\n<li>Delliana Ricelli (PSOL): 1%<\/li>\n<li>Marcelo Santtana (DC): 1%<\/li>\n<li>Indecisos: 18%<\/li>\n<li>Branco\/Nulo\/N\u00e3o vai votar: 26%<\/li>\n<\/ul>\n<p>&nbsp;<\/p>\n<p>Foto: Divulga\u00e7\u00e3o<\/p>\n","protected":false},"excerpt":{"rendered":"<p>Os petistas Rui Costa e Jaques Wagner lideram as inten\u00e7\u00f5es de votos totais na disputa pelo Senado Federal, nas duas vagas para a Bahia. A informa\u00e7\u00e3o foi apresentada na Pesquisa Quaest, divulgada pela TV Bahia, nesta quarta-feira (29). No levantamento, o ex-ministro da Casa Civil e o senador lideram com 24% e 22% respectivamente. Como [&hellip;]<\/p>\n","protected":false},"author":8,"featured_media":991827,"comment_status":"closed","ping_status":"closed","sticky":false,"template":"","format":"standard","meta":[],"categories":[14,3,14601],"tags":[167,85,1544,182,940,17,855],"acf":[],"yoast_head":"<!-- This site is optimized with the Yoast SEO plugin v20.8 - https:\/\/yoast.com\/wordpress\/plugins\/seo\/ -->\n<title>PESQUISA QUAEST: RUI COSTA E JAQUES WAGNER LIDERAM INTEN\u00c7\u00d5ES DE VOTOS TOTAIS PARA O SENADO - Bahia Economica<\/title>\n<meta name=\"description\" content=\"O maior portal de Economia da Bahia DESTAQUE DO DIA, ECONOMIA \/ POL\u00cdTICA, Pol\u00edtica Bahia Economica\" \/>\n<meta name=\"robots\" content=\"index, follow, max-snippet:-1, max-image-preview:large, max-video-preview:-1\" \/>\n<link rel=\"canonical\" href=\"https:\/\/bahiaeconomica.com.br\/wp\/2026\/04\/29\/pesquisa-quaest-rui-costa-e-jaques-wagner-lideram-intencoes-de-votos-totais-para-o-senado\/\" \/>\n<meta property=\"og:locale\" content=\"pt_BR\" \/>\n<meta property=\"og:type\" content=\"article\" \/>\n<meta property=\"og:title\" content=\"PESQUISA QUAEST: RUI COSTA E JAQUES WAGNER LIDERAM INTEN\u00c7\u00d5ES DE VOTOS TOTAIS PARA O SENADO - Bahia Economica\" \/>\n<meta property=\"og:description\" content=\"O maior portal de Economia da Bahia DESTAQUE DO DIA, ECONOMIA \/ POL\u00cdTICA, Pol\u00edtica Bahia Economica\" \/>\n<meta property=\"og:url\" content=\"https:\/\/bahiaeconomica.com.br\/wp\/2026\/04\/29\/pesquisa-quaest-rui-costa-e-jaques-wagner-lideram-intencoes-de-votos-totais-para-o-senado\/\" \/>\n<meta property=\"og:site_name\" content=\"Bahia Economica\" \/>\n<meta property=\"article:publisher\" content=\"https:\/\/www.facebook.com\/bahiaeconomica\" \/>\n<meta property=\"article:published_time\" content=\"2026-04-29T12:00:04+00:00\" \/>\n<meta property=\"article:modified_time\" content=\"2026-04-29T12:00:29+00:00\" \/>\n<meta property=\"og:image\" content=\"https:\/\/bahiaeconomica.com.br\/wp\/wp-content\/uploads\/2026\/04\/Sem-tituloDDDDDDDDDDDDDDDDDDDDD.jpg\" \/>\n\t<meta property=\"og:image:width\" content=\"483\" \/>\n\t<meta property=\"og:image:height\" content=\"299\" \/>\n\t<meta property=\"og:image:type\" content=\"image\/jpeg\" \/>\n<meta name=\"author\" content=\"JP\" \/>\n<meta name=\"twitter:card\" content=\"summary_large_image\" \/>\n<meta name=\"twitter:label1\" content=\"Escrito por\" \/>\n\t<meta name=\"twitter:data1\" content=\"JP\" \/>\n\t<meta name=\"twitter:label2\" content=\"Est. tempo de leitura\" \/>\n\t<meta name=\"twitter:data2\" content=\"1 minuto\" \/>\n<script type=\"application\/ld+json\" class=\"yoast-schema-graph\">{\"@context\":\"https:\/\/schema.org\",\"@graph\":[{\"@type\":\"Article\",\"@id\":\"https:\/\/bahiaeconomica.com.br\/wp\/2026\/04\/29\/pesquisa-quaest-rui-costa-e-jaques-wagner-lideram-intencoes-de-votos-totais-para-o-senado\/#article\",\"isPartOf\":{\"@id\":\"https:\/\/bahiaeconomica.com.br\/wp\/2026\/04\/29\/pesquisa-quaest-rui-costa-e-jaques-wagner-lideram-intencoes-de-votos-totais-para-o-senado\/\"},\"author\":{\"name\":\"JP\",\"@id\":\"https:\/\/bahiaeconomica.com.br\/wp\/#\/schema\/person\/c86d3a3f8960425a0f9d0e5245991f4e\"},\"headline\":\"PESQUISA QUAEST: RUI COSTA E JAQUES WAGNER LIDERAM INTEN\u00c7\u00d5ES DE VOTOS TOTAIS PARA O SENADO\",\"datePublished\":\"2026-04-29T12:00:04+00:00\",\"dateModified\":\"2026-04-29T12:00:29+00:00\",\"mainEntityOfPage\":{\"@id\":\"https:\/\/bahiaeconomica.com.br\/wp\/2026\/04\/29\/pesquisa-quaest-rui-costa-e-jaques-wagner-lideram-intencoes-de-votos-totais-para-o-senado\/\"},\"wordCount\":161,\"publisher\":{\"@id\":\"https:\/\/bahiaeconomica.com.br\/wp\/#organization\"},\"keywords\":[\"ACM Neto\",\"Bahia\",\"jeronimo\",\"Lula\",\"roma\",\"rui\",\"senado\"],\"articleSection\":[\"DESTAQUE DO DIA\",\"ECONOMIA \/ POL\u00cdTICA\",\"Pol\u00edtica\"],\"inLanguage\":\"pt-BR\"},{\"@type\":\"WebPage\",\"@id\":\"https:\/\/bahiaeconomica.com.br\/wp\/2026\/04\/29\/pesquisa-quaest-rui-costa-e-jaques-wagner-lideram-intencoes-de-votos-totais-para-o-senado\/\",\"url\":\"https:\/\/bahiaeconomica.com.br\/wp\/2026\/04\/29\/pesquisa-quaest-rui-costa-e-jaques-wagner-lideram-intencoes-de-votos-totais-para-o-senado\/\",\"name\":\"PESQUISA QUAEST: RUI COSTA E JAQUES WAGNER LIDERAM INTEN\u00c7\u00d5ES DE VOTOS TOTAIS PARA O SENADO - Bahia Economica\",\"isPartOf\":{\"@id\":\"https:\/\/bahiaeconomica.com.br\/wp\/#website\"},\"datePublished\":\"2026-04-29T12:00:04+00:00\",\"dateModified\":\"2026-04-29T12:00:29+00:00\",\"description\":\"O maior portal de Economia da Bahia DESTAQUE DO DIA, ECONOMIA \/ POL\u00cdTICA, Pol\u00edtica Bahia Economica\",\"breadcrumb\":{\"@id\":\"https:\/\/bahiaeconomica.com.br\/wp\/2026\/04\/29\/pesquisa-quaest-rui-costa-e-jaques-wagner-lideram-intencoes-de-votos-totais-para-o-senado\/#breadcrumb\"},\"inLanguage\":\"pt-BR\",\"potentialAction\":[{\"@type\":\"ReadAction\",\"target\":[\"https:\/\/bahiaeconomica.com.br\/wp\/2026\/04\/29\/pesquisa-quaest-rui-costa-e-jaques-wagner-lideram-intencoes-de-votos-totais-para-o-senado\/\"]}]},{\"@type\":\"BreadcrumbList\",\"@id\":\"https:\/\/bahiaeconomica.com.br\/wp\/2026\/04\/29\/pesquisa-quaest-rui-costa-e-jaques-wagner-lideram-intencoes-de-votos-totais-para-o-senado\/#breadcrumb\",\"itemListElement\":[{\"@type\":\"ListItem\",\"position\":1,\"name\":\"In\u00edcio\",\"item\":\"https:\/\/bahiaeconomica.com.br\/wp\/\"},{\"@type\":\"ListItem\",\"position\":2,\"name\":\"PESQUISA QUAEST: RUI COSTA E JAQUES WAGNER LIDERAM INTEN\u00c7\u00d5ES DE VOTOS TOTAIS PARA O SENADO\"}]},{\"@type\":\"WebSite\",\"@id\":\"https:\/\/bahiaeconomica.com.br\/wp\/#website\",\"url\":\"https:\/\/bahiaeconomica.com.br\/wp\/\",\"name\":\"Bahia Economica\",\"description\":\"O maior portal de Economia da Bahia\",\"publisher\":{\"@id\":\"https:\/\/bahiaeconomica.com.br\/wp\/#organization\"},\"potentialAction\":[{\"@type\":\"SearchAction\",\"target\":{\"@type\":\"EntryPoint\",\"urlTemplate\":\"https:\/\/bahiaeconomica.com.br\/wp\/?s={search_term_string}\"},\"query-input\":\"required name=search_term_string\"}],\"inLanguage\":\"pt-BR\"},{\"@type\":\"Organization\",\"@id\":\"https:\/\/bahiaeconomica.com.br\/wp\/#organization\",\"name\":\"Bahia Econ\u00f4mica\",\"url\":\"https:\/\/bahiaeconomica.com.br\/wp\/\",\"logo\":{\"@type\":\"ImageObject\",\"inLanguage\":\"pt-BR\",\"@id\":\"https:\/\/bahiaeconomica.com.br\/wp\/#\/schema\/logo\/image\/\",\"url\":\"https:\/\/bahiaeconomica.com.br\/wp\/wp-content\/uploads\/2020\/12\/cropped-BE.png\",\"contentUrl\":\"https:\/\/bahiaeconomica.com.br\/wp\/wp-content\/uploads\/2020\/12\/cropped-BE.png\",\"width\":512,\"height\":512,\"caption\":\"Bahia Econ\u00f4mica\"},\"image\":{\"@id\":\"https:\/\/bahiaeconomica.com.br\/wp\/#\/schema\/logo\/image\/\"},\"sameAs\":[\"https:\/\/www.facebook.com\/bahiaeconomica\"]},{\"@type\":\"Person\",\"@id\":\"https:\/\/bahiaeconomica.com.br\/wp\/#\/schema\/person\/c86d3a3f8960425a0f9d0e5245991f4e\",\"name\":\"JP\",\"sameAs\":[\"https:\/\/bahiaeconomica.com.br\/wp\/beta\/\"],\"url\":\"https:\/\/bahiaeconomica.com.br\/wp\/author\/jp\/\"}]}<\/script>\n<!-- \/ Yoast SEO plugin. -->","yoast_head_json":{"title":"PESQUISA QUAEST: RUI COSTA E JAQUES WAGNER LIDERAM INTEN\u00c7\u00d5ES DE VOTOS TOTAIS PARA O SENADO - Bahia Economica","description":"O maior portal de Economia da Bahia DESTAQUE DO DIA, ECONOMIA \/ POL\u00cdTICA, Pol\u00edtica Bahia Economica","robots":{"index":"index","follow":"follow","max-snippet":"max-snippet:-1","max-image-preview":"max-image-preview:large","max-video-preview":"max-video-preview:-1"},"canonical":"https:\/\/bahiaeconomica.com.br\/wp\/2026\/04\/29\/pesquisa-quaest-rui-costa-e-jaques-wagner-lideram-intencoes-de-votos-totais-para-o-senado\/","og_locale":"pt_BR","og_type":"article","og_title":"PESQUISA QUAEST: RUI COSTA E JAQUES WAGNER LIDERAM INTEN\u00c7\u00d5ES DE VOTOS TOTAIS PARA O SENADO - Bahia Economica","og_description":"O maior portal de Economia da Bahia DESTAQUE DO DIA, ECONOMIA \/ POL\u00cdTICA, Pol\u00edtica Bahia Economica","og_url":"https:\/\/bahiaeconomica.com.br\/wp\/2026\/04\/29\/pesquisa-quaest-rui-costa-e-jaques-wagner-lideram-intencoes-de-votos-totais-para-o-senado\/","og_site_name":"Bahia Economica","article_publisher":"https:\/\/www.facebook.com\/bahiaeconomica","article_published_time":"2026-04-29T12:00:04+00:00","article_modified_time":"2026-04-29T12:00:29+00:00","og_image":[{"width":483,"height":299,"url":"https:\/\/bahiaeconomica.com.br\/wp\/wp-content\/uploads\/2026\/04\/Sem-tituloDDDDDDDDDDDDDDDDDDDDD.jpg","type":"image\/jpeg"}],"author":"JP","twitter_card":"summary_large_image","twitter_misc":{"Escrito por":"JP","Est. tempo de leitura":"1 minuto"},"schema":{"@context":"https:\/\/schema.org","@graph":[{"@type":"Article","@id":"https:\/\/bahiaeconomica.com.br\/wp\/2026\/04\/29\/pesquisa-quaest-rui-costa-e-jaques-wagner-lideram-intencoes-de-votos-totais-para-o-senado\/#article","isPartOf":{"@id":"https:\/\/bahiaeconomica.com.br\/wp\/2026\/04\/29\/pesquisa-quaest-rui-costa-e-jaques-wagner-lideram-intencoes-de-votos-totais-para-o-senado\/"},"author":{"name":"JP","@id":"https:\/\/bahiaeconomica.com.br\/wp\/#\/schema\/person\/c86d3a3f8960425a0f9d0e5245991f4e"},"headline":"PESQUISA QUAEST: RUI COSTA E JAQUES WAGNER LIDERAM INTEN\u00c7\u00d5ES DE VOTOS TOTAIS PARA O SENADO","datePublished":"2026-04-29T12:00:04+00:00","dateModified":"2026-04-29T12:00:29+00:00","mainEntityOfPage":{"@id":"https:\/\/bahiaeconomica.com.br\/wp\/2026\/04\/29\/pesquisa-quaest-rui-costa-e-jaques-wagner-lideram-intencoes-de-votos-totais-para-o-senado\/"},"wordCount":161,"publisher":{"@id":"https:\/\/bahiaeconomica.com.br\/wp\/#organization"},"keywords":["ACM Neto","Bahia","jeronimo","Lula","roma","rui","senado"],"articleSection":["DESTAQUE DO DIA","ECONOMIA \/ POL\u00cdTICA","Pol\u00edtica"],"inLanguage":"pt-BR"},{"@type":"WebPage","@id":"https:\/\/bahiaeconomica.com.br\/wp\/2026\/04\/29\/pesquisa-quaest-rui-costa-e-jaques-wagner-lideram-intencoes-de-votos-totais-para-o-senado\/","url":"https:\/\/bahiaeconomica.com.br\/wp\/2026\/04\/29\/pesquisa-quaest-rui-costa-e-jaques-wagner-lideram-intencoes-de-votos-totais-para-o-senado\/","name":"PESQUISA QUAEST: RUI COSTA E JAQUES WAGNER LIDERAM INTEN\u00c7\u00d5ES DE VOTOS TOTAIS PARA O SENADO - Bahia Economica","isPartOf":{"@id":"https:\/\/bahiaeconomica.com.br\/wp\/#website"},"datePublished":"2026-04-29T12:00:04+00:00","dateModified":"2026-04-29T12:00:29+00:00","description":"O maior portal de Economia da Bahia DESTAQUE DO DIA, ECONOMIA \/ POL\u00cdTICA, Pol\u00edtica Bahia Economica","breadcrumb":{"@id":"https:\/\/bahiaeconomica.com.br\/wp\/2026\/04\/29\/pesquisa-quaest-rui-costa-e-jaques-wagner-lideram-intencoes-de-votos-totais-para-o-senado\/#breadcrumb"},"inLanguage":"pt-BR","potentialAction":[{"@type":"ReadAction","target":["https:\/\/bahiaeconomica.com.br\/wp\/2026\/04\/29\/pesquisa-quaest-rui-costa-e-jaques-wagner-lideram-intencoes-de-votos-totais-para-o-senado\/"]}]},{"@type":"BreadcrumbList","@id":"https:\/\/bahiaeconomica.com.br\/wp\/2026\/04\/29\/pesquisa-quaest-rui-costa-e-jaques-wagner-lideram-intencoes-de-votos-totais-para-o-senado\/#breadcrumb","itemListElement":[{"@type":"ListItem","position":1,"name":"In\u00edcio","item":"https:\/\/bahiaeconomica.com.br\/wp\/"},{"@type":"ListItem","position":2,"name":"PESQUISA QUAEST: RUI COSTA E JAQUES WAGNER LIDERAM INTEN\u00c7\u00d5ES DE VOTOS TOTAIS PARA O SENADO"}]},{"@type":"WebSite","@id":"https:\/\/bahiaeconomica.com.br\/wp\/#website","url":"https:\/\/bahiaeconomica.com.br\/wp\/","name":"Bahia Economica","description":"O maior portal de Economia da Bahia","publisher":{"@id":"https:\/\/bahiaeconomica.com.br\/wp\/#organization"},"potentialAction":[{"@type":"SearchAction","target":{"@type":"EntryPoint","urlTemplate":"https:\/\/bahiaeconomica.com.br\/wp\/?s={search_term_string}"},"query-input":"required name=search_term_string"}],"inLanguage":"pt-BR"},{"@type":"Organization","@id":"https:\/\/bahiaeconomica.com.br\/wp\/#organization","name":"Bahia Econ\u00f4mica","url":"https:\/\/bahiaeconomica.com.br\/wp\/","logo":{"@type":"ImageObject","inLanguage":"pt-BR","@id":"https:\/\/bahiaeconomica.com.br\/wp\/#\/schema\/logo\/image\/","url":"https:\/\/bahiaeconomica.com.br\/wp\/wp-content\/uploads\/2020\/12\/cropped-BE.png","contentUrl":"https:\/\/bahiaeconomica.com.br\/wp\/wp-content\/uploads\/2020\/12\/cropped-BE.png","width":512,"height":512,"caption":"Bahia Econ\u00f4mica"},"image":{"@id":"https:\/\/bahiaeconomica.com.br\/wp\/#\/schema\/logo\/image\/"},"sameAs":["https:\/\/www.facebook.com\/bahiaeconomica"]},{"@type":"Person","@id":"https:\/\/bahiaeconomica.com.br\/wp\/#\/schema\/person\/c86d3a3f8960425a0f9d0e5245991f4e","name":"JP","sameAs":["https:\/\/bahiaeconomica.com.br\/wp\/beta\/"],"url":"https:\/\/bahiaeconomica.com.br\/wp\/author\/jp\/"}]}},"views":29,"_links":{"self":[{"href":"https:\/\/bahiaeconomica.com.br\/wp\/wp-json\/wp\/v2\/posts\/991818"}],"collection":[{"href":"https:\/\/bahiaeconomica.com.br\/wp\/wp-json\/wp\/v2\/posts"}],"about":[{"href":"https:\/\/bahiaeconomica.com.br\/wp\/wp-json\/wp\/v2\/types\/post"}],"author":[{"embeddable":true,"href":"https:\/\/bahiaeconomica.com.br\/wp\/wp-json\/wp\/v2\/users\/8"}],"replies":[{"embeddable":true,"href":"https:\/\/bahiaeconomica.com.br\/wp\/wp-json\/wp\/v2\/comments?post=991818"}],"version-history":[{"count":1,"href":"https:\/\/bahiaeconomica.com.br\/wp\/wp-json\/wp\/v2\/posts\/991818\/revisions"}],"predecessor-version":[{"id":991821,"href":"https:\/\/bahiaeconomica.com.br\/wp\/wp-json\/wp\/v2\/posts\/991818\/revisions\/991821"}],"wp:featuredmedia":[{"embeddable":true,"href":"https:\/\/bahiaeconomica.com.br\/wp\/wp-json\/wp\/v2\/media\/991827"}],"wp:attachment":[{"href":"https:\/\/bahiaeconomica.com.br\/wp\/wp-json\/wp\/v2\/media?parent=991818"}],"wp:term":[{"taxonomy":"category","embeddable":true,"href":"https:\/\/bahiaeconomica.com.br\/wp\/wp-json\/wp\/v2\/categories?post=991818"},{"taxonomy":"post_tag","embeddable":true,"href":"https:\/\/bahiaeconomica.com.br\/wp\/wp-json\/wp\/v2\/tags?post=991818"}],"curies":[{"name":"wp","href":"https:\/\/api.w.org\/{rel}","templated":true}]}}