{"id":991789,"date":"2026-04-29T09:02:17","date_gmt":"2026-04-29T12:02:17","guid":{"rendered":"https:\/\/bahiaeconomica.com.br\/wp\/?p=991789"},"modified":"2026-04-29T09:46:19","modified_gmt":"2026-04-29T12:46:19","slug":"pesquisa-quaest-73-dos-baianos-ainda-nao-decidiram-em-quem-votar-veja-numeros","status":"publish","type":"post","link":"https:\/\/bahiaeconomica.com.br\/wp\/2026\/04\/29\/pesquisa-quaest-73-dos-baianos-ainda-nao-decidiram-em-quem-votar-veja-numeros\/","title":{"rendered":"PESQUISA QUAEST: ACM NETO E JER\u00d4NIMO RODRIGUES EST\u00c3O EMPATADOS T\u00c9CNICAMENTE E NETO VENCERIA NO SEGUNDO TURNO; VEJA N\u00daMEROS"},"content":{"rendered":"<p>Um levantamento da Quaest divulgado nesta quarta-feira (29) indica um cen\u00e1rio equilibrado na disputa pelo governo da Bahia. Em dois cen\u00e1rios de primeiro turno testados, h\u00e1 empate t\u00e9cnico entre ACM Neto (Uni\u00e3o Brasil) e Jer\u00f4nimo Rodrigues (PT), que busca a reelei\u00e7\u00e3o.<\/p>\n<p>Na primeira simula\u00e7\u00e3o, com quatro pr\u00e9-candidatos, ACM Neto aparece com 41% das inten\u00e7\u00f5es de voto, enquanto Jer\u00f4nimo tem 37%. Como a margem de erro \u00e9 de tr\u00eas pontos percentuais para mais ou para menos, os n\u00fameros configuram empate t\u00e9cnico. Tamb\u00e9m aparecem Ronaldo Mansur com 1% e Jos\u00e9 Estev\u00e3o sem pontuar. Indecisos somam 11%, e 10% afirmam votar em branco, nulo ou n\u00e3o votar.<\/p>\n<p>No segundo cen\u00e1rio, com tr\u00eas nomes, ACM Neto mant\u00e9m 41%, enquanto Jer\u00f4nimo registra 36%. Ronaldo Mansur segue com 1%. Nesse recorte, 14% dos entrevistados se disseram indecisos e 8% indicaram voto branco, nulo ou absten\u00e7\u00e3o.<\/p>\n<p>A pesquisa foi encomendada pela Genial Investimentos e ouviu 1.200 pessoas com 16 anos ou mais entre os dias 23 e 27 de abril. O n\u00edvel de confian\u00e7a \u00e9 de 95%.<\/p>\n<p>O levantamento tamb\u00e9m simulou um eventual segundo turno entre os dois principais nomes. Nesse caso, ACM Neto aparece com 41% das inten\u00e7\u00f5es de voto, contra 38% de Jer\u00f4nimo Rodrigues. Outros 12% n\u00e3o souberam responder, e 9% declararam inten\u00e7\u00e3o de votar em branco, nulo ou se abster. Veja os n\u00fameros:<\/p>\n<ul>\n<li>ACM Neto (Uni\u00e3o): 41%<\/li>\n<li>Jer\u00f4nimo Rodrigues (PT): 37%<\/li>\n<li>Ronaldo Mansur (PSol): 1%<\/li>\n<li>Jos\u00e9 Estev\u00e3o (DC): 0%<\/li>\n<li>Indecisos: 11%<\/li>\n<li>Branco\/Nulo\/N\u00e3o vai votar: 10%<\/li>\n<\/ul>\n<p>Na simula\u00e7\u00e3o de segundo turno, o ex-prefeito mant\u00e9m a vantagem:<\/p>\n<ul>\n<li>ACM Neto: 41%<\/li>\n<li>Jer\u00f4nimo Rodrigues: 38%<\/li>\n<li>Indecisos: 12%<\/li>\n<li>Branco\/Nulo\/N\u00e3o vai votar: 9%<\/li>\n<\/ul>\n<p>&nbsp;<\/p>\n<p>Foto: Ag\u00eancia Brasil \/ Planalto<\/p>\n","protected":false},"excerpt":{"rendered":"<p>Um levantamento da Quaest divulgado nesta quarta-feira (29) indica um cen\u00e1rio equilibrado na disputa pelo governo da Bahia. Em dois cen\u00e1rios de primeiro turno testados, h\u00e1 empate t\u00e9cnico entre ACM Neto (Uni\u00e3o Brasil) e Jer\u00f4nimo Rodrigues (PT), que busca a reelei\u00e7\u00e3o. Na primeira simula\u00e7\u00e3o, com quatro pr\u00e9-candidatos, ACM Neto aparece com 41% das inten\u00e7\u00f5es de [&hellip;]<\/p>\n","protected":false},"author":8,"featured_media":991790,"comment_status":"closed","ping_status":"closed","sticky":false,"template":"","format":"standard","meta":[],"categories":[14,3],"tags":[85,213,1544],"acf":[],"yoast_head":"<!-- This site is optimized with the Yoast SEO plugin v20.8 - https:\/\/yoast.com\/wordpress\/plugins\/seo\/ -->\n<title>PESQUISA QUAEST: ACM NETO E JER\u00d4NIMO RODRIGUES EST\u00c3O EMPATADOS T\u00c9CNICAMENTE E NETO VENCERIA NO SEGUNDO TURNO; VEJA N\u00daMEROS - Bahia Economica<\/title>\n<meta name=\"description\" content=\"O maior portal de Economia da Bahia DESTAQUE DO DIA, ECONOMIA \/ POL\u00cdTICA Bahia Economica A Pesquisa Genial Quaest apontou que 73% dos baianos ainda n\u00e3o decidiram\" \/>\n<meta name=\"robots\" content=\"index, follow, max-snippet:-1, max-image-preview:large, max-video-preview:-1\" \/>\n<link rel=\"canonical\" href=\"https:\/\/bahiaeconomica.com.br\/wp\/2026\/04\/29\/pesquisa-quaest-73-dos-baianos-ainda-nao-decidiram-em-quem-votar-veja-numeros\/\" \/>\n<meta property=\"og:locale\" content=\"pt_BR\" \/>\n<meta property=\"og:type\" content=\"article\" \/>\n<meta property=\"og:title\" content=\"PESQUISA QUAEST: ACM NETO E JER\u00d4NIMO RODRIGUES EST\u00c3O EMPATADOS T\u00c9CNICAMENTE E NETO VENCERIA NO SEGUNDO TURNO; VEJA N\u00daMEROS - Bahia Economica\" \/>\n<meta property=\"og:description\" content=\"O maior portal de Economia da Bahia DESTAQUE DO DIA, ECONOMIA \/ POL\u00cdTICA Bahia Economica A Pesquisa Genial Quaest apontou que 73% dos baianos ainda n\u00e3o decidiram\" \/>\n<meta property=\"og:url\" content=\"https:\/\/bahiaeconomica.com.br\/wp\/2026\/04\/29\/pesquisa-quaest-73-dos-baianos-ainda-nao-decidiram-em-quem-votar-veja-numeros\/\" \/>\n<meta property=\"og:site_name\" content=\"Bahia Economica\" \/>\n<meta property=\"article:publisher\" content=\"https:\/\/www.facebook.com\/bahiaeconomica\" \/>\n<meta property=\"article:published_time\" content=\"2026-04-29T12:02:17+00:00\" \/>\n<meta property=\"article:modified_time\" content=\"2026-04-29T12:46:19+00:00\" \/>\n<meta property=\"og:image\" content=\"https:\/\/bahiaeconomica.com.br\/wp\/wp-content\/uploads\/2026\/04\/IMAGEM_NOTICIA_9-3.webp\" \/>\n\t<meta property=\"og:image:width\" content=\"1200\" \/>\n\t<meta property=\"og:image:height\" content=\"630\" \/>\n\t<meta property=\"og:image:type\" content=\"image\/webp\" \/>\n<meta name=\"author\" content=\"JP\" \/>\n<meta name=\"twitter:card\" content=\"summary_large_image\" \/>\n<meta name=\"twitter:label1\" content=\"Escrito por\" \/>\n\t<meta name=\"twitter:data1\" content=\"JP\" \/>\n\t<meta name=\"twitter:label2\" content=\"Est. tempo de leitura\" \/>\n\t<meta name=\"twitter:data2\" content=\"2 minutos\" \/>\n<script type=\"application\/ld+json\" class=\"yoast-schema-graph\">{\"@context\":\"https:\/\/schema.org\",\"@graph\":[{\"@type\":\"Article\",\"@id\":\"https:\/\/bahiaeconomica.com.br\/wp\/2026\/04\/29\/pesquisa-quaest-73-dos-baianos-ainda-nao-decidiram-em-quem-votar-veja-numeros\/#article\",\"isPartOf\":{\"@id\":\"https:\/\/bahiaeconomica.com.br\/wp\/2026\/04\/29\/pesquisa-quaest-73-dos-baianos-ainda-nao-decidiram-em-quem-votar-veja-numeros\/\"},\"author\":{\"name\":\"JP\",\"@id\":\"https:\/\/bahiaeconomica.com.br\/wp\/#\/schema\/person\/c86d3a3f8960425a0f9d0e5245991f4e\"},\"headline\":\"PESQUISA QUAEST: ACM NETO E JER\u00d4NIMO RODRIGUES EST\u00c3O EMPATADOS T\u00c9CNICAMENTE E NETO VENCERIA NO SEGUNDO TURNO; VEJA N\u00daMEROS\",\"datePublished\":\"2026-04-29T12:02:17+00:00\",\"dateModified\":\"2026-04-29T12:46:19+00:00\",\"mainEntityOfPage\":{\"@id\":\"https:\/\/bahiaeconomica.com.br\/wp\/2026\/04\/29\/pesquisa-quaest-73-dos-baianos-ainda-nao-decidiram-em-quem-votar-veja-numeros\/\"},\"wordCount\":300,\"publisher\":{\"@id\":\"https:\/\/bahiaeconomica.com.br\/wp\/#organization\"},\"keywords\":[\"Bahia\",\"Economia\",\"jeronimo\"],\"articleSection\":[\"DESTAQUE DO DIA\",\"ECONOMIA \/ POL\u00cdTICA\"],\"inLanguage\":\"pt-BR\"},{\"@type\":\"WebPage\",\"@id\":\"https:\/\/bahiaeconomica.com.br\/wp\/2026\/04\/29\/pesquisa-quaest-73-dos-baianos-ainda-nao-decidiram-em-quem-votar-veja-numeros\/\",\"url\":\"https:\/\/bahiaeconomica.com.br\/wp\/2026\/04\/29\/pesquisa-quaest-73-dos-baianos-ainda-nao-decidiram-em-quem-votar-veja-numeros\/\",\"name\":\"PESQUISA QUAEST: ACM NETO E JER\u00d4NIMO RODRIGUES EST\u00c3O EMPATADOS T\u00c9CNICAMENTE E NETO VENCERIA NO SEGUNDO TURNO; VEJA N\u00daMEROS - Bahia Economica\",\"isPartOf\":{\"@id\":\"https:\/\/bahiaeconomica.com.br\/wp\/#website\"},\"datePublished\":\"2026-04-29T12:02:17+00:00\",\"dateModified\":\"2026-04-29T12:46:19+00:00\",\"description\":\"O maior portal de Economia da Bahia DESTAQUE DO DIA, ECONOMIA \/ POL\u00cdTICA Bahia Economica A Pesquisa Genial Quaest apontou que 73% dos baianos ainda n\u00e3o decidiram\",\"breadcrumb\":{\"@id\":\"https:\/\/bahiaeconomica.com.br\/wp\/2026\/04\/29\/pesquisa-quaest-73-dos-baianos-ainda-nao-decidiram-em-quem-votar-veja-numeros\/#breadcrumb\"},\"inLanguage\":\"pt-BR\",\"potentialAction\":[{\"@type\":\"ReadAction\",\"target\":[\"https:\/\/bahiaeconomica.com.br\/wp\/2026\/04\/29\/pesquisa-quaest-73-dos-baianos-ainda-nao-decidiram-em-quem-votar-veja-numeros\/\"]}]},{\"@type\":\"BreadcrumbList\",\"@id\":\"https:\/\/bahiaeconomica.com.br\/wp\/2026\/04\/29\/pesquisa-quaest-73-dos-baianos-ainda-nao-decidiram-em-quem-votar-veja-numeros\/#breadcrumb\",\"itemListElement\":[{\"@type\":\"ListItem\",\"position\":1,\"name\":\"In\u00edcio\",\"item\":\"https:\/\/bahiaeconomica.com.br\/wp\/\"},{\"@type\":\"ListItem\",\"position\":2,\"name\":\"PESQUISA QUAEST: ACM NETO E JER\u00d4NIMO RODRIGUES EST\u00c3O EMPATADOS T\u00c9CNICAMENTE E NETO VENCERIA NO SEGUNDO TURNO; VEJA N\u00daMEROS\"}]},{\"@type\":\"WebSite\",\"@id\":\"https:\/\/bahiaeconomica.com.br\/wp\/#website\",\"url\":\"https:\/\/bahiaeconomica.com.br\/wp\/\",\"name\":\"Bahia Economica\",\"description\":\"O maior portal de Economia da Bahia\",\"publisher\":{\"@id\":\"https:\/\/bahiaeconomica.com.br\/wp\/#organization\"},\"potentialAction\":[{\"@type\":\"SearchAction\",\"target\":{\"@type\":\"EntryPoint\",\"urlTemplate\":\"https:\/\/bahiaeconomica.com.br\/wp\/?s={search_term_string}\"},\"query-input\":\"required name=search_term_string\"}],\"inLanguage\":\"pt-BR\"},{\"@type\":\"Organization\",\"@id\":\"https:\/\/bahiaeconomica.com.br\/wp\/#organization\",\"name\":\"Bahia Econ\u00f4mica\",\"url\":\"https:\/\/bahiaeconomica.com.br\/wp\/\",\"logo\":{\"@type\":\"ImageObject\",\"inLanguage\":\"pt-BR\",\"@id\":\"https:\/\/bahiaeconomica.com.br\/wp\/#\/schema\/logo\/image\/\",\"url\":\"https:\/\/bahiaeconomica.com.br\/wp\/wp-content\/uploads\/2020\/12\/cropped-BE.png\",\"contentUrl\":\"https:\/\/bahiaeconomica.com.br\/wp\/wp-content\/uploads\/2020\/12\/cropped-BE.png\",\"width\":512,\"height\":512,\"caption\":\"Bahia Econ\u00f4mica\"},\"image\":{\"@id\":\"https:\/\/bahiaeconomica.com.br\/wp\/#\/schema\/logo\/image\/\"},\"sameAs\":[\"https:\/\/www.facebook.com\/bahiaeconomica\"]},{\"@type\":\"Person\",\"@id\":\"https:\/\/bahiaeconomica.com.br\/wp\/#\/schema\/person\/c86d3a3f8960425a0f9d0e5245991f4e\",\"name\":\"JP\",\"sameAs\":[\"https:\/\/bahiaeconomica.com.br\/wp\/beta\/\"],\"url\":\"https:\/\/bahiaeconomica.com.br\/wp\/author\/jp\/\"}]}<\/script>\n<!-- \/ Yoast SEO plugin. -->","yoast_head_json":{"title":"PESQUISA QUAEST: ACM NETO E JER\u00d4NIMO RODRIGUES EST\u00c3O EMPATADOS T\u00c9CNICAMENTE E NETO VENCERIA NO SEGUNDO TURNO; VEJA N\u00daMEROS - Bahia Economica","description":"O maior portal de Economia da Bahia DESTAQUE DO DIA, ECONOMIA \/ POL\u00cdTICA Bahia Economica A Pesquisa Genial Quaest apontou que 73% dos baianos ainda n\u00e3o decidiram","robots":{"index":"index","follow":"follow","max-snippet":"max-snippet:-1","max-image-preview":"max-image-preview:large","max-video-preview":"max-video-preview:-1"},"canonical":"https:\/\/bahiaeconomica.com.br\/wp\/2026\/04\/29\/pesquisa-quaest-73-dos-baianos-ainda-nao-decidiram-em-quem-votar-veja-numeros\/","og_locale":"pt_BR","og_type":"article","og_title":"PESQUISA QUAEST: ACM NETO E JER\u00d4NIMO RODRIGUES EST\u00c3O EMPATADOS T\u00c9CNICAMENTE E NETO VENCERIA NO SEGUNDO TURNO; VEJA N\u00daMEROS - Bahia Economica","og_description":"O maior portal de Economia da Bahia DESTAQUE DO DIA, ECONOMIA \/ POL\u00cdTICA Bahia Economica A Pesquisa Genial Quaest apontou que 73% dos baianos ainda n\u00e3o decidiram","og_url":"https:\/\/bahiaeconomica.com.br\/wp\/2026\/04\/29\/pesquisa-quaest-73-dos-baianos-ainda-nao-decidiram-em-quem-votar-veja-numeros\/","og_site_name":"Bahia Economica","article_publisher":"https:\/\/www.facebook.com\/bahiaeconomica","article_published_time":"2026-04-29T12:02:17+00:00","article_modified_time":"2026-04-29T12:46:19+00:00","og_image":[{"width":1200,"height":630,"url":"https:\/\/bahiaeconomica.com.br\/wp\/wp-content\/uploads\/2026\/04\/IMAGEM_NOTICIA_9-3.webp","type":"image\/webp"}],"author":"JP","twitter_card":"summary_large_image","twitter_misc":{"Escrito por":"JP","Est. tempo de leitura":"2 minutos"},"schema":{"@context":"https:\/\/schema.org","@graph":[{"@type":"Article","@id":"https:\/\/bahiaeconomica.com.br\/wp\/2026\/04\/29\/pesquisa-quaest-73-dos-baianos-ainda-nao-decidiram-em-quem-votar-veja-numeros\/#article","isPartOf":{"@id":"https:\/\/bahiaeconomica.com.br\/wp\/2026\/04\/29\/pesquisa-quaest-73-dos-baianos-ainda-nao-decidiram-em-quem-votar-veja-numeros\/"},"author":{"name":"JP","@id":"https:\/\/bahiaeconomica.com.br\/wp\/#\/schema\/person\/c86d3a3f8960425a0f9d0e5245991f4e"},"headline":"PESQUISA QUAEST: ACM NETO E JER\u00d4NIMO RODRIGUES EST\u00c3O EMPATADOS T\u00c9CNICAMENTE E NETO VENCERIA NO SEGUNDO TURNO; VEJA N\u00daMEROS","datePublished":"2026-04-29T12:02:17+00:00","dateModified":"2026-04-29T12:46:19+00:00","mainEntityOfPage":{"@id":"https:\/\/bahiaeconomica.com.br\/wp\/2026\/04\/29\/pesquisa-quaest-73-dos-baianos-ainda-nao-decidiram-em-quem-votar-veja-numeros\/"},"wordCount":300,"publisher":{"@id":"https:\/\/bahiaeconomica.com.br\/wp\/#organization"},"keywords":["Bahia","Economia","jeronimo"],"articleSection":["DESTAQUE DO DIA","ECONOMIA \/ POL\u00cdTICA"],"inLanguage":"pt-BR"},{"@type":"WebPage","@id":"https:\/\/bahiaeconomica.com.br\/wp\/2026\/04\/29\/pesquisa-quaest-73-dos-baianos-ainda-nao-decidiram-em-quem-votar-veja-numeros\/","url":"https:\/\/bahiaeconomica.com.br\/wp\/2026\/04\/29\/pesquisa-quaest-73-dos-baianos-ainda-nao-decidiram-em-quem-votar-veja-numeros\/","name":"PESQUISA QUAEST: ACM NETO E JER\u00d4NIMO RODRIGUES EST\u00c3O EMPATADOS T\u00c9CNICAMENTE E NETO VENCERIA NO SEGUNDO TURNO; VEJA N\u00daMEROS - Bahia Economica","isPartOf":{"@id":"https:\/\/bahiaeconomica.com.br\/wp\/#website"},"datePublished":"2026-04-29T12:02:17+00:00","dateModified":"2026-04-29T12:46:19+00:00","description":"O maior portal de Economia da Bahia DESTAQUE DO DIA, ECONOMIA \/ POL\u00cdTICA Bahia Economica A Pesquisa Genial Quaest apontou que 73% dos baianos ainda n\u00e3o decidiram","breadcrumb":{"@id":"https:\/\/bahiaeconomica.com.br\/wp\/2026\/04\/29\/pesquisa-quaest-73-dos-baianos-ainda-nao-decidiram-em-quem-votar-veja-numeros\/#breadcrumb"},"inLanguage":"pt-BR","potentialAction":[{"@type":"ReadAction","target":["https:\/\/bahiaeconomica.com.br\/wp\/2026\/04\/29\/pesquisa-quaest-73-dos-baianos-ainda-nao-decidiram-em-quem-votar-veja-numeros\/"]}]},{"@type":"BreadcrumbList","@id":"https:\/\/bahiaeconomica.com.br\/wp\/2026\/04\/29\/pesquisa-quaest-73-dos-baianos-ainda-nao-decidiram-em-quem-votar-veja-numeros\/#breadcrumb","itemListElement":[{"@type":"ListItem","position":1,"name":"In\u00edcio","item":"https:\/\/bahiaeconomica.com.br\/wp\/"},{"@type":"ListItem","position":2,"name":"PESQUISA QUAEST: ACM NETO E JER\u00d4NIMO RODRIGUES EST\u00c3O EMPATADOS T\u00c9CNICAMENTE E NETO VENCERIA NO SEGUNDO TURNO; VEJA N\u00daMEROS"}]},{"@type":"WebSite","@id":"https:\/\/bahiaeconomica.com.br\/wp\/#website","url":"https:\/\/bahiaeconomica.com.br\/wp\/","name":"Bahia Economica","description":"O maior portal de Economia da Bahia","publisher":{"@id":"https:\/\/bahiaeconomica.com.br\/wp\/#organization"},"potentialAction":[{"@type":"SearchAction","target":{"@type":"EntryPoint","urlTemplate":"https:\/\/bahiaeconomica.com.br\/wp\/?s={search_term_string}"},"query-input":"required name=search_term_string"}],"inLanguage":"pt-BR"},{"@type":"Organization","@id":"https:\/\/bahiaeconomica.com.br\/wp\/#organization","name":"Bahia Econ\u00f4mica","url":"https:\/\/bahiaeconomica.com.br\/wp\/","logo":{"@type":"ImageObject","inLanguage":"pt-BR","@id":"https:\/\/bahiaeconomica.com.br\/wp\/#\/schema\/logo\/image\/","url":"https:\/\/bahiaeconomica.com.br\/wp\/wp-content\/uploads\/2020\/12\/cropped-BE.png","contentUrl":"https:\/\/bahiaeconomica.com.br\/wp\/wp-content\/uploads\/2020\/12\/cropped-BE.png","width":512,"height":512,"caption":"Bahia Econ\u00f4mica"},"image":{"@id":"https:\/\/bahiaeconomica.com.br\/wp\/#\/schema\/logo\/image\/"},"sameAs":["https:\/\/www.facebook.com\/bahiaeconomica"]},{"@type":"Person","@id":"https:\/\/bahiaeconomica.com.br\/wp\/#\/schema\/person\/c86d3a3f8960425a0f9d0e5245991f4e","name":"JP","sameAs":["https:\/\/bahiaeconomica.com.br\/wp\/beta\/"],"url":"https:\/\/bahiaeconomica.com.br\/wp\/author\/jp\/"}]}},"views":53,"_links":{"self":[{"href":"https:\/\/bahiaeconomica.com.br\/wp\/wp-json\/wp\/v2\/posts\/991789"}],"collection":[{"href":"https:\/\/bahiaeconomica.com.br\/wp\/wp-json\/wp\/v2\/posts"}],"about":[{"href":"https:\/\/bahiaeconomica.com.br\/wp\/wp-json\/wp\/v2\/types\/post"}],"author":[{"embeddable":true,"href":"https:\/\/bahiaeconomica.com.br\/wp\/wp-json\/wp\/v2\/users\/8"}],"replies":[{"embeddable":true,"href":"https:\/\/bahiaeconomica.com.br\/wp\/wp-json\/wp\/v2\/comments?post=991789"}],"version-history":[{"count":7,"href":"https:\/\/bahiaeconomica.com.br\/wp\/wp-json\/wp\/v2\/posts\/991789\/revisions"}],"predecessor-version":[{"id":991828,"href":"https:\/\/bahiaeconomica.com.br\/wp\/wp-json\/wp\/v2\/posts\/991789\/revisions\/991828"}],"wp:featuredmedia":[{"embeddable":true,"href":"https:\/\/bahiaeconomica.com.br\/wp\/wp-json\/wp\/v2\/media\/991790"}],"wp:attachment":[{"href":"https:\/\/bahiaeconomica.com.br\/wp\/wp-json\/wp\/v2\/media?parent=991789"}],"wp:term":[{"taxonomy":"category","embeddable":true,"href":"https:\/\/bahiaeconomica.com.br\/wp\/wp-json\/wp\/v2\/categories?post=991789"},{"taxonomy":"post_tag","embeddable":true,"href":"https:\/\/bahiaeconomica.com.br\/wp\/wp-json\/wp\/v2\/tags?post=991789"}],"curies":[{"name":"wp","href":"https:\/\/api.w.org\/{rel}","templated":true}]}}