{"id":991685,"date":"2026-04-28T15:00:38","date_gmt":"2026-04-28T18:00:38","guid":{"rendered":"https:\/\/bahiaeconomica.com.br\/wp\/?p=991685"},"modified":"2026-04-28T21:02:54","modified_gmt":"2026-04-29T00:02:54","slug":"clawcon-chega-ao-brasil-e-impulsiona-a-comunidade-de-ia-pessoal","status":"publish","type":"post","link":"https:\/\/bahiaeconomica.com.br\/wp\/2026\/04\/28\/clawcon-chega-ao-brasil-e-impulsiona-a-comunidade-de-ia-pessoal\/","title":{"rendered":"CLAWCON CHEGA AO BRASIL E IMPULSIONA A COMUNIDADE DE IA PESSOAL"},"content":{"rendered":"<p>No centro desse movimento est\u00e1 o OpenClaw, uma abordagem que busca devolver \u00e0s pessoas o controle sobre sua pr\u00f3pria intelig\u00eancia artificial. Em vez de depender exclusivamente de plataformas centralizadas, o OpenClaw incentiva o uso de infraestrutura pr\u00f3pria, modelos customiz\u00e1veis e fluxos de trabalho independentes, permitindo mais privacidade, flexibilidade e autonomia no uso de IA. Esse paradigma tem atra\u00eddo uma nova gera\u00e7\u00e3o de builders que preferem criar, rodar e escalar suas solu\u00e7\u00f5es de forma descentralizada.<\/p>\n<p>Diferente de confer\u00eancias tradicionais, o ClawCon se posiciona como um encontro aberto, gratuito e voltado \u00e0 comunidade, promovendo demonstra\u00e7\u00f5es pr\u00e1ticas de ferramentas de IA pessoal, troca de conhecimento e conex\u00f5es entre pessoas que est\u00e3o experimentando e desenvolvendo novas formas de utilizar intelig\u00eancia artificial no dia a dia.<\/p>\n<p>O <a href=\"https:\/\/www.claw-con.com\/brasil\">roteiro da edi\u00e7\u00e3o brasileira<\/a> foi planejado para integrar os principais p\u00f3los tecnol\u00f3gicos do pa\u00eds, que iniciou a jornada por S\u00e3o Paulo no dia 23 de abril de 2026, e reuniu cerca de 200 participantes. Agora o evento segue para a capital do Rio de Janeiro em 28 de abril e em Belo Horizonte no dia 29 de abril, fechando o m\u00eas de evento. A programa\u00e7\u00e3o encerra sua trajet\u00f3ria na regi\u00e3o Sul, com passagens confirmadas por Porto Alegre (RS), no dia 13 de maio de 2026, com realiza\u00e7\u00e3o tamb\u00e9m no dia 14 de maio, em Florian\u00f3polis (SC).<\/p>\n<p>Para a Hostinger, o patroc\u00ednio faz parte de uma estrat\u00e9gia global de aproxima\u00e7\u00e3o com comunidades emergentes de tecnologia, em especial aquelas ligadas ao uso de infraestrutura para aplica\u00e7\u00f5es de IA.<\/p>\n<p>\u201cEstamos acompanhando de perto o crescimento do movimento de IA pessoal e acreditamos que ele representa uma mudan\u00e7a importante na forma como as pessoas constroem e utilizam tecnologia. Apoiar o ClawCon no Brasil \u00e9 uma forma de estarmos presentes onde essa inova\u00e7\u00e3o acontece na pr\u00e1tica\u201d, afirma Rafael Hertel, Country Manager da Hostinger no Brasil.<\/p>\n<p>Al\u00e9m do apoio institucional, a Hostinger tamb\u00e9m participa ativamente dos eventos com presen\u00e7a de equipe, demonstra\u00e7\u00f5es pr\u00e1ticas e colabora\u00e7\u00e3o com criadores e influenciadores do ecossistema.<\/p>\n<p>O ClawCon Brasil by Hostinger marca um passo importante na consolida\u00e7\u00e3o do Brasil como um dos p\u00f3los emergentes na constru\u00e7\u00e3o e ado\u00e7\u00e3o de tecnologias de IA pessoal.<\/p>\n<p><strong>Sobre a Hostinger<\/strong><\/p>\n<p>Fundada em 2004, a Hostinger \u00e9 uma plataforma global de hospedagem de sites e solu\u00e7\u00f5es digitais orientadas por intelig\u00eancia artificial. A empresa atende mais de 4,6 milh\u00f5es de clientes em mais de 150 pa\u00edses e registrou \u20ac275,4 milh\u00f5es em receita em 2025, com crescimento anual de 51%, al\u00e9m de ter sido apontada pelo Financial Times como a segunda empresa europeia de crescimento mais acelerado dos \u00faltimos 10 anos.<\/p>\n<p>O Brasil \u00e9 hoje o segundo maior mercado da companhia no mundo e um dos principais motores de crescimento da opera\u00e7\u00e3o global. O pa\u00eds concentra mais de 1,3 milh\u00e3o de sites ativos na plataforma, o equivalente a cerca de 15% de todos os websites hospedados pela Hostinger globalmente. A opera\u00e7\u00e3o brasileira tem papel estrat\u00e9gico na expans\u00e3o da empresa, impulsionada pela forte ado\u00e7\u00e3o de solu\u00e7\u00f5es digitais por pequenos empreendedores e neg\u00f3cios online.<\/p>\n<p>A Hostinger oferece ferramentas para cria\u00e7\u00e3o e crescimento de projetos digitais, incluindo hospedagem de sites, registro de dom\u00ednios, cria\u00e7\u00e3o de aplica\u00e7\u00f5es sem c\u00f3digo, e-mail marketing e solu\u00e7\u00f5es de e-commerce.<\/p>\n<p>&nbsp;<\/p>\n<p><em>cr\u00e9dito: @bmsobral<\/em><\/p>\n<p>&nbsp;<\/p>\n","protected":false},"excerpt":{"rendered":"<p>No centro desse movimento est\u00e1 o OpenClaw, uma abordagem que busca devolver \u00e0s pessoas o controle sobre sua pr\u00f3pria intelig\u00eancia artificial. Em vez de depender exclusivamente de plataformas centralizadas, o OpenClaw incentiva o uso de infraestrutura pr\u00f3pria, modelos customiz\u00e1veis e fluxos de trabalho independentes, permitindo mais privacidade, flexibilidade e autonomia no uso de IA. Esse [&hellip;]<\/p>\n","protected":false},"author":8,"featured_media":991686,"comment_status":"closed","ping_status":"closed","sticky":false,"template":"","format":"standard","meta":[],"categories":[5],"tags":[],"acf":[],"yoast_head":"<!-- This site is optimized with the Yoast SEO plugin v20.8 - https:\/\/yoast.com\/wordpress\/plugins\/seo\/ -->\n<title>CLAWCON CHEGA AO BRASIL E IMPULSIONA A COMUNIDADE DE IA PESSOAL - Bahia Economica<\/title>\n<meta name=\"description\" content=\"O maior portal de Economia da Bahia MUNIC\u00cdPIOS Bahia Economica\" \/>\n<meta name=\"robots\" content=\"index, follow, max-snippet:-1, max-image-preview:large, max-video-preview:-1\" \/>\n<link rel=\"canonical\" href=\"https:\/\/bahiaeconomica.com.br\/wp\/2026\/04\/28\/clawcon-chega-ao-brasil-e-impulsiona-a-comunidade-de-ia-pessoal\/\" \/>\n<meta property=\"og:locale\" content=\"pt_BR\" \/>\n<meta property=\"og:type\" content=\"article\" \/>\n<meta property=\"og:title\" content=\"CLAWCON CHEGA AO BRASIL E IMPULSIONA A COMUNIDADE DE IA PESSOAL - Bahia Economica\" \/>\n<meta property=\"og:description\" content=\"O maior portal de Economia da Bahia MUNIC\u00cdPIOS Bahia Economica\" \/>\n<meta property=\"og:url\" content=\"https:\/\/bahiaeconomica.com.br\/wp\/2026\/04\/28\/clawcon-chega-ao-brasil-e-impulsiona-a-comunidade-de-ia-pessoal\/\" \/>\n<meta property=\"og:site_name\" content=\"Bahia Economica\" \/>\n<meta property=\"article:publisher\" content=\"https:\/\/www.facebook.com\/bahiaeconomica\" \/>\n<meta property=\"article:published_time\" content=\"2026-04-28T18:00:38+00:00\" \/>\n<meta property=\"article:modified_time\" content=\"2026-04-29T00:02:54+00:00\" \/>\n<meta property=\"og:image\" content=\"https:\/\/bahiaeconomica.com.br\/wp\/wp-content\/uploads\/2026\/04\/Sem-titulosssssssssssssssssseeee.jpg\" \/>\n\t<meta property=\"og:image:width\" content=\"589\" \/>\n\t<meta property=\"og:image:height\" content=\"300\" \/>\n\t<meta property=\"og:image:type\" content=\"image\/jpeg\" \/>\n<meta name=\"author\" content=\"JP\" \/>\n<meta name=\"twitter:card\" content=\"summary_large_image\" \/>\n<meta name=\"twitter:label1\" content=\"Escrito por\" \/>\n\t<meta name=\"twitter:data1\" content=\"JP\" \/>\n\t<meta name=\"twitter:label2\" content=\"Est. tempo de leitura\" \/>\n\t<meta name=\"twitter:data2\" content=\"3 minutos\" \/>\n<script type=\"application\/ld+json\" class=\"yoast-schema-graph\">{\"@context\":\"https:\/\/schema.org\",\"@graph\":[{\"@type\":\"Article\",\"@id\":\"https:\/\/bahiaeconomica.com.br\/wp\/2026\/04\/28\/clawcon-chega-ao-brasil-e-impulsiona-a-comunidade-de-ia-pessoal\/#article\",\"isPartOf\":{\"@id\":\"https:\/\/bahiaeconomica.com.br\/wp\/2026\/04\/28\/clawcon-chega-ao-brasil-e-impulsiona-a-comunidade-de-ia-pessoal\/\"},\"author\":{\"name\":\"JP\",\"@id\":\"https:\/\/bahiaeconomica.com.br\/wp\/#\/schema\/person\/c86d3a3f8960425a0f9d0e5245991f4e\"},\"headline\":\"CLAWCON CHEGA AO BRASIL E IMPULSIONA A COMUNIDADE DE IA PESSOAL\",\"datePublished\":\"2026-04-28T18:00:38+00:00\",\"dateModified\":\"2026-04-29T00:02:54+00:00\",\"mainEntityOfPage\":{\"@id\":\"https:\/\/bahiaeconomica.com.br\/wp\/2026\/04\/28\/clawcon-chega-ao-brasil-e-impulsiona-a-comunidade-de-ia-pessoal\/\"},\"wordCount\":583,\"publisher\":{\"@id\":\"https:\/\/bahiaeconomica.com.br\/wp\/#organization\"},\"articleSection\":[\"MUNIC\u00cdPIOS\"],\"inLanguage\":\"pt-BR\"},{\"@type\":\"WebPage\",\"@id\":\"https:\/\/bahiaeconomica.com.br\/wp\/2026\/04\/28\/clawcon-chega-ao-brasil-e-impulsiona-a-comunidade-de-ia-pessoal\/\",\"url\":\"https:\/\/bahiaeconomica.com.br\/wp\/2026\/04\/28\/clawcon-chega-ao-brasil-e-impulsiona-a-comunidade-de-ia-pessoal\/\",\"name\":\"CLAWCON CHEGA AO BRASIL E IMPULSIONA A COMUNIDADE DE IA PESSOAL - Bahia Economica\",\"isPartOf\":{\"@id\":\"https:\/\/bahiaeconomica.com.br\/wp\/#website\"},\"datePublished\":\"2026-04-28T18:00:38+00:00\",\"dateModified\":\"2026-04-29T00:02:54+00:00\",\"description\":\"O maior portal de Economia da Bahia MUNIC\u00cdPIOS Bahia Economica\",\"breadcrumb\":{\"@id\":\"https:\/\/bahiaeconomica.com.br\/wp\/2026\/04\/28\/clawcon-chega-ao-brasil-e-impulsiona-a-comunidade-de-ia-pessoal\/#breadcrumb\"},\"inLanguage\":\"pt-BR\",\"potentialAction\":[{\"@type\":\"ReadAction\",\"target\":[\"https:\/\/bahiaeconomica.com.br\/wp\/2026\/04\/28\/clawcon-chega-ao-brasil-e-impulsiona-a-comunidade-de-ia-pessoal\/\"]}]},{\"@type\":\"BreadcrumbList\",\"@id\":\"https:\/\/bahiaeconomica.com.br\/wp\/2026\/04\/28\/clawcon-chega-ao-brasil-e-impulsiona-a-comunidade-de-ia-pessoal\/#breadcrumb\",\"itemListElement\":[{\"@type\":\"ListItem\",\"position\":1,\"name\":\"In\u00edcio\",\"item\":\"https:\/\/bahiaeconomica.com.br\/wp\/\"},{\"@type\":\"ListItem\",\"position\":2,\"name\":\"CLAWCON CHEGA AO BRASIL E IMPULSIONA A COMUNIDADE DE IA PESSOAL\"}]},{\"@type\":\"WebSite\",\"@id\":\"https:\/\/bahiaeconomica.com.br\/wp\/#website\",\"url\":\"https:\/\/bahiaeconomica.com.br\/wp\/\",\"name\":\"Bahia Economica\",\"description\":\"O maior portal de Economia da Bahia\",\"publisher\":{\"@id\":\"https:\/\/bahiaeconomica.com.br\/wp\/#organization\"},\"potentialAction\":[{\"@type\":\"SearchAction\",\"target\":{\"@type\":\"EntryPoint\",\"urlTemplate\":\"https:\/\/bahiaeconomica.com.br\/wp\/?s={search_term_string}\"},\"query-input\":\"required name=search_term_string\"}],\"inLanguage\":\"pt-BR\"},{\"@type\":\"Organization\",\"@id\":\"https:\/\/bahiaeconomica.com.br\/wp\/#organization\",\"name\":\"Bahia Econ\u00f4mica\",\"url\":\"https:\/\/bahiaeconomica.com.br\/wp\/\",\"logo\":{\"@type\":\"ImageObject\",\"inLanguage\":\"pt-BR\",\"@id\":\"https:\/\/bahiaeconomica.com.br\/wp\/#\/schema\/logo\/image\/\",\"url\":\"https:\/\/bahiaeconomica.com.br\/wp\/wp-content\/uploads\/2020\/12\/cropped-BE.png\",\"contentUrl\":\"https:\/\/bahiaeconomica.com.br\/wp\/wp-content\/uploads\/2020\/12\/cropped-BE.png\",\"width\":512,\"height\":512,\"caption\":\"Bahia Econ\u00f4mica\"},\"image\":{\"@id\":\"https:\/\/bahiaeconomica.com.br\/wp\/#\/schema\/logo\/image\/\"},\"sameAs\":[\"https:\/\/www.facebook.com\/bahiaeconomica\"]},{\"@type\":\"Person\",\"@id\":\"https:\/\/bahiaeconomica.com.br\/wp\/#\/schema\/person\/c86d3a3f8960425a0f9d0e5245991f4e\",\"name\":\"JP\",\"sameAs\":[\"https:\/\/bahiaeconomica.com.br\/wp\/beta\/\"],\"url\":\"https:\/\/bahiaeconomica.com.br\/wp\/author\/jp\/\"}]}<\/script>\n<!-- \/ Yoast SEO plugin. -->","yoast_head_json":{"title":"CLAWCON CHEGA AO BRASIL E IMPULSIONA A COMUNIDADE DE IA PESSOAL - Bahia Economica","description":"O maior portal de Economia da Bahia MUNIC\u00cdPIOS Bahia Economica","robots":{"index":"index","follow":"follow","max-snippet":"max-snippet:-1","max-image-preview":"max-image-preview:large","max-video-preview":"max-video-preview:-1"},"canonical":"https:\/\/bahiaeconomica.com.br\/wp\/2026\/04\/28\/clawcon-chega-ao-brasil-e-impulsiona-a-comunidade-de-ia-pessoal\/","og_locale":"pt_BR","og_type":"article","og_title":"CLAWCON CHEGA AO BRASIL E IMPULSIONA A COMUNIDADE DE IA PESSOAL - Bahia Economica","og_description":"O maior portal de Economia da Bahia MUNIC\u00cdPIOS Bahia Economica","og_url":"https:\/\/bahiaeconomica.com.br\/wp\/2026\/04\/28\/clawcon-chega-ao-brasil-e-impulsiona-a-comunidade-de-ia-pessoal\/","og_site_name":"Bahia Economica","article_publisher":"https:\/\/www.facebook.com\/bahiaeconomica","article_published_time":"2026-04-28T18:00:38+00:00","article_modified_time":"2026-04-29T00:02:54+00:00","og_image":[{"width":589,"height":300,"url":"https:\/\/bahiaeconomica.com.br\/wp\/wp-content\/uploads\/2026\/04\/Sem-titulosssssssssssssssssseeee.jpg","type":"image\/jpeg"}],"author":"JP","twitter_card":"summary_large_image","twitter_misc":{"Escrito por":"JP","Est. tempo de leitura":"3 minutos"},"schema":{"@context":"https:\/\/schema.org","@graph":[{"@type":"Article","@id":"https:\/\/bahiaeconomica.com.br\/wp\/2026\/04\/28\/clawcon-chega-ao-brasil-e-impulsiona-a-comunidade-de-ia-pessoal\/#article","isPartOf":{"@id":"https:\/\/bahiaeconomica.com.br\/wp\/2026\/04\/28\/clawcon-chega-ao-brasil-e-impulsiona-a-comunidade-de-ia-pessoal\/"},"author":{"name":"JP","@id":"https:\/\/bahiaeconomica.com.br\/wp\/#\/schema\/person\/c86d3a3f8960425a0f9d0e5245991f4e"},"headline":"CLAWCON CHEGA AO BRASIL E IMPULSIONA A COMUNIDADE DE IA PESSOAL","datePublished":"2026-04-28T18:00:38+00:00","dateModified":"2026-04-29T00:02:54+00:00","mainEntityOfPage":{"@id":"https:\/\/bahiaeconomica.com.br\/wp\/2026\/04\/28\/clawcon-chega-ao-brasil-e-impulsiona-a-comunidade-de-ia-pessoal\/"},"wordCount":583,"publisher":{"@id":"https:\/\/bahiaeconomica.com.br\/wp\/#organization"},"articleSection":["MUNIC\u00cdPIOS"],"inLanguage":"pt-BR"},{"@type":"WebPage","@id":"https:\/\/bahiaeconomica.com.br\/wp\/2026\/04\/28\/clawcon-chega-ao-brasil-e-impulsiona-a-comunidade-de-ia-pessoal\/","url":"https:\/\/bahiaeconomica.com.br\/wp\/2026\/04\/28\/clawcon-chega-ao-brasil-e-impulsiona-a-comunidade-de-ia-pessoal\/","name":"CLAWCON CHEGA AO BRASIL E IMPULSIONA A COMUNIDADE DE IA PESSOAL - Bahia Economica","isPartOf":{"@id":"https:\/\/bahiaeconomica.com.br\/wp\/#website"},"datePublished":"2026-04-28T18:00:38+00:00","dateModified":"2026-04-29T00:02:54+00:00","description":"O maior portal de Economia da Bahia MUNIC\u00cdPIOS Bahia Economica","breadcrumb":{"@id":"https:\/\/bahiaeconomica.com.br\/wp\/2026\/04\/28\/clawcon-chega-ao-brasil-e-impulsiona-a-comunidade-de-ia-pessoal\/#breadcrumb"},"inLanguage":"pt-BR","potentialAction":[{"@type":"ReadAction","target":["https:\/\/bahiaeconomica.com.br\/wp\/2026\/04\/28\/clawcon-chega-ao-brasil-e-impulsiona-a-comunidade-de-ia-pessoal\/"]}]},{"@type":"BreadcrumbList","@id":"https:\/\/bahiaeconomica.com.br\/wp\/2026\/04\/28\/clawcon-chega-ao-brasil-e-impulsiona-a-comunidade-de-ia-pessoal\/#breadcrumb","itemListElement":[{"@type":"ListItem","position":1,"name":"In\u00edcio","item":"https:\/\/bahiaeconomica.com.br\/wp\/"},{"@type":"ListItem","position":2,"name":"CLAWCON CHEGA AO BRASIL E IMPULSIONA A COMUNIDADE DE IA PESSOAL"}]},{"@type":"WebSite","@id":"https:\/\/bahiaeconomica.com.br\/wp\/#website","url":"https:\/\/bahiaeconomica.com.br\/wp\/","name":"Bahia Economica","description":"O maior portal de Economia da Bahia","publisher":{"@id":"https:\/\/bahiaeconomica.com.br\/wp\/#organization"},"potentialAction":[{"@type":"SearchAction","target":{"@type":"EntryPoint","urlTemplate":"https:\/\/bahiaeconomica.com.br\/wp\/?s={search_term_string}"},"query-input":"required name=search_term_string"}],"inLanguage":"pt-BR"},{"@type":"Organization","@id":"https:\/\/bahiaeconomica.com.br\/wp\/#organization","name":"Bahia Econ\u00f4mica","url":"https:\/\/bahiaeconomica.com.br\/wp\/","logo":{"@type":"ImageObject","inLanguage":"pt-BR","@id":"https:\/\/bahiaeconomica.com.br\/wp\/#\/schema\/logo\/image\/","url":"https:\/\/bahiaeconomica.com.br\/wp\/wp-content\/uploads\/2020\/12\/cropped-BE.png","contentUrl":"https:\/\/bahiaeconomica.com.br\/wp\/wp-content\/uploads\/2020\/12\/cropped-BE.png","width":512,"height":512,"caption":"Bahia Econ\u00f4mica"},"image":{"@id":"https:\/\/bahiaeconomica.com.br\/wp\/#\/schema\/logo\/image\/"},"sameAs":["https:\/\/www.facebook.com\/bahiaeconomica"]},{"@type":"Person","@id":"https:\/\/bahiaeconomica.com.br\/wp\/#\/schema\/person\/c86d3a3f8960425a0f9d0e5245991f4e","name":"JP","sameAs":["https:\/\/bahiaeconomica.com.br\/wp\/beta\/"],"url":"https:\/\/bahiaeconomica.com.br\/wp\/author\/jp\/"}]}},"views":24,"_links":{"self":[{"href":"https:\/\/bahiaeconomica.com.br\/wp\/wp-json\/wp\/v2\/posts\/991685"}],"collection":[{"href":"https:\/\/bahiaeconomica.com.br\/wp\/wp-json\/wp\/v2\/posts"}],"about":[{"href":"https:\/\/bahiaeconomica.com.br\/wp\/wp-json\/wp\/v2\/types\/post"}],"author":[{"embeddable":true,"href":"https:\/\/bahiaeconomica.com.br\/wp\/wp-json\/wp\/v2\/users\/8"}],"replies":[{"embeddable":true,"href":"https:\/\/bahiaeconomica.com.br\/wp\/wp-json\/wp\/v2\/comments?post=991685"}],"version-history":[{"count":1,"href":"https:\/\/bahiaeconomica.com.br\/wp\/wp-json\/wp\/v2\/posts\/991685\/revisions"}],"predecessor-version":[{"id":991687,"href":"https:\/\/bahiaeconomica.com.br\/wp\/wp-json\/wp\/v2\/posts\/991685\/revisions\/991687"}],"wp:featuredmedia":[{"embeddable":true,"href":"https:\/\/bahiaeconomica.com.br\/wp\/wp-json\/wp\/v2\/media\/991686"}],"wp:attachment":[{"href":"https:\/\/bahiaeconomica.com.br\/wp\/wp-json\/wp\/v2\/media?parent=991685"}],"wp:term":[{"taxonomy":"category","embeddable":true,"href":"https:\/\/bahiaeconomica.com.br\/wp\/wp-json\/wp\/v2\/categories?post=991685"},{"taxonomy":"post_tag","embeddable":true,"href":"https:\/\/bahiaeconomica.com.br\/wp\/wp-json\/wp\/v2\/tags?post=991685"}],"curies":[{"name":"wp","href":"https:\/\/api.w.org\/{rel}","templated":true}]}}