{"id":991521,"date":"2026-04-28T14:37:53","date_gmt":"2026-04-28T17:37:53","guid":{"rendered":"https:\/\/bahiaeconomica.com.br\/wp\/?p=991521"},"modified":"2026-04-28T14:37:53","modified_gmt":"2026-04-28T17:37:53","slug":"salvamar-reforca-atuacao-com-novos-equipamentos-nas-praias-de-salvador","status":"publish","type":"post","link":"https:\/\/bahiaeconomica.com.br\/wp\/2026\/04\/28\/salvamar-reforca-atuacao-com-novos-equipamentos-nas-praias-de-salvador\/","title":{"rendered":"SALVAMAR REFOR\u00c7A ATUA\u00c7\u00c3O COM NOVOS EQUIPAMENTOS NAS PRAIAS DE SALVADOR"},"content":{"rendered":"<p>A atua\u00e7\u00e3o dos salva-vidas nas praias de Salvador ganhou um importante refor\u00e7o com a chegada de novos equipamentos destinados \u00e0 Salvamar. A iniciativa, realizada ao longo de abril, busca melhorar a efici\u00eancia dos atendimentos e garantir mais rapidez nas a\u00e7\u00f5es de resgate.<\/p>\n<p>Vinculada \u00e0 Secretaria Municipal de Ordem P\u00fablica, a coordenadoria recebeu itens essenciais para o trabalho di\u00e1rio nas praias. Entre os materiais est\u00e3o pranchas de resgate, nadadeiras e flutuadores, que ampliam a capacidade de resposta das equipes em situa\u00e7\u00f5es de emerg\u00eancia.<\/p>\n<p>Al\u00e9m dos equipamentos, a estrutura f\u00edsica tamb\u00e9m foi fortalecida. Desde o final de 2025, foram implantados 23 postos de observa\u00e7\u00e3o e tr\u00eas m\u00f3dulos de apoio ao longo da orla, oferecendo melhores condi\u00e7\u00f5es de trabalho aos profissionais e mais seguran\u00e7a aos frequentadores das praias.<\/p>\n<p>De acordo com o secret\u00e1rio da pasta, D\u00e9cio Martins, os investimentos contribuem diretamente para a qualidade do servi\u00e7o prestado. Ele destaca que a amplia\u00e7\u00e3o dos recursos permite mais agilidade e efici\u00eancia nas ocorr\u00eancias, al\u00e9m de melhores condi\u00e7\u00f5es para os salva-vidas que atuam diariamente na linha de frente.<\/p>\n<p>O coordenador da Salvamar, Kailani Dantas, ressalta que a moderniza\u00e7\u00e3o dos equipamentos era uma demanda antiga da equipe. Segundo ele, os novos postos contam com estrutura completa, incluindo \u00e1gua, energia el\u00e9trica e espa\u00e7os de apoio, o que facilita a rotina dos profissionais.<\/p>\n<p>A coordenadoria tamb\u00e9m j\u00e1 planeja ampliar ainda mais sua estrutura, com um processo em andamento para aquisi\u00e7\u00e3o de novas pranchas de resgate, visando chegar a um total de 40 unidades at\u00e9 o pr\u00f3ximo ver\u00e3o.<\/p>\n<p>Atualmente, a Salvamar conta com cerca de 235 salva-vidas, organizados em turnos para garantir a cobertura das praias e refor\u00e7ar as a\u00e7\u00f5es de preven\u00e7\u00e3o e salvamento ao longo da orla da capital baiana.<\/p>\n<p>Foto: Bruno Concha\/ Secom PMS<\/p>\n","protected":false},"excerpt":{"rendered":"<p>A atua\u00e7\u00e3o dos salva-vidas nas praias de Salvador ganhou um importante refor\u00e7o com a chegada de novos equipamentos destinados \u00e0 Salvamar. A iniciativa, realizada ao longo de abril, busca melhorar a efici\u00eancia dos atendimentos e garantir mais rapidez nas a\u00e7\u00f5es de resgate. Vinculada \u00e0 Secretaria Municipal de Ordem P\u00fablica, a coordenadoria recebeu itens essenciais para [&hellip;]<\/p>\n","protected":false},"author":24,"featured_media":991522,"comment_status":"closed","ping_status":"closed","sticky":false,"template":"","format":"standard","meta":[],"categories":[5],"tags":[1943,5625,740,459],"acf":[],"yoast_head":"<!-- This site is optimized with the Yoast SEO plugin v20.8 - https:\/\/yoast.com\/wordpress\/plugins\/seo\/ -->\n<title>SALVAMAR REFOR\u00c7A ATUA\u00c7\u00c3O COM NOVOS EQUIPAMENTOS NAS PRAIAS DE SALVADOR - Bahia Economica A atua\u00e7\u00e3o dos salva-vidas nas praias de Salvador ganhou um importante refor\u00e7o com a chegada de novos equipamentos destinados \u00e0 Salvamar.<\/title>\n<meta name=\"description\" content=\"O maior portal de Economia da Bahia MUNIC\u00cdPIOS Bahia Economica A atua\u00e7\u00e3o dos salva-vidas nas praias de Salvador ganhou um importante refor\u00e7o com a chegada de novos equipamentos destinados \u00e0 Salvamar.\" \/>\n<meta name=\"robots\" content=\"index, follow, max-snippet:-1, max-image-preview:large, max-video-preview:-1\" \/>\n<link rel=\"canonical\" href=\"https:\/\/bahiaeconomica.com.br\/wp\/2026\/04\/28\/salvamar-reforca-atuacao-com-novos-equipamentos-nas-praias-de-salvador\/\" \/>\n<meta property=\"og:locale\" content=\"pt_BR\" \/>\n<meta property=\"og:type\" content=\"article\" \/>\n<meta property=\"og:title\" content=\"SALVAMAR REFOR\u00c7A ATUA\u00c7\u00c3O COM NOVOS EQUIPAMENTOS NAS PRAIAS DE SALVADOR - Bahia Economica A atua\u00e7\u00e3o dos salva-vidas nas praias de Salvador ganhou um importante refor\u00e7o com a chegada de novos equipamentos destinados \u00e0 Salvamar.\" \/>\n<meta property=\"og:description\" content=\"O maior portal de Economia da Bahia MUNIC\u00cdPIOS Bahia Economica A atua\u00e7\u00e3o dos salva-vidas nas praias de Salvador ganhou um importante refor\u00e7o com a chegada de novos equipamentos destinados \u00e0 Salvamar.\" \/>\n<meta property=\"og:url\" content=\"https:\/\/bahiaeconomica.com.br\/wp\/2026\/04\/28\/salvamar-reforca-atuacao-com-novos-equipamentos-nas-praias-de-salvador\/\" \/>\n<meta property=\"og:site_name\" content=\"Bahia Economica\" \/>\n<meta property=\"article:publisher\" content=\"https:\/\/www.facebook.com\/bahiaeconomica\" \/>\n<meta property=\"article:published_time\" content=\"2026-04-28T17:37:53+00:00\" \/>\n<meta property=\"og:image\" content=\"https:\/\/bahiaeconomica.com.br\/wp\/wp-content\/uploads\/2026\/04\/WhatsApp-Image-2026-04-28-at-14.32.40-1.jpeg\" \/>\n\t<meta property=\"og:image:width\" content=\"1179\" \/>\n\t<meta property=\"og:image:height\" content=\"780\" \/>\n\t<meta property=\"og:image:type\" content=\"image\/jpeg\" \/>\n<meta name=\"author\" content=\"VICTOR OLIVEIRA\" \/>\n<meta name=\"twitter:card\" content=\"summary_large_image\" \/>\n<meta name=\"twitter:label1\" content=\"Escrito por\" \/>\n\t<meta name=\"twitter:data1\" content=\"VICTOR OLIVEIRA\" \/>\n\t<meta name=\"twitter:label2\" content=\"Est. tempo de leitura\" \/>\n\t<meta name=\"twitter:data2\" content=\"2 minutos\" \/>\n<script type=\"application\/ld+json\" class=\"yoast-schema-graph\">{\"@context\":\"https:\/\/schema.org\",\"@graph\":[{\"@type\":\"Article\",\"@id\":\"https:\/\/bahiaeconomica.com.br\/wp\/2026\/04\/28\/salvamar-reforca-atuacao-com-novos-equipamentos-nas-praias-de-salvador\/#article\",\"isPartOf\":{\"@id\":\"https:\/\/bahiaeconomica.com.br\/wp\/2026\/04\/28\/salvamar-reforca-atuacao-com-novos-equipamentos-nas-praias-de-salvador\/\"},\"author\":{\"name\":\"VICTOR OLIVEIRA\",\"@id\":\"https:\/\/bahiaeconomica.com.br\/wp\/#\/schema\/person\/a17956d0e1112b626f403fb06b8129a9\"},\"headline\":\"SALVAMAR REFOR\u00c7A ATUA\u00c7\u00c3O COM NOVOS EQUIPAMENTOS NAS PRAIAS DE SALVADOR\",\"datePublished\":\"2026-04-28T17:37:53+00:00\",\"dateModified\":\"2026-04-28T17:37:53+00:00\",\"mainEntityOfPage\":{\"@id\":\"https:\/\/bahiaeconomica.com.br\/wp\/2026\/04\/28\/salvamar-reforca-atuacao-com-novos-equipamentos-nas-praias-de-salvador\/\"},\"wordCount\":327,\"publisher\":{\"@id\":\"https:\/\/bahiaeconomica.com.br\/wp\/#organization\"},\"keywords\":[\"entrega\",\"equipamentos\",\"investimento\",\"Salvamar\"],\"articleSection\":[\"MUNIC\u00cdPIOS\"],\"inLanguage\":\"pt-BR\"},{\"@type\":\"WebPage\",\"@id\":\"https:\/\/bahiaeconomica.com.br\/wp\/2026\/04\/28\/salvamar-reforca-atuacao-com-novos-equipamentos-nas-praias-de-salvador\/\",\"url\":\"https:\/\/bahiaeconomica.com.br\/wp\/2026\/04\/28\/salvamar-reforca-atuacao-com-novos-equipamentos-nas-praias-de-salvador\/\",\"name\":\"SALVAMAR REFOR\u00c7A ATUA\u00c7\u00c3O COM NOVOS EQUIPAMENTOS NAS PRAIAS DE SALVADOR - Bahia Economica A atua\u00e7\u00e3o dos salva-vidas nas praias de Salvador ganhou um importante refor\u00e7o com a chegada de novos equipamentos destinados \u00e0 Salvamar.\",\"isPartOf\":{\"@id\":\"https:\/\/bahiaeconomica.com.br\/wp\/#website\"},\"datePublished\":\"2026-04-28T17:37:53+00:00\",\"dateModified\":\"2026-04-28T17:37:53+00:00\",\"description\":\"O maior portal de Economia da Bahia MUNIC\u00cdPIOS Bahia Economica A atua\u00e7\u00e3o dos salva-vidas nas praias de Salvador ganhou um importante refor\u00e7o com a chegada de novos equipamentos destinados \u00e0 Salvamar.\",\"breadcrumb\":{\"@id\":\"https:\/\/bahiaeconomica.com.br\/wp\/2026\/04\/28\/salvamar-reforca-atuacao-com-novos-equipamentos-nas-praias-de-salvador\/#breadcrumb\"},\"inLanguage\":\"pt-BR\",\"potentialAction\":[{\"@type\":\"ReadAction\",\"target\":[\"https:\/\/bahiaeconomica.com.br\/wp\/2026\/04\/28\/salvamar-reforca-atuacao-com-novos-equipamentos-nas-praias-de-salvador\/\"]}]},{\"@type\":\"BreadcrumbList\",\"@id\":\"https:\/\/bahiaeconomica.com.br\/wp\/2026\/04\/28\/salvamar-reforca-atuacao-com-novos-equipamentos-nas-praias-de-salvador\/#breadcrumb\",\"itemListElement\":[{\"@type\":\"ListItem\",\"position\":1,\"name\":\"In\u00edcio\",\"item\":\"https:\/\/bahiaeconomica.com.br\/wp\/\"},{\"@type\":\"ListItem\",\"position\":2,\"name\":\"SALVAMAR REFOR\u00c7A ATUA\u00c7\u00c3O COM NOVOS EQUIPAMENTOS NAS PRAIAS DE SALVADOR\"}]},{\"@type\":\"WebSite\",\"@id\":\"https:\/\/bahiaeconomica.com.br\/wp\/#website\",\"url\":\"https:\/\/bahiaeconomica.com.br\/wp\/\",\"name\":\"Bahia Economica\",\"description\":\"O maior portal de Economia da Bahia\",\"publisher\":{\"@id\":\"https:\/\/bahiaeconomica.com.br\/wp\/#organization\"},\"potentialAction\":[{\"@type\":\"SearchAction\",\"target\":{\"@type\":\"EntryPoint\",\"urlTemplate\":\"https:\/\/bahiaeconomica.com.br\/wp\/?s={search_term_string}\"},\"query-input\":\"required name=search_term_string\"}],\"inLanguage\":\"pt-BR\"},{\"@type\":\"Organization\",\"@id\":\"https:\/\/bahiaeconomica.com.br\/wp\/#organization\",\"name\":\"Bahia Econ\u00f4mica\",\"url\":\"https:\/\/bahiaeconomica.com.br\/wp\/\",\"logo\":{\"@type\":\"ImageObject\",\"inLanguage\":\"pt-BR\",\"@id\":\"https:\/\/bahiaeconomica.com.br\/wp\/#\/schema\/logo\/image\/\",\"url\":\"https:\/\/bahiaeconomica.com.br\/wp\/wp-content\/uploads\/2020\/12\/cropped-BE.png\",\"contentUrl\":\"https:\/\/bahiaeconomica.com.br\/wp\/wp-content\/uploads\/2020\/12\/cropped-BE.png\",\"width\":512,\"height\":512,\"caption\":\"Bahia Econ\u00f4mica\"},\"image\":{\"@id\":\"https:\/\/bahiaeconomica.com.br\/wp\/#\/schema\/logo\/image\/\"},\"sameAs\":[\"https:\/\/www.facebook.com\/bahiaeconomica\"]},{\"@type\":\"Person\",\"@id\":\"https:\/\/bahiaeconomica.com.br\/wp\/#\/schema\/person\/a17956d0e1112b626f403fb06b8129a9\",\"name\":\"VICTOR OLIVEIRA\",\"sameAs\":[\"http:\/\/www.bahiaeconomica.com.br\"],\"url\":\"https:\/\/bahiaeconomica.com.br\/wp\/author\/victor-oliveira\/\"}]}<\/script>\n<!-- \/ Yoast SEO plugin. -->","yoast_head_json":{"title":"SALVAMAR REFOR\u00c7A ATUA\u00c7\u00c3O COM NOVOS EQUIPAMENTOS NAS PRAIAS DE SALVADOR - Bahia Economica A atua\u00e7\u00e3o dos salva-vidas nas praias de Salvador ganhou um importante refor\u00e7o com a chegada de novos equipamentos destinados \u00e0 Salvamar.","description":"O maior portal de Economia da Bahia MUNIC\u00cdPIOS Bahia Economica A atua\u00e7\u00e3o dos salva-vidas nas praias de Salvador ganhou um importante refor\u00e7o com a chegada de novos equipamentos destinados \u00e0 Salvamar.","robots":{"index":"index","follow":"follow","max-snippet":"max-snippet:-1","max-image-preview":"max-image-preview:large","max-video-preview":"max-video-preview:-1"},"canonical":"https:\/\/bahiaeconomica.com.br\/wp\/2026\/04\/28\/salvamar-reforca-atuacao-com-novos-equipamentos-nas-praias-de-salvador\/","og_locale":"pt_BR","og_type":"article","og_title":"SALVAMAR REFOR\u00c7A ATUA\u00c7\u00c3O COM NOVOS EQUIPAMENTOS NAS PRAIAS DE SALVADOR - Bahia Economica A atua\u00e7\u00e3o dos salva-vidas nas praias de Salvador ganhou um importante refor\u00e7o com a chegada de novos equipamentos destinados \u00e0 Salvamar.","og_description":"O maior portal de Economia da Bahia MUNIC\u00cdPIOS Bahia Economica A atua\u00e7\u00e3o dos salva-vidas nas praias de Salvador ganhou um importante refor\u00e7o com a chegada de novos equipamentos destinados \u00e0 Salvamar.","og_url":"https:\/\/bahiaeconomica.com.br\/wp\/2026\/04\/28\/salvamar-reforca-atuacao-com-novos-equipamentos-nas-praias-de-salvador\/","og_site_name":"Bahia Economica","article_publisher":"https:\/\/www.facebook.com\/bahiaeconomica","article_published_time":"2026-04-28T17:37:53+00:00","og_image":[{"width":1179,"height":780,"url":"https:\/\/bahiaeconomica.com.br\/wp\/wp-content\/uploads\/2026\/04\/WhatsApp-Image-2026-04-28-at-14.32.40-1.jpeg","type":"image\/jpeg"}],"author":"VICTOR OLIVEIRA","twitter_card":"summary_large_image","twitter_misc":{"Escrito por":"VICTOR OLIVEIRA","Est. tempo de leitura":"2 minutos"},"schema":{"@context":"https:\/\/schema.org","@graph":[{"@type":"Article","@id":"https:\/\/bahiaeconomica.com.br\/wp\/2026\/04\/28\/salvamar-reforca-atuacao-com-novos-equipamentos-nas-praias-de-salvador\/#article","isPartOf":{"@id":"https:\/\/bahiaeconomica.com.br\/wp\/2026\/04\/28\/salvamar-reforca-atuacao-com-novos-equipamentos-nas-praias-de-salvador\/"},"author":{"name":"VICTOR OLIVEIRA","@id":"https:\/\/bahiaeconomica.com.br\/wp\/#\/schema\/person\/a17956d0e1112b626f403fb06b8129a9"},"headline":"SALVAMAR REFOR\u00c7A ATUA\u00c7\u00c3O COM NOVOS EQUIPAMENTOS NAS PRAIAS DE SALVADOR","datePublished":"2026-04-28T17:37:53+00:00","dateModified":"2026-04-28T17:37:53+00:00","mainEntityOfPage":{"@id":"https:\/\/bahiaeconomica.com.br\/wp\/2026\/04\/28\/salvamar-reforca-atuacao-com-novos-equipamentos-nas-praias-de-salvador\/"},"wordCount":327,"publisher":{"@id":"https:\/\/bahiaeconomica.com.br\/wp\/#organization"},"keywords":["entrega","equipamentos","investimento","Salvamar"],"articleSection":["MUNIC\u00cdPIOS"],"inLanguage":"pt-BR"},{"@type":"WebPage","@id":"https:\/\/bahiaeconomica.com.br\/wp\/2026\/04\/28\/salvamar-reforca-atuacao-com-novos-equipamentos-nas-praias-de-salvador\/","url":"https:\/\/bahiaeconomica.com.br\/wp\/2026\/04\/28\/salvamar-reforca-atuacao-com-novos-equipamentos-nas-praias-de-salvador\/","name":"SALVAMAR REFOR\u00c7A ATUA\u00c7\u00c3O COM NOVOS EQUIPAMENTOS NAS PRAIAS DE SALVADOR - Bahia Economica A atua\u00e7\u00e3o dos salva-vidas nas praias de Salvador ganhou um importante refor\u00e7o com a chegada de novos equipamentos destinados \u00e0 Salvamar.","isPartOf":{"@id":"https:\/\/bahiaeconomica.com.br\/wp\/#website"},"datePublished":"2026-04-28T17:37:53+00:00","dateModified":"2026-04-28T17:37:53+00:00","description":"O maior portal de Economia da Bahia MUNIC\u00cdPIOS Bahia Economica A atua\u00e7\u00e3o dos salva-vidas nas praias de Salvador ganhou um importante refor\u00e7o com a chegada de novos equipamentos destinados \u00e0 Salvamar.","breadcrumb":{"@id":"https:\/\/bahiaeconomica.com.br\/wp\/2026\/04\/28\/salvamar-reforca-atuacao-com-novos-equipamentos-nas-praias-de-salvador\/#breadcrumb"},"inLanguage":"pt-BR","potentialAction":[{"@type":"ReadAction","target":["https:\/\/bahiaeconomica.com.br\/wp\/2026\/04\/28\/salvamar-reforca-atuacao-com-novos-equipamentos-nas-praias-de-salvador\/"]}]},{"@type":"BreadcrumbList","@id":"https:\/\/bahiaeconomica.com.br\/wp\/2026\/04\/28\/salvamar-reforca-atuacao-com-novos-equipamentos-nas-praias-de-salvador\/#breadcrumb","itemListElement":[{"@type":"ListItem","position":1,"name":"In\u00edcio","item":"https:\/\/bahiaeconomica.com.br\/wp\/"},{"@type":"ListItem","position":2,"name":"SALVAMAR REFOR\u00c7A ATUA\u00c7\u00c3O COM NOVOS EQUIPAMENTOS NAS PRAIAS DE SALVADOR"}]},{"@type":"WebSite","@id":"https:\/\/bahiaeconomica.com.br\/wp\/#website","url":"https:\/\/bahiaeconomica.com.br\/wp\/","name":"Bahia Economica","description":"O maior portal de Economia da Bahia","publisher":{"@id":"https:\/\/bahiaeconomica.com.br\/wp\/#organization"},"potentialAction":[{"@type":"SearchAction","target":{"@type":"EntryPoint","urlTemplate":"https:\/\/bahiaeconomica.com.br\/wp\/?s={search_term_string}"},"query-input":"required name=search_term_string"}],"inLanguage":"pt-BR"},{"@type":"Organization","@id":"https:\/\/bahiaeconomica.com.br\/wp\/#organization","name":"Bahia Econ\u00f4mica","url":"https:\/\/bahiaeconomica.com.br\/wp\/","logo":{"@type":"ImageObject","inLanguage":"pt-BR","@id":"https:\/\/bahiaeconomica.com.br\/wp\/#\/schema\/logo\/image\/","url":"https:\/\/bahiaeconomica.com.br\/wp\/wp-content\/uploads\/2020\/12\/cropped-BE.png","contentUrl":"https:\/\/bahiaeconomica.com.br\/wp\/wp-content\/uploads\/2020\/12\/cropped-BE.png","width":512,"height":512,"caption":"Bahia Econ\u00f4mica"},"image":{"@id":"https:\/\/bahiaeconomica.com.br\/wp\/#\/schema\/logo\/image\/"},"sameAs":["https:\/\/www.facebook.com\/bahiaeconomica"]},{"@type":"Person","@id":"https:\/\/bahiaeconomica.com.br\/wp\/#\/schema\/person\/a17956d0e1112b626f403fb06b8129a9","name":"VICTOR OLIVEIRA","sameAs":["http:\/\/www.bahiaeconomica.com.br"],"url":"https:\/\/bahiaeconomica.com.br\/wp\/author\/victor-oliveira\/"}]}},"views":2,"_links":{"self":[{"href":"https:\/\/bahiaeconomica.com.br\/wp\/wp-json\/wp\/v2\/posts\/991521"}],"collection":[{"href":"https:\/\/bahiaeconomica.com.br\/wp\/wp-json\/wp\/v2\/posts"}],"about":[{"href":"https:\/\/bahiaeconomica.com.br\/wp\/wp-json\/wp\/v2\/types\/post"}],"author":[{"embeddable":true,"href":"https:\/\/bahiaeconomica.com.br\/wp\/wp-json\/wp\/v2\/users\/24"}],"replies":[{"embeddable":true,"href":"https:\/\/bahiaeconomica.com.br\/wp\/wp-json\/wp\/v2\/comments?post=991521"}],"version-history":[{"count":1,"href":"https:\/\/bahiaeconomica.com.br\/wp\/wp-json\/wp\/v2\/posts\/991521\/revisions"}],"predecessor-version":[{"id":991523,"href":"https:\/\/bahiaeconomica.com.br\/wp\/wp-json\/wp\/v2\/posts\/991521\/revisions\/991523"}],"wp:featuredmedia":[{"embeddable":true,"href":"https:\/\/bahiaeconomica.com.br\/wp\/wp-json\/wp\/v2\/media\/991522"}],"wp:attachment":[{"href":"https:\/\/bahiaeconomica.com.br\/wp\/wp-json\/wp\/v2\/media?parent=991521"}],"wp:term":[{"taxonomy":"category","embeddable":true,"href":"https:\/\/bahiaeconomica.com.br\/wp\/wp-json\/wp\/v2\/categories?post=991521"},{"taxonomy":"post_tag","embeddable":true,"href":"https:\/\/bahiaeconomica.com.br\/wp\/wp-json\/wp\/v2\/tags?post=991521"}],"curies":[{"name":"wp","href":"https:\/\/api.w.org\/{rel}","templated":true}]}}