{"id":991416,"date":"2026-04-28T06:50:45","date_gmt":"2026-04-28T09:50:45","guid":{"rendered":"https:\/\/bahiaeconomica.com.br\/wp\/?p=991416"},"modified":"2026-04-28T07:08:15","modified_gmt":"2026-04-28T10:08:15","slug":"as-vesperas-de-sabatina-de-messias-governo-empenha-r-12-bilhoes-em-emendas-em-abril","status":"publish","type":"post","link":"https:\/\/bahiaeconomica.com.br\/wp\/2026\/04\/28\/as-vesperas-de-sabatina-de-messias-governo-empenha-r-12-bilhoes-em-emendas-em-abril\/","title":{"rendered":"ANGELO CORONEL CONSEGUE R$ 55 MILH\u00d5ES EM EMENDAS PARLAMENTARES EM ABRIL; VEJA RANKING"},"content":{"rendered":"<p>\u00c0s v\u00e9speras da sabatina do advogado-geral da Uni\u00e3o (AGU), Jorge Messias, indicado pelo presidente Luiz In\u00e1cio Lula da Silva (PT) ao Supremo Tribunal Federal (STF), o governo empenhou cerca de R$ 12 bilh\u00f5es em emendas parlamentares. Empenhar uma emenda significa que o governo separou esse montante para o pagamento, se comprometendo a liberar o recurso.<\/p>\n<p>Desses, R$ 10,7 bilh\u00f5es est\u00e3o dentro dos R$ 17,3 bilh\u00f5es que o governo \u00e9 obrigado a pagar no primeiro semestre de 2026, segundo calend\u00e1rio aprovado na Lei de Diretrizes Or\u00e7ament\u00e1rias (LDO). O cronograma prev\u00ea o pagamento de 65% das emendas individuais e de bancada a fundos de sa\u00fade e de assist\u00eancia social e para as transfer\u00eancias especiais, conhecidas como &#8220;emendas PIX&#8221;, que podem ser aplicadas em qualquer finalidade.<\/p>\n<p>Como mostrou o g1, no in\u00edcio de abril, o governo Lula havia empenhado R$ 389,8 milh\u00f5es dessas emendas que devem ser pagas no primeiro semestre, menos de 2% dos R$ 17,3 bilh\u00f5es. Agora, o governo se comprometeu com o pagamento de mais de 58% do total.<\/p>\n<p>O aumento no empenho das emendas do primeiro semestre acontece em um momento que o governo conta votos para aprovar a indica\u00e7\u00e3o de Messias ao STF. Ele ser\u00e1 sabatinado nesta quarta-feira (29) na Comiss\u00e3o de Constitui\u00e7\u00e3o e Justi\u00e7a (CCJ) do Senado. Caso tenha o m\u00ednimo de 14 votos, a indica\u00e7\u00e3o seguir\u00e1 para o plen\u00e1rio, onde o AGU precisa de 41 votos para se tornar ministro do Supremo.<\/p>\n<p>A escolha de Messias por Lula deflagrou uma crise entre o governo e o presidente do Senado, Davi Alcolumbre (Uni\u00e3o-AP), que trabalhou pelo nome do senador Rodrigo Pacheco (PSD-MG). Ap\u00f3s a indica\u00e7\u00e3o em novembro do ano passado, Alcolumbre chegou a anunciar que a sabatina ocorreria em duas semanas, para evitar que Messias visitasse os senadores e n\u00e3o conseguisse os votos.<\/p>\n<p>O movimento levou o Pal\u00e1cio do Planalto a demorar a enviar a mensagem com a indica\u00e7\u00e3o de Messias ao Senado.<\/p>\n<p>Cen\u00e1rio por bancada<\/p>\n<p>Com a maior bancada do Senado, com 15 parlamentares, o PL, principal partido de oposi\u00e7\u00e3o, foi a legenda que mais teve recursos separados para pagamento, com R$ 479 milh\u00f5es. Em seguida vem o MDB, que conta com nove senadores e teve R$ 372,7 milh\u00f5es empenhados.<\/p>\n<p>O PSD, que tem 14 senadores, teve empenhados um total de R$ 366,2 milh\u00f5es. J\u00e1 para o PT, partido de Lula, o montante foi de R$ 281,2 milh\u00f5es. Os tr\u00eas senadores que mais tiveram recursos empenhados foram o l\u00edder do MDB, Eduardo Braga (AM), com R$ 71,2 milh\u00f5es, Rom\u00e1rio (PL-RJ), que teve R$ 68,7 milh\u00f5es empenhados, e Jader Barbalho (MDB-PA), com R$ 62,4 milh\u00f5es.<\/p>\n<p>Al\u00e9m de Rom\u00e1rio, outros quatro senadores de oposi\u00e7\u00e3o aparecem como os mais contemplados:<\/p>\n<ul>\n<li>Angelo Coronel (Republicanos-BA), com R$ 55,8 milh\u00f5es;<\/li>\n<li>Carlos Portinho (PL-RJ), com R$ 46,8 milh\u00f5es;<\/li>\n<li>Wellington Fagundes (PL-MT), que teve R$ 45 milh\u00f5es empenhados, e;<\/li>\n<li>Oriovisto Guimar\u00e3es (PODEMOS-PR), com R$ 41,5 milh\u00f5es.<\/li>\n<\/ul>\n<p>Apesar de ter acelerado o empenho dos recursos, o ritmo de pagamento das emendas parlamentares obrigat\u00f3rias do primeiro semestre foi mais lento. Em tr\u00eas semanas, o pagamento de emendas a fundos de sa\u00fade, de assist\u00eancia social e Pix foram de R$ 102,3 milh\u00f5es para R$ 395,2 milh\u00f5es. Com isso, faltando 62 dias, o governo pagou apenas 2,28% das emendas previstas para serem quitadas no primeiro semestre.<\/p>\n<p>Fonte: Sistema Integrado de Planejamento e Or\u00e7amento (Siop)<\/p>\n<p>Foto: Foto:\u00a0<b>Roque de S\u00b7\/Ag\u00cdncia Senado<\/b><\/p>\n","protected":false},"excerpt":{"rendered":"<p>\u00c0s v\u00e9speras da sabatina do advogado-geral da Uni\u00e3o (AGU), Jorge Messias, indicado pelo presidente Luiz In\u00e1cio Lula da Silva (PT) ao Supremo Tribunal Federal (STF), o governo empenhou cerca de R$ 12 bilh\u00f5es em emendas parlamentares. Empenhar uma emenda significa que o governo separou esse montante para o pagamento, se comprometendo a liberar o recurso. [&hellip;]<\/p>\n","protected":false},"author":8,"featured_media":991419,"comment_status":"closed","ping_status":"closed","sticky":false,"template":"","format":"standard","meta":[],"categories":[14,3],"tags":[33085,85,44420],"acf":[],"yoast_head":"<!-- This site is optimized with the Yoast SEO plugin v20.8 - https:\/\/yoast.com\/wordpress\/plugins\/seo\/ -->\n<title>ANGELO CORONEL CONSEGUE R$ 55 MILH\u00d5ES EM EMENDAS PARLAMENTARES EM ABRIL; VEJA RANKING - Bahia Economica<\/title>\n<meta name=\"description\" content=\"O maior portal de Economia da Bahia DESTAQUE DO DIA, ECONOMIA \/ POL\u00cdTICA Bahia Economica \u00c0s v\u00e9speras da sabatina do advogado-geral da Uni\u00e3o (AGU), Jorge Messias,\" \/>\n<meta name=\"robots\" content=\"index, follow, max-snippet:-1, max-image-preview:large, max-video-preview:-1\" \/>\n<link rel=\"canonical\" href=\"https:\/\/bahiaeconomica.com.br\/wp\/2026\/04\/28\/as-vesperas-de-sabatina-de-messias-governo-empenha-r-12-bilhoes-em-emendas-em-abril\/\" \/>\n<meta property=\"og:locale\" content=\"pt_BR\" \/>\n<meta property=\"og:type\" content=\"article\" \/>\n<meta property=\"og:title\" content=\"ANGELO CORONEL CONSEGUE R$ 55 MILH\u00d5ES EM EMENDAS PARLAMENTARES EM ABRIL; VEJA RANKING - Bahia Economica\" \/>\n<meta property=\"og:description\" content=\"O maior portal de Economia da Bahia DESTAQUE DO DIA, ECONOMIA \/ POL\u00cdTICA Bahia Economica \u00c0s v\u00e9speras da sabatina do advogado-geral da Uni\u00e3o (AGU), Jorge Messias,\" \/>\n<meta property=\"og:url\" content=\"https:\/\/bahiaeconomica.com.br\/wp\/2026\/04\/28\/as-vesperas-de-sabatina-de-messias-governo-empenha-r-12-bilhoes-em-emendas-em-abril\/\" \/>\n<meta property=\"og:site_name\" content=\"Bahia Economica\" \/>\n<meta property=\"article:publisher\" content=\"https:\/\/www.facebook.com\/bahiaeconomica\" \/>\n<meta property=\"article:published_time\" content=\"2026-04-28T09:50:45+00:00\" \/>\n<meta property=\"article:modified_time\" content=\"2026-04-28T10:08:15+00:00\" \/>\n<meta property=\"og:image\" content=\"https:\/\/bahiaeconomica.com.br\/wp\/wp-content\/uploads\/2026\/04\/79959apos-ameacas-de-morte-senado-oferece-seguranca-para-protecao-de-angelo-coronel-3.jpg\" \/>\n\t<meta property=\"og:image:width\" content=\"1600\" \/>\n\t<meta property=\"og:image:height\" content=\"752\" \/>\n\t<meta property=\"og:image:type\" content=\"image\/jpeg\" \/>\n<meta name=\"author\" content=\"JP\" \/>\n<meta name=\"twitter:card\" content=\"summary_large_image\" \/>\n<meta name=\"twitter:label1\" content=\"Escrito por\" \/>\n\t<meta name=\"twitter:data1\" content=\"JP\" \/>\n\t<meta name=\"twitter:label2\" content=\"Est. tempo de leitura\" \/>\n\t<meta name=\"twitter:data2\" content=\"4 minutos\" \/>\n<script type=\"application\/ld+json\" class=\"yoast-schema-graph\">{\"@context\":\"https:\/\/schema.org\",\"@graph\":[{\"@type\":\"Article\",\"@id\":\"https:\/\/bahiaeconomica.com.br\/wp\/2026\/04\/28\/as-vesperas-de-sabatina-de-messias-governo-empenha-r-12-bilhoes-em-emendas-em-abril\/#article\",\"isPartOf\":{\"@id\":\"https:\/\/bahiaeconomica.com.br\/wp\/2026\/04\/28\/as-vesperas-de-sabatina-de-messias-governo-empenha-r-12-bilhoes-em-emendas-em-abril\/\"},\"author\":{\"name\":\"JP\",\"@id\":\"https:\/\/bahiaeconomica.com.br\/wp\/#\/schema\/person\/c86d3a3f8960425a0f9d0e5245991f4e\"},\"headline\":\"ANGELO CORONEL CONSEGUE R$ 55 MILH\u00d5ES EM EMENDAS PARLAMENTARES EM ABRIL; VEJA RANKING\",\"datePublished\":\"2026-04-28T09:50:45+00:00\",\"dateModified\":\"2026-04-28T10:08:15+00:00\",\"mainEntityOfPage\":{\"@id\":\"https:\/\/bahiaeconomica.com.br\/wp\/2026\/04\/28\/as-vesperas-de-sabatina-de-messias-governo-empenha-r-12-bilhoes-em-emendas-em-abril\/\"},\"wordCount\":593,\"publisher\":{\"@id\":\"https:\/\/bahiaeconomica.com.br\/wp\/#organization\"},\"keywords\":[\"angelo\",\"Bahia\",\"coronal\"],\"articleSection\":[\"DESTAQUE DO DIA\",\"ECONOMIA \/ POL\u00cdTICA\"],\"inLanguage\":\"pt-BR\"},{\"@type\":\"WebPage\",\"@id\":\"https:\/\/bahiaeconomica.com.br\/wp\/2026\/04\/28\/as-vesperas-de-sabatina-de-messias-governo-empenha-r-12-bilhoes-em-emendas-em-abril\/\",\"url\":\"https:\/\/bahiaeconomica.com.br\/wp\/2026\/04\/28\/as-vesperas-de-sabatina-de-messias-governo-empenha-r-12-bilhoes-em-emendas-em-abril\/\",\"name\":\"ANGELO CORONEL CONSEGUE R$ 55 MILH\u00d5ES EM EMENDAS PARLAMENTARES EM ABRIL; VEJA RANKING - Bahia Economica\",\"isPartOf\":{\"@id\":\"https:\/\/bahiaeconomica.com.br\/wp\/#website\"},\"datePublished\":\"2026-04-28T09:50:45+00:00\",\"dateModified\":\"2026-04-28T10:08:15+00:00\",\"description\":\"O maior portal de Economia da Bahia DESTAQUE DO DIA, ECONOMIA \/ POL\u00cdTICA Bahia Economica \u00c0s v\u00e9speras da sabatina do advogado-geral da Uni\u00e3o (AGU), Jorge Messias,\",\"breadcrumb\":{\"@id\":\"https:\/\/bahiaeconomica.com.br\/wp\/2026\/04\/28\/as-vesperas-de-sabatina-de-messias-governo-empenha-r-12-bilhoes-em-emendas-em-abril\/#breadcrumb\"},\"inLanguage\":\"pt-BR\",\"potentialAction\":[{\"@type\":\"ReadAction\",\"target\":[\"https:\/\/bahiaeconomica.com.br\/wp\/2026\/04\/28\/as-vesperas-de-sabatina-de-messias-governo-empenha-r-12-bilhoes-em-emendas-em-abril\/\"]}]},{\"@type\":\"BreadcrumbList\",\"@id\":\"https:\/\/bahiaeconomica.com.br\/wp\/2026\/04\/28\/as-vesperas-de-sabatina-de-messias-governo-empenha-r-12-bilhoes-em-emendas-em-abril\/#breadcrumb\",\"itemListElement\":[{\"@type\":\"ListItem\",\"position\":1,\"name\":\"In\u00edcio\",\"item\":\"https:\/\/bahiaeconomica.com.br\/wp\/\"},{\"@type\":\"ListItem\",\"position\":2,\"name\":\"ANGELO CORONEL CONSEGUE R$ 55 MILH\u00d5ES EM EMENDAS PARLAMENTARES EM ABRIL; VEJA RANKING\"}]},{\"@type\":\"WebSite\",\"@id\":\"https:\/\/bahiaeconomica.com.br\/wp\/#website\",\"url\":\"https:\/\/bahiaeconomica.com.br\/wp\/\",\"name\":\"Bahia Economica\",\"description\":\"O maior portal de Economia da Bahia\",\"publisher\":{\"@id\":\"https:\/\/bahiaeconomica.com.br\/wp\/#organization\"},\"potentialAction\":[{\"@type\":\"SearchAction\",\"target\":{\"@type\":\"EntryPoint\",\"urlTemplate\":\"https:\/\/bahiaeconomica.com.br\/wp\/?s={search_term_string}\"},\"query-input\":\"required name=search_term_string\"}],\"inLanguage\":\"pt-BR\"},{\"@type\":\"Organization\",\"@id\":\"https:\/\/bahiaeconomica.com.br\/wp\/#organization\",\"name\":\"Bahia Econ\u00f4mica\",\"url\":\"https:\/\/bahiaeconomica.com.br\/wp\/\",\"logo\":{\"@type\":\"ImageObject\",\"inLanguage\":\"pt-BR\",\"@id\":\"https:\/\/bahiaeconomica.com.br\/wp\/#\/schema\/logo\/image\/\",\"url\":\"https:\/\/bahiaeconomica.com.br\/wp\/wp-content\/uploads\/2020\/12\/cropped-BE.png\",\"contentUrl\":\"https:\/\/bahiaeconomica.com.br\/wp\/wp-content\/uploads\/2020\/12\/cropped-BE.png\",\"width\":512,\"height\":512,\"caption\":\"Bahia Econ\u00f4mica\"},\"image\":{\"@id\":\"https:\/\/bahiaeconomica.com.br\/wp\/#\/schema\/logo\/image\/\"},\"sameAs\":[\"https:\/\/www.facebook.com\/bahiaeconomica\"]},{\"@type\":\"Person\",\"@id\":\"https:\/\/bahiaeconomica.com.br\/wp\/#\/schema\/person\/c86d3a3f8960425a0f9d0e5245991f4e\",\"name\":\"JP\",\"sameAs\":[\"https:\/\/bahiaeconomica.com.br\/wp\/beta\/\"],\"url\":\"https:\/\/bahiaeconomica.com.br\/wp\/author\/jp\/\"}]}<\/script>\n<!-- \/ Yoast SEO plugin. -->","yoast_head_json":{"title":"ANGELO CORONEL CONSEGUE R$ 55 MILH\u00d5ES EM EMENDAS PARLAMENTARES EM ABRIL; VEJA RANKING - Bahia Economica","description":"O maior portal de Economia da Bahia DESTAQUE DO DIA, ECONOMIA \/ POL\u00cdTICA Bahia Economica \u00c0s v\u00e9speras da sabatina do advogado-geral da Uni\u00e3o (AGU), Jorge Messias,","robots":{"index":"index","follow":"follow","max-snippet":"max-snippet:-1","max-image-preview":"max-image-preview:large","max-video-preview":"max-video-preview:-1"},"canonical":"https:\/\/bahiaeconomica.com.br\/wp\/2026\/04\/28\/as-vesperas-de-sabatina-de-messias-governo-empenha-r-12-bilhoes-em-emendas-em-abril\/","og_locale":"pt_BR","og_type":"article","og_title":"ANGELO CORONEL CONSEGUE R$ 55 MILH\u00d5ES EM EMENDAS PARLAMENTARES EM ABRIL; VEJA RANKING - Bahia Economica","og_description":"O maior portal de Economia da Bahia DESTAQUE DO DIA, ECONOMIA \/ POL\u00cdTICA Bahia Economica \u00c0s v\u00e9speras da sabatina do advogado-geral da Uni\u00e3o (AGU), Jorge Messias,","og_url":"https:\/\/bahiaeconomica.com.br\/wp\/2026\/04\/28\/as-vesperas-de-sabatina-de-messias-governo-empenha-r-12-bilhoes-em-emendas-em-abril\/","og_site_name":"Bahia Economica","article_publisher":"https:\/\/www.facebook.com\/bahiaeconomica","article_published_time":"2026-04-28T09:50:45+00:00","article_modified_time":"2026-04-28T10:08:15+00:00","og_image":[{"width":1600,"height":752,"url":"https:\/\/bahiaeconomica.com.br\/wp\/wp-content\/uploads\/2026\/04\/79959apos-ameacas-de-morte-senado-oferece-seguranca-para-protecao-de-angelo-coronel-3.jpg","type":"image\/jpeg"}],"author":"JP","twitter_card":"summary_large_image","twitter_misc":{"Escrito por":"JP","Est. tempo de leitura":"4 minutos"},"schema":{"@context":"https:\/\/schema.org","@graph":[{"@type":"Article","@id":"https:\/\/bahiaeconomica.com.br\/wp\/2026\/04\/28\/as-vesperas-de-sabatina-de-messias-governo-empenha-r-12-bilhoes-em-emendas-em-abril\/#article","isPartOf":{"@id":"https:\/\/bahiaeconomica.com.br\/wp\/2026\/04\/28\/as-vesperas-de-sabatina-de-messias-governo-empenha-r-12-bilhoes-em-emendas-em-abril\/"},"author":{"name":"JP","@id":"https:\/\/bahiaeconomica.com.br\/wp\/#\/schema\/person\/c86d3a3f8960425a0f9d0e5245991f4e"},"headline":"ANGELO CORONEL CONSEGUE R$ 55 MILH\u00d5ES EM EMENDAS PARLAMENTARES EM ABRIL; VEJA RANKING","datePublished":"2026-04-28T09:50:45+00:00","dateModified":"2026-04-28T10:08:15+00:00","mainEntityOfPage":{"@id":"https:\/\/bahiaeconomica.com.br\/wp\/2026\/04\/28\/as-vesperas-de-sabatina-de-messias-governo-empenha-r-12-bilhoes-em-emendas-em-abril\/"},"wordCount":593,"publisher":{"@id":"https:\/\/bahiaeconomica.com.br\/wp\/#organization"},"keywords":["angelo","Bahia","coronal"],"articleSection":["DESTAQUE DO DIA","ECONOMIA \/ POL\u00cdTICA"],"inLanguage":"pt-BR"},{"@type":"WebPage","@id":"https:\/\/bahiaeconomica.com.br\/wp\/2026\/04\/28\/as-vesperas-de-sabatina-de-messias-governo-empenha-r-12-bilhoes-em-emendas-em-abril\/","url":"https:\/\/bahiaeconomica.com.br\/wp\/2026\/04\/28\/as-vesperas-de-sabatina-de-messias-governo-empenha-r-12-bilhoes-em-emendas-em-abril\/","name":"ANGELO CORONEL CONSEGUE R$ 55 MILH\u00d5ES EM EMENDAS PARLAMENTARES EM ABRIL; VEJA RANKING - Bahia Economica","isPartOf":{"@id":"https:\/\/bahiaeconomica.com.br\/wp\/#website"},"datePublished":"2026-04-28T09:50:45+00:00","dateModified":"2026-04-28T10:08:15+00:00","description":"O maior portal de Economia da Bahia DESTAQUE DO DIA, ECONOMIA \/ POL\u00cdTICA Bahia Economica \u00c0s v\u00e9speras da sabatina do advogado-geral da Uni\u00e3o (AGU), Jorge Messias,","breadcrumb":{"@id":"https:\/\/bahiaeconomica.com.br\/wp\/2026\/04\/28\/as-vesperas-de-sabatina-de-messias-governo-empenha-r-12-bilhoes-em-emendas-em-abril\/#breadcrumb"},"inLanguage":"pt-BR","potentialAction":[{"@type":"ReadAction","target":["https:\/\/bahiaeconomica.com.br\/wp\/2026\/04\/28\/as-vesperas-de-sabatina-de-messias-governo-empenha-r-12-bilhoes-em-emendas-em-abril\/"]}]},{"@type":"BreadcrumbList","@id":"https:\/\/bahiaeconomica.com.br\/wp\/2026\/04\/28\/as-vesperas-de-sabatina-de-messias-governo-empenha-r-12-bilhoes-em-emendas-em-abril\/#breadcrumb","itemListElement":[{"@type":"ListItem","position":1,"name":"In\u00edcio","item":"https:\/\/bahiaeconomica.com.br\/wp\/"},{"@type":"ListItem","position":2,"name":"ANGELO CORONEL CONSEGUE R$ 55 MILH\u00d5ES EM EMENDAS PARLAMENTARES EM ABRIL; VEJA RANKING"}]},{"@type":"WebSite","@id":"https:\/\/bahiaeconomica.com.br\/wp\/#website","url":"https:\/\/bahiaeconomica.com.br\/wp\/","name":"Bahia Economica","description":"O maior portal de Economia da Bahia","publisher":{"@id":"https:\/\/bahiaeconomica.com.br\/wp\/#organization"},"potentialAction":[{"@type":"SearchAction","target":{"@type":"EntryPoint","urlTemplate":"https:\/\/bahiaeconomica.com.br\/wp\/?s={search_term_string}"},"query-input":"required name=search_term_string"}],"inLanguage":"pt-BR"},{"@type":"Organization","@id":"https:\/\/bahiaeconomica.com.br\/wp\/#organization","name":"Bahia Econ\u00f4mica","url":"https:\/\/bahiaeconomica.com.br\/wp\/","logo":{"@type":"ImageObject","inLanguage":"pt-BR","@id":"https:\/\/bahiaeconomica.com.br\/wp\/#\/schema\/logo\/image\/","url":"https:\/\/bahiaeconomica.com.br\/wp\/wp-content\/uploads\/2020\/12\/cropped-BE.png","contentUrl":"https:\/\/bahiaeconomica.com.br\/wp\/wp-content\/uploads\/2020\/12\/cropped-BE.png","width":512,"height":512,"caption":"Bahia Econ\u00f4mica"},"image":{"@id":"https:\/\/bahiaeconomica.com.br\/wp\/#\/schema\/logo\/image\/"},"sameAs":["https:\/\/www.facebook.com\/bahiaeconomica"]},{"@type":"Person","@id":"https:\/\/bahiaeconomica.com.br\/wp\/#\/schema\/person\/c86d3a3f8960425a0f9d0e5245991f4e","name":"JP","sameAs":["https:\/\/bahiaeconomica.com.br\/wp\/beta\/"],"url":"https:\/\/bahiaeconomica.com.br\/wp\/author\/jp\/"}]}},"views":27,"_links":{"self":[{"href":"https:\/\/bahiaeconomica.com.br\/wp\/wp-json\/wp\/v2\/posts\/991416"}],"collection":[{"href":"https:\/\/bahiaeconomica.com.br\/wp\/wp-json\/wp\/v2\/posts"}],"about":[{"href":"https:\/\/bahiaeconomica.com.br\/wp\/wp-json\/wp\/v2\/types\/post"}],"author":[{"embeddable":true,"href":"https:\/\/bahiaeconomica.com.br\/wp\/wp-json\/wp\/v2\/users\/8"}],"replies":[{"embeddable":true,"href":"https:\/\/bahiaeconomica.com.br\/wp\/wp-json\/wp\/v2\/comments?post=991416"}],"version-history":[{"count":2,"href":"https:\/\/bahiaeconomica.com.br\/wp\/wp-json\/wp\/v2\/posts\/991416\/revisions"}],"predecessor-version":[{"id":991420,"href":"https:\/\/bahiaeconomica.com.br\/wp\/wp-json\/wp\/v2\/posts\/991416\/revisions\/991420"}],"wp:featuredmedia":[{"embeddable":true,"href":"https:\/\/bahiaeconomica.com.br\/wp\/wp-json\/wp\/v2\/media\/991419"}],"wp:attachment":[{"href":"https:\/\/bahiaeconomica.com.br\/wp\/wp-json\/wp\/v2\/media?parent=991416"}],"wp:term":[{"taxonomy":"category","embeddable":true,"href":"https:\/\/bahiaeconomica.com.br\/wp\/wp-json\/wp\/v2\/categories?post=991416"},{"taxonomy":"post_tag","embeddable":true,"href":"https:\/\/bahiaeconomica.com.br\/wp\/wp-json\/wp\/v2\/tags?post=991416"}],"curies":[{"name":"wp","href":"https:\/\/api.w.org\/{rel}","templated":true}]}}