{"id":991392,"date":"2026-04-27T15:00:27","date_gmt":"2026-04-27T18:00:27","guid":{"rendered":"https:\/\/bahiaeconomica.com.br\/wp\/?p=991392"},"modified":"2026-04-27T20:38:14","modified_gmt":"2026-04-27T23:38:14","slug":"salvador-avanca-na-pesquisa-clinica-e-recruta-pacientes-com-doencas-intestinais","status":"publish","type":"post","link":"https:\/\/bahiaeconomica.com.br\/wp\/2026\/04\/27\/salvador-avanca-na-pesquisa-clinica-e-recruta-pacientes-com-doencas-intestinais\/","title":{"rendered":"SALVADOR AVAN\u00c7A NA PESQUISA CL\u00cdNICA E RECRUTA PACIENTES COM DOEN\u00c7AS INTESTINAIS"},"content":{"rendered":"<p>A busca por novas abordagens terap\u00eauticas para doen\u00e7as inflamat\u00f3rias intestinais (DIIs) ganha um importante cap\u00edtulo em Salvador. A Cliagen &#8211; cl\u00ednica do Grupo CITA voltada aos cuidados da sa\u00fade digestiva &#8211; est\u00e1 recrutando pacientes com colite ulcerativa ou Doen\u00e7a de Crohn que tamb\u00e9m convivem com sobrepeso ou obesidade para participar de um estudo cl\u00ednico internacional e gratuito. A iniciativa abre caminho para avan\u00e7os no tratamento de condi\u00e7\u00f5es complexas que impactam diretamente a qualidade de vida, especialmente quando associadas a fatores metab\u00f3licos.<\/p>\n<p>O estudo, conduzido pela farmac\u00eautica Eli Lilly and Company em parceria com a cl\u00ednica baiana, ir\u00e1 avaliar a efic\u00e1cia do uso combinado de dois medicamentos em pessoas com essas doen\u00e7as ativas. &#8220;Para participar, \u00e9 necess\u00e1rio ter entre 18 e 70 anos; diagn\u00f3stico confirmado h\u00e1 pelo menos tr\u00eas meses; sobrepeso com \u00edndice de massa corporal (IMC) igual ou superior a 27 kg\/m\u00b2, al\u00e9m de alguma condi\u00e7\u00e3o associada, como hipertens\u00e3o, diabetes ou colesterol elevado; ou obesidade com IMC igual ou superior a 30 kg\/m\u00b2\u201d, detalha a m\u00e9dica gastroenterologista e respons\u00e1vel pelo estudo em Salvador, Genoile Santana. Segundo a especialista, a proposta \u00e9 investigar se a combina\u00e7\u00e3o terap\u00eautica pode oferecer benef\u00edcios mais amplos, especialmente em pacientes que apresentam desafios adicionais relacionados ao peso.<\/p>\n<p>As DIIs, como a colite ulcerativa e a Doen\u00e7a de Crohn, s\u00e3o caracterizadas por inflama\u00e7\u00f5es cr\u00f4nicas no trato digestivo, exigem acompanhamento cont\u00ednuo e, quando associadas ao sobrepeso ou obesidade, podem se tornar ainda mais dif\u00edceis de controlar. Segundo\u00a0 Mary Carmen Silveira, coordenadora da pesquisa cl\u00ednica, essa iniciativa \u00e9 fundamental para ampliar as op\u00e7\u00f5es de tratamento e entender melhor como diferentes perfis de pacientes respondem \u00e0s terapias e tamb\u00e9m refor\u00e7a o papel de Salvador no cen\u00e1rio cient\u00edfico, oferecendo uma oportunidade concreta para pacientes contribu\u00edrem com a inova\u00e7\u00e3o em sa\u00fade. Pessoas interessadas em obter mais informa\u00e7\u00f5es ou descobrir se tem o perfil qualificado para a pesquisa devem entrar em contato atrav\u00e9s do n\u00famero: 71 9 9957-8720.<\/p>\n<p>Grupo CITA<\/p>\n<p>O Grupo CITA &#8211; Centros Integrados de Terapia Assistida \u00e9 uma holding de cl\u00ednicas especializadas no cuidado de doen\u00e7as raras e autoimunes e tem como miss\u00e3o cuidar da sa\u00fade das pessoas e das pessoas da sa\u00fade, oferecendo um atendimento humanizado e integral, com suporte interdisciplinar que abrange preven\u00e7\u00e3o, diagn\u00f3stico e tratamento. Com uma equipe altamente qualificada e presen\u00e7a nas cidades de S\u00e3o Paulo e Salvador, o grupo se destaca pelos altos padr\u00f5es de qualidade, excel\u00eancia em gest\u00e3o e seguran\u00e7a no atendimento m\u00e9dico, contando com selos de certifica\u00e7\u00e3o e acredita\u00e7\u00e3o ONA. Na capital paulista, integra o Grupo CITA a cl\u00ednica EV CITI, e em Salvador, as unidades Novaimuno, IBIS e Cliagen. Atuando em especialidades como Reumatologia, Dermatologia, Neurologia, Gastroenterologia e Alergologia, o Grupo CITA reafirma seu prop\u00f3sito de transformar a experi\u00eancia em sa\u00fade, unindo ci\u00eancia, inova\u00e7\u00e3o e acolhimento para melhorar a qualidade de vida das pessoas.<\/p>\n<p>(Foto de Eduardo Serra)<\/p>\n","protected":false},"excerpt":{"rendered":"<p>A busca por novas abordagens terap\u00eauticas para doen\u00e7as inflamat\u00f3rias intestinais (DIIs) ganha um importante cap\u00edtulo em Salvador. A Cliagen &#8211; cl\u00ednica do Grupo CITA voltada aos cuidados da sa\u00fade digestiva &#8211; est\u00e1 recrutando pacientes com colite ulcerativa ou Doen\u00e7a de Crohn que tamb\u00e9m convivem com sobrepeso ou obesidade para participar de um estudo cl\u00ednico internacional [&hellip;]<\/p>\n","protected":false},"author":8,"featured_media":991393,"comment_status":"closed","ping_status":"closed","sticky":false,"template":"","format":"standard","meta":[],"categories":[5],"tags":[85,100],"acf":[],"yoast_head":"<!-- This site is optimized with the Yoast SEO plugin v20.8 - https:\/\/yoast.com\/wordpress\/plugins\/seo\/ -->\n<title>SALVADOR AVAN\u00c7A NA PESQUISA CL\u00cdNICA E RECRUTA PACIENTES COM DOEN\u00c7AS INTESTINAIS - Bahia Economica<\/title>\n<meta name=\"description\" content=\"O maior portal de Economia da Bahia MUNIC\u00cdPIOS Bahia Economica O Grupo CITA - Centros Integrados de Terapia Assistida \u00e9 uma holding de cl\u00ednicas\" \/>\n<meta name=\"robots\" content=\"index, follow, max-snippet:-1, max-image-preview:large, max-video-preview:-1\" \/>\n<link rel=\"canonical\" href=\"https:\/\/bahiaeconomica.com.br\/wp\/2026\/04\/27\/salvador-avanca-na-pesquisa-clinica-e-recruta-pacientes-com-doencas-intestinais\/\" \/>\n<meta property=\"og:locale\" content=\"pt_BR\" \/>\n<meta property=\"og:type\" content=\"article\" \/>\n<meta property=\"og:title\" content=\"SALVADOR AVAN\u00c7A NA PESQUISA CL\u00cdNICA E RECRUTA PACIENTES COM DOEN\u00c7AS INTESTINAIS - Bahia Economica\" \/>\n<meta property=\"og:description\" content=\"O maior portal de Economia da Bahia MUNIC\u00cdPIOS Bahia Economica O Grupo CITA - Centros Integrados de Terapia Assistida \u00e9 uma holding de cl\u00ednicas\" \/>\n<meta property=\"og:url\" content=\"https:\/\/bahiaeconomica.com.br\/wp\/2026\/04\/27\/salvador-avanca-na-pesquisa-clinica-e-recruta-pacientes-com-doencas-intestinais\/\" \/>\n<meta property=\"og:site_name\" content=\"Bahia Economica\" \/>\n<meta property=\"article:publisher\" content=\"https:\/\/www.facebook.com\/bahiaeconomica\" \/>\n<meta property=\"article:published_time\" content=\"2026-04-27T18:00:27+00:00\" \/>\n<meta property=\"article:modified_time\" content=\"2026-04-27T23:38:14+00:00\" \/>\n<meta property=\"og:image\" content=\"https:\/\/bahiaeconomica.com.br\/wp\/wp-content\/uploads\/2026\/04\/WhatsApp-Image-2026-04-27-at-17.07.32.jpeg\" \/>\n\t<meta property=\"og:image:width\" content=\"1066\" \/>\n\t<meta property=\"og:image:height\" content=\"818\" \/>\n\t<meta property=\"og:image:type\" content=\"image\/jpeg\" \/>\n<meta name=\"author\" content=\"JP\" \/>\n<meta name=\"twitter:card\" content=\"summary_large_image\" \/>\n<meta name=\"twitter:label1\" content=\"Escrito por\" \/>\n\t<meta name=\"twitter:data1\" content=\"JP\" \/>\n\t<meta name=\"twitter:label2\" content=\"Est. tempo de leitura\" \/>\n\t<meta name=\"twitter:data2\" content=\"3 minutos\" \/>\n<script type=\"application\/ld+json\" class=\"yoast-schema-graph\">{\"@context\":\"https:\/\/schema.org\",\"@graph\":[{\"@type\":\"Article\",\"@id\":\"https:\/\/bahiaeconomica.com.br\/wp\/2026\/04\/27\/salvador-avanca-na-pesquisa-clinica-e-recruta-pacientes-com-doencas-intestinais\/#article\",\"isPartOf\":{\"@id\":\"https:\/\/bahiaeconomica.com.br\/wp\/2026\/04\/27\/salvador-avanca-na-pesquisa-clinica-e-recruta-pacientes-com-doencas-intestinais\/\"},\"author\":{\"name\":\"JP\",\"@id\":\"https:\/\/bahiaeconomica.com.br\/wp\/#\/schema\/person\/c86d3a3f8960425a0f9d0e5245991f4e\"},\"headline\":\"SALVADOR AVAN\u00c7A NA PESQUISA CL\u00cdNICA E RECRUTA PACIENTES COM DOEN\u00c7AS INTESTINAIS\",\"datePublished\":\"2026-04-27T18:00:27+00:00\",\"dateModified\":\"2026-04-27T23:38:14+00:00\",\"mainEntityOfPage\":{\"@id\":\"https:\/\/bahiaeconomica.com.br\/wp\/2026\/04\/27\/salvador-avanca-na-pesquisa-clinica-e-recruta-pacientes-com-doencas-intestinais\/\"},\"wordCount\":539,\"publisher\":{\"@id\":\"https:\/\/bahiaeconomica.com.br\/wp\/#organization\"},\"keywords\":[\"Bahia\",\"Pol\u00edtica\"],\"articleSection\":[\"MUNIC\u00cdPIOS\"],\"inLanguage\":\"pt-BR\"},{\"@type\":\"WebPage\",\"@id\":\"https:\/\/bahiaeconomica.com.br\/wp\/2026\/04\/27\/salvador-avanca-na-pesquisa-clinica-e-recruta-pacientes-com-doencas-intestinais\/\",\"url\":\"https:\/\/bahiaeconomica.com.br\/wp\/2026\/04\/27\/salvador-avanca-na-pesquisa-clinica-e-recruta-pacientes-com-doencas-intestinais\/\",\"name\":\"SALVADOR AVAN\u00c7A NA PESQUISA CL\u00cdNICA E RECRUTA PACIENTES COM DOEN\u00c7AS INTESTINAIS - Bahia Economica\",\"isPartOf\":{\"@id\":\"https:\/\/bahiaeconomica.com.br\/wp\/#website\"},\"datePublished\":\"2026-04-27T18:00:27+00:00\",\"dateModified\":\"2026-04-27T23:38:14+00:00\",\"description\":\"O maior portal de Economia da Bahia MUNIC\u00cdPIOS Bahia Economica O Grupo CITA - Centros Integrados de Terapia Assistida \u00e9 uma holding de cl\u00ednicas\",\"breadcrumb\":{\"@id\":\"https:\/\/bahiaeconomica.com.br\/wp\/2026\/04\/27\/salvador-avanca-na-pesquisa-clinica-e-recruta-pacientes-com-doencas-intestinais\/#breadcrumb\"},\"inLanguage\":\"pt-BR\",\"potentialAction\":[{\"@type\":\"ReadAction\",\"target\":[\"https:\/\/bahiaeconomica.com.br\/wp\/2026\/04\/27\/salvador-avanca-na-pesquisa-clinica-e-recruta-pacientes-com-doencas-intestinais\/\"]}]},{\"@type\":\"BreadcrumbList\",\"@id\":\"https:\/\/bahiaeconomica.com.br\/wp\/2026\/04\/27\/salvador-avanca-na-pesquisa-clinica-e-recruta-pacientes-com-doencas-intestinais\/#breadcrumb\",\"itemListElement\":[{\"@type\":\"ListItem\",\"position\":1,\"name\":\"In\u00edcio\",\"item\":\"https:\/\/bahiaeconomica.com.br\/wp\/\"},{\"@type\":\"ListItem\",\"position\":2,\"name\":\"SALVADOR AVAN\u00c7A NA PESQUISA CL\u00cdNICA E RECRUTA PACIENTES COM DOEN\u00c7AS INTESTINAIS\"}]},{\"@type\":\"WebSite\",\"@id\":\"https:\/\/bahiaeconomica.com.br\/wp\/#website\",\"url\":\"https:\/\/bahiaeconomica.com.br\/wp\/\",\"name\":\"Bahia Economica\",\"description\":\"O maior portal de Economia da Bahia\",\"publisher\":{\"@id\":\"https:\/\/bahiaeconomica.com.br\/wp\/#organization\"},\"potentialAction\":[{\"@type\":\"SearchAction\",\"target\":{\"@type\":\"EntryPoint\",\"urlTemplate\":\"https:\/\/bahiaeconomica.com.br\/wp\/?s={search_term_string}\"},\"query-input\":\"required name=search_term_string\"}],\"inLanguage\":\"pt-BR\"},{\"@type\":\"Organization\",\"@id\":\"https:\/\/bahiaeconomica.com.br\/wp\/#organization\",\"name\":\"Bahia Econ\u00f4mica\",\"url\":\"https:\/\/bahiaeconomica.com.br\/wp\/\",\"logo\":{\"@type\":\"ImageObject\",\"inLanguage\":\"pt-BR\",\"@id\":\"https:\/\/bahiaeconomica.com.br\/wp\/#\/schema\/logo\/image\/\",\"url\":\"https:\/\/bahiaeconomica.com.br\/wp\/wp-content\/uploads\/2020\/12\/cropped-BE.png\",\"contentUrl\":\"https:\/\/bahiaeconomica.com.br\/wp\/wp-content\/uploads\/2020\/12\/cropped-BE.png\",\"width\":512,\"height\":512,\"caption\":\"Bahia Econ\u00f4mica\"},\"image\":{\"@id\":\"https:\/\/bahiaeconomica.com.br\/wp\/#\/schema\/logo\/image\/\"},\"sameAs\":[\"https:\/\/www.facebook.com\/bahiaeconomica\"]},{\"@type\":\"Person\",\"@id\":\"https:\/\/bahiaeconomica.com.br\/wp\/#\/schema\/person\/c86d3a3f8960425a0f9d0e5245991f4e\",\"name\":\"JP\",\"sameAs\":[\"https:\/\/bahiaeconomica.com.br\/wp\/beta\/\"],\"url\":\"https:\/\/bahiaeconomica.com.br\/wp\/author\/jp\/\"}]}<\/script>\n<!-- \/ Yoast SEO plugin. -->","yoast_head_json":{"title":"SALVADOR AVAN\u00c7A NA PESQUISA CL\u00cdNICA E RECRUTA PACIENTES COM DOEN\u00c7AS INTESTINAIS - Bahia Economica","description":"O maior portal de Economia da Bahia MUNIC\u00cdPIOS Bahia Economica O Grupo CITA - Centros Integrados de Terapia Assistida \u00e9 uma holding de cl\u00ednicas","robots":{"index":"index","follow":"follow","max-snippet":"max-snippet:-1","max-image-preview":"max-image-preview:large","max-video-preview":"max-video-preview:-1"},"canonical":"https:\/\/bahiaeconomica.com.br\/wp\/2026\/04\/27\/salvador-avanca-na-pesquisa-clinica-e-recruta-pacientes-com-doencas-intestinais\/","og_locale":"pt_BR","og_type":"article","og_title":"SALVADOR AVAN\u00c7A NA PESQUISA CL\u00cdNICA E RECRUTA PACIENTES COM DOEN\u00c7AS INTESTINAIS - Bahia Economica","og_description":"O maior portal de Economia da Bahia MUNIC\u00cdPIOS Bahia Economica O Grupo CITA - Centros Integrados de Terapia Assistida \u00e9 uma holding de cl\u00ednicas","og_url":"https:\/\/bahiaeconomica.com.br\/wp\/2026\/04\/27\/salvador-avanca-na-pesquisa-clinica-e-recruta-pacientes-com-doencas-intestinais\/","og_site_name":"Bahia Economica","article_publisher":"https:\/\/www.facebook.com\/bahiaeconomica","article_published_time":"2026-04-27T18:00:27+00:00","article_modified_time":"2026-04-27T23:38:14+00:00","og_image":[{"width":1066,"height":818,"url":"https:\/\/bahiaeconomica.com.br\/wp\/wp-content\/uploads\/2026\/04\/WhatsApp-Image-2026-04-27-at-17.07.32.jpeg","type":"image\/jpeg"}],"author":"JP","twitter_card":"summary_large_image","twitter_misc":{"Escrito por":"JP","Est. tempo de leitura":"3 minutos"},"schema":{"@context":"https:\/\/schema.org","@graph":[{"@type":"Article","@id":"https:\/\/bahiaeconomica.com.br\/wp\/2026\/04\/27\/salvador-avanca-na-pesquisa-clinica-e-recruta-pacientes-com-doencas-intestinais\/#article","isPartOf":{"@id":"https:\/\/bahiaeconomica.com.br\/wp\/2026\/04\/27\/salvador-avanca-na-pesquisa-clinica-e-recruta-pacientes-com-doencas-intestinais\/"},"author":{"name":"JP","@id":"https:\/\/bahiaeconomica.com.br\/wp\/#\/schema\/person\/c86d3a3f8960425a0f9d0e5245991f4e"},"headline":"SALVADOR AVAN\u00c7A NA PESQUISA CL\u00cdNICA E RECRUTA PACIENTES COM DOEN\u00c7AS INTESTINAIS","datePublished":"2026-04-27T18:00:27+00:00","dateModified":"2026-04-27T23:38:14+00:00","mainEntityOfPage":{"@id":"https:\/\/bahiaeconomica.com.br\/wp\/2026\/04\/27\/salvador-avanca-na-pesquisa-clinica-e-recruta-pacientes-com-doencas-intestinais\/"},"wordCount":539,"publisher":{"@id":"https:\/\/bahiaeconomica.com.br\/wp\/#organization"},"keywords":["Bahia","Pol\u00edtica"],"articleSection":["MUNIC\u00cdPIOS"],"inLanguage":"pt-BR"},{"@type":"WebPage","@id":"https:\/\/bahiaeconomica.com.br\/wp\/2026\/04\/27\/salvador-avanca-na-pesquisa-clinica-e-recruta-pacientes-com-doencas-intestinais\/","url":"https:\/\/bahiaeconomica.com.br\/wp\/2026\/04\/27\/salvador-avanca-na-pesquisa-clinica-e-recruta-pacientes-com-doencas-intestinais\/","name":"SALVADOR AVAN\u00c7A NA PESQUISA CL\u00cdNICA E RECRUTA PACIENTES COM DOEN\u00c7AS INTESTINAIS - Bahia Economica","isPartOf":{"@id":"https:\/\/bahiaeconomica.com.br\/wp\/#website"},"datePublished":"2026-04-27T18:00:27+00:00","dateModified":"2026-04-27T23:38:14+00:00","description":"O maior portal de Economia da Bahia MUNIC\u00cdPIOS Bahia Economica O Grupo CITA - Centros Integrados de Terapia Assistida \u00e9 uma holding de cl\u00ednicas","breadcrumb":{"@id":"https:\/\/bahiaeconomica.com.br\/wp\/2026\/04\/27\/salvador-avanca-na-pesquisa-clinica-e-recruta-pacientes-com-doencas-intestinais\/#breadcrumb"},"inLanguage":"pt-BR","potentialAction":[{"@type":"ReadAction","target":["https:\/\/bahiaeconomica.com.br\/wp\/2026\/04\/27\/salvador-avanca-na-pesquisa-clinica-e-recruta-pacientes-com-doencas-intestinais\/"]}]},{"@type":"BreadcrumbList","@id":"https:\/\/bahiaeconomica.com.br\/wp\/2026\/04\/27\/salvador-avanca-na-pesquisa-clinica-e-recruta-pacientes-com-doencas-intestinais\/#breadcrumb","itemListElement":[{"@type":"ListItem","position":1,"name":"In\u00edcio","item":"https:\/\/bahiaeconomica.com.br\/wp\/"},{"@type":"ListItem","position":2,"name":"SALVADOR AVAN\u00c7A NA PESQUISA CL\u00cdNICA E RECRUTA PACIENTES COM DOEN\u00c7AS INTESTINAIS"}]},{"@type":"WebSite","@id":"https:\/\/bahiaeconomica.com.br\/wp\/#website","url":"https:\/\/bahiaeconomica.com.br\/wp\/","name":"Bahia Economica","description":"O maior portal de Economia da Bahia","publisher":{"@id":"https:\/\/bahiaeconomica.com.br\/wp\/#organization"},"potentialAction":[{"@type":"SearchAction","target":{"@type":"EntryPoint","urlTemplate":"https:\/\/bahiaeconomica.com.br\/wp\/?s={search_term_string}"},"query-input":"required name=search_term_string"}],"inLanguage":"pt-BR"},{"@type":"Organization","@id":"https:\/\/bahiaeconomica.com.br\/wp\/#organization","name":"Bahia Econ\u00f4mica","url":"https:\/\/bahiaeconomica.com.br\/wp\/","logo":{"@type":"ImageObject","inLanguage":"pt-BR","@id":"https:\/\/bahiaeconomica.com.br\/wp\/#\/schema\/logo\/image\/","url":"https:\/\/bahiaeconomica.com.br\/wp\/wp-content\/uploads\/2020\/12\/cropped-BE.png","contentUrl":"https:\/\/bahiaeconomica.com.br\/wp\/wp-content\/uploads\/2020\/12\/cropped-BE.png","width":512,"height":512,"caption":"Bahia Econ\u00f4mica"},"image":{"@id":"https:\/\/bahiaeconomica.com.br\/wp\/#\/schema\/logo\/image\/"},"sameAs":["https:\/\/www.facebook.com\/bahiaeconomica"]},{"@type":"Person","@id":"https:\/\/bahiaeconomica.com.br\/wp\/#\/schema\/person\/c86d3a3f8960425a0f9d0e5245991f4e","name":"JP","sameAs":["https:\/\/bahiaeconomica.com.br\/wp\/beta\/"],"url":"https:\/\/bahiaeconomica.com.br\/wp\/author\/jp\/"}]}},"views":3,"_links":{"self":[{"href":"https:\/\/bahiaeconomica.com.br\/wp\/wp-json\/wp\/v2\/posts\/991392"}],"collection":[{"href":"https:\/\/bahiaeconomica.com.br\/wp\/wp-json\/wp\/v2\/posts"}],"about":[{"href":"https:\/\/bahiaeconomica.com.br\/wp\/wp-json\/wp\/v2\/types\/post"}],"author":[{"embeddable":true,"href":"https:\/\/bahiaeconomica.com.br\/wp\/wp-json\/wp\/v2\/users\/8"}],"replies":[{"embeddable":true,"href":"https:\/\/bahiaeconomica.com.br\/wp\/wp-json\/wp\/v2\/comments?post=991392"}],"version-history":[{"count":1,"href":"https:\/\/bahiaeconomica.com.br\/wp\/wp-json\/wp\/v2\/posts\/991392\/revisions"}],"predecessor-version":[{"id":991394,"href":"https:\/\/bahiaeconomica.com.br\/wp\/wp-json\/wp\/v2\/posts\/991392\/revisions\/991394"}],"wp:featuredmedia":[{"embeddable":true,"href":"https:\/\/bahiaeconomica.com.br\/wp\/wp-json\/wp\/v2\/media\/991393"}],"wp:attachment":[{"href":"https:\/\/bahiaeconomica.com.br\/wp\/wp-json\/wp\/v2\/media?parent=991392"}],"wp:term":[{"taxonomy":"category","embeddable":true,"href":"https:\/\/bahiaeconomica.com.br\/wp\/wp-json\/wp\/v2\/categories?post=991392"},{"taxonomy":"post_tag","embeddable":true,"href":"https:\/\/bahiaeconomica.com.br\/wp\/wp-json\/wp\/v2\/tags?post=991392"}],"curies":[{"name":"wp","href":"https:\/\/api.w.org\/{rel}","templated":true}]}}