{"id":991371,"date":"2026-04-27T15:00:07","date_gmt":"2026-04-27T18:00:07","guid":{"rendered":"https:\/\/bahiaeconomica.com.br\/wp\/?p=991371"},"modified":"2026-04-27T20:46:46","modified_gmt":"2026-04-27T23:46:46","slug":"vem-ai-a-27a-edicao-do-salvador-restaurant-week","status":"publish","type":"post","link":"https:\/\/bahiaeconomica.com.br\/wp\/2026\/04\/27\/vem-ai-a-27a-edicao-do-salvador-restaurant-week\/","title":{"rendered":"VEM A\u00cd A 27\u00aa EDI\u00c7\u00c3O DA SALVADOR RESTAURANT WEEK"},"content":{"rendered":"<p>O festival gastron\u00f4mico mais democr\u00e1tico do Brasil j\u00e1 tem per\u00edodo definido e proposta tem\u00e1tica anunciada. Em Salvador, a 27\u00aa edi\u00e7\u00e3o da Restaurant Week ser\u00e1 realizada entre os dias 14 de maio e 14 de junho e reunir\u00e1 mais de 100 restaurantes da capital baiana.<\/p>\n<p>Nesta ter\u00e7a-feira, 28 de abril, a partir das 16h, acontecer\u00e1, no Hotel da Bahia by Wish, no Campo Grande, uma reuni\u00e3o t\u00e9cnica onde a produ\u00e7\u00e3o do evento ir\u00e1 apresentar as a\u00e7\u00f5es de marketing e comerciais, al\u00e9m de dicas pr\u00e1ticas para os restaurantes performarem com excel\u00eancia durante a Salvador Restaurant Week.<\/p>\n<p>Na ocasi\u00e3o, ser\u00e1 ministrada aos representantes dos estabelecimentos gastron\u00f4micos uma capacita\u00e7\u00e3o em atendimento ao cliente e gest\u00e3o de pessoas. O encontro \u00e9 essencial para o alinhamento das informa\u00e7\u00f5es e o compartilhamento de estrat\u00e9gias, a fim de que haja uma performance de alta qualidade durante todo o evento. O festival \u00e9 realizado pela Brasil Restaurant Week e L\u00edcia Fabio Produ\u00e7\u00f5es.<\/p>\n<p>Foto: Tati Freitas<\/p>\n","protected":false},"excerpt":{"rendered":"<p>O festival gastron\u00f4mico mais democr\u00e1tico do Brasil j\u00e1 tem per\u00edodo definido e proposta tem\u00e1tica anunciada. Em Salvador, a 27\u00aa edi\u00e7\u00e3o da Restaurant Week ser\u00e1 realizada entre os dias 14 de maio e 14 de junho e reunir\u00e1 mais de 100 restaurantes da capital baiana. Nesta ter\u00e7a-feira, 28 de abril, a partir das 16h, acontecer\u00e1, no [&hellip;]<\/p>\n","protected":false},"author":8,"featured_media":991372,"comment_status":"closed","ping_status":"closed","sticky":false,"template":"","format":"standard","meta":[],"categories":[5],"tags":[85,100],"acf":[],"yoast_head":"<!-- This site is optimized with the Yoast SEO plugin v20.8 - https:\/\/yoast.com\/wordpress\/plugins\/seo\/ -->\n<title>VEM A\u00cd A 27\u00aa EDI\u00c7\u00c3O DA SALVADOR RESTAURANT WEEK - Bahia Economica<\/title>\n<meta name=\"description\" content=\"O maior portal de Economia da Bahia MUNIC\u00cdPIOS Bahia Economica O festival gastron\u00f4mico mais democr\u00e1tico do Brasil j\u00e1 tem per\u00edodo definido e\" \/>\n<meta name=\"robots\" content=\"index, follow, max-snippet:-1, max-image-preview:large, max-video-preview:-1\" \/>\n<link rel=\"canonical\" href=\"https:\/\/bahiaeconomica.com.br\/wp\/2026\/04\/27\/vem-ai-a-27a-edicao-do-salvador-restaurant-week\/\" \/>\n<meta property=\"og:locale\" content=\"pt_BR\" \/>\n<meta property=\"og:type\" content=\"article\" \/>\n<meta property=\"og:title\" content=\"VEM A\u00cd A 27\u00aa EDI\u00c7\u00c3O DA SALVADOR RESTAURANT WEEK - Bahia Economica\" \/>\n<meta property=\"og:description\" content=\"O maior portal de Economia da Bahia MUNIC\u00cdPIOS Bahia Economica O festival gastron\u00f4mico mais democr\u00e1tico do Brasil j\u00e1 tem per\u00edodo definido e\" \/>\n<meta property=\"og:url\" content=\"https:\/\/bahiaeconomica.com.br\/wp\/2026\/04\/27\/vem-ai-a-27a-edicao-do-salvador-restaurant-week\/\" \/>\n<meta property=\"og:site_name\" content=\"Bahia Economica\" \/>\n<meta property=\"article:publisher\" content=\"https:\/\/www.facebook.com\/bahiaeconomica\" \/>\n<meta property=\"article:published_time\" content=\"2026-04-27T18:00:07+00:00\" \/>\n<meta property=\"article:modified_time\" content=\"2026-04-27T23:46:46+00:00\" \/>\n<meta property=\"og:image\" content=\"https:\/\/bahiaeconomica.com.br\/wp\/wp-content\/uploads\/2026\/04\/WhatsApp-Image-2026-04-27-at-19.43.12.jpeg\" \/>\n\t<meta property=\"og:image:width\" content=\"551\" \/>\n\t<meta property=\"og:image:height\" content=\"364\" \/>\n\t<meta property=\"og:image:type\" content=\"image\/jpeg\" \/>\n<meta name=\"author\" content=\"JP\" \/>\n<meta name=\"twitter:card\" content=\"summary_large_image\" \/>\n<meta name=\"twitter:label1\" content=\"Escrito por\" \/>\n\t<meta name=\"twitter:data1\" content=\"JP\" \/>\n\t<meta name=\"twitter:label2\" content=\"Est. tempo de leitura\" \/>\n\t<meta name=\"twitter:data2\" content=\"1 minuto\" \/>\n<script type=\"application\/ld+json\" class=\"yoast-schema-graph\">{\"@context\":\"https:\/\/schema.org\",\"@graph\":[{\"@type\":\"Article\",\"@id\":\"https:\/\/bahiaeconomica.com.br\/wp\/2026\/04\/27\/vem-ai-a-27a-edicao-do-salvador-restaurant-week\/#article\",\"isPartOf\":{\"@id\":\"https:\/\/bahiaeconomica.com.br\/wp\/2026\/04\/27\/vem-ai-a-27a-edicao-do-salvador-restaurant-week\/\"},\"author\":{\"name\":\"JP\",\"@id\":\"https:\/\/bahiaeconomica.com.br\/wp\/#\/schema\/person\/c86d3a3f8960425a0f9d0e5245991f4e\"},\"headline\":\"VEM A\u00cd A 27\u00aa EDI\u00c7\u00c3O DA SALVADOR RESTAURANT WEEK\",\"datePublished\":\"2026-04-27T18:00:07+00:00\",\"dateModified\":\"2026-04-27T23:46:46+00:00\",\"mainEntityOfPage\":{\"@id\":\"https:\/\/bahiaeconomica.com.br\/wp\/2026\/04\/27\/vem-ai-a-27a-edicao-do-salvador-restaurant-week\/\"},\"wordCount\":179,\"publisher\":{\"@id\":\"https:\/\/bahiaeconomica.com.br\/wp\/#organization\"},\"keywords\":[\"Bahia\",\"Pol\u00edtica\"],\"articleSection\":[\"MUNIC\u00cdPIOS\"],\"inLanguage\":\"pt-BR\"},{\"@type\":\"WebPage\",\"@id\":\"https:\/\/bahiaeconomica.com.br\/wp\/2026\/04\/27\/vem-ai-a-27a-edicao-do-salvador-restaurant-week\/\",\"url\":\"https:\/\/bahiaeconomica.com.br\/wp\/2026\/04\/27\/vem-ai-a-27a-edicao-do-salvador-restaurant-week\/\",\"name\":\"VEM A\u00cd A 27\u00aa EDI\u00c7\u00c3O DA SALVADOR RESTAURANT WEEK - Bahia Economica\",\"isPartOf\":{\"@id\":\"https:\/\/bahiaeconomica.com.br\/wp\/#website\"},\"datePublished\":\"2026-04-27T18:00:07+00:00\",\"dateModified\":\"2026-04-27T23:46:46+00:00\",\"description\":\"O maior portal de Economia da Bahia MUNIC\u00cdPIOS Bahia Economica O festival gastron\u00f4mico mais democr\u00e1tico do Brasil j\u00e1 tem per\u00edodo definido e\",\"breadcrumb\":{\"@id\":\"https:\/\/bahiaeconomica.com.br\/wp\/2026\/04\/27\/vem-ai-a-27a-edicao-do-salvador-restaurant-week\/#breadcrumb\"},\"inLanguage\":\"pt-BR\",\"potentialAction\":[{\"@type\":\"ReadAction\",\"target\":[\"https:\/\/bahiaeconomica.com.br\/wp\/2026\/04\/27\/vem-ai-a-27a-edicao-do-salvador-restaurant-week\/\"]}]},{\"@type\":\"BreadcrumbList\",\"@id\":\"https:\/\/bahiaeconomica.com.br\/wp\/2026\/04\/27\/vem-ai-a-27a-edicao-do-salvador-restaurant-week\/#breadcrumb\",\"itemListElement\":[{\"@type\":\"ListItem\",\"position\":1,\"name\":\"In\u00edcio\",\"item\":\"https:\/\/bahiaeconomica.com.br\/wp\/\"},{\"@type\":\"ListItem\",\"position\":2,\"name\":\"VEM A\u00cd A 27\u00aa EDI\u00c7\u00c3O DA SALVADOR RESTAURANT WEEK\"}]},{\"@type\":\"WebSite\",\"@id\":\"https:\/\/bahiaeconomica.com.br\/wp\/#website\",\"url\":\"https:\/\/bahiaeconomica.com.br\/wp\/\",\"name\":\"Bahia Economica\",\"description\":\"O maior portal de Economia da Bahia\",\"publisher\":{\"@id\":\"https:\/\/bahiaeconomica.com.br\/wp\/#organization\"},\"potentialAction\":[{\"@type\":\"SearchAction\",\"target\":{\"@type\":\"EntryPoint\",\"urlTemplate\":\"https:\/\/bahiaeconomica.com.br\/wp\/?s={search_term_string}\"},\"query-input\":\"required name=search_term_string\"}],\"inLanguage\":\"pt-BR\"},{\"@type\":\"Organization\",\"@id\":\"https:\/\/bahiaeconomica.com.br\/wp\/#organization\",\"name\":\"Bahia Econ\u00f4mica\",\"url\":\"https:\/\/bahiaeconomica.com.br\/wp\/\",\"logo\":{\"@type\":\"ImageObject\",\"inLanguage\":\"pt-BR\",\"@id\":\"https:\/\/bahiaeconomica.com.br\/wp\/#\/schema\/logo\/image\/\",\"url\":\"https:\/\/bahiaeconomica.com.br\/wp\/wp-content\/uploads\/2020\/12\/cropped-BE.png\",\"contentUrl\":\"https:\/\/bahiaeconomica.com.br\/wp\/wp-content\/uploads\/2020\/12\/cropped-BE.png\",\"width\":512,\"height\":512,\"caption\":\"Bahia Econ\u00f4mica\"},\"image\":{\"@id\":\"https:\/\/bahiaeconomica.com.br\/wp\/#\/schema\/logo\/image\/\"},\"sameAs\":[\"https:\/\/www.facebook.com\/bahiaeconomica\"]},{\"@type\":\"Person\",\"@id\":\"https:\/\/bahiaeconomica.com.br\/wp\/#\/schema\/person\/c86d3a3f8960425a0f9d0e5245991f4e\",\"name\":\"JP\",\"sameAs\":[\"https:\/\/bahiaeconomica.com.br\/wp\/beta\/\"],\"url\":\"https:\/\/bahiaeconomica.com.br\/wp\/author\/jp\/\"}]}<\/script>\n<!-- \/ Yoast SEO plugin. -->","yoast_head_json":{"title":"VEM A\u00cd A 27\u00aa EDI\u00c7\u00c3O DA SALVADOR RESTAURANT WEEK - Bahia Economica","description":"O maior portal de Economia da Bahia MUNIC\u00cdPIOS Bahia Economica O festival gastron\u00f4mico mais democr\u00e1tico do Brasil j\u00e1 tem per\u00edodo definido e","robots":{"index":"index","follow":"follow","max-snippet":"max-snippet:-1","max-image-preview":"max-image-preview:large","max-video-preview":"max-video-preview:-1"},"canonical":"https:\/\/bahiaeconomica.com.br\/wp\/2026\/04\/27\/vem-ai-a-27a-edicao-do-salvador-restaurant-week\/","og_locale":"pt_BR","og_type":"article","og_title":"VEM A\u00cd A 27\u00aa EDI\u00c7\u00c3O DA SALVADOR RESTAURANT WEEK - Bahia Economica","og_description":"O maior portal de Economia da Bahia MUNIC\u00cdPIOS Bahia Economica O festival gastron\u00f4mico mais democr\u00e1tico do Brasil j\u00e1 tem per\u00edodo definido e","og_url":"https:\/\/bahiaeconomica.com.br\/wp\/2026\/04\/27\/vem-ai-a-27a-edicao-do-salvador-restaurant-week\/","og_site_name":"Bahia Economica","article_publisher":"https:\/\/www.facebook.com\/bahiaeconomica","article_published_time":"2026-04-27T18:00:07+00:00","article_modified_time":"2026-04-27T23:46:46+00:00","og_image":[{"width":551,"height":364,"url":"https:\/\/bahiaeconomica.com.br\/wp\/wp-content\/uploads\/2026\/04\/WhatsApp-Image-2026-04-27-at-19.43.12.jpeg","type":"image\/jpeg"}],"author":"JP","twitter_card":"summary_large_image","twitter_misc":{"Escrito por":"JP","Est. tempo de leitura":"1 minuto"},"schema":{"@context":"https:\/\/schema.org","@graph":[{"@type":"Article","@id":"https:\/\/bahiaeconomica.com.br\/wp\/2026\/04\/27\/vem-ai-a-27a-edicao-do-salvador-restaurant-week\/#article","isPartOf":{"@id":"https:\/\/bahiaeconomica.com.br\/wp\/2026\/04\/27\/vem-ai-a-27a-edicao-do-salvador-restaurant-week\/"},"author":{"name":"JP","@id":"https:\/\/bahiaeconomica.com.br\/wp\/#\/schema\/person\/c86d3a3f8960425a0f9d0e5245991f4e"},"headline":"VEM A\u00cd A 27\u00aa EDI\u00c7\u00c3O DA SALVADOR RESTAURANT WEEK","datePublished":"2026-04-27T18:00:07+00:00","dateModified":"2026-04-27T23:46:46+00:00","mainEntityOfPage":{"@id":"https:\/\/bahiaeconomica.com.br\/wp\/2026\/04\/27\/vem-ai-a-27a-edicao-do-salvador-restaurant-week\/"},"wordCount":179,"publisher":{"@id":"https:\/\/bahiaeconomica.com.br\/wp\/#organization"},"keywords":["Bahia","Pol\u00edtica"],"articleSection":["MUNIC\u00cdPIOS"],"inLanguage":"pt-BR"},{"@type":"WebPage","@id":"https:\/\/bahiaeconomica.com.br\/wp\/2026\/04\/27\/vem-ai-a-27a-edicao-do-salvador-restaurant-week\/","url":"https:\/\/bahiaeconomica.com.br\/wp\/2026\/04\/27\/vem-ai-a-27a-edicao-do-salvador-restaurant-week\/","name":"VEM A\u00cd A 27\u00aa EDI\u00c7\u00c3O DA SALVADOR RESTAURANT WEEK - Bahia Economica","isPartOf":{"@id":"https:\/\/bahiaeconomica.com.br\/wp\/#website"},"datePublished":"2026-04-27T18:00:07+00:00","dateModified":"2026-04-27T23:46:46+00:00","description":"O maior portal de Economia da Bahia MUNIC\u00cdPIOS Bahia Economica O festival gastron\u00f4mico mais democr\u00e1tico do Brasil j\u00e1 tem per\u00edodo definido e","breadcrumb":{"@id":"https:\/\/bahiaeconomica.com.br\/wp\/2026\/04\/27\/vem-ai-a-27a-edicao-do-salvador-restaurant-week\/#breadcrumb"},"inLanguage":"pt-BR","potentialAction":[{"@type":"ReadAction","target":["https:\/\/bahiaeconomica.com.br\/wp\/2026\/04\/27\/vem-ai-a-27a-edicao-do-salvador-restaurant-week\/"]}]},{"@type":"BreadcrumbList","@id":"https:\/\/bahiaeconomica.com.br\/wp\/2026\/04\/27\/vem-ai-a-27a-edicao-do-salvador-restaurant-week\/#breadcrumb","itemListElement":[{"@type":"ListItem","position":1,"name":"In\u00edcio","item":"https:\/\/bahiaeconomica.com.br\/wp\/"},{"@type":"ListItem","position":2,"name":"VEM A\u00cd A 27\u00aa EDI\u00c7\u00c3O DA SALVADOR RESTAURANT WEEK"}]},{"@type":"WebSite","@id":"https:\/\/bahiaeconomica.com.br\/wp\/#website","url":"https:\/\/bahiaeconomica.com.br\/wp\/","name":"Bahia Economica","description":"O maior portal de Economia da Bahia","publisher":{"@id":"https:\/\/bahiaeconomica.com.br\/wp\/#organization"},"potentialAction":[{"@type":"SearchAction","target":{"@type":"EntryPoint","urlTemplate":"https:\/\/bahiaeconomica.com.br\/wp\/?s={search_term_string}"},"query-input":"required name=search_term_string"}],"inLanguage":"pt-BR"},{"@type":"Organization","@id":"https:\/\/bahiaeconomica.com.br\/wp\/#organization","name":"Bahia Econ\u00f4mica","url":"https:\/\/bahiaeconomica.com.br\/wp\/","logo":{"@type":"ImageObject","inLanguage":"pt-BR","@id":"https:\/\/bahiaeconomica.com.br\/wp\/#\/schema\/logo\/image\/","url":"https:\/\/bahiaeconomica.com.br\/wp\/wp-content\/uploads\/2020\/12\/cropped-BE.png","contentUrl":"https:\/\/bahiaeconomica.com.br\/wp\/wp-content\/uploads\/2020\/12\/cropped-BE.png","width":512,"height":512,"caption":"Bahia Econ\u00f4mica"},"image":{"@id":"https:\/\/bahiaeconomica.com.br\/wp\/#\/schema\/logo\/image\/"},"sameAs":["https:\/\/www.facebook.com\/bahiaeconomica"]},{"@type":"Person","@id":"https:\/\/bahiaeconomica.com.br\/wp\/#\/schema\/person\/c86d3a3f8960425a0f9d0e5245991f4e","name":"JP","sameAs":["https:\/\/bahiaeconomica.com.br\/wp\/beta\/"],"url":"https:\/\/bahiaeconomica.com.br\/wp\/author\/jp\/"}]}},"views":1,"_links":{"self":[{"href":"https:\/\/bahiaeconomica.com.br\/wp\/wp-json\/wp\/v2\/posts\/991371"}],"collection":[{"href":"https:\/\/bahiaeconomica.com.br\/wp\/wp-json\/wp\/v2\/posts"}],"about":[{"href":"https:\/\/bahiaeconomica.com.br\/wp\/wp-json\/wp\/v2\/types\/post"}],"author":[{"embeddable":true,"href":"https:\/\/bahiaeconomica.com.br\/wp\/wp-json\/wp\/v2\/users\/8"}],"replies":[{"embeddable":true,"href":"https:\/\/bahiaeconomica.com.br\/wp\/wp-json\/wp\/v2\/comments?post=991371"}],"version-history":[{"count":2,"href":"https:\/\/bahiaeconomica.com.br\/wp\/wp-json\/wp\/v2\/posts\/991371\/revisions"}],"predecessor-version":[{"id":991407,"href":"https:\/\/bahiaeconomica.com.br\/wp\/wp-json\/wp\/v2\/posts\/991371\/revisions\/991407"}],"wp:featuredmedia":[{"embeddable":true,"href":"https:\/\/bahiaeconomica.com.br\/wp\/wp-json\/wp\/v2\/media\/991372"}],"wp:attachment":[{"href":"https:\/\/bahiaeconomica.com.br\/wp\/wp-json\/wp\/v2\/media?parent=991371"}],"wp:term":[{"taxonomy":"category","embeddable":true,"href":"https:\/\/bahiaeconomica.com.br\/wp\/wp-json\/wp\/v2\/categories?post=991371"},{"taxonomy":"post_tag","embeddable":true,"href":"https:\/\/bahiaeconomica.com.br\/wp\/wp-json\/wp\/v2\/tags?post=991371"}],"curies":[{"name":"wp","href":"https:\/\/api.w.org\/{rel}","templated":true}]}}