{"id":991318,"date":"2026-04-27T18:35:15","date_gmt":"2026-04-27T21:35:15","guid":{"rendered":"https:\/\/bahiaeconomica.com.br\/wp\/?p=991318"},"modified":"2026-04-27T17:52:20","modified_gmt":"2026-04-27T20:52:20","slug":"hpv-criancas-e-adolescentes-ja-podem-se-vacinar-de-graca-em-salvador-confira-publico-alvo","status":"publish","type":"post","link":"https:\/\/bahiaeconomica.com.br\/wp\/2026\/04\/27\/hpv-criancas-e-adolescentes-ja-podem-se-vacinar-de-graca-em-salvador-confira-publico-alvo\/","title":{"rendered":"HPV: CRIAN\u00c7AS E ADOLESCENTES J\u00c1 PODEM SE VACINAR DE GRA\u00c7A EM SALVADOR; CONFIRA P\u00daBLICO-ALVO"},"content":{"rendered":"<p>Crian\u00e7as e adolescentes de 9 a 14 anos j\u00e1 podem se vacinar contra o Papilomav\u00edrus Humano (HPV) de forma gratuita em todas as unidades de sa\u00fade da capital. A Prefeitura de Salvador, por meio da Secretaria Municipal de Sa\u00fade (SMS), promove a campanha de imuniza\u00e7\u00e3o e refor\u00e7a a import\u00e2ncia da preven\u00e7\u00e3o. At\u00e9 mar\u00e7o de 2026, Salvador registra cobertura vacinal de 52,44%, \u00edndice abaixo do ideal e que acende o alerta para a necessidade de ampliar a ades\u00e3o.<\/p>\n<p>&nbsp;<\/p>\n<p>O HPV \u00e9 um dos principais respons\u00e1veis por causar uma s\u00e9rie de doen\u00e7as em homens e mulheres, sendo o c\u00e2ncer de colo do \u00fatero seu principal foco de a\u00e7\u00e3o \u2014 condi\u00e7\u00e3o \u00e0 qual est\u00e1 associado em quase 70% dos casos. Quando a vacina \u00e9 aplicada antes do in\u00edcio da vida sexual, a efic\u00e1cia na preven\u00e7\u00e3o de algum tipo de c\u00e2ncer pode chegar a 90%.<\/p>\n<p>&nbsp;<\/p>\n<p>A coordenadora de Imuniza\u00e7\u00e3o da SMS, Doiane Lemos, destacou a import\u00e2ncia da vacina\u00e7\u00e3o na vida dos jovens e seu papel na preven\u00e7\u00e3o do c\u00e2ncer, al\u00e9m de refor\u00e7ar que a amplia\u00e7\u00e3o do p\u00fablico ao longo dos anos fortalece a estrat\u00e9gia de prote\u00e7\u00e3o coletiva.<\/p>\n<p>&nbsp;<\/p>\n<p>&#8220;Inicialmente, a vacina do HPV tinha o objetivo de proteger as meninas contra o c\u00e2ncer de colo de \u00fatero, mas posteriormente a vacina\u00e7\u00e3o tamb\u00e9m foi disponibilizada para os meninos. A elegibilidade dessa vacina vem crescendo a cada ano, com uma miss\u00e3o diferente, porque ela previne o c\u00e2ncer. Crian\u00e7as e Adolescentes s\u00e3o vacinadas hoje, para que no futuro elas n\u00e3o venham conviver com o c\u00e2ncer do HPV, que \u00e9 uma doen\u00e7a com tratamento doloroso e longo&#8221;, afirmou.<\/p>\n<p>&nbsp;<\/p>\n<p>A coordenadora tamb\u00e9m destacou a necessidade das campanhas de vacina\u00e7\u00e3o para ampliar a ades\u00e3o, ressaltando a import\u00e2ncia de uma abordagem sens\u00edvel no atendimento ao p\u00fablico jovem e o papel dos respons\u00e1veis nesse processo. &#8220;\u00c9 uma medida de preven\u00e7\u00e3o, pois o HPV pode ser contra\u00eddo atrav\u00e9s das rela\u00e7\u00f5es sexuais. Os pais t\u00eam papel essencial nisso, j\u00e1 que \u00e9 a partir dos 9 anos que a vacina pode ser aplicada. A consci\u00eancia e o autocuidado s\u00e3o muito importantes&#8221;, refor\u00e7ou.<\/p>\n<p>&nbsp;<\/p>\n<p>P\u00fablico-alvo &#8211; Como estrat\u00e9gia para ampliar a cobertura vacinal, adolescentes de 15 a 19 anos tamb\u00e9m foram convocados, em 2025, para um resgate da vacina\u00e7\u00e3o, devido \u00e0 baixa ades\u00e3o nacional registrada em anos anteriores. Neste ano, crian\u00e7as e adolescentes, sobretudo na faixa et\u00e1ria de 9 a 14 anos, podem se vacinar em qualquer Unidade B\u00e1sica de Sa\u00fade (UBS) de Salvador. Para isso, \u00e9 necess\u00e1rio apresentar documento de identifica\u00e7\u00e3o (RG ou certid\u00e3o de nascimento), cart\u00e3o SUS e a caderneta de vacina\u00e7\u00e3o, sem necessidade de prescri\u00e7\u00e3o m\u00e9dica.<\/p>\n<p>&nbsp;<\/p>\n<p>Al\u00e9m do p\u00fablico entre 9 e 14 anos e do resgate vacinal para jovens de 15 a 19 anos, a imuniza\u00e7\u00e3o tamb\u00e9m \u00e9 indicada para pessoas com algum tipo de imunodefici\u00eancia, que vivem com HIV, est\u00e3o em tratamento oncol\u00f3gico ou utilizam PrEP (Profilaxia Pr\u00e9-Exposi\u00e7\u00e3o).<\/p>\n<p>&nbsp;<\/p>\n<p>Fotos: Bruno Concha \/ Secom PMS<\/p>\n","protected":false},"excerpt":{"rendered":"<p>Crian\u00e7as e adolescentes de 9 a 14 anos j\u00e1 podem se vacinar contra o Papilomav\u00edrus Humano (HPV) de forma gratuita em todas as unidades de sa\u00fade da capital. A Prefeitura de Salvador, por meio da Secretaria Municipal de Sa\u00fade (SMS), promove a campanha de imuniza\u00e7\u00e3o e refor\u00e7a a import\u00e2ncia da preven\u00e7\u00e3o. At\u00e9 mar\u00e7o de 2026, [&hellip;]<\/p>\n","protected":false},"author":15,"featured_media":991319,"comment_status":"closed","ping_status":"closed","sticky":false,"template":"","format":"standard","meta":[],"categories":[5],"tags":[],"acf":[],"yoast_head":"<!-- This site is optimized with the Yoast SEO plugin v20.8 - https:\/\/yoast.com\/wordpress\/plugins\/seo\/ -->\n<title>HPV: CRIAN\u00c7AS E ADOLESCENTES J\u00c1 PODEM SE VACINAR DE GRA\u00c7A EM SALVADOR; CONFIRA P\u00daBLICO-ALVO - Bahia Economica<\/title>\n<meta name=\"description\" content=\"O maior portal de Economia da Bahia MUNIC\u00cdPIOS Bahia Economica\" \/>\n<meta name=\"robots\" content=\"index, follow, max-snippet:-1, max-image-preview:large, max-video-preview:-1\" \/>\n<link rel=\"canonical\" href=\"https:\/\/bahiaeconomica.com.br\/wp\/2026\/04\/27\/hpv-criancas-e-adolescentes-ja-podem-se-vacinar-de-graca-em-salvador-confira-publico-alvo\/\" \/>\n<meta property=\"og:locale\" content=\"pt_BR\" \/>\n<meta property=\"og:type\" content=\"article\" \/>\n<meta property=\"og:title\" content=\"HPV: CRIAN\u00c7AS E ADOLESCENTES J\u00c1 PODEM SE VACINAR DE GRA\u00c7A EM SALVADOR; CONFIRA P\u00daBLICO-ALVO - Bahia Economica\" \/>\n<meta property=\"og:description\" content=\"O maior portal de Economia da Bahia MUNIC\u00cdPIOS Bahia Economica\" \/>\n<meta property=\"og:url\" content=\"https:\/\/bahiaeconomica.com.br\/wp\/2026\/04\/27\/hpv-criancas-e-adolescentes-ja-podem-se-vacinar-de-graca-em-salvador-confira-publico-alvo\/\" \/>\n<meta property=\"og:site_name\" content=\"Bahia Economica\" \/>\n<meta property=\"article:publisher\" content=\"https:\/\/www.facebook.com\/bahiaeconomica\" \/>\n<meta property=\"article:published_time\" content=\"2026-04-27T21:35:15+00:00\" \/>\n<meta property=\"article:modified_time\" content=\"2026-04-27T20:52:20+00:00\" \/>\n<meta property=\"og:image\" content=\"https:\/\/bahiaeconomica.com.br\/wp\/wp-content\/uploads\/2026\/04\/Vacinacao_HPV_Salvador_Bruno-Concha-Secom-PMS-02-scaled.jpg\" \/>\n\t<meta property=\"og:image:width\" content=\"2560\" \/>\n\t<meta property=\"og:image:height\" content=\"1707\" \/>\n\t<meta property=\"og:image:type\" content=\"image\/jpeg\" \/>\n<meta name=\"author\" content=\"VICTORIA ISABEL\" \/>\n<meta name=\"twitter:card\" content=\"summary_large_image\" \/>\n<meta name=\"twitter:label1\" content=\"Escrito por\" \/>\n\t<meta name=\"twitter:data1\" content=\"VICTORIA ISABEL\" \/>\n\t<meta name=\"twitter:label2\" content=\"Est. tempo de leitura\" \/>\n\t<meta name=\"twitter:data2\" content=\"3 minutos\" \/>\n<script type=\"application\/ld+json\" class=\"yoast-schema-graph\">{\"@context\":\"https:\/\/schema.org\",\"@graph\":[{\"@type\":\"Article\",\"@id\":\"https:\/\/bahiaeconomica.com.br\/wp\/2026\/04\/27\/hpv-criancas-e-adolescentes-ja-podem-se-vacinar-de-graca-em-salvador-confira-publico-alvo\/#article\",\"isPartOf\":{\"@id\":\"https:\/\/bahiaeconomica.com.br\/wp\/2026\/04\/27\/hpv-criancas-e-adolescentes-ja-podem-se-vacinar-de-graca-em-salvador-confira-publico-alvo\/\"},\"author\":{\"name\":\"VICTORIA ISABEL\",\"@id\":\"https:\/\/bahiaeconomica.com.br\/wp\/#\/schema\/person\/b719ce0fb1c09f3c7a00d9243ced4a6f\"},\"headline\":\"HPV: CRIAN\u00c7AS E ADOLESCENTES J\u00c1 PODEM SE VACINAR DE GRA\u00c7A EM SALVADOR; CONFIRA P\u00daBLICO-ALVO\",\"datePublished\":\"2026-04-27T21:35:15+00:00\",\"dateModified\":\"2026-04-27T20:52:20+00:00\",\"mainEntityOfPage\":{\"@id\":\"https:\/\/bahiaeconomica.com.br\/wp\/2026\/04\/27\/hpv-criancas-e-adolescentes-ja-podem-se-vacinar-de-graca-em-salvador-confira-publico-alvo\/\"},\"wordCount\":549,\"publisher\":{\"@id\":\"https:\/\/bahiaeconomica.com.br\/wp\/#organization\"},\"articleSection\":[\"MUNIC\u00cdPIOS\"],\"inLanguage\":\"pt-BR\"},{\"@type\":\"WebPage\",\"@id\":\"https:\/\/bahiaeconomica.com.br\/wp\/2026\/04\/27\/hpv-criancas-e-adolescentes-ja-podem-se-vacinar-de-graca-em-salvador-confira-publico-alvo\/\",\"url\":\"https:\/\/bahiaeconomica.com.br\/wp\/2026\/04\/27\/hpv-criancas-e-adolescentes-ja-podem-se-vacinar-de-graca-em-salvador-confira-publico-alvo\/\",\"name\":\"HPV: CRIAN\u00c7AS E ADOLESCENTES J\u00c1 PODEM SE VACINAR DE GRA\u00c7A EM SALVADOR; CONFIRA P\u00daBLICO-ALVO - Bahia Economica\",\"isPartOf\":{\"@id\":\"https:\/\/bahiaeconomica.com.br\/wp\/#website\"},\"datePublished\":\"2026-04-27T21:35:15+00:00\",\"dateModified\":\"2026-04-27T20:52:20+00:00\",\"description\":\"O maior portal de Economia da Bahia MUNIC\u00cdPIOS Bahia Economica\",\"breadcrumb\":{\"@id\":\"https:\/\/bahiaeconomica.com.br\/wp\/2026\/04\/27\/hpv-criancas-e-adolescentes-ja-podem-se-vacinar-de-graca-em-salvador-confira-publico-alvo\/#breadcrumb\"},\"inLanguage\":\"pt-BR\",\"potentialAction\":[{\"@type\":\"ReadAction\",\"target\":[\"https:\/\/bahiaeconomica.com.br\/wp\/2026\/04\/27\/hpv-criancas-e-adolescentes-ja-podem-se-vacinar-de-graca-em-salvador-confira-publico-alvo\/\"]}]},{\"@type\":\"BreadcrumbList\",\"@id\":\"https:\/\/bahiaeconomica.com.br\/wp\/2026\/04\/27\/hpv-criancas-e-adolescentes-ja-podem-se-vacinar-de-graca-em-salvador-confira-publico-alvo\/#breadcrumb\",\"itemListElement\":[{\"@type\":\"ListItem\",\"position\":1,\"name\":\"In\u00edcio\",\"item\":\"https:\/\/bahiaeconomica.com.br\/wp\/\"},{\"@type\":\"ListItem\",\"position\":2,\"name\":\"HPV: CRIAN\u00c7AS E ADOLESCENTES J\u00c1 PODEM SE VACINAR DE GRA\u00c7A EM SALVADOR; CONFIRA P\u00daBLICO-ALVO\"}]},{\"@type\":\"WebSite\",\"@id\":\"https:\/\/bahiaeconomica.com.br\/wp\/#website\",\"url\":\"https:\/\/bahiaeconomica.com.br\/wp\/\",\"name\":\"Bahia Economica\",\"description\":\"O maior portal de Economia da Bahia\",\"publisher\":{\"@id\":\"https:\/\/bahiaeconomica.com.br\/wp\/#organization\"},\"potentialAction\":[{\"@type\":\"SearchAction\",\"target\":{\"@type\":\"EntryPoint\",\"urlTemplate\":\"https:\/\/bahiaeconomica.com.br\/wp\/?s={search_term_string}\"},\"query-input\":\"required name=search_term_string\"}],\"inLanguage\":\"pt-BR\"},{\"@type\":\"Organization\",\"@id\":\"https:\/\/bahiaeconomica.com.br\/wp\/#organization\",\"name\":\"Bahia Econ\u00f4mica\",\"url\":\"https:\/\/bahiaeconomica.com.br\/wp\/\",\"logo\":{\"@type\":\"ImageObject\",\"inLanguage\":\"pt-BR\",\"@id\":\"https:\/\/bahiaeconomica.com.br\/wp\/#\/schema\/logo\/image\/\",\"url\":\"https:\/\/bahiaeconomica.com.br\/wp\/wp-content\/uploads\/2020\/12\/cropped-BE.png\",\"contentUrl\":\"https:\/\/bahiaeconomica.com.br\/wp\/wp-content\/uploads\/2020\/12\/cropped-BE.png\",\"width\":512,\"height\":512,\"caption\":\"Bahia Econ\u00f4mica\"},\"image\":{\"@id\":\"https:\/\/bahiaeconomica.com.br\/wp\/#\/schema\/logo\/image\/\"},\"sameAs\":[\"https:\/\/www.facebook.com\/bahiaeconomica\"]},{\"@type\":\"Person\",\"@id\":\"https:\/\/bahiaeconomica.com.br\/wp\/#\/schema\/person\/b719ce0fb1c09f3c7a00d9243ced4a6f\",\"name\":\"VICTORIA ISABEL\",\"sameAs\":[\"http:\/\/www.bahiaeconomica.com.br\"],\"url\":\"https:\/\/bahiaeconomica.com.br\/wp\/author\/victoria-isabel\/\"}]}<\/script>\n<!-- \/ Yoast SEO plugin. -->","yoast_head_json":{"title":"HPV: CRIAN\u00c7AS E ADOLESCENTES J\u00c1 PODEM SE VACINAR DE GRA\u00c7A EM SALVADOR; CONFIRA P\u00daBLICO-ALVO - Bahia Economica","description":"O maior portal de Economia da Bahia MUNIC\u00cdPIOS Bahia Economica","robots":{"index":"index","follow":"follow","max-snippet":"max-snippet:-1","max-image-preview":"max-image-preview:large","max-video-preview":"max-video-preview:-1"},"canonical":"https:\/\/bahiaeconomica.com.br\/wp\/2026\/04\/27\/hpv-criancas-e-adolescentes-ja-podem-se-vacinar-de-graca-em-salvador-confira-publico-alvo\/","og_locale":"pt_BR","og_type":"article","og_title":"HPV: CRIAN\u00c7AS E ADOLESCENTES J\u00c1 PODEM SE VACINAR DE GRA\u00c7A EM SALVADOR; CONFIRA P\u00daBLICO-ALVO - Bahia Economica","og_description":"O maior portal de Economia da Bahia MUNIC\u00cdPIOS Bahia Economica","og_url":"https:\/\/bahiaeconomica.com.br\/wp\/2026\/04\/27\/hpv-criancas-e-adolescentes-ja-podem-se-vacinar-de-graca-em-salvador-confira-publico-alvo\/","og_site_name":"Bahia Economica","article_publisher":"https:\/\/www.facebook.com\/bahiaeconomica","article_published_time":"2026-04-27T21:35:15+00:00","article_modified_time":"2026-04-27T20:52:20+00:00","og_image":[{"width":2560,"height":1707,"url":"https:\/\/bahiaeconomica.com.br\/wp\/wp-content\/uploads\/2026\/04\/Vacinacao_HPV_Salvador_Bruno-Concha-Secom-PMS-02-scaled.jpg","type":"image\/jpeg"}],"author":"VICTORIA ISABEL","twitter_card":"summary_large_image","twitter_misc":{"Escrito por":"VICTORIA ISABEL","Est. tempo de leitura":"3 minutos"},"schema":{"@context":"https:\/\/schema.org","@graph":[{"@type":"Article","@id":"https:\/\/bahiaeconomica.com.br\/wp\/2026\/04\/27\/hpv-criancas-e-adolescentes-ja-podem-se-vacinar-de-graca-em-salvador-confira-publico-alvo\/#article","isPartOf":{"@id":"https:\/\/bahiaeconomica.com.br\/wp\/2026\/04\/27\/hpv-criancas-e-adolescentes-ja-podem-se-vacinar-de-graca-em-salvador-confira-publico-alvo\/"},"author":{"name":"VICTORIA ISABEL","@id":"https:\/\/bahiaeconomica.com.br\/wp\/#\/schema\/person\/b719ce0fb1c09f3c7a00d9243ced4a6f"},"headline":"HPV: CRIAN\u00c7AS E ADOLESCENTES J\u00c1 PODEM SE VACINAR DE GRA\u00c7A EM SALVADOR; CONFIRA P\u00daBLICO-ALVO","datePublished":"2026-04-27T21:35:15+00:00","dateModified":"2026-04-27T20:52:20+00:00","mainEntityOfPage":{"@id":"https:\/\/bahiaeconomica.com.br\/wp\/2026\/04\/27\/hpv-criancas-e-adolescentes-ja-podem-se-vacinar-de-graca-em-salvador-confira-publico-alvo\/"},"wordCount":549,"publisher":{"@id":"https:\/\/bahiaeconomica.com.br\/wp\/#organization"},"articleSection":["MUNIC\u00cdPIOS"],"inLanguage":"pt-BR"},{"@type":"WebPage","@id":"https:\/\/bahiaeconomica.com.br\/wp\/2026\/04\/27\/hpv-criancas-e-adolescentes-ja-podem-se-vacinar-de-graca-em-salvador-confira-publico-alvo\/","url":"https:\/\/bahiaeconomica.com.br\/wp\/2026\/04\/27\/hpv-criancas-e-adolescentes-ja-podem-se-vacinar-de-graca-em-salvador-confira-publico-alvo\/","name":"HPV: CRIAN\u00c7AS E ADOLESCENTES J\u00c1 PODEM SE VACINAR DE GRA\u00c7A EM SALVADOR; CONFIRA P\u00daBLICO-ALVO - Bahia Economica","isPartOf":{"@id":"https:\/\/bahiaeconomica.com.br\/wp\/#website"},"datePublished":"2026-04-27T21:35:15+00:00","dateModified":"2026-04-27T20:52:20+00:00","description":"O maior portal de Economia da Bahia MUNIC\u00cdPIOS Bahia Economica","breadcrumb":{"@id":"https:\/\/bahiaeconomica.com.br\/wp\/2026\/04\/27\/hpv-criancas-e-adolescentes-ja-podem-se-vacinar-de-graca-em-salvador-confira-publico-alvo\/#breadcrumb"},"inLanguage":"pt-BR","potentialAction":[{"@type":"ReadAction","target":["https:\/\/bahiaeconomica.com.br\/wp\/2026\/04\/27\/hpv-criancas-e-adolescentes-ja-podem-se-vacinar-de-graca-em-salvador-confira-publico-alvo\/"]}]},{"@type":"BreadcrumbList","@id":"https:\/\/bahiaeconomica.com.br\/wp\/2026\/04\/27\/hpv-criancas-e-adolescentes-ja-podem-se-vacinar-de-graca-em-salvador-confira-publico-alvo\/#breadcrumb","itemListElement":[{"@type":"ListItem","position":1,"name":"In\u00edcio","item":"https:\/\/bahiaeconomica.com.br\/wp\/"},{"@type":"ListItem","position":2,"name":"HPV: CRIAN\u00c7AS E ADOLESCENTES J\u00c1 PODEM SE VACINAR DE GRA\u00c7A EM SALVADOR; CONFIRA P\u00daBLICO-ALVO"}]},{"@type":"WebSite","@id":"https:\/\/bahiaeconomica.com.br\/wp\/#website","url":"https:\/\/bahiaeconomica.com.br\/wp\/","name":"Bahia Economica","description":"O maior portal de Economia da Bahia","publisher":{"@id":"https:\/\/bahiaeconomica.com.br\/wp\/#organization"},"potentialAction":[{"@type":"SearchAction","target":{"@type":"EntryPoint","urlTemplate":"https:\/\/bahiaeconomica.com.br\/wp\/?s={search_term_string}"},"query-input":"required name=search_term_string"}],"inLanguage":"pt-BR"},{"@type":"Organization","@id":"https:\/\/bahiaeconomica.com.br\/wp\/#organization","name":"Bahia Econ\u00f4mica","url":"https:\/\/bahiaeconomica.com.br\/wp\/","logo":{"@type":"ImageObject","inLanguage":"pt-BR","@id":"https:\/\/bahiaeconomica.com.br\/wp\/#\/schema\/logo\/image\/","url":"https:\/\/bahiaeconomica.com.br\/wp\/wp-content\/uploads\/2020\/12\/cropped-BE.png","contentUrl":"https:\/\/bahiaeconomica.com.br\/wp\/wp-content\/uploads\/2020\/12\/cropped-BE.png","width":512,"height":512,"caption":"Bahia Econ\u00f4mica"},"image":{"@id":"https:\/\/bahiaeconomica.com.br\/wp\/#\/schema\/logo\/image\/"},"sameAs":["https:\/\/www.facebook.com\/bahiaeconomica"]},{"@type":"Person","@id":"https:\/\/bahiaeconomica.com.br\/wp\/#\/schema\/person\/b719ce0fb1c09f3c7a00d9243ced4a6f","name":"VICTORIA ISABEL","sameAs":["http:\/\/www.bahiaeconomica.com.br"],"url":"https:\/\/bahiaeconomica.com.br\/wp\/author\/victoria-isabel\/"}]}},"views":2,"_links":{"self":[{"href":"https:\/\/bahiaeconomica.com.br\/wp\/wp-json\/wp\/v2\/posts\/991318"}],"collection":[{"href":"https:\/\/bahiaeconomica.com.br\/wp\/wp-json\/wp\/v2\/posts"}],"about":[{"href":"https:\/\/bahiaeconomica.com.br\/wp\/wp-json\/wp\/v2\/types\/post"}],"author":[{"embeddable":true,"href":"https:\/\/bahiaeconomica.com.br\/wp\/wp-json\/wp\/v2\/users\/15"}],"replies":[{"embeddable":true,"href":"https:\/\/bahiaeconomica.com.br\/wp\/wp-json\/wp\/v2\/comments?post=991318"}],"version-history":[{"count":1,"href":"https:\/\/bahiaeconomica.com.br\/wp\/wp-json\/wp\/v2\/posts\/991318\/revisions"}],"predecessor-version":[{"id":991322,"href":"https:\/\/bahiaeconomica.com.br\/wp\/wp-json\/wp\/v2\/posts\/991318\/revisions\/991322"}],"wp:featuredmedia":[{"embeddable":true,"href":"https:\/\/bahiaeconomica.com.br\/wp\/wp-json\/wp\/v2\/media\/991319"}],"wp:attachment":[{"href":"https:\/\/bahiaeconomica.com.br\/wp\/wp-json\/wp\/v2\/media?parent=991318"}],"wp:term":[{"taxonomy":"category","embeddable":true,"href":"https:\/\/bahiaeconomica.com.br\/wp\/wp-json\/wp\/v2\/categories?post=991318"},{"taxonomy":"post_tag","embeddable":true,"href":"https:\/\/bahiaeconomica.com.br\/wp\/wp-json\/wp\/v2\/tags?post=991318"}],"curies":[{"name":"wp","href":"https:\/\/api.w.org\/{rel}","templated":true}]}}