{"id":991250,"date":"2026-04-27T14:20:27","date_gmt":"2026-04-27T17:20:27","guid":{"rendered":"https:\/\/bahiaeconomica.com.br\/wp\/?p=991250"},"modified":"2026-04-27T14:20:27","modified_gmt":"2026-04-27T17:20:27","slug":"vice-governador-participa-do-encontro-regional-nordeste-da-primeira-infancia-no-suas","status":"publish","type":"post","link":"https:\/\/bahiaeconomica.com.br\/wp\/2026\/04\/27\/vice-governador-participa-do-encontro-regional-nordeste-da-primeira-infancia-no-suas\/","title":{"rendered":"VICE-GOVERNADOR PARTICIPA DO ENCONTRO REGIONAL NORDESTE DA PRIMEIRA INF\u00c2NCIA NO SUAS"},"content":{"rendered":"<p>O vice-governador da Bahia, Geraldinho, representou o governador Jer\u00f4nimo Rodrigues, nesta segunda-feira (27), na abertura do Encontro Regional Nordeste da Primeira Inf\u00e2ncia no Sistema \u00danico de Assist\u00eancia Social (SUAS), realizado em Salvador. O evento re\u00fane gestores, t\u00e9cnicos e profissionais da assist\u00eancia social de diversos estados da regi\u00e3o para discutir o fortalecimento das pol\u00edticas voltadas \u00e0 primeira inf\u00e2ncia.<\/p>\n<p>Durante a solenidade, Geraldinho destacou a import\u00e2ncia da integra\u00e7\u00e3o entre Uni\u00e3o, estados e munic\u00edpios para consolidar a pol\u00edtica de assist\u00eancia social como instrumento de combate \u00e0s desigualdades, especialmente nos primeiros anos de vida. O encontro tamb\u00e9m marca um momento estrat\u00e9gico de alinhamento das novas diretrizes nacionais para a Primeira Inf\u00e2ncia no SUAS, que passa a se consolidar como pol\u00edtica p\u00fablica permanente.<\/p>\n<p>\u201cA Bahia tem avan\u00e7ado com presen\u00e7a nos territ\u00f3rios, fortalecendo o Sistema \u00danico de Assist\u00eancia Social e garantindo acompanhamento direto \u00e0s fam\u00edlias. Esse trabalho ganha ainda mais for\u00e7a com a parceria do Governo Federal, sob a lideran\u00e7a do presidente Luiz In\u00e1cio Lula da Silva, e com a atua\u00e7\u00e3o do ministro Wellington Dias\u201d, afirmou o vice-governador.<\/p>\n<p>Geraldinho tamb\u00e9m fez uma avalia\u00e7\u00e3o cr\u00edtica da realidade de Salvador, ressaltando a necessidade de ampliar pol\u00edticas p\u00fablicas voltadas \u00e0 primeira inf\u00e2ncia na capital. Segundo ele, os indicadores evidenciam desafios estruturais que precisam ser enfrentados com urg\u00eancia. \u201cSalvador hoje apresenta dados preocupantes: est\u00e1 entre as piores capitais do pa\u00eds em alfabetiza\u00e7\u00e3o na idade certa, est\u00e1 nas \u00faltimas posi\u00e7\u00f5es na oferta de creches e ainda tem o maior \u00edndice de crian\u00e7as em situa\u00e7\u00e3o de vulnerabilidade sem acesso a esse servi\u00e7o essencial. Isso exige prioridade, planejamento e compromisso com o futuro das nossas crian\u00e7as\u201d, pontuou.<\/p>\n<p>O vice-governador ressaltou ainda que o Governo da Bahia tem ampliado investimentos e fortalecido a rede de prote\u00e7\u00e3o social em todo o estado, com foco na primeira inf\u00e2ncia, no apoio \u00e0s fam\u00edlias e na redu\u00e7\u00e3o das desigualdades. Tamb\u00e9m participaram da abertura a secret\u00e1ria de Assist\u00eancia e Desenvolvimento Social da Bahia, F\u00e1bya Reis, e o diretor de Prote\u00e7\u00e3o Social B\u00e1sica do Minist\u00e9rio do Desenvolvimento e Assist\u00eancia Social, Elias Oliveira, al\u00e9m de gestores e t\u00e9cnicos de diversos estados do Nordeste.<\/p>\n<p>60 anos da SETRE<\/p>\n<p>O vice-governador tamb\u00e9m marcou presen\u00e7a no lan\u00e7amento da revista de 60 anos da Setre, ao lado do secret\u00e1rio Augusto Vasconcelos. A publica\u00e7\u00e3o re\u00fane resultados expressivos da pol\u00edtica estadual, como a gera\u00e7\u00e3o de mais de 94 mil empregos formais em 2025 e mais de 251 mil vagas entre 2023 e 2025, al\u00e9m da qualifica\u00e7\u00e3o de mais de 26 mil trabalhadores no per\u00edodo de 2023 a 2026. O material tamb\u00e9m destaca investimentos de R$ 117,7 milh\u00f5es em economia solid\u00e1ria (2023 a fevereiro de 2026) e R$ 641,4 milh\u00f5es no esporte entre 2023 e 2025, consolidando a Bahia como o estado que mais investe no setor no pa\u00eds.<\/p>\n<p>Foto: Carlos Alberto<\/p>\n","protected":false},"excerpt":{"rendered":"<p>O vice-governador da Bahia, Geraldinho, representou o governador Jer\u00f4nimo Rodrigues, nesta segunda-feira (27), na abertura do Encontro Regional Nordeste da Primeira Inf\u00e2ncia no Sistema \u00danico de Assist\u00eancia Social (SUAS), realizado em Salvador. O evento re\u00fane gestores, t\u00e9cnicos e profissionais da assist\u00eancia social de diversos estados da regi\u00e3o para discutir o fortalecimento das pol\u00edticas voltadas \u00e0 [&hellip;]<\/p>\n","protected":false},"author":8,"featured_media":991252,"comment_status":"closed","ping_status":"closed","sticky":false,"template":"","format":"standard","meta":[],"categories":[14601],"tags":[52,1641],"acf":[],"yoast_head":"<!-- This site is optimized with the Yoast SEO plugin v20.8 - https:\/\/yoast.com\/wordpress\/plugins\/seo\/ -->\n<title>VICE-GOVERNADOR PARTICIPA DO ENCONTRO REGIONAL NORDESTE DA PRIMEIRA INF\u00c2NCIA NO SUAS - Bahia Economica<\/title>\n<meta name=\"description\" content=\"O maior portal de Economia da Bahia Pol\u00edtica Bahia Economica vice-governador da Bahia, Geraldinho, representou o governador\" \/>\n<meta name=\"robots\" content=\"index, follow, max-snippet:-1, max-image-preview:large, max-video-preview:-1\" \/>\n<link rel=\"canonical\" href=\"https:\/\/bahiaeconomica.com.br\/wp\/2026\/04\/27\/vice-governador-participa-do-encontro-regional-nordeste-da-primeira-infancia-no-suas\/\" \/>\n<meta property=\"og:locale\" content=\"pt_BR\" \/>\n<meta property=\"og:type\" content=\"article\" \/>\n<meta property=\"og:title\" content=\"VICE-GOVERNADOR PARTICIPA DO ENCONTRO REGIONAL NORDESTE DA PRIMEIRA INF\u00c2NCIA NO SUAS - Bahia Economica\" \/>\n<meta property=\"og:description\" content=\"O maior portal de Economia da Bahia Pol\u00edtica Bahia Economica vice-governador da Bahia, Geraldinho, representou o governador\" \/>\n<meta property=\"og:url\" content=\"https:\/\/bahiaeconomica.com.br\/wp\/2026\/04\/27\/vice-governador-participa-do-encontro-regional-nordeste-da-primeira-infancia-no-suas\/\" \/>\n<meta property=\"og:site_name\" content=\"Bahia Economica\" \/>\n<meta property=\"article:publisher\" content=\"https:\/\/www.facebook.com\/bahiaeconomica\" \/>\n<meta property=\"article:published_time\" content=\"2026-04-27T17:20:27+00:00\" \/>\n<meta property=\"og:image\" content=\"https:\/\/bahiaeconomica.com.br\/wp\/wp-content\/uploads\/2026\/04\/WhatsApp-Image-2026-04-27-at-14.03.30.jpeg\" \/>\n\t<meta property=\"og:image:width\" content=\"1280\" \/>\n\t<meta property=\"og:image:height\" content=\"828\" \/>\n\t<meta property=\"og:image:type\" content=\"image\/jpeg\" \/>\n<meta name=\"author\" content=\"JP\" \/>\n<meta name=\"twitter:card\" content=\"summary_large_image\" \/>\n<meta name=\"twitter:label1\" content=\"Escrito por\" \/>\n\t<meta name=\"twitter:data1\" content=\"JP\" \/>\n\t<meta name=\"twitter:label2\" content=\"Est. tempo de leitura\" \/>\n\t<meta name=\"twitter:data2\" content=\"3 minutos\" \/>\n<script type=\"application\/ld+json\" class=\"yoast-schema-graph\">{\"@context\":\"https:\/\/schema.org\",\"@graph\":[{\"@type\":\"Article\",\"@id\":\"https:\/\/bahiaeconomica.com.br\/wp\/2026\/04\/27\/vice-governador-participa-do-encontro-regional-nordeste-da-primeira-infancia-no-suas\/#article\",\"isPartOf\":{\"@id\":\"https:\/\/bahiaeconomica.com.br\/wp\/2026\/04\/27\/vice-governador-participa-do-encontro-regional-nordeste-da-primeira-infancia-no-suas\/\"},\"author\":{\"name\":\"JP\",\"@id\":\"https:\/\/bahiaeconomica.com.br\/wp\/#\/schema\/person\/c86d3a3f8960425a0f9d0e5245991f4e\"},\"headline\":\"VICE-GOVERNADOR PARTICIPA DO ENCONTRO REGIONAL NORDESTE DA PRIMEIRA INF\u00c2NCIA NO SUAS\",\"datePublished\":\"2026-04-27T17:20:27+00:00\",\"dateModified\":\"2026-04-27T17:20:27+00:00\",\"mainEntityOfPage\":{\"@id\":\"https:\/\/bahiaeconomica.com.br\/wp\/2026\/04\/27\/vice-governador-participa-do-encontro-regional-nordeste-da-primeira-infancia-no-suas\/\"},\"wordCount\":520,\"publisher\":{\"@id\":\"https:\/\/bahiaeconomica.com.br\/wp\/#organization\"},\"keywords\":[\"Brasil\",\"geraldo\"],\"articleSection\":[\"Pol\u00edtica\"],\"inLanguage\":\"pt-BR\"},{\"@type\":\"WebPage\",\"@id\":\"https:\/\/bahiaeconomica.com.br\/wp\/2026\/04\/27\/vice-governador-participa-do-encontro-regional-nordeste-da-primeira-infancia-no-suas\/\",\"url\":\"https:\/\/bahiaeconomica.com.br\/wp\/2026\/04\/27\/vice-governador-participa-do-encontro-regional-nordeste-da-primeira-infancia-no-suas\/\",\"name\":\"VICE-GOVERNADOR PARTICIPA DO ENCONTRO REGIONAL NORDESTE DA PRIMEIRA INF\u00c2NCIA NO SUAS - Bahia Economica\",\"isPartOf\":{\"@id\":\"https:\/\/bahiaeconomica.com.br\/wp\/#website\"},\"datePublished\":\"2026-04-27T17:20:27+00:00\",\"dateModified\":\"2026-04-27T17:20:27+00:00\",\"description\":\"O maior portal de Economia da Bahia Pol\u00edtica Bahia Economica vice-governador da Bahia, Geraldinho, representou o governador\",\"breadcrumb\":{\"@id\":\"https:\/\/bahiaeconomica.com.br\/wp\/2026\/04\/27\/vice-governador-participa-do-encontro-regional-nordeste-da-primeira-infancia-no-suas\/#breadcrumb\"},\"inLanguage\":\"pt-BR\",\"potentialAction\":[{\"@type\":\"ReadAction\",\"target\":[\"https:\/\/bahiaeconomica.com.br\/wp\/2026\/04\/27\/vice-governador-participa-do-encontro-regional-nordeste-da-primeira-infancia-no-suas\/\"]}]},{\"@type\":\"BreadcrumbList\",\"@id\":\"https:\/\/bahiaeconomica.com.br\/wp\/2026\/04\/27\/vice-governador-participa-do-encontro-regional-nordeste-da-primeira-infancia-no-suas\/#breadcrumb\",\"itemListElement\":[{\"@type\":\"ListItem\",\"position\":1,\"name\":\"In\u00edcio\",\"item\":\"https:\/\/bahiaeconomica.com.br\/wp\/\"},{\"@type\":\"ListItem\",\"position\":2,\"name\":\"VICE-GOVERNADOR PARTICIPA DO ENCONTRO REGIONAL NORDESTE DA PRIMEIRA INF\u00c2NCIA NO SUAS\"}]},{\"@type\":\"WebSite\",\"@id\":\"https:\/\/bahiaeconomica.com.br\/wp\/#website\",\"url\":\"https:\/\/bahiaeconomica.com.br\/wp\/\",\"name\":\"Bahia Economica\",\"description\":\"O maior portal de Economia da Bahia\",\"publisher\":{\"@id\":\"https:\/\/bahiaeconomica.com.br\/wp\/#organization\"},\"potentialAction\":[{\"@type\":\"SearchAction\",\"target\":{\"@type\":\"EntryPoint\",\"urlTemplate\":\"https:\/\/bahiaeconomica.com.br\/wp\/?s={search_term_string}\"},\"query-input\":\"required name=search_term_string\"}],\"inLanguage\":\"pt-BR\"},{\"@type\":\"Organization\",\"@id\":\"https:\/\/bahiaeconomica.com.br\/wp\/#organization\",\"name\":\"Bahia Econ\u00f4mica\",\"url\":\"https:\/\/bahiaeconomica.com.br\/wp\/\",\"logo\":{\"@type\":\"ImageObject\",\"inLanguage\":\"pt-BR\",\"@id\":\"https:\/\/bahiaeconomica.com.br\/wp\/#\/schema\/logo\/image\/\",\"url\":\"https:\/\/bahiaeconomica.com.br\/wp\/wp-content\/uploads\/2020\/12\/cropped-BE.png\",\"contentUrl\":\"https:\/\/bahiaeconomica.com.br\/wp\/wp-content\/uploads\/2020\/12\/cropped-BE.png\",\"width\":512,\"height\":512,\"caption\":\"Bahia Econ\u00f4mica\"},\"image\":{\"@id\":\"https:\/\/bahiaeconomica.com.br\/wp\/#\/schema\/logo\/image\/\"},\"sameAs\":[\"https:\/\/www.facebook.com\/bahiaeconomica\"]},{\"@type\":\"Person\",\"@id\":\"https:\/\/bahiaeconomica.com.br\/wp\/#\/schema\/person\/c86d3a3f8960425a0f9d0e5245991f4e\",\"name\":\"JP\",\"sameAs\":[\"https:\/\/bahiaeconomica.com.br\/wp\/beta\/\"],\"url\":\"https:\/\/bahiaeconomica.com.br\/wp\/author\/jp\/\"}]}<\/script>\n<!-- \/ Yoast SEO plugin. -->","yoast_head_json":{"title":"VICE-GOVERNADOR PARTICIPA DO ENCONTRO REGIONAL NORDESTE DA PRIMEIRA INF\u00c2NCIA NO SUAS - Bahia Economica","description":"O maior portal de Economia da Bahia Pol\u00edtica Bahia Economica vice-governador da Bahia, Geraldinho, representou o governador","robots":{"index":"index","follow":"follow","max-snippet":"max-snippet:-1","max-image-preview":"max-image-preview:large","max-video-preview":"max-video-preview:-1"},"canonical":"https:\/\/bahiaeconomica.com.br\/wp\/2026\/04\/27\/vice-governador-participa-do-encontro-regional-nordeste-da-primeira-infancia-no-suas\/","og_locale":"pt_BR","og_type":"article","og_title":"VICE-GOVERNADOR PARTICIPA DO ENCONTRO REGIONAL NORDESTE DA PRIMEIRA INF\u00c2NCIA NO SUAS - Bahia Economica","og_description":"O maior portal de Economia da Bahia Pol\u00edtica Bahia Economica vice-governador da Bahia, Geraldinho, representou o governador","og_url":"https:\/\/bahiaeconomica.com.br\/wp\/2026\/04\/27\/vice-governador-participa-do-encontro-regional-nordeste-da-primeira-infancia-no-suas\/","og_site_name":"Bahia Economica","article_publisher":"https:\/\/www.facebook.com\/bahiaeconomica","article_published_time":"2026-04-27T17:20:27+00:00","og_image":[{"width":1280,"height":828,"url":"https:\/\/bahiaeconomica.com.br\/wp\/wp-content\/uploads\/2026\/04\/WhatsApp-Image-2026-04-27-at-14.03.30.jpeg","type":"image\/jpeg"}],"author":"JP","twitter_card":"summary_large_image","twitter_misc":{"Escrito por":"JP","Est. tempo de leitura":"3 minutos"},"schema":{"@context":"https:\/\/schema.org","@graph":[{"@type":"Article","@id":"https:\/\/bahiaeconomica.com.br\/wp\/2026\/04\/27\/vice-governador-participa-do-encontro-regional-nordeste-da-primeira-infancia-no-suas\/#article","isPartOf":{"@id":"https:\/\/bahiaeconomica.com.br\/wp\/2026\/04\/27\/vice-governador-participa-do-encontro-regional-nordeste-da-primeira-infancia-no-suas\/"},"author":{"name":"JP","@id":"https:\/\/bahiaeconomica.com.br\/wp\/#\/schema\/person\/c86d3a3f8960425a0f9d0e5245991f4e"},"headline":"VICE-GOVERNADOR PARTICIPA DO ENCONTRO REGIONAL NORDESTE DA PRIMEIRA INF\u00c2NCIA NO SUAS","datePublished":"2026-04-27T17:20:27+00:00","dateModified":"2026-04-27T17:20:27+00:00","mainEntityOfPage":{"@id":"https:\/\/bahiaeconomica.com.br\/wp\/2026\/04\/27\/vice-governador-participa-do-encontro-regional-nordeste-da-primeira-infancia-no-suas\/"},"wordCount":520,"publisher":{"@id":"https:\/\/bahiaeconomica.com.br\/wp\/#organization"},"keywords":["Brasil","geraldo"],"articleSection":["Pol\u00edtica"],"inLanguage":"pt-BR"},{"@type":"WebPage","@id":"https:\/\/bahiaeconomica.com.br\/wp\/2026\/04\/27\/vice-governador-participa-do-encontro-regional-nordeste-da-primeira-infancia-no-suas\/","url":"https:\/\/bahiaeconomica.com.br\/wp\/2026\/04\/27\/vice-governador-participa-do-encontro-regional-nordeste-da-primeira-infancia-no-suas\/","name":"VICE-GOVERNADOR PARTICIPA DO ENCONTRO REGIONAL NORDESTE DA PRIMEIRA INF\u00c2NCIA NO SUAS - Bahia Economica","isPartOf":{"@id":"https:\/\/bahiaeconomica.com.br\/wp\/#website"},"datePublished":"2026-04-27T17:20:27+00:00","dateModified":"2026-04-27T17:20:27+00:00","description":"O maior portal de Economia da Bahia Pol\u00edtica Bahia Economica vice-governador da Bahia, Geraldinho, representou o governador","breadcrumb":{"@id":"https:\/\/bahiaeconomica.com.br\/wp\/2026\/04\/27\/vice-governador-participa-do-encontro-regional-nordeste-da-primeira-infancia-no-suas\/#breadcrumb"},"inLanguage":"pt-BR","potentialAction":[{"@type":"ReadAction","target":["https:\/\/bahiaeconomica.com.br\/wp\/2026\/04\/27\/vice-governador-participa-do-encontro-regional-nordeste-da-primeira-infancia-no-suas\/"]}]},{"@type":"BreadcrumbList","@id":"https:\/\/bahiaeconomica.com.br\/wp\/2026\/04\/27\/vice-governador-participa-do-encontro-regional-nordeste-da-primeira-infancia-no-suas\/#breadcrumb","itemListElement":[{"@type":"ListItem","position":1,"name":"In\u00edcio","item":"https:\/\/bahiaeconomica.com.br\/wp\/"},{"@type":"ListItem","position":2,"name":"VICE-GOVERNADOR PARTICIPA DO ENCONTRO REGIONAL NORDESTE DA PRIMEIRA INF\u00c2NCIA NO SUAS"}]},{"@type":"WebSite","@id":"https:\/\/bahiaeconomica.com.br\/wp\/#website","url":"https:\/\/bahiaeconomica.com.br\/wp\/","name":"Bahia Economica","description":"O maior portal de Economia da Bahia","publisher":{"@id":"https:\/\/bahiaeconomica.com.br\/wp\/#organization"},"potentialAction":[{"@type":"SearchAction","target":{"@type":"EntryPoint","urlTemplate":"https:\/\/bahiaeconomica.com.br\/wp\/?s={search_term_string}"},"query-input":"required name=search_term_string"}],"inLanguage":"pt-BR"},{"@type":"Organization","@id":"https:\/\/bahiaeconomica.com.br\/wp\/#organization","name":"Bahia Econ\u00f4mica","url":"https:\/\/bahiaeconomica.com.br\/wp\/","logo":{"@type":"ImageObject","inLanguage":"pt-BR","@id":"https:\/\/bahiaeconomica.com.br\/wp\/#\/schema\/logo\/image\/","url":"https:\/\/bahiaeconomica.com.br\/wp\/wp-content\/uploads\/2020\/12\/cropped-BE.png","contentUrl":"https:\/\/bahiaeconomica.com.br\/wp\/wp-content\/uploads\/2020\/12\/cropped-BE.png","width":512,"height":512,"caption":"Bahia Econ\u00f4mica"},"image":{"@id":"https:\/\/bahiaeconomica.com.br\/wp\/#\/schema\/logo\/image\/"},"sameAs":["https:\/\/www.facebook.com\/bahiaeconomica"]},{"@type":"Person","@id":"https:\/\/bahiaeconomica.com.br\/wp\/#\/schema\/person\/c86d3a3f8960425a0f9d0e5245991f4e","name":"JP","sameAs":["https:\/\/bahiaeconomica.com.br\/wp\/beta\/"],"url":"https:\/\/bahiaeconomica.com.br\/wp\/author\/jp\/"}]}},"views":8,"_links":{"self":[{"href":"https:\/\/bahiaeconomica.com.br\/wp\/wp-json\/wp\/v2\/posts\/991250"}],"collection":[{"href":"https:\/\/bahiaeconomica.com.br\/wp\/wp-json\/wp\/v2\/posts"}],"about":[{"href":"https:\/\/bahiaeconomica.com.br\/wp\/wp-json\/wp\/v2\/types\/post"}],"author":[{"embeddable":true,"href":"https:\/\/bahiaeconomica.com.br\/wp\/wp-json\/wp\/v2\/users\/8"}],"replies":[{"embeddable":true,"href":"https:\/\/bahiaeconomica.com.br\/wp\/wp-json\/wp\/v2\/comments?post=991250"}],"version-history":[{"count":1,"href":"https:\/\/bahiaeconomica.com.br\/wp\/wp-json\/wp\/v2\/posts\/991250\/revisions"}],"predecessor-version":[{"id":991253,"href":"https:\/\/bahiaeconomica.com.br\/wp\/wp-json\/wp\/v2\/posts\/991250\/revisions\/991253"}],"wp:featuredmedia":[{"embeddable":true,"href":"https:\/\/bahiaeconomica.com.br\/wp\/wp-json\/wp\/v2\/media\/991252"}],"wp:attachment":[{"href":"https:\/\/bahiaeconomica.com.br\/wp\/wp-json\/wp\/v2\/media?parent=991250"}],"wp:term":[{"taxonomy":"category","embeddable":true,"href":"https:\/\/bahiaeconomica.com.br\/wp\/wp-json\/wp\/v2\/categories?post=991250"},{"taxonomy":"post_tag","embeddable":true,"href":"https:\/\/bahiaeconomica.com.br\/wp\/wp-json\/wp\/v2\/tags?post=991250"}],"curies":[{"name":"wp","href":"https:\/\/api.w.org\/{rel}","templated":true}]}}