{"id":991239,"date":"2026-04-27T14:52:37","date_gmt":"2026-04-27T17:52:37","guid":{"rendered":"https:\/\/bahiaeconomica.com.br\/wp\/?p=991239"},"modified":"2026-04-27T14:52:37","modified_gmt":"2026-04-27T17:52:37","slug":"parque-shopping-bahia-tera-horario-especial-no-feriado-do-dia-do-trabalhador","status":"publish","type":"post","link":"https:\/\/bahiaeconomica.com.br\/wp\/2026\/04\/27\/parque-shopping-bahia-tera-horario-especial-no-feriado-do-dia-do-trabalhador\/","title":{"rendered":"PARQUE SHOPPING BAHIA TER\u00c1 HOR\u00c1RIO ESPECIAL NO FERIADO DO DIA DO TRABALHADOR"},"content":{"rendered":"<p>O Parque Shopping Bahia, em Lauro de Freitas, ter\u00e1 hor\u00e1rio especial de funcionamento no feriado do Dia do Trabalhador, celebrado em 1\u00ba de maio (sexta-feira).<\/p>\n<p>As opera\u00e7\u00f5es de alimenta\u00e7\u00e3o e lazer funcionar\u00e3o das 12h \u00e0s 22h. J\u00e1 a Alameda Gourmet ter\u00e1 hor\u00e1rio estendido, das 12h \u00e0s 23h. As demais lojas e quiosques permanecer\u00e3o fechados.<\/p>\n<p>O shopping informa ainda que opera\u00e7\u00f5es com hor\u00e1rio diferenciado, conforme acordos espec\u00edficos, poder\u00e3o funcionar normalmente, desde que respeitem o hor\u00e1rio de fechamento do empreendimento.<\/p>\n<p><strong>Servi\u00e7o<\/strong><\/p>\n<p><strong>Funcionamento \u2013 Dia do Trabalhador (01\/05)<\/strong><\/p>\n<p>Alimenta\u00e7\u00e3o e lazer: 12h \u00e0s 22h<br \/>\nAlameda Gourmet: 12h \u00e0s 23h<br \/>\nDemais lojas e quiosques: fechados<\/p>\n<p>&nbsp;<\/p>\n<p>Foto: Divulga\u00e7\u00e3o Parque Shopping Bahia<\/p>\n","protected":false},"excerpt":{"rendered":"<p>O Parque Shopping Bahia, em Lauro de Freitas, ter\u00e1 hor\u00e1rio especial de funcionamento no feriado do Dia do Trabalhador, celebrado em 1\u00ba de maio (sexta-feira). As opera\u00e7\u00f5es de alimenta\u00e7\u00e3o e lazer funcionar\u00e3o das 12h \u00e0s 22h. J\u00e1 a Alameda Gourmet ter\u00e1 hor\u00e1rio estendido, das 12h \u00e0s 23h. As demais lojas e quiosques permanecer\u00e3o fechados. O [&hellip;]<\/p>\n","protected":false},"author":15,"featured_media":991257,"comment_status":"closed","ping_status":"closed","sticky":false,"template":"","format":"standard","meta":[],"categories":[5],"tags":[],"acf":[],"yoast_head":"<!-- This site is optimized with the Yoast SEO plugin v20.8 - https:\/\/yoast.com\/wordpress\/plugins\/seo\/ -->\n<title>PARQUE SHOPPING BAHIA TER\u00c1 HOR\u00c1RIO ESPECIAL NO FERIADO DO DIA DO TRABALHADOR - Bahia Economica<\/title>\n<meta name=\"description\" content=\"O maior portal de Economia da Bahia MUNIC\u00cdPIOS Bahia Economica\" \/>\n<meta name=\"robots\" content=\"index, follow, max-snippet:-1, max-image-preview:large, max-video-preview:-1\" \/>\n<link rel=\"canonical\" href=\"https:\/\/bahiaeconomica.com.br\/wp\/2026\/04\/27\/parque-shopping-bahia-tera-horario-especial-no-feriado-do-dia-do-trabalhador\/\" \/>\n<meta property=\"og:locale\" content=\"pt_BR\" \/>\n<meta property=\"og:type\" content=\"article\" \/>\n<meta property=\"og:title\" content=\"PARQUE SHOPPING BAHIA TER\u00c1 HOR\u00c1RIO ESPECIAL NO FERIADO DO DIA DO TRABALHADOR - Bahia Economica\" \/>\n<meta property=\"og:description\" content=\"O maior portal de Economia da Bahia MUNIC\u00cdPIOS Bahia Economica\" \/>\n<meta property=\"og:url\" content=\"https:\/\/bahiaeconomica.com.br\/wp\/2026\/04\/27\/parque-shopping-bahia-tera-horario-especial-no-feriado-do-dia-do-trabalhador\/\" \/>\n<meta property=\"og:site_name\" content=\"Bahia Economica\" \/>\n<meta property=\"article:publisher\" content=\"https:\/\/www.facebook.com\/bahiaeconomica\" \/>\n<meta property=\"article:published_time\" content=\"2026-04-27T17:52:37+00:00\" \/>\n<meta property=\"og:image\" content=\"https:\/\/bahiaeconomica.com.br\/wp\/wp-content\/uploads\/2026\/04\/image-12-1.jpeg\" \/>\n\t<meta property=\"og:image:width\" content=\"2048\" \/>\n\t<meta property=\"og:image:height\" content=\"1152\" \/>\n\t<meta property=\"og:image:type\" content=\"image\/jpeg\" \/>\n<meta name=\"author\" content=\"VICTORIA ISABEL\" \/>\n<meta name=\"twitter:card\" content=\"summary_large_image\" \/>\n<meta name=\"twitter:label1\" content=\"Escrito por\" \/>\n\t<meta name=\"twitter:data1\" content=\"VICTORIA ISABEL\" \/>\n\t<meta name=\"twitter:label2\" content=\"Est. tempo de leitura\" \/>\n\t<meta name=\"twitter:data2\" content=\"1 minuto\" \/>\n<script type=\"application\/ld+json\" class=\"yoast-schema-graph\">{\"@context\":\"https:\/\/schema.org\",\"@graph\":[{\"@type\":\"Article\",\"@id\":\"https:\/\/bahiaeconomica.com.br\/wp\/2026\/04\/27\/parque-shopping-bahia-tera-horario-especial-no-feriado-do-dia-do-trabalhador\/#article\",\"isPartOf\":{\"@id\":\"https:\/\/bahiaeconomica.com.br\/wp\/2026\/04\/27\/parque-shopping-bahia-tera-horario-especial-no-feriado-do-dia-do-trabalhador\/\"},\"author\":{\"name\":\"VICTORIA ISABEL\",\"@id\":\"https:\/\/bahiaeconomica.com.br\/wp\/#\/schema\/person\/b719ce0fb1c09f3c7a00d9243ced4a6f\"},\"headline\":\"PARQUE SHOPPING BAHIA TER\u00c1 HOR\u00c1RIO ESPECIAL NO FERIADO DO DIA DO TRABALHADOR\",\"datePublished\":\"2026-04-27T17:52:37+00:00\",\"dateModified\":\"2026-04-27T17:52:37+00:00\",\"mainEntityOfPage\":{\"@id\":\"https:\/\/bahiaeconomica.com.br\/wp\/2026\/04\/27\/parque-shopping-bahia-tera-horario-especial-no-feriado-do-dia-do-trabalhador\/\"},\"wordCount\":131,\"publisher\":{\"@id\":\"https:\/\/bahiaeconomica.com.br\/wp\/#organization\"},\"articleSection\":[\"MUNIC\u00cdPIOS\"],\"inLanguage\":\"pt-BR\"},{\"@type\":\"WebPage\",\"@id\":\"https:\/\/bahiaeconomica.com.br\/wp\/2026\/04\/27\/parque-shopping-bahia-tera-horario-especial-no-feriado-do-dia-do-trabalhador\/\",\"url\":\"https:\/\/bahiaeconomica.com.br\/wp\/2026\/04\/27\/parque-shopping-bahia-tera-horario-especial-no-feriado-do-dia-do-trabalhador\/\",\"name\":\"PARQUE SHOPPING BAHIA TER\u00c1 HOR\u00c1RIO ESPECIAL NO FERIADO DO DIA DO TRABALHADOR - Bahia Economica\",\"isPartOf\":{\"@id\":\"https:\/\/bahiaeconomica.com.br\/wp\/#website\"},\"datePublished\":\"2026-04-27T17:52:37+00:00\",\"dateModified\":\"2026-04-27T17:52:37+00:00\",\"description\":\"O maior portal de Economia da Bahia MUNIC\u00cdPIOS Bahia Economica\",\"breadcrumb\":{\"@id\":\"https:\/\/bahiaeconomica.com.br\/wp\/2026\/04\/27\/parque-shopping-bahia-tera-horario-especial-no-feriado-do-dia-do-trabalhador\/#breadcrumb\"},\"inLanguage\":\"pt-BR\",\"potentialAction\":[{\"@type\":\"ReadAction\",\"target\":[\"https:\/\/bahiaeconomica.com.br\/wp\/2026\/04\/27\/parque-shopping-bahia-tera-horario-especial-no-feriado-do-dia-do-trabalhador\/\"]}]},{\"@type\":\"BreadcrumbList\",\"@id\":\"https:\/\/bahiaeconomica.com.br\/wp\/2026\/04\/27\/parque-shopping-bahia-tera-horario-especial-no-feriado-do-dia-do-trabalhador\/#breadcrumb\",\"itemListElement\":[{\"@type\":\"ListItem\",\"position\":1,\"name\":\"In\u00edcio\",\"item\":\"https:\/\/bahiaeconomica.com.br\/wp\/\"},{\"@type\":\"ListItem\",\"position\":2,\"name\":\"PARQUE SHOPPING BAHIA TER\u00c1 HOR\u00c1RIO ESPECIAL NO FERIADO DO DIA DO TRABALHADOR\"}]},{\"@type\":\"WebSite\",\"@id\":\"https:\/\/bahiaeconomica.com.br\/wp\/#website\",\"url\":\"https:\/\/bahiaeconomica.com.br\/wp\/\",\"name\":\"Bahia Economica\",\"description\":\"O maior portal de Economia da Bahia\",\"publisher\":{\"@id\":\"https:\/\/bahiaeconomica.com.br\/wp\/#organization\"},\"potentialAction\":[{\"@type\":\"SearchAction\",\"target\":{\"@type\":\"EntryPoint\",\"urlTemplate\":\"https:\/\/bahiaeconomica.com.br\/wp\/?s={search_term_string}\"},\"query-input\":\"required name=search_term_string\"}],\"inLanguage\":\"pt-BR\"},{\"@type\":\"Organization\",\"@id\":\"https:\/\/bahiaeconomica.com.br\/wp\/#organization\",\"name\":\"Bahia Econ\u00f4mica\",\"url\":\"https:\/\/bahiaeconomica.com.br\/wp\/\",\"logo\":{\"@type\":\"ImageObject\",\"inLanguage\":\"pt-BR\",\"@id\":\"https:\/\/bahiaeconomica.com.br\/wp\/#\/schema\/logo\/image\/\",\"url\":\"https:\/\/bahiaeconomica.com.br\/wp\/wp-content\/uploads\/2020\/12\/cropped-BE.png\",\"contentUrl\":\"https:\/\/bahiaeconomica.com.br\/wp\/wp-content\/uploads\/2020\/12\/cropped-BE.png\",\"width\":512,\"height\":512,\"caption\":\"Bahia Econ\u00f4mica\"},\"image\":{\"@id\":\"https:\/\/bahiaeconomica.com.br\/wp\/#\/schema\/logo\/image\/\"},\"sameAs\":[\"https:\/\/www.facebook.com\/bahiaeconomica\"]},{\"@type\":\"Person\",\"@id\":\"https:\/\/bahiaeconomica.com.br\/wp\/#\/schema\/person\/b719ce0fb1c09f3c7a00d9243ced4a6f\",\"name\":\"VICTORIA ISABEL\",\"sameAs\":[\"http:\/\/www.bahiaeconomica.com.br\"],\"url\":\"https:\/\/bahiaeconomica.com.br\/wp\/author\/victoria-isabel\/\"}]}<\/script>\n<!-- \/ Yoast SEO plugin. -->","yoast_head_json":{"title":"PARQUE SHOPPING BAHIA TER\u00c1 HOR\u00c1RIO ESPECIAL NO FERIADO DO DIA DO TRABALHADOR - Bahia Economica","description":"O maior portal de Economia da Bahia MUNIC\u00cdPIOS Bahia Economica","robots":{"index":"index","follow":"follow","max-snippet":"max-snippet:-1","max-image-preview":"max-image-preview:large","max-video-preview":"max-video-preview:-1"},"canonical":"https:\/\/bahiaeconomica.com.br\/wp\/2026\/04\/27\/parque-shopping-bahia-tera-horario-especial-no-feriado-do-dia-do-trabalhador\/","og_locale":"pt_BR","og_type":"article","og_title":"PARQUE SHOPPING BAHIA TER\u00c1 HOR\u00c1RIO ESPECIAL NO FERIADO DO DIA DO TRABALHADOR - Bahia Economica","og_description":"O maior portal de Economia da Bahia MUNIC\u00cdPIOS Bahia Economica","og_url":"https:\/\/bahiaeconomica.com.br\/wp\/2026\/04\/27\/parque-shopping-bahia-tera-horario-especial-no-feriado-do-dia-do-trabalhador\/","og_site_name":"Bahia Economica","article_publisher":"https:\/\/www.facebook.com\/bahiaeconomica","article_published_time":"2026-04-27T17:52:37+00:00","og_image":[{"width":2048,"height":1152,"url":"https:\/\/bahiaeconomica.com.br\/wp\/wp-content\/uploads\/2026\/04\/image-12-1.jpeg","type":"image\/jpeg"}],"author":"VICTORIA ISABEL","twitter_card":"summary_large_image","twitter_misc":{"Escrito por":"VICTORIA ISABEL","Est. tempo de leitura":"1 minuto"},"schema":{"@context":"https:\/\/schema.org","@graph":[{"@type":"Article","@id":"https:\/\/bahiaeconomica.com.br\/wp\/2026\/04\/27\/parque-shopping-bahia-tera-horario-especial-no-feriado-do-dia-do-trabalhador\/#article","isPartOf":{"@id":"https:\/\/bahiaeconomica.com.br\/wp\/2026\/04\/27\/parque-shopping-bahia-tera-horario-especial-no-feriado-do-dia-do-trabalhador\/"},"author":{"name":"VICTORIA ISABEL","@id":"https:\/\/bahiaeconomica.com.br\/wp\/#\/schema\/person\/b719ce0fb1c09f3c7a00d9243ced4a6f"},"headline":"PARQUE SHOPPING BAHIA TER\u00c1 HOR\u00c1RIO ESPECIAL NO FERIADO DO DIA DO TRABALHADOR","datePublished":"2026-04-27T17:52:37+00:00","dateModified":"2026-04-27T17:52:37+00:00","mainEntityOfPage":{"@id":"https:\/\/bahiaeconomica.com.br\/wp\/2026\/04\/27\/parque-shopping-bahia-tera-horario-especial-no-feriado-do-dia-do-trabalhador\/"},"wordCount":131,"publisher":{"@id":"https:\/\/bahiaeconomica.com.br\/wp\/#organization"},"articleSection":["MUNIC\u00cdPIOS"],"inLanguage":"pt-BR"},{"@type":"WebPage","@id":"https:\/\/bahiaeconomica.com.br\/wp\/2026\/04\/27\/parque-shopping-bahia-tera-horario-especial-no-feriado-do-dia-do-trabalhador\/","url":"https:\/\/bahiaeconomica.com.br\/wp\/2026\/04\/27\/parque-shopping-bahia-tera-horario-especial-no-feriado-do-dia-do-trabalhador\/","name":"PARQUE SHOPPING BAHIA TER\u00c1 HOR\u00c1RIO ESPECIAL NO FERIADO DO DIA DO TRABALHADOR - Bahia Economica","isPartOf":{"@id":"https:\/\/bahiaeconomica.com.br\/wp\/#website"},"datePublished":"2026-04-27T17:52:37+00:00","dateModified":"2026-04-27T17:52:37+00:00","description":"O maior portal de Economia da Bahia MUNIC\u00cdPIOS Bahia Economica","breadcrumb":{"@id":"https:\/\/bahiaeconomica.com.br\/wp\/2026\/04\/27\/parque-shopping-bahia-tera-horario-especial-no-feriado-do-dia-do-trabalhador\/#breadcrumb"},"inLanguage":"pt-BR","potentialAction":[{"@type":"ReadAction","target":["https:\/\/bahiaeconomica.com.br\/wp\/2026\/04\/27\/parque-shopping-bahia-tera-horario-especial-no-feriado-do-dia-do-trabalhador\/"]}]},{"@type":"BreadcrumbList","@id":"https:\/\/bahiaeconomica.com.br\/wp\/2026\/04\/27\/parque-shopping-bahia-tera-horario-especial-no-feriado-do-dia-do-trabalhador\/#breadcrumb","itemListElement":[{"@type":"ListItem","position":1,"name":"In\u00edcio","item":"https:\/\/bahiaeconomica.com.br\/wp\/"},{"@type":"ListItem","position":2,"name":"PARQUE SHOPPING BAHIA TER\u00c1 HOR\u00c1RIO ESPECIAL NO FERIADO DO DIA DO TRABALHADOR"}]},{"@type":"WebSite","@id":"https:\/\/bahiaeconomica.com.br\/wp\/#website","url":"https:\/\/bahiaeconomica.com.br\/wp\/","name":"Bahia Economica","description":"O maior portal de Economia da Bahia","publisher":{"@id":"https:\/\/bahiaeconomica.com.br\/wp\/#organization"},"potentialAction":[{"@type":"SearchAction","target":{"@type":"EntryPoint","urlTemplate":"https:\/\/bahiaeconomica.com.br\/wp\/?s={search_term_string}"},"query-input":"required name=search_term_string"}],"inLanguage":"pt-BR"},{"@type":"Organization","@id":"https:\/\/bahiaeconomica.com.br\/wp\/#organization","name":"Bahia Econ\u00f4mica","url":"https:\/\/bahiaeconomica.com.br\/wp\/","logo":{"@type":"ImageObject","inLanguage":"pt-BR","@id":"https:\/\/bahiaeconomica.com.br\/wp\/#\/schema\/logo\/image\/","url":"https:\/\/bahiaeconomica.com.br\/wp\/wp-content\/uploads\/2020\/12\/cropped-BE.png","contentUrl":"https:\/\/bahiaeconomica.com.br\/wp\/wp-content\/uploads\/2020\/12\/cropped-BE.png","width":512,"height":512,"caption":"Bahia Econ\u00f4mica"},"image":{"@id":"https:\/\/bahiaeconomica.com.br\/wp\/#\/schema\/logo\/image\/"},"sameAs":["https:\/\/www.facebook.com\/bahiaeconomica"]},{"@type":"Person","@id":"https:\/\/bahiaeconomica.com.br\/wp\/#\/schema\/person\/b719ce0fb1c09f3c7a00d9243ced4a6f","name":"VICTORIA ISABEL","sameAs":["http:\/\/www.bahiaeconomica.com.br"],"url":"https:\/\/bahiaeconomica.com.br\/wp\/author\/victoria-isabel\/"}]}},"views":5,"_links":{"self":[{"href":"https:\/\/bahiaeconomica.com.br\/wp\/wp-json\/wp\/v2\/posts\/991239"}],"collection":[{"href":"https:\/\/bahiaeconomica.com.br\/wp\/wp-json\/wp\/v2\/posts"}],"about":[{"href":"https:\/\/bahiaeconomica.com.br\/wp\/wp-json\/wp\/v2\/types\/post"}],"author":[{"embeddable":true,"href":"https:\/\/bahiaeconomica.com.br\/wp\/wp-json\/wp\/v2\/users\/15"}],"replies":[{"embeddable":true,"href":"https:\/\/bahiaeconomica.com.br\/wp\/wp-json\/wp\/v2\/comments?post=991239"}],"version-history":[{"count":1,"href":"https:\/\/bahiaeconomica.com.br\/wp\/wp-json\/wp\/v2\/posts\/991239\/revisions"}],"predecessor-version":[{"id":991260,"href":"https:\/\/bahiaeconomica.com.br\/wp\/wp-json\/wp\/v2\/posts\/991239\/revisions\/991260"}],"wp:featuredmedia":[{"embeddable":true,"href":"https:\/\/bahiaeconomica.com.br\/wp\/wp-json\/wp\/v2\/media\/991257"}],"wp:attachment":[{"href":"https:\/\/bahiaeconomica.com.br\/wp\/wp-json\/wp\/v2\/media?parent=991239"}],"wp:term":[{"taxonomy":"category","embeddable":true,"href":"https:\/\/bahiaeconomica.com.br\/wp\/wp-json\/wp\/v2\/categories?post=991239"},{"taxonomy":"post_tag","embeddable":true,"href":"https:\/\/bahiaeconomica.com.br\/wp\/wp-json\/wp\/v2\/tags?post=991239"}],"curies":[{"name":"wp","href":"https:\/\/api.w.org\/{rel}","templated":true}]}}