{"id":991175,"date":"2026-04-27T14:00:23","date_gmt":"2026-04-27T17:00:23","guid":{"rendered":"https:\/\/bahiaeconomica.com.br\/wp\/?p=991175"},"modified":"2026-04-27T13:07:40","modified_gmt":"2026-04-27T16:07:40","slug":"socio-da-blue-run-lucas-ferraz-promove-lancamento-da-edicao-2026-e-reforca-crescimento-da-corrida-em-salvador","status":"publish","type":"post","link":"https:\/\/bahiaeconomica.com.br\/wp\/2026\/04\/27\/socio-da-blue-run-lucas-ferraz-promove-lancamento-da-edicao-2026-e-reforca-crescimento-da-corrida-em-salvador\/","title":{"rendered":"S\u00d3CIO DA BLUE RUN, LUCAS FERRAZ PROMOVE LAN\u00c7AMENTO DA EDI\u00c7\u00c3O 2026 E REFOR\u00c7A CRESCIMENTO DA CORRIDA EM SALVADOR"},"content":{"rendered":"<p>O empres\u00e1rio Lucas Ferraz participou do lan\u00e7amento oficial da Blue Run Salvador 2026, realizado na noite desta quarta-feira (23), na Casa MD, em Ondina. S\u00f3cio do evento, ao lado do urologista Nilo Jorge Le\u00e3o, Felipe Pinho, Leonardo Calazans, Humberto Cedraz e Ricardo Cedraz, ele integra um grupo \u00e0 frente da expans\u00e3o da corrida na capital, que vem ganhando for\u00e7a no calend\u00e1rio esportivo local ao unir pr\u00e1tica esportiva e conscientiza\u00e7\u00e3o em sa\u00fade.<\/p>\n<p>Durante o encontro, foram apresentadas as novidades da pr\u00f3xima edi\u00e7\u00e3o, com destaque para a cria\u00e7\u00e3o da meia maratona de 21 km, al\u00e9m das provas de 5 km e 10 km, que tamb\u00e9m poder\u00e3o ser percorridas em formato de caminhada. A arena do evento ser\u00e1 transferida do Jardim de Alah para a Vila Caramuru, antigo Mercado do Peixe, no Rio Vermelho, ponto de largada e chegada das provas. A prova est\u00e1 marcada para o dia 1\u00ba de novembro, com expectativa de reunir mais de 3 mil participantes.<\/p>\n<p>Al\u00e9m da atua\u00e7\u00e3o na Blue Run, Lucas Ferraz consolida sua trajet\u00f3ria na fotografia e na arte enquanto amplia, de forma estrat\u00e9gica, sua presen\u00e7a no universo wellness. O movimento, que nasce de um estilo de vida pessoal, passa a ocupar tamb\u00e9m espa\u00e7o central em seus projetos profissionais.<\/p>\n<p>S\u00f3cio da Nutrition\u2019all, ele vem estruturando uma frente voltada ao desenvolvimento de experi\u00eancias no segmento de sa\u00fade, bem-estar e esporte. A Blue Run integra esse ecossistema como uma das iniciativas j\u00e1 em curso, ao lado de novos projetos previstos para este ano, que devem expandir sua atua\u00e7\u00e3o para al\u00e9m da corrida e fortalecer seu posicionamento no setor.<\/p>\n<p>Promovida pela Urocl\u00ednica da Bahia e RG+, a Blue Run nasceu com foco na conscientiza\u00e7\u00e3o sobre o c\u00e2ncer de pr\u00f3stata. A corrida vem crescendo de forma consistente, saindo de cerca de 1 mil participantes em 2024 para aproximadamente 2,5 mil em 2025.<\/p>\n<p>Estrutura<\/p>\n<p>Lucas destaca que um dos diferenciais do evento est\u00e1 na estrutura e na experi\u00eancia oferecida aos participantes. \u201cA Blue Run tem se destacado por combinar esporte, sa\u00fade e conscientiza\u00e7\u00e3o. A experi\u00eancia vai al\u00e9m da corrida, com ativa\u00e7\u00f5es de sa\u00fade e bem-estar e uma proposta que contempla diferentes perfis de p\u00fablico, com op\u00e7\u00f5es distintas de inscri\u00e7\u00e3o, incluindo uma modalidade premium, com benef\u00edcios adicionais\u201d, pontua.<\/p>\n<p>\u201cO p\u00fablico \u00e9 bastante diversificado, desde corredores amadores at\u00e9 fam\u00edlias e profissionais da sa\u00fade. Isso amplia o engajamento e transforma a corrida em um movimento de educa\u00e7\u00e3o e mobiliza\u00e7\u00e3o social\u201d, acrescenta. Para 2026, segundo ele, a estreia da meia maratona representa um novo momento. \u201c\u00c9 um marco na evolu\u00e7\u00e3o do evento, que amplia o alcance e consolida a prova no cen\u00e1rio esportivo\u201d.<\/p>\n<p>A expectativa, de acordo com o empres\u00e1rio, \u00e9 de crescimento cont\u00ednuo. \u201cEventos como a Blue Run devem seguir em expans\u00e3o, sem abrir m\u00e3o da qualidade da experi\u00eancia e do prop\u00f3sito que tornam a corrida \u00fanica em Salvador\u201d, conclui.<\/p>\n<p>&nbsp;<\/p>\n<p>Al\u00e9m de apresentar as novidades, o evento de lan\u00e7amento tamb\u00e9m funcionou como espa\u00e7o de relacionamento e networking entre marcas, profissionais da sa\u00fade e representantes do universo fitness, refor\u00e7ando o posicionamento da Blue Run como uma plataforma que vai al\u00e9m da corrida e atua diretamente na promo\u00e7\u00e3o de sa\u00fade e impacto social.<\/p>\n<p>Cr\u00e9dito da foto: Foto Show<\/p>\n","protected":false},"excerpt":{"rendered":"<p>O empres\u00e1rio Lucas Ferraz participou do lan\u00e7amento oficial da Blue Run Salvador 2026, realizado na noite desta quarta-feira (23), na Casa MD, em Ondina. S\u00f3cio do evento, ao lado do urologista Nilo Jorge Le\u00e3o, Felipe Pinho, Leonardo Calazans, Humberto Cedraz e Ricardo Cedraz, ele integra um grupo \u00e0 frente da expans\u00e3o da corrida na capital, [&hellip;]<\/p>\n","protected":false},"author":8,"featured_media":991176,"comment_status":"closed","ping_status":"closed","sticky":false,"template":"","format":"standard","meta":[],"categories":[4486],"tags":[14352,28182,73],"acf":[],"yoast_head":"<!-- This site is optimized with the Yoast SEO plugin v20.8 - https:\/\/yoast.com\/wordpress\/plugins\/seo\/ -->\n<title>S\u00d3CIO DA BLUE RUN, LUCAS FERRAZ PROMOVE LAN\u00c7AMENTO DA EDI\u00c7\u00c3O 2026 E REFOR\u00c7A CRESCIMENTO DA CORRIDA EM SALVADOR - Bahia Economica<\/title>\n<meta name=\"description\" content=\"O maior portal de Economia da Bahia Esporte Bahia Economica LUCAS FERRAZ PROMOVE LAN\u00c7AMENTO DA EDI\u00c7\u00c3O 2026 E REFOR\u00c7A\" \/>\n<meta name=\"robots\" content=\"index, follow, max-snippet:-1, max-image-preview:large, max-video-preview:-1\" \/>\n<link rel=\"canonical\" href=\"https:\/\/bahiaeconomica.com.br\/wp\/2026\/04\/27\/socio-da-blue-run-lucas-ferraz-promove-lancamento-da-edicao-2026-e-reforca-crescimento-da-corrida-em-salvador\/\" \/>\n<meta property=\"og:locale\" content=\"pt_BR\" \/>\n<meta property=\"og:type\" content=\"article\" \/>\n<meta property=\"og:title\" content=\"S\u00d3CIO DA BLUE RUN, LUCAS FERRAZ PROMOVE LAN\u00c7AMENTO DA EDI\u00c7\u00c3O 2026 E REFOR\u00c7A CRESCIMENTO DA CORRIDA EM SALVADOR - Bahia Economica\" \/>\n<meta property=\"og:description\" content=\"O maior portal de Economia da Bahia Esporte Bahia Economica LUCAS FERRAZ PROMOVE LAN\u00c7AMENTO DA EDI\u00c7\u00c3O 2026 E REFOR\u00c7A\" \/>\n<meta property=\"og:url\" content=\"https:\/\/bahiaeconomica.com.br\/wp\/2026\/04\/27\/socio-da-blue-run-lucas-ferraz-promove-lancamento-da-edicao-2026-e-reforca-crescimento-da-corrida-em-salvador\/\" \/>\n<meta property=\"og:site_name\" content=\"Bahia Economica\" \/>\n<meta property=\"article:publisher\" content=\"https:\/\/www.facebook.com\/bahiaeconomica\" \/>\n<meta property=\"article:published_time\" content=\"2026-04-27T17:00:23+00:00\" \/>\n<meta property=\"article:modified_time\" content=\"2026-04-27T16:07:40+00:00\" \/>\n<meta property=\"og:image\" content=\"https:\/\/bahiaeconomica.com.br\/wp\/wp-content\/uploads\/2026\/04\/WhatsApp-Image-2026-04-27-at-11.19.14.jpeg\" \/>\n\t<meta property=\"og:image:width\" content=\"1280\" \/>\n\t<meta property=\"og:image:height\" content=\"853\" \/>\n\t<meta property=\"og:image:type\" content=\"image\/jpeg\" \/>\n<meta name=\"author\" content=\"JP\" \/>\n<meta name=\"twitter:card\" content=\"summary_large_image\" \/>\n<meta name=\"twitter:label1\" content=\"Escrito por\" \/>\n\t<meta name=\"twitter:data1\" content=\"JP\" \/>\n\t<meta name=\"twitter:label2\" content=\"Est. tempo de leitura\" \/>\n\t<meta name=\"twitter:data2\" content=\"3 minutos\" \/>\n<script type=\"application\/ld+json\" class=\"yoast-schema-graph\">{\"@context\":\"https:\/\/schema.org\",\"@graph\":[{\"@type\":\"Article\",\"@id\":\"https:\/\/bahiaeconomica.com.br\/wp\/2026\/04\/27\/socio-da-blue-run-lucas-ferraz-promove-lancamento-da-edicao-2026-e-reforca-crescimento-da-corrida-em-salvador\/#article\",\"isPartOf\":{\"@id\":\"https:\/\/bahiaeconomica.com.br\/wp\/2026\/04\/27\/socio-da-blue-run-lucas-ferraz-promove-lancamento-da-edicao-2026-e-reforca-crescimento-da-corrida-em-salvador\/\"},\"author\":{\"name\":\"JP\",\"@id\":\"https:\/\/bahiaeconomica.com.br\/wp\/#\/schema\/person\/c86d3a3f8960425a0f9d0e5245991f4e\"},\"headline\":\"S\u00d3CIO DA BLUE RUN, LUCAS FERRAZ PROMOVE LAN\u00c7AMENTO DA EDI\u00c7\u00c3O 2026 E REFOR\u00c7A CRESCIMENTO DA CORRIDA EM SALVADOR\",\"datePublished\":\"2026-04-27T17:00:23+00:00\",\"dateModified\":\"2026-04-27T16:07:40+00:00\",\"mainEntityOfPage\":{\"@id\":\"https:\/\/bahiaeconomica.com.br\/wp\/2026\/04\/27\/socio-da-blue-run-lucas-ferraz-promove-lancamento-da-edicao-2026-e-reforca-crescimento-da-corrida-em-salvador\/\"},\"wordCount\":595,\"publisher\":{\"@id\":\"https:\/\/bahiaeconomica.com.br\/wp\/#organization\"},\"keywords\":[\"blue\",\"rum\",\"Salvador\"],\"articleSection\":[\"Esporte\"],\"inLanguage\":\"pt-BR\"},{\"@type\":\"WebPage\",\"@id\":\"https:\/\/bahiaeconomica.com.br\/wp\/2026\/04\/27\/socio-da-blue-run-lucas-ferraz-promove-lancamento-da-edicao-2026-e-reforca-crescimento-da-corrida-em-salvador\/\",\"url\":\"https:\/\/bahiaeconomica.com.br\/wp\/2026\/04\/27\/socio-da-blue-run-lucas-ferraz-promove-lancamento-da-edicao-2026-e-reforca-crescimento-da-corrida-em-salvador\/\",\"name\":\"S\u00d3CIO DA BLUE RUN, LUCAS FERRAZ PROMOVE LAN\u00c7AMENTO DA EDI\u00c7\u00c3O 2026 E REFOR\u00c7A CRESCIMENTO DA CORRIDA EM SALVADOR - Bahia Economica\",\"isPartOf\":{\"@id\":\"https:\/\/bahiaeconomica.com.br\/wp\/#website\"},\"datePublished\":\"2026-04-27T17:00:23+00:00\",\"dateModified\":\"2026-04-27T16:07:40+00:00\",\"description\":\"O maior portal de Economia da Bahia Esporte Bahia Economica LUCAS FERRAZ PROMOVE LAN\u00c7AMENTO DA EDI\u00c7\u00c3O 2026 E REFOR\u00c7A\",\"breadcrumb\":{\"@id\":\"https:\/\/bahiaeconomica.com.br\/wp\/2026\/04\/27\/socio-da-blue-run-lucas-ferraz-promove-lancamento-da-edicao-2026-e-reforca-crescimento-da-corrida-em-salvador\/#breadcrumb\"},\"inLanguage\":\"pt-BR\",\"potentialAction\":[{\"@type\":\"ReadAction\",\"target\":[\"https:\/\/bahiaeconomica.com.br\/wp\/2026\/04\/27\/socio-da-blue-run-lucas-ferraz-promove-lancamento-da-edicao-2026-e-reforca-crescimento-da-corrida-em-salvador\/\"]}]},{\"@type\":\"BreadcrumbList\",\"@id\":\"https:\/\/bahiaeconomica.com.br\/wp\/2026\/04\/27\/socio-da-blue-run-lucas-ferraz-promove-lancamento-da-edicao-2026-e-reforca-crescimento-da-corrida-em-salvador\/#breadcrumb\",\"itemListElement\":[{\"@type\":\"ListItem\",\"position\":1,\"name\":\"In\u00edcio\",\"item\":\"https:\/\/bahiaeconomica.com.br\/wp\/\"},{\"@type\":\"ListItem\",\"position\":2,\"name\":\"S\u00d3CIO DA BLUE RUN, LUCAS FERRAZ PROMOVE LAN\u00c7AMENTO DA EDI\u00c7\u00c3O 2026 E REFOR\u00c7A CRESCIMENTO DA CORRIDA EM SALVADOR\"}]},{\"@type\":\"WebSite\",\"@id\":\"https:\/\/bahiaeconomica.com.br\/wp\/#website\",\"url\":\"https:\/\/bahiaeconomica.com.br\/wp\/\",\"name\":\"Bahia Economica\",\"description\":\"O maior portal de Economia da Bahia\",\"publisher\":{\"@id\":\"https:\/\/bahiaeconomica.com.br\/wp\/#organization\"},\"potentialAction\":[{\"@type\":\"SearchAction\",\"target\":{\"@type\":\"EntryPoint\",\"urlTemplate\":\"https:\/\/bahiaeconomica.com.br\/wp\/?s={search_term_string}\"},\"query-input\":\"required name=search_term_string\"}],\"inLanguage\":\"pt-BR\"},{\"@type\":\"Organization\",\"@id\":\"https:\/\/bahiaeconomica.com.br\/wp\/#organization\",\"name\":\"Bahia Econ\u00f4mica\",\"url\":\"https:\/\/bahiaeconomica.com.br\/wp\/\",\"logo\":{\"@type\":\"ImageObject\",\"inLanguage\":\"pt-BR\",\"@id\":\"https:\/\/bahiaeconomica.com.br\/wp\/#\/schema\/logo\/image\/\",\"url\":\"https:\/\/bahiaeconomica.com.br\/wp\/wp-content\/uploads\/2020\/12\/cropped-BE.png\",\"contentUrl\":\"https:\/\/bahiaeconomica.com.br\/wp\/wp-content\/uploads\/2020\/12\/cropped-BE.png\",\"width\":512,\"height\":512,\"caption\":\"Bahia Econ\u00f4mica\"},\"image\":{\"@id\":\"https:\/\/bahiaeconomica.com.br\/wp\/#\/schema\/logo\/image\/\"},\"sameAs\":[\"https:\/\/www.facebook.com\/bahiaeconomica\"]},{\"@type\":\"Person\",\"@id\":\"https:\/\/bahiaeconomica.com.br\/wp\/#\/schema\/person\/c86d3a3f8960425a0f9d0e5245991f4e\",\"name\":\"JP\",\"sameAs\":[\"https:\/\/bahiaeconomica.com.br\/wp\/beta\/\"],\"url\":\"https:\/\/bahiaeconomica.com.br\/wp\/author\/jp\/\"}]}<\/script>\n<!-- \/ Yoast SEO plugin. -->","yoast_head_json":{"title":"S\u00d3CIO DA BLUE RUN, LUCAS FERRAZ PROMOVE LAN\u00c7AMENTO DA EDI\u00c7\u00c3O 2026 E REFOR\u00c7A CRESCIMENTO DA CORRIDA EM SALVADOR - Bahia Economica","description":"O maior portal de Economia da Bahia Esporte Bahia Economica LUCAS FERRAZ PROMOVE LAN\u00c7AMENTO DA EDI\u00c7\u00c3O 2026 E REFOR\u00c7A","robots":{"index":"index","follow":"follow","max-snippet":"max-snippet:-1","max-image-preview":"max-image-preview:large","max-video-preview":"max-video-preview:-1"},"canonical":"https:\/\/bahiaeconomica.com.br\/wp\/2026\/04\/27\/socio-da-blue-run-lucas-ferraz-promove-lancamento-da-edicao-2026-e-reforca-crescimento-da-corrida-em-salvador\/","og_locale":"pt_BR","og_type":"article","og_title":"S\u00d3CIO DA BLUE RUN, LUCAS FERRAZ PROMOVE LAN\u00c7AMENTO DA EDI\u00c7\u00c3O 2026 E REFOR\u00c7A CRESCIMENTO DA CORRIDA EM SALVADOR - Bahia Economica","og_description":"O maior portal de Economia da Bahia Esporte Bahia Economica LUCAS FERRAZ PROMOVE LAN\u00c7AMENTO DA EDI\u00c7\u00c3O 2026 E REFOR\u00c7A","og_url":"https:\/\/bahiaeconomica.com.br\/wp\/2026\/04\/27\/socio-da-blue-run-lucas-ferraz-promove-lancamento-da-edicao-2026-e-reforca-crescimento-da-corrida-em-salvador\/","og_site_name":"Bahia Economica","article_publisher":"https:\/\/www.facebook.com\/bahiaeconomica","article_published_time":"2026-04-27T17:00:23+00:00","article_modified_time":"2026-04-27T16:07:40+00:00","og_image":[{"width":1280,"height":853,"url":"https:\/\/bahiaeconomica.com.br\/wp\/wp-content\/uploads\/2026\/04\/WhatsApp-Image-2026-04-27-at-11.19.14.jpeg","type":"image\/jpeg"}],"author":"JP","twitter_card":"summary_large_image","twitter_misc":{"Escrito por":"JP","Est. tempo de leitura":"3 minutos"},"schema":{"@context":"https:\/\/schema.org","@graph":[{"@type":"Article","@id":"https:\/\/bahiaeconomica.com.br\/wp\/2026\/04\/27\/socio-da-blue-run-lucas-ferraz-promove-lancamento-da-edicao-2026-e-reforca-crescimento-da-corrida-em-salvador\/#article","isPartOf":{"@id":"https:\/\/bahiaeconomica.com.br\/wp\/2026\/04\/27\/socio-da-blue-run-lucas-ferraz-promove-lancamento-da-edicao-2026-e-reforca-crescimento-da-corrida-em-salvador\/"},"author":{"name":"JP","@id":"https:\/\/bahiaeconomica.com.br\/wp\/#\/schema\/person\/c86d3a3f8960425a0f9d0e5245991f4e"},"headline":"S\u00d3CIO DA BLUE RUN, LUCAS FERRAZ PROMOVE LAN\u00c7AMENTO DA EDI\u00c7\u00c3O 2026 E REFOR\u00c7A CRESCIMENTO DA CORRIDA EM SALVADOR","datePublished":"2026-04-27T17:00:23+00:00","dateModified":"2026-04-27T16:07:40+00:00","mainEntityOfPage":{"@id":"https:\/\/bahiaeconomica.com.br\/wp\/2026\/04\/27\/socio-da-blue-run-lucas-ferraz-promove-lancamento-da-edicao-2026-e-reforca-crescimento-da-corrida-em-salvador\/"},"wordCount":595,"publisher":{"@id":"https:\/\/bahiaeconomica.com.br\/wp\/#organization"},"keywords":["blue","rum","Salvador"],"articleSection":["Esporte"],"inLanguage":"pt-BR"},{"@type":"WebPage","@id":"https:\/\/bahiaeconomica.com.br\/wp\/2026\/04\/27\/socio-da-blue-run-lucas-ferraz-promove-lancamento-da-edicao-2026-e-reforca-crescimento-da-corrida-em-salvador\/","url":"https:\/\/bahiaeconomica.com.br\/wp\/2026\/04\/27\/socio-da-blue-run-lucas-ferraz-promove-lancamento-da-edicao-2026-e-reforca-crescimento-da-corrida-em-salvador\/","name":"S\u00d3CIO DA BLUE RUN, LUCAS FERRAZ PROMOVE LAN\u00c7AMENTO DA EDI\u00c7\u00c3O 2026 E REFOR\u00c7A CRESCIMENTO DA CORRIDA EM SALVADOR - Bahia Economica","isPartOf":{"@id":"https:\/\/bahiaeconomica.com.br\/wp\/#website"},"datePublished":"2026-04-27T17:00:23+00:00","dateModified":"2026-04-27T16:07:40+00:00","description":"O maior portal de Economia da Bahia Esporte Bahia Economica LUCAS FERRAZ PROMOVE LAN\u00c7AMENTO DA EDI\u00c7\u00c3O 2026 E REFOR\u00c7A","breadcrumb":{"@id":"https:\/\/bahiaeconomica.com.br\/wp\/2026\/04\/27\/socio-da-blue-run-lucas-ferraz-promove-lancamento-da-edicao-2026-e-reforca-crescimento-da-corrida-em-salvador\/#breadcrumb"},"inLanguage":"pt-BR","potentialAction":[{"@type":"ReadAction","target":["https:\/\/bahiaeconomica.com.br\/wp\/2026\/04\/27\/socio-da-blue-run-lucas-ferraz-promove-lancamento-da-edicao-2026-e-reforca-crescimento-da-corrida-em-salvador\/"]}]},{"@type":"BreadcrumbList","@id":"https:\/\/bahiaeconomica.com.br\/wp\/2026\/04\/27\/socio-da-blue-run-lucas-ferraz-promove-lancamento-da-edicao-2026-e-reforca-crescimento-da-corrida-em-salvador\/#breadcrumb","itemListElement":[{"@type":"ListItem","position":1,"name":"In\u00edcio","item":"https:\/\/bahiaeconomica.com.br\/wp\/"},{"@type":"ListItem","position":2,"name":"S\u00d3CIO DA BLUE RUN, LUCAS FERRAZ PROMOVE LAN\u00c7AMENTO DA EDI\u00c7\u00c3O 2026 E REFOR\u00c7A CRESCIMENTO DA CORRIDA EM SALVADOR"}]},{"@type":"WebSite","@id":"https:\/\/bahiaeconomica.com.br\/wp\/#website","url":"https:\/\/bahiaeconomica.com.br\/wp\/","name":"Bahia Economica","description":"O maior portal de Economia da Bahia","publisher":{"@id":"https:\/\/bahiaeconomica.com.br\/wp\/#organization"},"potentialAction":[{"@type":"SearchAction","target":{"@type":"EntryPoint","urlTemplate":"https:\/\/bahiaeconomica.com.br\/wp\/?s={search_term_string}"},"query-input":"required name=search_term_string"}],"inLanguage":"pt-BR"},{"@type":"Organization","@id":"https:\/\/bahiaeconomica.com.br\/wp\/#organization","name":"Bahia Econ\u00f4mica","url":"https:\/\/bahiaeconomica.com.br\/wp\/","logo":{"@type":"ImageObject","inLanguage":"pt-BR","@id":"https:\/\/bahiaeconomica.com.br\/wp\/#\/schema\/logo\/image\/","url":"https:\/\/bahiaeconomica.com.br\/wp\/wp-content\/uploads\/2020\/12\/cropped-BE.png","contentUrl":"https:\/\/bahiaeconomica.com.br\/wp\/wp-content\/uploads\/2020\/12\/cropped-BE.png","width":512,"height":512,"caption":"Bahia Econ\u00f4mica"},"image":{"@id":"https:\/\/bahiaeconomica.com.br\/wp\/#\/schema\/logo\/image\/"},"sameAs":["https:\/\/www.facebook.com\/bahiaeconomica"]},{"@type":"Person","@id":"https:\/\/bahiaeconomica.com.br\/wp\/#\/schema\/person\/c86d3a3f8960425a0f9d0e5245991f4e","name":"JP","sameAs":["https:\/\/bahiaeconomica.com.br\/wp\/beta\/"],"url":"https:\/\/bahiaeconomica.com.br\/wp\/author\/jp\/"}]}},"views":1,"_links":{"self":[{"href":"https:\/\/bahiaeconomica.com.br\/wp\/wp-json\/wp\/v2\/posts\/991175"}],"collection":[{"href":"https:\/\/bahiaeconomica.com.br\/wp\/wp-json\/wp\/v2\/posts"}],"about":[{"href":"https:\/\/bahiaeconomica.com.br\/wp\/wp-json\/wp\/v2\/types\/post"}],"author":[{"embeddable":true,"href":"https:\/\/bahiaeconomica.com.br\/wp\/wp-json\/wp\/v2\/users\/8"}],"replies":[{"embeddable":true,"href":"https:\/\/bahiaeconomica.com.br\/wp\/wp-json\/wp\/v2\/comments?post=991175"}],"version-history":[{"count":1,"href":"https:\/\/bahiaeconomica.com.br\/wp\/wp-json\/wp\/v2\/posts\/991175\/revisions"}],"predecessor-version":[{"id":991177,"href":"https:\/\/bahiaeconomica.com.br\/wp\/wp-json\/wp\/v2\/posts\/991175\/revisions\/991177"}],"wp:featuredmedia":[{"embeddable":true,"href":"https:\/\/bahiaeconomica.com.br\/wp\/wp-json\/wp\/v2\/media\/991176"}],"wp:attachment":[{"href":"https:\/\/bahiaeconomica.com.br\/wp\/wp-json\/wp\/v2\/media?parent=991175"}],"wp:term":[{"taxonomy":"category","embeddable":true,"href":"https:\/\/bahiaeconomica.com.br\/wp\/wp-json\/wp\/v2\/categories?post=991175"},{"taxonomy":"post_tag","embeddable":true,"href":"https:\/\/bahiaeconomica.com.br\/wp\/wp-json\/wp\/v2\/tags?post=991175"}],"curies":[{"name":"wp","href":"https:\/\/api.w.org\/{rel}","templated":true}]}}