{"id":991135,"date":"2026-04-27T09:29:46","date_gmt":"2026-04-27T12:29:46","guid":{"rendered":"https:\/\/bahiaeconomica.com.br\/wp\/?p=991135"},"modified":"2026-04-27T09:29:46","modified_gmt":"2026-04-27T12:29:46","slug":"rui-costa-critica-gestao-administrativa-de-salvador-entenda","status":"publish","type":"post","link":"https:\/\/bahiaeconomica.com.br\/wp\/2026\/04\/27\/rui-costa-critica-gestao-administrativa-de-salvador-entenda\/","title":{"rendered":"RUI COSTA CRITICA GEST\u00c3O ADMINISTRATIVA DE SALVADOR; ENTENDA"},"content":{"rendered":"<p>Em entrevista \u00e0 R\u00e1dio Metropole, o ex-ministro da Casa Civil e pr\u00e9-candidato ao Senado, Rui Costa (PT), criticou o que classificou como a perman\u00eancia de estruturas olig\u00e1rquicas na pol\u00edtica brasileira, com maior incid\u00eancia no Nordeste. \u201cSe tem algo que est\u00e1 envelhecido no Brasil \u00e9 esse conceito de oligarquia, de fam\u00edlias que se perpetuam no poder e transferem poder por heran\u00e7a\u201d, afirmou.<\/p>\n<p>Na avalia\u00e7\u00e3o de Rui Costa, esse modelo se sustenta, entre outros fatores, pelo controle de meios de comunica\u00e7\u00e3o por grupos pol\u00edticos tradicionais. \u201cAs oligarquias do Nordeste s\u00e3o donas de r\u00e1dios e TVs\u201d, disse, ao apontar a influ\u00eancia dessas estruturas na manuten\u00e7\u00e3o de poder ao longo das gera\u00e7\u00f5es.<\/p>\n<p>Ao abordar a realidade de Salvador, o ex-governador recuperou promessas de campanhas anteriores do ex-prefeito ACM Neto (Uni\u00e3o) e confrontou com os indicadores atuais. \u201cFui ver e Salvador est\u00e1 entre as piores capitais em mortalidade infantil\u201d, declarou. Segundo ele, o cen\u00e1rio reflete defici\u00eancias na aten\u00e7\u00e3o b\u00e1sica e na assist\u00eancia pr\u00e9-natal, com dificuldade de atingir o n\u00famero m\u00ednimo de consultas recomendado.<\/p>\n<p>Rui Costa tamb\u00e9m questionou a pol\u00edtica de venda de terrenos p\u00fablicos como alternativa de arrecada\u00e7\u00e3o. \u201cVenderam, e quem comprou foram os amigos de sempre. Mas o dinheiro foi para onde?\u201d, afirmou, ao cobrar transpar\u00eancia na destina\u00e7\u00e3o dos recursos.<\/p>\n<p>O ex-ministro ainda criticou a situa\u00e7\u00e3o da educa\u00e7\u00e3o e o acesso \u00e0 sa\u00fade na capital baiana. \u201c40% da popula\u00e7\u00e3o n\u00e3o tem posto de sa\u00fade para atender\u201d, disse. Ele mencionou ainda a aus\u00eancia de equipamentos prometidos, como hospital em Pau da Lima e unidades de pronto atendimento em regi\u00f5es como Cajazeiras. Rui Costa tamb\u00e9m afirmou que tentou repassar policl\u00ednicas para administra\u00e7\u00e3o municipal, mas n\u00e3o houve interesse na \u00e9poca.<\/p>\n<p>Foto: Samanta Leite\/Metropress<\/p>\n","protected":false},"excerpt":{"rendered":"<p>Em entrevista \u00e0 R\u00e1dio Metropole, o ex-ministro da Casa Civil e pr\u00e9-candidato ao Senado, Rui Costa (PT), criticou o que classificou como a perman\u00eancia de estruturas olig\u00e1rquicas na pol\u00edtica brasileira, com maior incid\u00eancia no Nordeste. \u201cSe tem algo que est\u00e1 envelhecido no Brasil \u00e9 esse conceito de oligarquia, de fam\u00edlias que se perpetuam no poder [&hellip;]<\/p>\n","protected":false},"author":8,"featured_media":991136,"comment_status":"closed","ping_status":"closed","sticky":false,"template":"","format":"standard","meta":[],"categories":[3],"tags":[52,18,17],"acf":[],"yoast_head":"<!-- This site is optimized with the Yoast SEO plugin v20.8 - https:\/\/yoast.com\/wordpress\/plugins\/seo\/ -->\n<title>RUI COSTA CRITICA GEST\u00c3O ADMINISTRATIVA DE SALVADOR; ENTENDA - Bahia Economica<\/title>\n<meta name=\"description\" content=\"O maior portal de Economia da Bahia ECONOMIA \/ POL\u00cdTICA Bahia Economica\" \/>\n<meta name=\"robots\" content=\"index, follow, max-snippet:-1, max-image-preview:large, max-video-preview:-1\" \/>\n<link rel=\"canonical\" href=\"https:\/\/bahiaeconomica.com.br\/wp\/2026\/04\/27\/rui-costa-critica-gestao-administrativa-de-salvador-entenda\/\" \/>\n<meta property=\"og:locale\" content=\"pt_BR\" \/>\n<meta property=\"og:type\" content=\"article\" \/>\n<meta property=\"og:title\" content=\"RUI COSTA CRITICA GEST\u00c3O ADMINISTRATIVA DE SALVADOR; ENTENDA - Bahia Economica\" \/>\n<meta property=\"og:description\" content=\"O maior portal de Economia da Bahia ECONOMIA \/ POL\u00cdTICA Bahia Economica\" \/>\n<meta property=\"og:url\" content=\"https:\/\/bahiaeconomica.com.br\/wp\/2026\/04\/27\/rui-costa-critica-gestao-administrativa-de-salvador-entenda\/\" \/>\n<meta property=\"og:site_name\" content=\"Bahia Economica\" \/>\n<meta property=\"article:publisher\" content=\"https:\/\/www.facebook.com\/bahiaeconomica\" \/>\n<meta property=\"article:published_time\" content=\"2026-04-27T12:29:46+00:00\" \/>\n<meta property=\"og:image\" content=\"https:\/\/bahiaeconomica.com.br\/wp\/wp-content\/uploads\/2026\/04\/181638rui-costa-critica-oligarquias-no-nordeste-e-questiona-gestao-administrativa-de-salvador-3.jpg\" \/>\n\t<meta property=\"og:image:width\" content=\"1600\" \/>\n\t<meta property=\"og:image:height\" content=\"752\" \/>\n\t<meta property=\"og:image:type\" content=\"image\/jpeg\" \/>\n<meta name=\"author\" content=\"JP\" \/>\n<meta name=\"twitter:card\" content=\"summary_large_image\" \/>\n<meta name=\"twitter:label1\" content=\"Escrito por\" \/>\n\t<meta name=\"twitter:data1\" content=\"JP\" \/>\n\t<meta name=\"twitter:label2\" content=\"Est. tempo de leitura\" \/>\n\t<meta name=\"twitter:data2\" content=\"2 minutos\" \/>\n<script type=\"application\/ld+json\" class=\"yoast-schema-graph\">{\"@context\":\"https:\/\/schema.org\",\"@graph\":[{\"@type\":\"Article\",\"@id\":\"https:\/\/bahiaeconomica.com.br\/wp\/2026\/04\/27\/rui-costa-critica-gestao-administrativa-de-salvador-entenda\/#article\",\"isPartOf\":{\"@id\":\"https:\/\/bahiaeconomica.com.br\/wp\/2026\/04\/27\/rui-costa-critica-gestao-administrativa-de-salvador-entenda\/\"},\"author\":{\"name\":\"JP\",\"@id\":\"https:\/\/bahiaeconomica.com.br\/wp\/#\/schema\/person\/c86d3a3f8960425a0f9d0e5245991f4e\"},\"headline\":\"RUI COSTA CRITICA GEST\u00c3O ADMINISTRATIVA DE SALVADOR; ENTENDA\",\"datePublished\":\"2026-04-27T12:29:46+00:00\",\"dateModified\":\"2026-04-27T12:29:46+00:00\",\"mainEntityOfPage\":{\"@id\":\"https:\/\/bahiaeconomica.com.br\/wp\/2026\/04\/27\/rui-costa-critica-gestao-administrativa-de-salvador-entenda\/\"},\"wordCount\":325,\"publisher\":{\"@id\":\"https:\/\/bahiaeconomica.com.br\/wp\/#organization\"},\"keywords\":[\"Brasil\",\"costa\",\"rui\"],\"articleSection\":[\"ECONOMIA \/ POL\u00cdTICA\"],\"inLanguage\":\"pt-BR\"},{\"@type\":\"WebPage\",\"@id\":\"https:\/\/bahiaeconomica.com.br\/wp\/2026\/04\/27\/rui-costa-critica-gestao-administrativa-de-salvador-entenda\/\",\"url\":\"https:\/\/bahiaeconomica.com.br\/wp\/2026\/04\/27\/rui-costa-critica-gestao-administrativa-de-salvador-entenda\/\",\"name\":\"RUI COSTA CRITICA GEST\u00c3O ADMINISTRATIVA DE SALVADOR; ENTENDA - Bahia Economica\",\"isPartOf\":{\"@id\":\"https:\/\/bahiaeconomica.com.br\/wp\/#website\"},\"datePublished\":\"2026-04-27T12:29:46+00:00\",\"dateModified\":\"2026-04-27T12:29:46+00:00\",\"description\":\"O maior portal de Economia da Bahia ECONOMIA \/ POL\u00cdTICA Bahia Economica\",\"breadcrumb\":{\"@id\":\"https:\/\/bahiaeconomica.com.br\/wp\/2026\/04\/27\/rui-costa-critica-gestao-administrativa-de-salvador-entenda\/#breadcrumb\"},\"inLanguage\":\"pt-BR\",\"potentialAction\":[{\"@type\":\"ReadAction\",\"target\":[\"https:\/\/bahiaeconomica.com.br\/wp\/2026\/04\/27\/rui-costa-critica-gestao-administrativa-de-salvador-entenda\/\"]}]},{\"@type\":\"BreadcrumbList\",\"@id\":\"https:\/\/bahiaeconomica.com.br\/wp\/2026\/04\/27\/rui-costa-critica-gestao-administrativa-de-salvador-entenda\/#breadcrumb\",\"itemListElement\":[{\"@type\":\"ListItem\",\"position\":1,\"name\":\"In\u00edcio\",\"item\":\"https:\/\/bahiaeconomica.com.br\/wp\/\"},{\"@type\":\"ListItem\",\"position\":2,\"name\":\"RUI COSTA CRITICA GEST\u00c3O ADMINISTRATIVA DE SALVADOR; ENTENDA\"}]},{\"@type\":\"WebSite\",\"@id\":\"https:\/\/bahiaeconomica.com.br\/wp\/#website\",\"url\":\"https:\/\/bahiaeconomica.com.br\/wp\/\",\"name\":\"Bahia Economica\",\"description\":\"O maior portal de Economia da Bahia\",\"publisher\":{\"@id\":\"https:\/\/bahiaeconomica.com.br\/wp\/#organization\"},\"potentialAction\":[{\"@type\":\"SearchAction\",\"target\":{\"@type\":\"EntryPoint\",\"urlTemplate\":\"https:\/\/bahiaeconomica.com.br\/wp\/?s={search_term_string}\"},\"query-input\":\"required name=search_term_string\"}],\"inLanguage\":\"pt-BR\"},{\"@type\":\"Organization\",\"@id\":\"https:\/\/bahiaeconomica.com.br\/wp\/#organization\",\"name\":\"Bahia Econ\u00f4mica\",\"url\":\"https:\/\/bahiaeconomica.com.br\/wp\/\",\"logo\":{\"@type\":\"ImageObject\",\"inLanguage\":\"pt-BR\",\"@id\":\"https:\/\/bahiaeconomica.com.br\/wp\/#\/schema\/logo\/image\/\",\"url\":\"https:\/\/bahiaeconomica.com.br\/wp\/wp-content\/uploads\/2020\/12\/cropped-BE.png\",\"contentUrl\":\"https:\/\/bahiaeconomica.com.br\/wp\/wp-content\/uploads\/2020\/12\/cropped-BE.png\",\"width\":512,\"height\":512,\"caption\":\"Bahia Econ\u00f4mica\"},\"image\":{\"@id\":\"https:\/\/bahiaeconomica.com.br\/wp\/#\/schema\/logo\/image\/\"},\"sameAs\":[\"https:\/\/www.facebook.com\/bahiaeconomica\"]},{\"@type\":\"Person\",\"@id\":\"https:\/\/bahiaeconomica.com.br\/wp\/#\/schema\/person\/c86d3a3f8960425a0f9d0e5245991f4e\",\"name\":\"JP\",\"sameAs\":[\"https:\/\/bahiaeconomica.com.br\/wp\/beta\/\"],\"url\":\"https:\/\/bahiaeconomica.com.br\/wp\/author\/jp\/\"}]}<\/script>\n<!-- \/ Yoast SEO plugin. -->","yoast_head_json":{"title":"RUI COSTA CRITICA GEST\u00c3O ADMINISTRATIVA DE SALVADOR; ENTENDA - Bahia Economica","description":"O maior portal de Economia da Bahia ECONOMIA \/ POL\u00cdTICA Bahia Economica","robots":{"index":"index","follow":"follow","max-snippet":"max-snippet:-1","max-image-preview":"max-image-preview:large","max-video-preview":"max-video-preview:-1"},"canonical":"https:\/\/bahiaeconomica.com.br\/wp\/2026\/04\/27\/rui-costa-critica-gestao-administrativa-de-salvador-entenda\/","og_locale":"pt_BR","og_type":"article","og_title":"RUI COSTA CRITICA GEST\u00c3O ADMINISTRATIVA DE SALVADOR; ENTENDA - Bahia Economica","og_description":"O maior portal de Economia da Bahia ECONOMIA \/ POL\u00cdTICA Bahia Economica","og_url":"https:\/\/bahiaeconomica.com.br\/wp\/2026\/04\/27\/rui-costa-critica-gestao-administrativa-de-salvador-entenda\/","og_site_name":"Bahia Economica","article_publisher":"https:\/\/www.facebook.com\/bahiaeconomica","article_published_time":"2026-04-27T12:29:46+00:00","og_image":[{"width":1600,"height":752,"url":"https:\/\/bahiaeconomica.com.br\/wp\/wp-content\/uploads\/2026\/04\/181638rui-costa-critica-oligarquias-no-nordeste-e-questiona-gestao-administrativa-de-salvador-3.jpg","type":"image\/jpeg"}],"author":"JP","twitter_card":"summary_large_image","twitter_misc":{"Escrito por":"JP","Est. tempo de leitura":"2 minutos"},"schema":{"@context":"https:\/\/schema.org","@graph":[{"@type":"Article","@id":"https:\/\/bahiaeconomica.com.br\/wp\/2026\/04\/27\/rui-costa-critica-gestao-administrativa-de-salvador-entenda\/#article","isPartOf":{"@id":"https:\/\/bahiaeconomica.com.br\/wp\/2026\/04\/27\/rui-costa-critica-gestao-administrativa-de-salvador-entenda\/"},"author":{"name":"JP","@id":"https:\/\/bahiaeconomica.com.br\/wp\/#\/schema\/person\/c86d3a3f8960425a0f9d0e5245991f4e"},"headline":"RUI COSTA CRITICA GEST\u00c3O ADMINISTRATIVA DE SALVADOR; ENTENDA","datePublished":"2026-04-27T12:29:46+00:00","dateModified":"2026-04-27T12:29:46+00:00","mainEntityOfPage":{"@id":"https:\/\/bahiaeconomica.com.br\/wp\/2026\/04\/27\/rui-costa-critica-gestao-administrativa-de-salvador-entenda\/"},"wordCount":325,"publisher":{"@id":"https:\/\/bahiaeconomica.com.br\/wp\/#organization"},"keywords":["Brasil","costa","rui"],"articleSection":["ECONOMIA \/ POL\u00cdTICA"],"inLanguage":"pt-BR"},{"@type":"WebPage","@id":"https:\/\/bahiaeconomica.com.br\/wp\/2026\/04\/27\/rui-costa-critica-gestao-administrativa-de-salvador-entenda\/","url":"https:\/\/bahiaeconomica.com.br\/wp\/2026\/04\/27\/rui-costa-critica-gestao-administrativa-de-salvador-entenda\/","name":"RUI COSTA CRITICA GEST\u00c3O ADMINISTRATIVA DE SALVADOR; ENTENDA - Bahia Economica","isPartOf":{"@id":"https:\/\/bahiaeconomica.com.br\/wp\/#website"},"datePublished":"2026-04-27T12:29:46+00:00","dateModified":"2026-04-27T12:29:46+00:00","description":"O maior portal de Economia da Bahia ECONOMIA \/ POL\u00cdTICA Bahia Economica","breadcrumb":{"@id":"https:\/\/bahiaeconomica.com.br\/wp\/2026\/04\/27\/rui-costa-critica-gestao-administrativa-de-salvador-entenda\/#breadcrumb"},"inLanguage":"pt-BR","potentialAction":[{"@type":"ReadAction","target":["https:\/\/bahiaeconomica.com.br\/wp\/2026\/04\/27\/rui-costa-critica-gestao-administrativa-de-salvador-entenda\/"]}]},{"@type":"BreadcrumbList","@id":"https:\/\/bahiaeconomica.com.br\/wp\/2026\/04\/27\/rui-costa-critica-gestao-administrativa-de-salvador-entenda\/#breadcrumb","itemListElement":[{"@type":"ListItem","position":1,"name":"In\u00edcio","item":"https:\/\/bahiaeconomica.com.br\/wp\/"},{"@type":"ListItem","position":2,"name":"RUI COSTA CRITICA GEST\u00c3O ADMINISTRATIVA DE SALVADOR; ENTENDA"}]},{"@type":"WebSite","@id":"https:\/\/bahiaeconomica.com.br\/wp\/#website","url":"https:\/\/bahiaeconomica.com.br\/wp\/","name":"Bahia Economica","description":"O maior portal de Economia da Bahia","publisher":{"@id":"https:\/\/bahiaeconomica.com.br\/wp\/#organization"},"potentialAction":[{"@type":"SearchAction","target":{"@type":"EntryPoint","urlTemplate":"https:\/\/bahiaeconomica.com.br\/wp\/?s={search_term_string}"},"query-input":"required name=search_term_string"}],"inLanguage":"pt-BR"},{"@type":"Organization","@id":"https:\/\/bahiaeconomica.com.br\/wp\/#organization","name":"Bahia Econ\u00f4mica","url":"https:\/\/bahiaeconomica.com.br\/wp\/","logo":{"@type":"ImageObject","inLanguage":"pt-BR","@id":"https:\/\/bahiaeconomica.com.br\/wp\/#\/schema\/logo\/image\/","url":"https:\/\/bahiaeconomica.com.br\/wp\/wp-content\/uploads\/2020\/12\/cropped-BE.png","contentUrl":"https:\/\/bahiaeconomica.com.br\/wp\/wp-content\/uploads\/2020\/12\/cropped-BE.png","width":512,"height":512,"caption":"Bahia Econ\u00f4mica"},"image":{"@id":"https:\/\/bahiaeconomica.com.br\/wp\/#\/schema\/logo\/image\/"},"sameAs":["https:\/\/www.facebook.com\/bahiaeconomica"]},{"@type":"Person","@id":"https:\/\/bahiaeconomica.com.br\/wp\/#\/schema\/person\/c86d3a3f8960425a0f9d0e5245991f4e","name":"JP","sameAs":["https:\/\/bahiaeconomica.com.br\/wp\/beta\/"],"url":"https:\/\/bahiaeconomica.com.br\/wp\/author\/jp\/"}]}},"views":16,"_links":{"self":[{"href":"https:\/\/bahiaeconomica.com.br\/wp\/wp-json\/wp\/v2\/posts\/991135"}],"collection":[{"href":"https:\/\/bahiaeconomica.com.br\/wp\/wp-json\/wp\/v2\/posts"}],"about":[{"href":"https:\/\/bahiaeconomica.com.br\/wp\/wp-json\/wp\/v2\/types\/post"}],"author":[{"embeddable":true,"href":"https:\/\/bahiaeconomica.com.br\/wp\/wp-json\/wp\/v2\/users\/8"}],"replies":[{"embeddable":true,"href":"https:\/\/bahiaeconomica.com.br\/wp\/wp-json\/wp\/v2\/comments?post=991135"}],"version-history":[{"count":1,"href":"https:\/\/bahiaeconomica.com.br\/wp\/wp-json\/wp\/v2\/posts\/991135\/revisions"}],"predecessor-version":[{"id":991137,"href":"https:\/\/bahiaeconomica.com.br\/wp\/wp-json\/wp\/v2\/posts\/991135\/revisions\/991137"}],"wp:featuredmedia":[{"embeddable":true,"href":"https:\/\/bahiaeconomica.com.br\/wp\/wp-json\/wp\/v2\/media\/991136"}],"wp:attachment":[{"href":"https:\/\/bahiaeconomica.com.br\/wp\/wp-json\/wp\/v2\/media?parent=991135"}],"wp:term":[{"taxonomy":"category","embeddable":true,"href":"https:\/\/bahiaeconomica.com.br\/wp\/wp-json\/wp\/v2\/categories?post=991135"},{"taxonomy":"post_tag","embeddable":true,"href":"https:\/\/bahiaeconomica.com.br\/wp\/wp-json\/wp\/v2\/tags?post=991135"}],"curies":[{"name":"wp","href":"https:\/\/api.w.org\/{rel}","templated":true}]}}