{"id":991068,"date":"2026-04-27T07:20:39","date_gmt":"2026-04-27T10:20:39","guid":{"rendered":"https:\/\/bahiaeconomica.com.br\/wp\/?p=991068"},"modified":"2026-04-27T07:06:06","modified_gmt":"2026-04-27T10:06:06","slug":"smed-anuncia-que-retoma-pe-na-escola-nesta-segunda-27-apos-conclusao-de-ajustes-operacionais","status":"publish","type":"post","link":"https:\/\/bahiaeconomica.com.br\/wp\/2026\/04\/27\/smed-anuncia-que-retoma-pe-na-escola-nesta-segunda-27-apos-conclusao-de-ajustes-operacionais\/","title":{"rendered":"SMED ANUNCIA QUE RETOMA P\u00c9 NA ESCOLA NESTA SEGUNDA (27) AP\u00d3S CONCLUS\u00c3O DE AJUSTES OPERACIONAIS"},"content":{"rendered":"<p>A Secretaria Municipal da Educa\u00e7\u00e3o de Salvador (SMED) informa que o projeto \u201cP\u00e9 na Escola\u201d ser\u00e1 restabelecido a partir das 14h desta segunda-feira (27), ap\u00f3s a conclus\u00e3o de ajustes operacionais e aprimoramento dos fluxos administrativos do programa. Segundo a pasta, desde o \u00faltimo dia 19 de abril foram identificadas movimenta\u00e7\u00f5es at\u00edpicas no sistema, o que levou \u00e0 suspens\u00e3o tempor\u00e1ria das contempla\u00e7\u00f5es de vagas e matr\u00edculas para an\u00e1lise e corre\u00e7\u00e3o de inconsist\u00eancias.<\/p>\n<p>De acordo com a Smed, as medidas adotadas tiveram como objetivo garantir a regularidade dos procedimentos e a integridade das informa\u00e7\u00f5es. O secret\u00e1rio municipal da Educa\u00e7\u00e3o, Thiago Dantas, destacou que o trabalho realizado permitiu restabelecer a normalidade do programa.<\/p>\n<p>\u201cAs a\u00e7\u00f5es realizadas permitiram sanar ocorr\u00eancias e fortalecer os mecanismos de controle e valida\u00e7\u00e3o das matr\u00edculas, restabelecendo as condi\u00e7\u00f5es adequadas para a continuidade da operacionaliza\u00e7\u00e3o do projeto e a plena capacidade de oferta de vagas na Rede Municipal\u201d, afirmou.<\/p>\n<p>O projeto P\u00e9 na Escola funciona como estrat\u00e9gia complementar para ampliar o acesso \u00e0 Educa\u00e7\u00e3o Infantil, contemplando vagas em creche e pr\u00e9-escola quando n\u00e3o houver disponibilidade na rede municipal, como estrat\u00e9gia complementar ao cumprimento das metas educacionais.<\/p>\n<p>A Smed refor\u00e7ou que continuam valendo as diretrizes que priorizam a matr\u00edcula na rede municipal. Havendo vaga dispon\u00edvel em unidade localizada em at\u00e9 1,2 quil\u00f4metro do endere\u00e7o informado pela fam\u00edlia, a matr\u00edcula dever\u00e1 ser feita em escola municipal. Somente na aus\u00eancia de vagas dentro desse crit\u00e9rio ser\u00e1 poss\u00edvel o encaminhamento para institui\u00e7\u00f5es privadas parceiras vinculadas ao projeto.<\/p>\n<p>Ainda conforme a secretaria, a recusa de vaga ofertada na rede municipal dentro das regras estabelecidas impede o encaminhamento ao programa, medida que, segundo a pasta, visa assegurar o uso adequado das vagas p\u00fablicas. Pais e respons\u00e1veis devem acompanhar os canais oficiais da Prefeitura e procurar as unidades escolares municipais para esclarecimentos, atualiza\u00e7\u00e3o cadastral e realiza\u00e7\u00e3o de novo encaminhamento, j\u00e1 que as contempla\u00e7\u00f5es e matr\u00edculas anteriores foram anuladas. Para o secret\u00e1rio Thiago Dantas, a retomada do programa representa \u201ca continuidade de uma pol\u00edtica p\u00fablica baseada na prioridade \u00e0 escola p\u00fablica, na responsabilidade na gest\u00e3o e no compromisso com o direito \u00e0 educa\u00e7\u00e3o das crian\u00e7as de Salvador\u201d.<\/p>\n<p>Cr\u00e9dito: Valter Pontes\/Secom PMS<\/p>\n","protected":false},"excerpt":{"rendered":"<p>A Secretaria Municipal da Educa\u00e7\u00e3o de Salvador (SMED) informa que o projeto \u201cP\u00e9 na Escola\u201d ser\u00e1 restabelecido a partir das 14h desta segunda-feira (27), ap\u00f3s a conclus\u00e3o de ajustes operacionais e aprimoramento dos fluxos administrativos do programa. Segundo a pasta, desde o \u00faltimo dia 19 de abril foram identificadas movimenta\u00e7\u00f5es at\u00edpicas no sistema, o que [&hellip;]<\/p>\n","protected":false},"author":8,"featured_media":991069,"comment_status":"closed","ping_status":"closed","sticky":false,"template":"","format":"standard","meta":[],"categories":[3,21],"tags":[52,1467,2800,25947],"acf":[],"yoast_head":"<!-- This site is optimized with the Yoast SEO plugin v20.8 - https:\/\/yoast.com\/wordpress\/plugins\/seo\/ -->\n<title>SMED ANUNCIA QUE RETOMA P\u00c9 NA ESCOLA NESTA SEGUNDA (27) AP\u00d3S CONCLUS\u00c3O DE AJUSTES OPERACIONAIS - Bahia Economica<\/title>\n<meta name=\"description\" content=\"O maior portal de Economia da Bahia ECONOMIA \/ POL\u00cdTICA, Sa\u00fade \/ Educa\u00e7\u00e3o Bahia Economica A Secretaria Municipal da Educa\u00e7\u00e3o de Salvador (SMED)\" \/>\n<meta name=\"robots\" content=\"index, follow, max-snippet:-1, max-image-preview:large, max-video-preview:-1\" \/>\n<link rel=\"canonical\" href=\"https:\/\/bahiaeconomica.com.br\/wp\/2026\/04\/27\/smed-anuncia-que-retoma-pe-na-escola-nesta-segunda-27-apos-conclusao-de-ajustes-operacionais\/\" \/>\n<meta property=\"og:locale\" content=\"pt_BR\" \/>\n<meta property=\"og:type\" content=\"article\" \/>\n<meta property=\"og:title\" content=\"SMED ANUNCIA QUE RETOMA P\u00c9 NA ESCOLA NESTA SEGUNDA (27) AP\u00d3S CONCLUS\u00c3O DE AJUSTES OPERACIONAIS - Bahia Economica\" \/>\n<meta property=\"og:description\" content=\"O maior portal de Economia da Bahia ECONOMIA \/ POL\u00cdTICA, Sa\u00fade \/ Educa\u00e7\u00e3o Bahia Economica A Secretaria Municipal da Educa\u00e7\u00e3o de Salvador (SMED)\" \/>\n<meta property=\"og:url\" content=\"https:\/\/bahiaeconomica.com.br\/wp\/2026\/04\/27\/smed-anuncia-que-retoma-pe-na-escola-nesta-segunda-27-apos-conclusao-de-ajustes-operacionais\/\" \/>\n<meta property=\"og:site_name\" content=\"Bahia Economica\" \/>\n<meta property=\"article:publisher\" content=\"https:\/\/www.facebook.com\/bahiaeconomica\" \/>\n<meta property=\"article:published_time\" content=\"2026-04-27T10:20:39+00:00\" \/>\n<meta property=\"article:modified_time\" content=\"2026-04-27T10:06:06+00:00\" \/>\n<meta property=\"og:image\" content=\"https:\/\/bahiaeconomica.com.br\/wp\/wp-content\/uploads\/2026\/04\/smed-reabre-cadastramento-para-novos-alunos-da-educacao-infantil-em-salvador-2577656-article.webp\" \/>\n\t<meta property=\"og:image:width\" content=\"1200\" \/>\n\t<meta property=\"og:image:height\" content=\"801\" \/>\n\t<meta property=\"og:image:type\" content=\"image\/webp\" \/>\n<meta name=\"author\" content=\"JP\" \/>\n<meta name=\"twitter:card\" content=\"summary_large_image\" \/>\n<meta name=\"twitter:label1\" content=\"Escrito por\" \/>\n\t<meta name=\"twitter:data1\" content=\"JP\" \/>\n\t<meta name=\"twitter:label2\" content=\"Est. tempo de leitura\" \/>\n\t<meta name=\"twitter:data2\" content=\"2 minutos\" \/>\n<script type=\"application\/ld+json\" class=\"yoast-schema-graph\">{\"@context\":\"https:\/\/schema.org\",\"@graph\":[{\"@type\":\"Article\",\"@id\":\"https:\/\/bahiaeconomica.com.br\/wp\/2026\/04\/27\/smed-anuncia-que-retoma-pe-na-escola-nesta-segunda-27-apos-conclusao-de-ajustes-operacionais\/#article\",\"isPartOf\":{\"@id\":\"https:\/\/bahiaeconomica.com.br\/wp\/2026\/04\/27\/smed-anuncia-que-retoma-pe-na-escola-nesta-segunda-27-apos-conclusao-de-ajustes-operacionais\/\"},\"author\":{\"name\":\"JP\",\"@id\":\"https:\/\/bahiaeconomica.com.br\/wp\/#\/schema\/person\/c86d3a3f8960425a0f9d0e5245991f4e\"},\"headline\":\"SMED ANUNCIA QUE RETOMA P\u00c9 NA ESCOLA NESTA SEGUNDA (27) AP\u00d3S CONCLUS\u00c3O DE AJUSTES OPERACIONAIS\",\"datePublished\":\"2026-04-27T10:20:39+00:00\",\"dateModified\":\"2026-04-27T10:06:06+00:00\",\"mainEntityOfPage\":{\"@id\":\"https:\/\/bahiaeconomica.com.br\/wp\/2026\/04\/27\/smed-anuncia-que-retoma-pe-na-escola-nesta-segunda-27-apos-conclusao-de-ajustes-operacionais\/\"},\"wordCount\":414,\"publisher\":{\"@id\":\"https:\/\/bahiaeconomica.com.br\/wp\/#organization\"},\"keywords\":[\"Brasil\",\"escola\",\"meia\",\"PE\"],\"articleSection\":[\"ECONOMIA \/ POL\u00cdTICA\",\"Sa\u00fade \/ Educa\u00e7\u00e3o\"],\"inLanguage\":\"pt-BR\"},{\"@type\":\"WebPage\",\"@id\":\"https:\/\/bahiaeconomica.com.br\/wp\/2026\/04\/27\/smed-anuncia-que-retoma-pe-na-escola-nesta-segunda-27-apos-conclusao-de-ajustes-operacionais\/\",\"url\":\"https:\/\/bahiaeconomica.com.br\/wp\/2026\/04\/27\/smed-anuncia-que-retoma-pe-na-escola-nesta-segunda-27-apos-conclusao-de-ajustes-operacionais\/\",\"name\":\"SMED ANUNCIA QUE RETOMA P\u00c9 NA ESCOLA NESTA SEGUNDA (27) AP\u00d3S CONCLUS\u00c3O DE AJUSTES OPERACIONAIS - Bahia Economica\",\"isPartOf\":{\"@id\":\"https:\/\/bahiaeconomica.com.br\/wp\/#website\"},\"datePublished\":\"2026-04-27T10:20:39+00:00\",\"dateModified\":\"2026-04-27T10:06:06+00:00\",\"description\":\"O maior portal de Economia da Bahia ECONOMIA \/ POL\u00cdTICA, Sa\u00fade \/ Educa\u00e7\u00e3o Bahia Economica A Secretaria Municipal da Educa\u00e7\u00e3o de Salvador (SMED)\",\"breadcrumb\":{\"@id\":\"https:\/\/bahiaeconomica.com.br\/wp\/2026\/04\/27\/smed-anuncia-que-retoma-pe-na-escola-nesta-segunda-27-apos-conclusao-de-ajustes-operacionais\/#breadcrumb\"},\"inLanguage\":\"pt-BR\",\"potentialAction\":[{\"@type\":\"ReadAction\",\"target\":[\"https:\/\/bahiaeconomica.com.br\/wp\/2026\/04\/27\/smed-anuncia-que-retoma-pe-na-escola-nesta-segunda-27-apos-conclusao-de-ajustes-operacionais\/\"]}]},{\"@type\":\"BreadcrumbList\",\"@id\":\"https:\/\/bahiaeconomica.com.br\/wp\/2026\/04\/27\/smed-anuncia-que-retoma-pe-na-escola-nesta-segunda-27-apos-conclusao-de-ajustes-operacionais\/#breadcrumb\",\"itemListElement\":[{\"@type\":\"ListItem\",\"position\":1,\"name\":\"In\u00edcio\",\"item\":\"https:\/\/bahiaeconomica.com.br\/wp\/\"},{\"@type\":\"ListItem\",\"position\":2,\"name\":\"SMED ANUNCIA QUE RETOMA P\u00c9 NA ESCOLA NESTA SEGUNDA (27) AP\u00d3S CONCLUS\u00c3O DE AJUSTES OPERACIONAIS\"}]},{\"@type\":\"WebSite\",\"@id\":\"https:\/\/bahiaeconomica.com.br\/wp\/#website\",\"url\":\"https:\/\/bahiaeconomica.com.br\/wp\/\",\"name\":\"Bahia Economica\",\"description\":\"O maior portal de Economia da Bahia\",\"publisher\":{\"@id\":\"https:\/\/bahiaeconomica.com.br\/wp\/#organization\"},\"potentialAction\":[{\"@type\":\"SearchAction\",\"target\":{\"@type\":\"EntryPoint\",\"urlTemplate\":\"https:\/\/bahiaeconomica.com.br\/wp\/?s={search_term_string}\"},\"query-input\":\"required name=search_term_string\"}],\"inLanguage\":\"pt-BR\"},{\"@type\":\"Organization\",\"@id\":\"https:\/\/bahiaeconomica.com.br\/wp\/#organization\",\"name\":\"Bahia Econ\u00f4mica\",\"url\":\"https:\/\/bahiaeconomica.com.br\/wp\/\",\"logo\":{\"@type\":\"ImageObject\",\"inLanguage\":\"pt-BR\",\"@id\":\"https:\/\/bahiaeconomica.com.br\/wp\/#\/schema\/logo\/image\/\",\"url\":\"https:\/\/bahiaeconomica.com.br\/wp\/wp-content\/uploads\/2020\/12\/cropped-BE.png\",\"contentUrl\":\"https:\/\/bahiaeconomica.com.br\/wp\/wp-content\/uploads\/2020\/12\/cropped-BE.png\",\"width\":512,\"height\":512,\"caption\":\"Bahia Econ\u00f4mica\"},\"image\":{\"@id\":\"https:\/\/bahiaeconomica.com.br\/wp\/#\/schema\/logo\/image\/\"},\"sameAs\":[\"https:\/\/www.facebook.com\/bahiaeconomica\"]},{\"@type\":\"Person\",\"@id\":\"https:\/\/bahiaeconomica.com.br\/wp\/#\/schema\/person\/c86d3a3f8960425a0f9d0e5245991f4e\",\"name\":\"JP\",\"sameAs\":[\"https:\/\/bahiaeconomica.com.br\/wp\/beta\/\"],\"url\":\"https:\/\/bahiaeconomica.com.br\/wp\/author\/jp\/\"}]}<\/script>\n<!-- \/ Yoast SEO plugin. -->","yoast_head_json":{"title":"SMED ANUNCIA QUE RETOMA P\u00c9 NA ESCOLA NESTA SEGUNDA (27) AP\u00d3S CONCLUS\u00c3O DE AJUSTES OPERACIONAIS - Bahia Economica","description":"O maior portal de Economia da Bahia ECONOMIA \/ POL\u00cdTICA, Sa\u00fade \/ Educa\u00e7\u00e3o Bahia Economica A Secretaria Municipal da Educa\u00e7\u00e3o de Salvador (SMED)","robots":{"index":"index","follow":"follow","max-snippet":"max-snippet:-1","max-image-preview":"max-image-preview:large","max-video-preview":"max-video-preview:-1"},"canonical":"https:\/\/bahiaeconomica.com.br\/wp\/2026\/04\/27\/smed-anuncia-que-retoma-pe-na-escola-nesta-segunda-27-apos-conclusao-de-ajustes-operacionais\/","og_locale":"pt_BR","og_type":"article","og_title":"SMED ANUNCIA QUE RETOMA P\u00c9 NA ESCOLA NESTA SEGUNDA (27) AP\u00d3S CONCLUS\u00c3O DE AJUSTES OPERACIONAIS - Bahia Economica","og_description":"O maior portal de Economia da Bahia ECONOMIA \/ POL\u00cdTICA, Sa\u00fade \/ Educa\u00e7\u00e3o Bahia Economica A Secretaria Municipal da Educa\u00e7\u00e3o de Salvador (SMED)","og_url":"https:\/\/bahiaeconomica.com.br\/wp\/2026\/04\/27\/smed-anuncia-que-retoma-pe-na-escola-nesta-segunda-27-apos-conclusao-de-ajustes-operacionais\/","og_site_name":"Bahia Economica","article_publisher":"https:\/\/www.facebook.com\/bahiaeconomica","article_published_time":"2026-04-27T10:20:39+00:00","article_modified_time":"2026-04-27T10:06:06+00:00","og_image":[{"width":1200,"height":801,"url":"https:\/\/bahiaeconomica.com.br\/wp\/wp-content\/uploads\/2026\/04\/smed-reabre-cadastramento-para-novos-alunos-da-educacao-infantil-em-salvador-2577656-article.webp","type":"image\/webp"}],"author":"JP","twitter_card":"summary_large_image","twitter_misc":{"Escrito por":"JP","Est. tempo de leitura":"2 minutos"},"schema":{"@context":"https:\/\/schema.org","@graph":[{"@type":"Article","@id":"https:\/\/bahiaeconomica.com.br\/wp\/2026\/04\/27\/smed-anuncia-que-retoma-pe-na-escola-nesta-segunda-27-apos-conclusao-de-ajustes-operacionais\/#article","isPartOf":{"@id":"https:\/\/bahiaeconomica.com.br\/wp\/2026\/04\/27\/smed-anuncia-que-retoma-pe-na-escola-nesta-segunda-27-apos-conclusao-de-ajustes-operacionais\/"},"author":{"name":"JP","@id":"https:\/\/bahiaeconomica.com.br\/wp\/#\/schema\/person\/c86d3a3f8960425a0f9d0e5245991f4e"},"headline":"SMED ANUNCIA QUE RETOMA P\u00c9 NA ESCOLA NESTA SEGUNDA (27) AP\u00d3S CONCLUS\u00c3O DE AJUSTES OPERACIONAIS","datePublished":"2026-04-27T10:20:39+00:00","dateModified":"2026-04-27T10:06:06+00:00","mainEntityOfPage":{"@id":"https:\/\/bahiaeconomica.com.br\/wp\/2026\/04\/27\/smed-anuncia-que-retoma-pe-na-escola-nesta-segunda-27-apos-conclusao-de-ajustes-operacionais\/"},"wordCount":414,"publisher":{"@id":"https:\/\/bahiaeconomica.com.br\/wp\/#organization"},"keywords":["Brasil","escola","meia","PE"],"articleSection":["ECONOMIA \/ POL\u00cdTICA","Sa\u00fade \/ Educa\u00e7\u00e3o"],"inLanguage":"pt-BR"},{"@type":"WebPage","@id":"https:\/\/bahiaeconomica.com.br\/wp\/2026\/04\/27\/smed-anuncia-que-retoma-pe-na-escola-nesta-segunda-27-apos-conclusao-de-ajustes-operacionais\/","url":"https:\/\/bahiaeconomica.com.br\/wp\/2026\/04\/27\/smed-anuncia-que-retoma-pe-na-escola-nesta-segunda-27-apos-conclusao-de-ajustes-operacionais\/","name":"SMED ANUNCIA QUE RETOMA P\u00c9 NA ESCOLA NESTA SEGUNDA (27) AP\u00d3S CONCLUS\u00c3O DE AJUSTES OPERACIONAIS - Bahia Economica","isPartOf":{"@id":"https:\/\/bahiaeconomica.com.br\/wp\/#website"},"datePublished":"2026-04-27T10:20:39+00:00","dateModified":"2026-04-27T10:06:06+00:00","description":"O maior portal de Economia da Bahia ECONOMIA \/ POL\u00cdTICA, Sa\u00fade \/ Educa\u00e7\u00e3o Bahia Economica A Secretaria Municipal da Educa\u00e7\u00e3o de Salvador (SMED)","breadcrumb":{"@id":"https:\/\/bahiaeconomica.com.br\/wp\/2026\/04\/27\/smed-anuncia-que-retoma-pe-na-escola-nesta-segunda-27-apos-conclusao-de-ajustes-operacionais\/#breadcrumb"},"inLanguage":"pt-BR","potentialAction":[{"@type":"ReadAction","target":["https:\/\/bahiaeconomica.com.br\/wp\/2026\/04\/27\/smed-anuncia-que-retoma-pe-na-escola-nesta-segunda-27-apos-conclusao-de-ajustes-operacionais\/"]}]},{"@type":"BreadcrumbList","@id":"https:\/\/bahiaeconomica.com.br\/wp\/2026\/04\/27\/smed-anuncia-que-retoma-pe-na-escola-nesta-segunda-27-apos-conclusao-de-ajustes-operacionais\/#breadcrumb","itemListElement":[{"@type":"ListItem","position":1,"name":"In\u00edcio","item":"https:\/\/bahiaeconomica.com.br\/wp\/"},{"@type":"ListItem","position":2,"name":"SMED ANUNCIA QUE RETOMA P\u00c9 NA ESCOLA NESTA SEGUNDA (27) AP\u00d3S CONCLUS\u00c3O DE AJUSTES OPERACIONAIS"}]},{"@type":"WebSite","@id":"https:\/\/bahiaeconomica.com.br\/wp\/#website","url":"https:\/\/bahiaeconomica.com.br\/wp\/","name":"Bahia Economica","description":"O maior portal de Economia da Bahia","publisher":{"@id":"https:\/\/bahiaeconomica.com.br\/wp\/#organization"},"potentialAction":[{"@type":"SearchAction","target":{"@type":"EntryPoint","urlTemplate":"https:\/\/bahiaeconomica.com.br\/wp\/?s={search_term_string}"},"query-input":"required name=search_term_string"}],"inLanguage":"pt-BR"},{"@type":"Organization","@id":"https:\/\/bahiaeconomica.com.br\/wp\/#organization","name":"Bahia Econ\u00f4mica","url":"https:\/\/bahiaeconomica.com.br\/wp\/","logo":{"@type":"ImageObject","inLanguage":"pt-BR","@id":"https:\/\/bahiaeconomica.com.br\/wp\/#\/schema\/logo\/image\/","url":"https:\/\/bahiaeconomica.com.br\/wp\/wp-content\/uploads\/2020\/12\/cropped-BE.png","contentUrl":"https:\/\/bahiaeconomica.com.br\/wp\/wp-content\/uploads\/2020\/12\/cropped-BE.png","width":512,"height":512,"caption":"Bahia Econ\u00f4mica"},"image":{"@id":"https:\/\/bahiaeconomica.com.br\/wp\/#\/schema\/logo\/image\/"},"sameAs":["https:\/\/www.facebook.com\/bahiaeconomica"]},{"@type":"Person","@id":"https:\/\/bahiaeconomica.com.br\/wp\/#\/schema\/person\/c86d3a3f8960425a0f9d0e5245991f4e","name":"JP","sameAs":["https:\/\/bahiaeconomica.com.br\/wp\/beta\/"],"url":"https:\/\/bahiaeconomica.com.br\/wp\/author\/jp\/"}]}},"views":10,"_links":{"self":[{"href":"https:\/\/bahiaeconomica.com.br\/wp\/wp-json\/wp\/v2\/posts\/991068"}],"collection":[{"href":"https:\/\/bahiaeconomica.com.br\/wp\/wp-json\/wp\/v2\/posts"}],"about":[{"href":"https:\/\/bahiaeconomica.com.br\/wp\/wp-json\/wp\/v2\/types\/post"}],"author":[{"embeddable":true,"href":"https:\/\/bahiaeconomica.com.br\/wp\/wp-json\/wp\/v2\/users\/8"}],"replies":[{"embeddable":true,"href":"https:\/\/bahiaeconomica.com.br\/wp\/wp-json\/wp\/v2\/comments?post=991068"}],"version-history":[{"count":1,"href":"https:\/\/bahiaeconomica.com.br\/wp\/wp-json\/wp\/v2\/posts\/991068\/revisions"}],"predecessor-version":[{"id":991070,"href":"https:\/\/bahiaeconomica.com.br\/wp\/wp-json\/wp\/v2\/posts\/991068\/revisions\/991070"}],"wp:featuredmedia":[{"embeddable":true,"href":"https:\/\/bahiaeconomica.com.br\/wp\/wp-json\/wp\/v2\/media\/991069"}],"wp:attachment":[{"href":"https:\/\/bahiaeconomica.com.br\/wp\/wp-json\/wp\/v2\/media?parent=991068"}],"wp:term":[{"taxonomy":"category","embeddable":true,"href":"https:\/\/bahiaeconomica.com.br\/wp\/wp-json\/wp\/v2\/categories?post=991068"},{"taxonomy":"post_tag","embeddable":true,"href":"https:\/\/bahiaeconomica.com.br\/wp\/wp-json\/wp\/v2\/tags?post=991068"}],"curies":[{"name":"wp","href":"https:\/\/api.w.org\/{rel}","templated":true}]}}