{"id":991033,"date":"2026-04-26T09:33:29","date_gmt":"2026-04-26T12:33:29","guid":{"rendered":"https:\/\/bahiaeconomica.com.br\/wp\/?p=991033"},"modified":"2026-04-26T09:33:29","modified_gmt":"2026-04-26T12:33:29","slug":"vereadora-critica-conducao-do-pe-na-escola-e-anulacao-de-matriculas","status":"publish","type":"post","link":"https:\/\/bahiaeconomica.com.br\/wp\/2026\/04\/26\/vereadora-critica-conducao-do-pe-na-escola-e-anulacao-de-matriculas\/","title":{"rendered":"VEREADORA CRITICA CONDU\u00c7\u00c3O DO P\u00c9 NA ESCOLA E ANULA\u00c7\u00c3O DE MATR\u00cdCULAS:"},"content":{"rendered":"<p>A vereadora Marta Rodrigues afirmou neste s\u00e1bado (25) que a decis\u00e3o da Prefeitura de Salvador de anular contempla\u00e7\u00f5es e matr\u00edculas do Programa P\u00e9 na Escola, em meio a investiga\u00e7\u00f5es do Minist\u00e9rio P\u00fablico Federal (MPF) e questionamentos sobre a iniciativa, aprofunda a obscuridade em torno do projeto e abandona milhares de fam\u00edlias em pleno ano letivo.<\/p>\n<p>Para Marta, o caso re\u00fane graves problemas, mas o mais cruel \u00e9 o impacto direto sobre pais, m\u00e3es e crian\u00e7as. \u201cEm pleno andamento do ano letivo, a prefeitura abandona milhares de fam\u00edlias que n\u00e3o saber\u00e3o como manter os filhos nas escolas credenciadas. O programa j\u00e1 havia sido advertido por falhas, falta de transpar\u00eancia e risco ao er\u00e1rio, e agora chega a esse cen\u00e1rio abrupto e nebuloso\u201d, disse.<\/p>\n<p>Publicada no Di\u00e1rio Oficial do Munic\u00edpio, a medida prev\u00ea auditoria administrativa e futura reabertura do programa, sem informar quantas fam\u00edlias foram atingidas nem data concreta para retomada.<\/p>\n<p>\u201cChama aten\u00e7\u00e3o a anula\u00e7\u00e3o das matr\u00edculas ocorrer em meio a investiga\u00e7\u00f5es. O MPF apura suposto emprego irregular de verbas p\u00fablicas e poss\u00edvel transfer\u00eancia excessiva de recursos para institui\u00e7\u00f5es privadas. J\u00e1 o MP-BA recomendou revis\u00e3o imediata dos crit\u00e9rios do programa e manuten\u00e7\u00e3o de seu car\u00e1ter apenas complementar\u201d, destacou.<\/p>\n<p>Marta acrescentou que levantamento do mandato, com base em dados do Portal da Transpar\u00eancia e do Censo Escolar, mostra depend\u00eancia crescente da rede privada. Entre 2021 e 2025, as matr\u00edculas da educa\u00e7\u00e3o infantil municipal ca\u00edram de 25.804 para 22.613, queda de 14,1%, enquanto as vagas ligadas ao P\u00e9 na Escola subiram de 17.907 para 27.429, alta de 53%.<\/p>\n<p>Segundo os dados, em 2025 Salvador registrou 8.328 matr\u00edculas em creches e 14.285 em pr\u00e9-escola na rede p\u00fablica. O levantamento aponta ainda 27% dos alunos do 5\u00ba ano com distor\u00e7\u00e3o idade-s\u00e9rie e 3,5% da popula\u00e7\u00e3o com 15 anos ou mais n\u00e3o alfabetizada. Para a vereadora, os n\u00fameros revelam desafios estruturais ainda ignorados.<\/p>\n<p>A parlamentar tamb\u00e9m questionou a execu\u00e7\u00e3o or\u00e7ament\u00e1ria. Em 2025, a previs\u00e3o para creche era de R$ 30 milh\u00f5es, mas os empenhos chegaram a R$ 47,1 milh\u00f5es. Na pr\u00e9-escola, a previs\u00e3o tamb\u00e9m era de R$ 30 milh\u00f5es, com R$ 31,6 milh\u00f5es empenhados.<\/p>\n<p>\u201cA pr\u00f3pria prefeitura admitiu movimenta\u00e7\u00f5es at\u00edpicas no sistema, altera\u00e7\u00f5es nos dados de vagas, acessos fora do expediente e poss\u00edveis distor\u00e7\u00f5es no encaminhamento das crian\u00e7as. Isso exige esclarecimento total \u00e0 cidade\u201d, afirmou.<\/p>\n<p>Marta disse ainda que a gest\u00e3o precisa explicar por que tomou a medida \u00e0s pressas e quem responder\u00e1 pelo preju\u00edzo \u00e0s fam\u00edlias. \u201cQuem paga essa conta s\u00e3o pais e m\u00e3es, em sua maioria mulheres trabalhadoras e chefes de fam\u00edlia, al\u00e9m das crian\u00e7as retiradas das escolas por uma canetada. Isso \u00e9 abandono social\u201d, declarou.<\/p>\n<p>Segundo a vereadora, o programa pode cumprir papel emergencial diante da falta de vagas, mas exige transpar\u00eancia, fiscaliza\u00e7\u00e3o e controle social. \u201cUma gest\u00e3o p\u00fablica n\u00e3o pode transformar programa tempor\u00e1rio, que mercantiliza a educa\u00e7\u00e3o, em solu\u00e7\u00e3o definitiva. As fam\u00edlias n\u00e3o t\u00eam culpa e n\u00e3o podem ser as v\u00edtimas\u201d, afirmou.<\/p>\n","protected":false},"excerpt":{"rendered":"<p>A vereadora Marta Rodrigues afirmou neste s\u00e1bado (25) que a decis\u00e3o da Prefeitura de Salvador de anular contempla\u00e7\u00f5es e matr\u00edculas do Programa P\u00e9 na Escola, em meio a investiga\u00e7\u00f5es do Minist\u00e9rio P\u00fablico Federal (MPF) e questionamentos sobre a iniciativa, aprofunda a obscuridade em torno do projeto e abandona milhares de fam\u00edlias em pleno ano letivo. [&hellip;]<\/p>\n","protected":false},"author":8,"featured_media":991034,"comment_status":"closed","ping_status":"closed","sticky":false,"template":"","format":"standard","meta":[],"categories":[14601],"tags":[4368,836,3486],"acf":[],"yoast_head":"<!-- This site is optimized with the Yoast SEO plugin v20.8 - https:\/\/yoast.com\/wordpress\/plugins\/seo\/ -->\n<title>VEREADORA CRITICA CONDU\u00c7\u00c3O DO P\u00c9 NA ESCOLA E ANULA\u00c7\u00c3O DE MATR\u00cdCULAS: - Bahia Economica<\/title>\n<meta name=\"description\" content=\"O maior portal de Economia da Bahia Pol\u00edtica Bahia Economica A vereadora Marta Rodrigues afirmou neste s\u00e1bado (25) que a decis\u00e3o da Prefeitura\" \/>\n<meta name=\"robots\" content=\"index, follow, max-snippet:-1, max-image-preview:large, max-video-preview:-1\" \/>\n<link rel=\"canonical\" href=\"https:\/\/bahiaeconomica.com.br\/wp\/2026\/04\/26\/vereadora-critica-conducao-do-pe-na-escola-e-anulacao-de-matriculas\/\" \/>\n<meta property=\"og:locale\" content=\"pt_BR\" \/>\n<meta property=\"og:type\" content=\"article\" \/>\n<meta property=\"og:title\" content=\"VEREADORA CRITICA CONDU\u00c7\u00c3O DO P\u00c9 NA ESCOLA E ANULA\u00c7\u00c3O DE MATR\u00cdCULAS: - Bahia Economica\" \/>\n<meta property=\"og:description\" content=\"O maior portal de Economia da Bahia Pol\u00edtica Bahia Economica A vereadora Marta Rodrigues afirmou neste s\u00e1bado (25) que a decis\u00e3o da Prefeitura\" \/>\n<meta property=\"og:url\" content=\"https:\/\/bahiaeconomica.com.br\/wp\/2026\/04\/26\/vereadora-critica-conducao-do-pe-na-escola-e-anulacao-de-matriculas\/\" \/>\n<meta property=\"og:site_name\" content=\"Bahia Economica\" \/>\n<meta property=\"article:publisher\" content=\"https:\/\/www.facebook.com\/bahiaeconomica\" \/>\n<meta property=\"article:published_time\" content=\"2026-04-26T12:33:29+00:00\" \/>\n<meta property=\"og:image\" content=\"https:\/\/bahiaeconomica.com.br\/wp\/wp-content\/uploads\/2026\/04\/WhatsApp-Image-2026-04-26-at-08.30.59.jpeg\" \/>\n\t<meta property=\"og:image:width\" content=\"1204\" \/>\n\t<meta property=\"og:image:height\" content=\"892\" \/>\n\t<meta property=\"og:image:type\" content=\"image\/jpeg\" \/>\n<meta name=\"author\" content=\"JP\" \/>\n<meta name=\"twitter:card\" content=\"summary_large_image\" \/>\n<meta name=\"twitter:label1\" content=\"Escrito por\" \/>\n\t<meta name=\"twitter:data1\" content=\"JP\" \/>\n\t<meta name=\"twitter:label2\" content=\"Est. tempo de leitura\" \/>\n\t<meta name=\"twitter:data2\" content=\"3 minutos\" \/>\n<script type=\"application\/ld+json\" class=\"yoast-schema-graph\">{\"@context\":\"https:\/\/schema.org\",\"@graph\":[{\"@type\":\"Article\",\"@id\":\"https:\/\/bahiaeconomica.com.br\/wp\/2026\/04\/26\/vereadora-critica-conducao-do-pe-na-escola-e-anulacao-de-matriculas\/#article\",\"isPartOf\":{\"@id\":\"https:\/\/bahiaeconomica.com.br\/wp\/2026\/04\/26\/vereadora-critica-conducao-do-pe-na-escola-e-anulacao-de-matriculas\/\"},\"author\":{\"name\":\"JP\",\"@id\":\"https:\/\/bahiaeconomica.com.br\/wp\/#\/schema\/person\/c86d3a3f8960425a0f9d0e5245991f4e\"},\"headline\":\"VEREADORA CRITICA CONDU\u00c7\u00c3O DO P\u00c9 NA ESCOLA E ANULA\u00c7\u00c3O DE MATR\u00cdCULAS:\",\"datePublished\":\"2026-04-26T12:33:29+00:00\",\"dateModified\":\"2026-04-26T12:33:29+00:00\",\"mainEntityOfPage\":{\"@id\":\"https:\/\/bahiaeconomica.com.br\/wp\/2026\/04\/26\/vereadora-critica-conducao-do-pe-na-escola-e-anulacao-de-matriculas\/\"},\"wordCount\":554,\"publisher\":{\"@id\":\"https:\/\/bahiaeconomica.com.br\/wp\/#organization\"},\"keywords\":[\"Marta\",\"prefeitura\",\"vereadora\"],\"articleSection\":[\"Pol\u00edtica\"],\"inLanguage\":\"pt-BR\"},{\"@type\":\"WebPage\",\"@id\":\"https:\/\/bahiaeconomica.com.br\/wp\/2026\/04\/26\/vereadora-critica-conducao-do-pe-na-escola-e-anulacao-de-matriculas\/\",\"url\":\"https:\/\/bahiaeconomica.com.br\/wp\/2026\/04\/26\/vereadora-critica-conducao-do-pe-na-escola-e-anulacao-de-matriculas\/\",\"name\":\"VEREADORA CRITICA CONDU\u00c7\u00c3O DO P\u00c9 NA ESCOLA E ANULA\u00c7\u00c3O DE MATR\u00cdCULAS: - Bahia Economica\",\"isPartOf\":{\"@id\":\"https:\/\/bahiaeconomica.com.br\/wp\/#website\"},\"datePublished\":\"2026-04-26T12:33:29+00:00\",\"dateModified\":\"2026-04-26T12:33:29+00:00\",\"description\":\"O maior portal de Economia da Bahia Pol\u00edtica Bahia Economica A vereadora Marta Rodrigues afirmou neste s\u00e1bado (25) que a decis\u00e3o da Prefeitura\",\"breadcrumb\":{\"@id\":\"https:\/\/bahiaeconomica.com.br\/wp\/2026\/04\/26\/vereadora-critica-conducao-do-pe-na-escola-e-anulacao-de-matriculas\/#breadcrumb\"},\"inLanguage\":\"pt-BR\",\"potentialAction\":[{\"@type\":\"ReadAction\",\"target\":[\"https:\/\/bahiaeconomica.com.br\/wp\/2026\/04\/26\/vereadora-critica-conducao-do-pe-na-escola-e-anulacao-de-matriculas\/\"]}]},{\"@type\":\"BreadcrumbList\",\"@id\":\"https:\/\/bahiaeconomica.com.br\/wp\/2026\/04\/26\/vereadora-critica-conducao-do-pe-na-escola-e-anulacao-de-matriculas\/#breadcrumb\",\"itemListElement\":[{\"@type\":\"ListItem\",\"position\":1,\"name\":\"In\u00edcio\",\"item\":\"https:\/\/bahiaeconomica.com.br\/wp\/\"},{\"@type\":\"ListItem\",\"position\":2,\"name\":\"VEREADORA CRITICA CONDU\u00c7\u00c3O DO P\u00c9 NA ESCOLA E ANULA\u00c7\u00c3O DE MATR\u00cdCULAS:\"}]},{\"@type\":\"WebSite\",\"@id\":\"https:\/\/bahiaeconomica.com.br\/wp\/#website\",\"url\":\"https:\/\/bahiaeconomica.com.br\/wp\/\",\"name\":\"Bahia Economica\",\"description\":\"O maior portal de Economia da Bahia\",\"publisher\":{\"@id\":\"https:\/\/bahiaeconomica.com.br\/wp\/#organization\"},\"potentialAction\":[{\"@type\":\"SearchAction\",\"target\":{\"@type\":\"EntryPoint\",\"urlTemplate\":\"https:\/\/bahiaeconomica.com.br\/wp\/?s={search_term_string}\"},\"query-input\":\"required name=search_term_string\"}],\"inLanguage\":\"pt-BR\"},{\"@type\":\"Organization\",\"@id\":\"https:\/\/bahiaeconomica.com.br\/wp\/#organization\",\"name\":\"Bahia Econ\u00f4mica\",\"url\":\"https:\/\/bahiaeconomica.com.br\/wp\/\",\"logo\":{\"@type\":\"ImageObject\",\"inLanguage\":\"pt-BR\",\"@id\":\"https:\/\/bahiaeconomica.com.br\/wp\/#\/schema\/logo\/image\/\",\"url\":\"https:\/\/bahiaeconomica.com.br\/wp\/wp-content\/uploads\/2020\/12\/cropped-BE.png\",\"contentUrl\":\"https:\/\/bahiaeconomica.com.br\/wp\/wp-content\/uploads\/2020\/12\/cropped-BE.png\",\"width\":512,\"height\":512,\"caption\":\"Bahia Econ\u00f4mica\"},\"image\":{\"@id\":\"https:\/\/bahiaeconomica.com.br\/wp\/#\/schema\/logo\/image\/\"},\"sameAs\":[\"https:\/\/www.facebook.com\/bahiaeconomica\"]},{\"@type\":\"Person\",\"@id\":\"https:\/\/bahiaeconomica.com.br\/wp\/#\/schema\/person\/c86d3a3f8960425a0f9d0e5245991f4e\",\"name\":\"JP\",\"sameAs\":[\"https:\/\/bahiaeconomica.com.br\/wp\/beta\/\"],\"url\":\"https:\/\/bahiaeconomica.com.br\/wp\/author\/jp\/\"}]}<\/script>\n<!-- \/ Yoast SEO plugin. -->","yoast_head_json":{"title":"VEREADORA CRITICA CONDU\u00c7\u00c3O DO P\u00c9 NA ESCOLA E ANULA\u00c7\u00c3O DE MATR\u00cdCULAS: - Bahia Economica","description":"O maior portal de Economia da Bahia Pol\u00edtica Bahia Economica A vereadora Marta Rodrigues afirmou neste s\u00e1bado (25) que a decis\u00e3o da Prefeitura","robots":{"index":"index","follow":"follow","max-snippet":"max-snippet:-1","max-image-preview":"max-image-preview:large","max-video-preview":"max-video-preview:-1"},"canonical":"https:\/\/bahiaeconomica.com.br\/wp\/2026\/04\/26\/vereadora-critica-conducao-do-pe-na-escola-e-anulacao-de-matriculas\/","og_locale":"pt_BR","og_type":"article","og_title":"VEREADORA CRITICA CONDU\u00c7\u00c3O DO P\u00c9 NA ESCOLA E ANULA\u00c7\u00c3O DE MATR\u00cdCULAS: - Bahia Economica","og_description":"O maior portal de Economia da Bahia Pol\u00edtica Bahia Economica A vereadora Marta Rodrigues afirmou neste s\u00e1bado (25) que a decis\u00e3o da Prefeitura","og_url":"https:\/\/bahiaeconomica.com.br\/wp\/2026\/04\/26\/vereadora-critica-conducao-do-pe-na-escola-e-anulacao-de-matriculas\/","og_site_name":"Bahia Economica","article_publisher":"https:\/\/www.facebook.com\/bahiaeconomica","article_published_time":"2026-04-26T12:33:29+00:00","og_image":[{"width":1204,"height":892,"url":"https:\/\/bahiaeconomica.com.br\/wp\/wp-content\/uploads\/2026\/04\/WhatsApp-Image-2026-04-26-at-08.30.59.jpeg","type":"image\/jpeg"}],"author":"JP","twitter_card":"summary_large_image","twitter_misc":{"Escrito por":"JP","Est. tempo de leitura":"3 minutos"},"schema":{"@context":"https:\/\/schema.org","@graph":[{"@type":"Article","@id":"https:\/\/bahiaeconomica.com.br\/wp\/2026\/04\/26\/vereadora-critica-conducao-do-pe-na-escola-e-anulacao-de-matriculas\/#article","isPartOf":{"@id":"https:\/\/bahiaeconomica.com.br\/wp\/2026\/04\/26\/vereadora-critica-conducao-do-pe-na-escola-e-anulacao-de-matriculas\/"},"author":{"name":"JP","@id":"https:\/\/bahiaeconomica.com.br\/wp\/#\/schema\/person\/c86d3a3f8960425a0f9d0e5245991f4e"},"headline":"VEREADORA CRITICA CONDU\u00c7\u00c3O DO P\u00c9 NA ESCOLA E ANULA\u00c7\u00c3O DE MATR\u00cdCULAS:","datePublished":"2026-04-26T12:33:29+00:00","dateModified":"2026-04-26T12:33:29+00:00","mainEntityOfPage":{"@id":"https:\/\/bahiaeconomica.com.br\/wp\/2026\/04\/26\/vereadora-critica-conducao-do-pe-na-escola-e-anulacao-de-matriculas\/"},"wordCount":554,"publisher":{"@id":"https:\/\/bahiaeconomica.com.br\/wp\/#organization"},"keywords":["Marta","prefeitura","vereadora"],"articleSection":["Pol\u00edtica"],"inLanguage":"pt-BR"},{"@type":"WebPage","@id":"https:\/\/bahiaeconomica.com.br\/wp\/2026\/04\/26\/vereadora-critica-conducao-do-pe-na-escola-e-anulacao-de-matriculas\/","url":"https:\/\/bahiaeconomica.com.br\/wp\/2026\/04\/26\/vereadora-critica-conducao-do-pe-na-escola-e-anulacao-de-matriculas\/","name":"VEREADORA CRITICA CONDU\u00c7\u00c3O DO P\u00c9 NA ESCOLA E ANULA\u00c7\u00c3O DE MATR\u00cdCULAS: - Bahia Economica","isPartOf":{"@id":"https:\/\/bahiaeconomica.com.br\/wp\/#website"},"datePublished":"2026-04-26T12:33:29+00:00","dateModified":"2026-04-26T12:33:29+00:00","description":"O maior portal de Economia da Bahia Pol\u00edtica Bahia Economica A vereadora Marta Rodrigues afirmou neste s\u00e1bado (25) que a decis\u00e3o da Prefeitura","breadcrumb":{"@id":"https:\/\/bahiaeconomica.com.br\/wp\/2026\/04\/26\/vereadora-critica-conducao-do-pe-na-escola-e-anulacao-de-matriculas\/#breadcrumb"},"inLanguage":"pt-BR","potentialAction":[{"@type":"ReadAction","target":["https:\/\/bahiaeconomica.com.br\/wp\/2026\/04\/26\/vereadora-critica-conducao-do-pe-na-escola-e-anulacao-de-matriculas\/"]}]},{"@type":"BreadcrumbList","@id":"https:\/\/bahiaeconomica.com.br\/wp\/2026\/04\/26\/vereadora-critica-conducao-do-pe-na-escola-e-anulacao-de-matriculas\/#breadcrumb","itemListElement":[{"@type":"ListItem","position":1,"name":"In\u00edcio","item":"https:\/\/bahiaeconomica.com.br\/wp\/"},{"@type":"ListItem","position":2,"name":"VEREADORA CRITICA CONDU\u00c7\u00c3O DO P\u00c9 NA ESCOLA E ANULA\u00c7\u00c3O DE MATR\u00cdCULAS:"}]},{"@type":"WebSite","@id":"https:\/\/bahiaeconomica.com.br\/wp\/#website","url":"https:\/\/bahiaeconomica.com.br\/wp\/","name":"Bahia Economica","description":"O maior portal de Economia da Bahia","publisher":{"@id":"https:\/\/bahiaeconomica.com.br\/wp\/#organization"},"potentialAction":[{"@type":"SearchAction","target":{"@type":"EntryPoint","urlTemplate":"https:\/\/bahiaeconomica.com.br\/wp\/?s={search_term_string}"},"query-input":"required name=search_term_string"}],"inLanguage":"pt-BR"},{"@type":"Organization","@id":"https:\/\/bahiaeconomica.com.br\/wp\/#organization","name":"Bahia Econ\u00f4mica","url":"https:\/\/bahiaeconomica.com.br\/wp\/","logo":{"@type":"ImageObject","inLanguage":"pt-BR","@id":"https:\/\/bahiaeconomica.com.br\/wp\/#\/schema\/logo\/image\/","url":"https:\/\/bahiaeconomica.com.br\/wp\/wp-content\/uploads\/2020\/12\/cropped-BE.png","contentUrl":"https:\/\/bahiaeconomica.com.br\/wp\/wp-content\/uploads\/2020\/12\/cropped-BE.png","width":512,"height":512,"caption":"Bahia Econ\u00f4mica"},"image":{"@id":"https:\/\/bahiaeconomica.com.br\/wp\/#\/schema\/logo\/image\/"},"sameAs":["https:\/\/www.facebook.com\/bahiaeconomica"]},{"@type":"Person","@id":"https:\/\/bahiaeconomica.com.br\/wp\/#\/schema\/person\/c86d3a3f8960425a0f9d0e5245991f4e","name":"JP","sameAs":["https:\/\/bahiaeconomica.com.br\/wp\/beta\/"],"url":"https:\/\/bahiaeconomica.com.br\/wp\/author\/jp\/"}]}},"views":5,"_links":{"self":[{"href":"https:\/\/bahiaeconomica.com.br\/wp\/wp-json\/wp\/v2\/posts\/991033"}],"collection":[{"href":"https:\/\/bahiaeconomica.com.br\/wp\/wp-json\/wp\/v2\/posts"}],"about":[{"href":"https:\/\/bahiaeconomica.com.br\/wp\/wp-json\/wp\/v2\/types\/post"}],"author":[{"embeddable":true,"href":"https:\/\/bahiaeconomica.com.br\/wp\/wp-json\/wp\/v2\/users\/8"}],"replies":[{"embeddable":true,"href":"https:\/\/bahiaeconomica.com.br\/wp\/wp-json\/wp\/v2\/comments?post=991033"}],"version-history":[{"count":1,"href":"https:\/\/bahiaeconomica.com.br\/wp\/wp-json\/wp\/v2\/posts\/991033\/revisions"}],"predecessor-version":[{"id":991035,"href":"https:\/\/bahiaeconomica.com.br\/wp\/wp-json\/wp\/v2\/posts\/991033\/revisions\/991035"}],"wp:featuredmedia":[{"embeddable":true,"href":"https:\/\/bahiaeconomica.com.br\/wp\/wp-json\/wp\/v2\/media\/991034"}],"wp:attachment":[{"href":"https:\/\/bahiaeconomica.com.br\/wp\/wp-json\/wp\/v2\/media?parent=991033"}],"wp:term":[{"taxonomy":"category","embeddable":true,"href":"https:\/\/bahiaeconomica.com.br\/wp\/wp-json\/wp\/v2\/categories?post=991033"},{"taxonomy":"post_tag","embeddable":true,"href":"https:\/\/bahiaeconomica.com.br\/wp\/wp-json\/wp\/v2\/tags?post=991033"}],"curies":[{"name":"wp","href":"https:\/\/api.w.org\/{rel}","templated":true}]}}