{"id":990719,"date":"2026-04-19T05:00:43","date_gmt":"2026-04-19T08:00:43","guid":{"rendered":"https:\/\/bahiaeconomica.com.br\/wp\/?p=990719"},"modified":"2026-04-24T11:53:16","modified_gmt":"2026-04-24T14:53:16","slug":"entrevista-com-ceo-da-maida-health-andre-machado-junior","status":"publish","type":"post","link":"https:\/\/bahiaeconomica.com.br\/wp\/2026\/04\/19\/entrevista-com-ceo-da-maida-health-andre-machado-junior\/","title":{"rendered":"ENTREVISTA COM CEO DA MAIDA HEALTH, ANDR\u00c9 MACHADO J\u00daNIOR."},"content":{"rendered":"<p><strong>Mini bio<\/strong><\/p>\n<p><strong>Andr\u00e9 Machado J\u00fanior<\/strong> \u00e9 CEO da <strong>Maida Health<\/strong>, healthtech ligada ao ecossistema MV, com mais de 20 anos de atua\u00e7\u00e3o em gest\u00e3o para planos de sa\u00fade. Executivo com 21 anos de experi\u00eancia no mercado, tem trajet\u00f3ria marcada pela condu\u00e7\u00e3o de projetos complexos voltados \u00e0 melhoria da rela\u00e7\u00e3o entre empresas, operadoras e usu\u00e1rios, com foco em efici\u00eancia, qualidade assistencial e controle de custos. \u00c9 especialista em Aten\u00e7\u00e3o Prim\u00e1ria \u00e0 Sa\u00fade, Regula\u00e7\u00e3o, Atendimento ao Benefici\u00e1rio e estrat\u00e9gias de Promo\u00e7\u00e3o e Preven\u00e7\u00e3o em Sa\u00fade, al\u00e9m da gest\u00e3o de grandes equipes.<strong>\u00a0<\/strong><\/p>\n<p><strong>Bahia Econ\u00f4mica &#8211; Como o senhor avalia o impacto da sa\u00fade suplementar nos custos do setor na Bahia?<\/strong><\/p>\n<p>Andr\u00e9 Machado &#8211; A sa\u00fade suplementar na Bahia segue a mesma din\u00e2mica do restante do pa\u00eds: custos crescendo acima da infla\u00e7\u00e3o, pressionados muito mais por quest\u00f5es estruturais do que apenas cl\u00ednicas. Hoje, a sinistralidade do setor gira em torno de 80%, o que significa que a maior parte da receita j\u00e1 est\u00e1 comprometida com despesas assistenciais. Ao mesmo tempo, estudos indicam que entre 30% e 40% dos gastos em sa\u00fade s\u00e3o desperd\u00edcios. Isso mostra que o principal problema n\u00e3o \u00e9 falta de recursos, mas, sim, a forma como s\u00e3o utilizados. Ainda operamos com um modelo muito orientado ao tratamento da doen\u00e7a e pouco focado na gest\u00e3o da sa\u00fade ao longo do tempo. Esse desalinhamento \u00e9 um dos principais fatores de press\u00e3o sobre os custos.<\/p>\n<p><strong>Bahia Econ\u00f4mica &#8211; Quais pol\u00edticas podem ser adotadas nas empresas visando minimizar desperd\u00edcios e melhorar efici\u00eancia?<\/strong><\/p>\n<p>Andr\u00e9 Machado &#8211; As empresas precisam assumir um papel mais estrat\u00e9gico na gest\u00e3o da sa\u00fade, indo al\u00e9m do financiamento. Hoje, cerca de 70% dos benefici\u00e1rios est\u00e3o em planos empresariais, o que coloca as companhias no centro dessa discuss\u00e3o. Na pr\u00e1tica, isso passa por tr\u00eas frentes. A primeira \u00e9 a gest\u00e3o do cuidado, com fortalecimento da aten\u00e7\u00e3o prim\u00e1ria, acompanhamento de pacientes cr\u00f4nicos e uso de dados para direcionar decis\u00f5es mais eficientes. A segunda \u00e9 tratar a sa\u00fade mental como prioridade. O tema j\u00e1 impacta diretamente produtividade e custos e tende a ganhar ainda mais relev\u00e2ncia nos pr\u00f3ximos anos. O Brasil teve cerca de meio milh\u00e3o de afastamentos por transtornos mentais em 2024, e empresas que investem em bem-estar podem ter retorno de at\u00e9 duas vezes o valor aplicado. Al\u00e9m disso, pesquisas indicam que cerca de 50% das empresas pretendem ampliar investimentos em programas de sa\u00fade nos pr\u00f3ximos anos. Um sinal claro de mudan\u00e7a estrutural. Por fim, \u00e9 essencial integrar sa\u00fade assistencial, mental e ocupacional. Quando essas \u00e1reas s\u00e3o tratadas de forma isolada, h\u00e1 perda de efici\u00eancia. Empresas mais maduras j\u00e1 trabalham com dados integrados de absente\u00edsmo, riscos psicossociais e hist\u00f3rico cl\u00ednico para atuar na causa dos problemas, e n\u00e3o apenas nas consequ\u00eancias. No fim, o maior desperd\u00edcio n\u00e3o est\u00e1 apenas no excesso de uso, mas na falta de coordena\u00e7\u00e3o do cuidado.<\/p>\n<p><strong>Bahia Econ\u00f4mica &#8211; Quais novos projetos a Maida Health est\u00e1 trazendo para a Bahia?<\/strong><\/p>\n<p>Andr\u00e9 Machado &#8211; A Maida Health atua justamente em um dos pontos mais cr\u00edticos do sistema, que \u00e9 melhorar a qualidade da decis\u00e3o em sa\u00fade e reduzir desperd\u00edcios estruturais. Na Bahia, um projeto recente em um plano p\u00fablico com centenas de milhares de benefici\u00e1rios mostrou esse impacto na pr\u00e1tica: um modelo de acompanhamento assistencial em tempo real durante interna\u00e7\u00f5es hospitalares evitou mais de R$ 23 milh\u00f5es em custos ao longo de 2025, al\u00e9m de reduzir o tempo de perman\u00eancia e trazer mais previsibilidade ao gasto assistencial. O acompanhamento ocorre ao longo de toda a interna\u00e7\u00e3o, com identifica\u00e7\u00e3o precoce de riscos cl\u00ednicos e operacionais, permitindo interven\u00e7\u00f5es antes que evoluam para eventos mais graves e onerosos.<\/p>\n<p><strong>Bahia Econ\u00f4mica &#8211; Qual a sua opini\u00e3o sobre a grande quantidade de cursos de medicina que est\u00e3o surgindo?<\/strong><\/p>\n<p>Andr\u00e9 Machado &#8211; Ampliar a forma\u00e7\u00e3o m\u00e9dica pode ser positivo, desde que esteja alinhado \u00e0 qualidade e ao modelo de sa\u00fade que o pa\u00eds precisa. Mais m\u00e9dicos n\u00e3o significam, necessariamente, melhor assist\u00eancia, especialmente se a forma\u00e7\u00e3o n\u00e3o acompanhar as demandas reais do sistema. Hoje ainda formamos muitos profissionais com foco no procedimento e na doen\u00e7a, enquanto o sistema exige cada vez mais capacidade de coordena\u00e7\u00e3o do cuidado, vis\u00e3o integral do paciente e gest\u00e3o da sa\u00fade ao longo do tempo. Al\u00e9m disso, \u00e9 fundamental ampliar o acesso com qualidade, especialmente em regi\u00f5es onde ainda h\u00e1 escassez de atendimento. Nesse sentido, o SUS oferece aprendizados importantes, sobretudo na aten\u00e7\u00e3o prim\u00e1ria e na organiza\u00e7\u00e3o do cuidado no territ\u00f3rio. Mais do que aumentar o n\u00famero de profissionais, o desafio \u00e9 formar m\u00e9dicos preparados para um sistema que exige integra\u00e7\u00e3o, efici\u00eancia e cuidado cont\u00ednuo.<\/p>\n<p><strong>Bahia Econ\u00f4mica &#8211; Diante do aumento cont\u00ednuo dos custos, quem deve arcar com a conta da sa\u00fade suplementar no Brasil? H\u00e1 um limite para esse modelo atual?<\/strong><\/p>\n<p>Andr\u00e9 Machado &#8211; A conta j\u00e1 \u00e9 compartilhada entre todos os envolvidos e o sistema j\u00e1 opera pr\u00f3ximo do limite. N\u00e3o h\u00e1 mais espa\u00e7o para simplesmente redistribuir custos. O modelo atual est\u00e1 pressionado e tende a se tornar cada vez mais restritivo se nada mudar. O debate n\u00e3o deveria ser sobre quem paga mais, mas sobre como gastar melhor. H\u00e1 um volume relevante de desperd\u00edcios estruturais que, se enfrentados, permitem reequilibrar o sistema sem necessariamente elevar o custo total.<\/p>\n<p><strong>Bahia Econ\u00f4mica &#8211; O modelo atual, baseado majoritariamente em planos empresariais, \u00e9 sustent\u00e1vel no longo prazo?<\/strong><\/p>\n<p>Andr\u00e9 Machado &#8211; O modelo empresarial ainda \u00e9 relevante, mas est\u00e1 sob press\u00e3o crescente. Os reajustes dos planos coletivos variam conforme o uso, o que pode gerar aumentos significativos de custo em curto prazo e dificultar a manuten\u00e7\u00e3o do benef\u00edcio pelas empresas. Se n\u00e3o enfrentarmos os desperd\u00edcios e n\u00e3o avan\u00e7armos na integra\u00e7\u00e3o de dados e na transforma\u00e7\u00e3o digital, a tend\u00eancia \u00e9 que esse modelo se torne cada vez mais restritivo ao longo do tempo. A sustentabilidade passa por uma mudan\u00e7a de l\u00f3gica: sair do volume para valor, do uso para o cuidado e da fragmenta\u00e7\u00e3o para a coordena\u00e7\u00e3o. Nesse sentido, o SUS traz uma refer\u00eancia importante, especialmente na organiza\u00e7\u00e3o do cuidado ao longo da jornada do paciente.<\/p>\n<p><strong>Bahia Econ\u00f4mica &#8211; Como o uso de dados e intelig\u00eancia artificial pode reduzir desperd\u00edcios na pr\u00e1tica?<\/strong><\/p>\n<p>Andr\u00e9 Machado &#8211; Dados e intelig\u00eancia artificial permitem atuar diretamente na origem dos desperd\u00edcios. Na pr\u00e1tica, isso significa identificar padr\u00f5es de uso inadequado, antecipar agravamentos de pacientes cr\u00f4nicos, apoiar decis\u00f5es cl\u00ednicas mais assertivas e reduzir conflitos e judicializa\u00e7\u00e3o. Hoje j\u00e1 utilizamos intelig\u00eancia artificial para apoiar a regula\u00e7\u00e3o m\u00e9dica, tornando o processo mais \u00e1gil e qualificado. Em m\u00e9dia, 91% das an\u00e1lises j\u00e1 contam com apoio de automa\u00e7\u00e3o, o que traz mais consist\u00eancia e embasamento para a tomada de decis\u00e3o. Outro ponto fundamental \u00e9 a integra\u00e7\u00e3o dos dados. O prontu\u00e1rio eletr\u00f4nico precisa acompanhar o paciente ao longo de toda a sua jornada. Quando h\u00e1 interoperabilidade, evitamos desperd\u00edcios como a repeti\u00e7\u00e3o de exames desnecess\u00e1rios e melhoramos a qualidade do cuidado. Esse conjunto de iniciativas permite migrar de um modelo reativo para uma gest\u00e3o mais ativa da sa\u00fade. E h\u00e1 um ponto central: \u00e9 poss\u00edvel reduzir desperd\u00edcios de forma relevante, potencialmente em dois d\u00edgitos, sem comprometer o cuidado, apenas organizando melhor o sistema.<\/p>\n<p><strong>Bahia Econ\u00f4mica &#8211; Gostaria de ressaltar mais alguma informa\u00e7\u00e3o?<\/strong><\/p>\n<p>Andr\u00e9 Machado &#8211; A sa\u00fade suplementar n\u00e3o enfrenta um problema de falta de recursos, mas de modelo e de cultura de uso. Com sinistralidade elevada e desperd\u00edcios relevantes, o sistema j\u00e1 opera muito pr\u00f3ximo do limite. O desafio agora \u00e9 mudar a forma como a sa\u00fade \u00e9 gerida, com mais uso de dados, melhor coordena\u00e7\u00e3o do cuidado e decis\u00f5es mais eficientes ao longo da jornada do paciente. O futuro da sa\u00fade n\u00e3o est\u00e1 em gastar mais, mas em gerar mais valor com o que j\u00e1 \u00e9 investido.<\/p>\n<p>&nbsp;<\/p>\n","protected":false},"excerpt":{"rendered":"<p>Mini bio Andr\u00e9 Machado J\u00fanior \u00e9 CEO da Maida Health, healthtech ligada ao ecossistema MV, com mais de 20 anos de atua\u00e7\u00e3o em gest\u00e3o para planos de sa\u00fade. Executivo com 21 anos de experi\u00eancia no mercado, tem trajet\u00f3ria marcada pela condu\u00e7\u00e3o de projetos complexos voltados \u00e0 melhoria da rela\u00e7\u00e3o entre empresas, operadoras e usu\u00e1rios, com [&hellip;]<\/p>\n","protected":false},"author":8,"featured_media":990723,"comment_status":"closed","ping_status":"closed","sticky":false,"template":"","format":"standard","meta":[],"categories":[9],"tags":[52,3186,11965],"acf":[],"yoast_head":"<!-- This site is optimized with the Yoast SEO plugin v20.8 - https:\/\/yoast.com\/wordpress\/plugins\/seo\/ -->\n<title>ENTREVISTA COM CEO DA MAIDA HEALTH, ANDR\u00c9 MACHADO J\u00daNIOR. - Bahia Economica<\/title>\n<meta name=\"description\" content=\"O maior portal de Economia da Bahia ENTREVISTAS Bahia Economica Andr\u00e9 Machado - Dados e intelig\u00eancia artificial permitem atuar\" \/>\n<meta name=\"robots\" content=\"index, follow, max-snippet:-1, max-image-preview:large, max-video-preview:-1\" \/>\n<link rel=\"canonical\" href=\"https:\/\/bahiaeconomica.com.br\/wp\/2026\/04\/19\/entrevista-com-ceo-da-maida-health-andre-machado-junior\/\" \/>\n<meta property=\"og:locale\" content=\"pt_BR\" \/>\n<meta property=\"og:type\" content=\"article\" \/>\n<meta property=\"og:title\" content=\"ENTREVISTA COM CEO DA MAIDA HEALTH, ANDR\u00c9 MACHADO J\u00daNIOR. - Bahia Economica\" \/>\n<meta property=\"og:description\" content=\"O maior portal de Economia da Bahia ENTREVISTAS Bahia Economica Andr\u00e9 Machado - Dados e intelig\u00eancia artificial permitem atuar\" \/>\n<meta property=\"og:url\" content=\"https:\/\/bahiaeconomica.com.br\/wp\/2026\/04\/19\/entrevista-com-ceo-da-maida-health-andre-machado-junior\/\" \/>\n<meta property=\"og:site_name\" content=\"Bahia Economica\" \/>\n<meta property=\"article:publisher\" content=\"https:\/\/www.facebook.com\/bahiaeconomica\" \/>\n<meta property=\"article:published_time\" content=\"2026-04-19T08:00:43+00:00\" \/>\n<meta property=\"article:modified_time\" content=\"2026-04-24T14:53:16+00:00\" \/>\n<meta property=\"og:image\" content=\"https:\/\/bahiaeconomica.com.br\/wp\/wp-content\/uploads\/2026\/04\/WhatsApp-Image-2026-04-24-at-10.40.07.jpeg\" \/>\n\t<meta property=\"og:image:width\" content=\"1600\" \/>\n\t<meta property=\"og:image:height\" content=\"1066\" \/>\n\t<meta property=\"og:image:type\" content=\"image\/jpeg\" \/>\n<meta name=\"author\" content=\"JP\" \/>\n<meta name=\"twitter:card\" content=\"summary_large_image\" \/>\n<meta name=\"twitter:label1\" content=\"Escrito por\" \/>\n\t<meta name=\"twitter:data1\" content=\"JP\" \/>\n\t<meta name=\"twitter:label2\" content=\"Est. tempo de leitura\" \/>\n\t<meta name=\"twitter:data2\" content=\"7 minutos\" \/>\n<script type=\"application\/ld+json\" class=\"yoast-schema-graph\">{\"@context\":\"https:\/\/schema.org\",\"@graph\":[{\"@type\":\"Article\",\"@id\":\"https:\/\/bahiaeconomica.com.br\/wp\/2026\/04\/19\/entrevista-com-ceo-da-maida-health-andre-machado-junior\/#article\",\"isPartOf\":{\"@id\":\"https:\/\/bahiaeconomica.com.br\/wp\/2026\/04\/19\/entrevista-com-ceo-da-maida-health-andre-machado-junior\/\"},\"author\":{\"name\":\"JP\",\"@id\":\"https:\/\/bahiaeconomica.com.br\/wp\/#\/schema\/person\/c86d3a3f8960425a0f9d0e5245991f4e\"},\"headline\":\"ENTREVISTA COM CEO DA MAIDA HEALTH, ANDR\u00c9 MACHADO J\u00daNIOR.\",\"datePublished\":\"2026-04-19T08:00:43+00:00\",\"dateModified\":\"2026-04-24T14:53:16+00:00\",\"mainEntityOfPage\":{\"@id\":\"https:\/\/bahiaeconomica.com.br\/wp\/2026\/04\/19\/entrevista-com-ceo-da-maida-health-andre-machado-junior\/\"},\"wordCount\":1427,\"publisher\":{\"@id\":\"https:\/\/bahiaeconomica.com.br\/wp\/#organization\"},\"keywords\":[\"Brasil\",\"ceo\",\"econmia\"],\"articleSection\":[\"ENTREVISTAS\"],\"inLanguage\":\"pt-BR\"},{\"@type\":\"WebPage\",\"@id\":\"https:\/\/bahiaeconomica.com.br\/wp\/2026\/04\/19\/entrevista-com-ceo-da-maida-health-andre-machado-junior\/\",\"url\":\"https:\/\/bahiaeconomica.com.br\/wp\/2026\/04\/19\/entrevista-com-ceo-da-maida-health-andre-machado-junior\/\",\"name\":\"ENTREVISTA COM CEO DA MAIDA HEALTH, ANDR\u00c9 MACHADO J\u00daNIOR. - Bahia Economica\",\"isPartOf\":{\"@id\":\"https:\/\/bahiaeconomica.com.br\/wp\/#website\"},\"datePublished\":\"2026-04-19T08:00:43+00:00\",\"dateModified\":\"2026-04-24T14:53:16+00:00\",\"description\":\"O maior portal de Economia da Bahia ENTREVISTAS Bahia Economica Andr\u00e9 Machado - Dados e intelig\u00eancia artificial permitem atuar\",\"breadcrumb\":{\"@id\":\"https:\/\/bahiaeconomica.com.br\/wp\/2026\/04\/19\/entrevista-com-ceo-da-maida-health-andre-machado-junior\/#breadcrumb\"},\"inLanguage\":\"pt-BR\",\"potentialAction\":[{\"@type\":\"ReadAction\",\"target\":[\"https:\/\/bahiaeconomica.com.br\/wp\/2026\/04\/19\/entrevista-com-ceo-da-maida-health-andre-machado-junior\/\"]}]},{\"@type\":\"BreadcrumbList\",\"@id\":\"https:\/\/bahiaeconomica.com.br\/wp\/2026\/04\/19\/entrevista-com-ceo-da-maida-health-andre-machado-junior\/#breadcrumb\",\"itemListElement\":[{\"@type\":\"ListItem\",\"position\":1,\"name\":\"In\u00edcio\",\"item\":\"https:\/\/bahiaeconomica.com.br\/wp\/\"},{\"@type\":\"ListItem\",\"position\":2,\"name\":\"ENTREVISTA COM CEO DA MAIDA HEALTH, ANDR\u00c9 MACHADO J\u00daNIOR.\"}]},{\"@type\":\"WebSite\",\"@id\":\"https:\/\/bahiaeconomica.com.br\/wp\/#website\",\"url\":\"https:\/\/bahiaeconomica.com.br\/wp\/\",\"name\":\"Bahia Economica\",\"description\":\"O maior portal de Economia da Bahia\",\"publisher\":{\"@id\":\"https:\/\/bahiaeconomica.com.br\/wp\/#organization\"},\"potentialAction\":[{\"@type\":\"SearchAction\",\"target\":{\"@type\":\"EntryPoint\",\"urlTemplate\":\"https:\/\/bahiaeconomica.com.br\/wp\/?s={search_term_string}\"},\"query-input\":\"required name=search_term_string\"}],\"inLanguage\":\"pt-BR\"},{\"@type\":\"Organization\",\"@id\":\"https:\/\/bahiaeconomica.com.br\/wp\/#organization\",\"name\":\"Bahia Econ\u00f4mica\",\"url\":\"https:\/\/bahiaeconomica.com.br\/wp\/\",\"logo\":{\"@type\":\"ImageObject\",\"inLanguage\":\"pt-BR\",\"@id\":\"https:\/\/bahiaeconomica.com.br\/wp\/#\/schema\/logo\/image\/\",\"url\":\"https:\/\/bahiaeconomica.com.br\/wp\/wp-content\/uploads\/2020\/12\/cropped-BE.png\",\"contentUrl\":\"https:\/\/bahiaeconomica.com.br\/wp\/wp-content\/uploads\/2020\/12\/cropped-BE.png\",\"width\":512,\"height\":512,\"caption\":\"Bahia Econ\u00f4mica\"},\"image\":{\"@id\":\"https:\/\/bahiaeconomica.com.br\/wp\/#\/schema\/logo\/image\/\"},\"sameAs\":[\"https:\/\/www.facebook.com\/bahiaeconomica\"]},{\"@type\":\"Person\",\"@id\":\"https:\/\/bahiaeconomica.com.br\/wp\/#\/schema\/person\/c86d3a3f8960425a0f9d0e5245991f4e\",\"name\":\"JP\",\"sameAs\":[\"https:\/\/bahiaeconomica.com.br\/wp\/beta\/\"],\"url\":\"https:\/\/bahiaeconomica.com.br\/wp\/author\/jp\/\"}]}<\/script>\n<!-- \/ Yoast SEO plugin. -->","yoast_head_json":{"title":"ENTREVISTA COM CEO DA MAIDA HEALTH, ANDR\u00c9 MACHADO J\u00daNIOR. - Bahia Economica","description":"O maior portal de Economia da Bahia ENTREVISTAS Bahia Economica Andr\u00e9 Machado - Dados e intelig\u00eancia artificial permitem atuar","robots":{"index":"index","follow":"follow","max-snippet":"max-snippet:-1","max-image-preview":"max-image-preview:large","max-video-preview":"max-video-preview:-1"},"canonical":"https:\/\/bahiaeconomica.com.br\/wp\/2026\/04\/19\/entrevista-com-ceo-da-maida-health-andre-machado-junior\/","og_locale":"pt_BR","og_type":"article","og_title":"ENTREVISTA COM CEO DA MAIDA HEALTH, ANDR\u00c9 MACHADO J\u00daNIOR. - Bahia Economica","og_description":"O maior portal de Economia da Bahia ENTREVISTAS Bahia Economica Andr\u00e9 Machado - Dados e intelig\u00eancia artificial permitem atuar","og_url":"https:\/\/bahiaeconomica.com.br\/wp\/2026\/04\/19\/entrevista-com-ceo-da-maida-health-andre-machado-junior\/","og_site_name":"Bahia Economica","article_publisher":"https:\/\/www.facebook.com\/bahiaeconomica","article_published_time":"2026-04-19T08:00:43+00:00","article_modified_time":"2026-04-24T14:53:16+00:00","og_image":[{"width":1600,"height":1066,"url":"https:\/\/bahiaeconomica.com.br\/wp\/wp-content\/uploads\/2026\/04\/WhatsApp-Image-2026-04-24-at-10.40.07.jpeg","type":"image\/jpeg"}],"author":"JP","twitter_card":"summary_large_image","twitter_misc":{"Escrito por":"JP","Est. tempo de leitura":"7 minutos"},"schema":{"@context":"https:\/\/schema.org","@graph":[{"@type":"Article","@id":"https:\/\/bahiaeconomica.com.br\/wp\/2026\/04\/19\/entrevista-com-ceo-da-maida-health-andre-machado-junior\/#article","isPartOf":{"@id":"https:\/\/bahiaeconomica.com.br\/wp\/2026\/04\/19\/entrevista-com-ceo-da-maida-health-andre-machado-junior\/"},"author":{"name":"JP","@id":"https:\/\/bahiaeconomica.com.br\/wp\/#\/schema\/person\/c86d3a3f8960425a0f9d0e5245991f4e"},"headline":"ENTREVISTA COM CEO DA MAIDA HEALTH, ANDR\u00c9 MACHADO J\u00daNIOR.","datePublished":"2026-04-19T08:00:43+00:00","dateModified":"2026-04-24T14:53:16+00:00","mainEntityOfPage":{"@id":"https:\/\/bahiaeconomica.com.br\/wp\/2026\/04\/19\/entrevista-com-ceo-da-maida-health-andre-machado-junior\/"},"wordCount":1427,"publisher":{"@id":"https:\/\/bahiaeconomica.com.br\/wp\/#organization"},"keywords":["Brasil","ceo","econmia"],"articleSection":["ENTREVISTAS"],"inLanguage":"pt-BR"},{"@type":"WebPage","@id":"https:\/\/bahiaeconomica.com.br\/wp\/2026\/04\/19\/entrevista-com-ceo-da-maida-health-andre-machado-junior\/","url":"https:\/\/bahiaeconomica.com.br\/wp\/2026\/04\/19\/entrevista-com-ceo-da-maida-health-andre-machado-junior\/","name":"ENTREVISTA COM CEO DA MAIDA HEALTH, ANDR\u00c9 MACHADO J\u00daNIOR. - Bahia Economica","isPartOf":{"@id":"https:\/\/bahiaeconomica.com.br\/wp\/#website"},"datePublished":"2026-04-19T08:00:43+00:00","dateModified":"2026-04-24T14:53:16+00:00","description":"O maior portal de Economia da Bahia ENTREVISTAS Bahia Economica Andr\u00e9 Machado - Dados e intelig\u00eancia artificial permitem atuar","breadcrumb":{"@id":"https:\/\/bahiaeconomica.com.br\/wp\/2026\/04\/19\/entrevista-com-ceo-da-maida-health-andre-machado-junior\/#breadcrumb"},"inLanguage":"pt-BR","potentialAction":[{"@type":"ReadAction","target":["https:\/\/bahiaeconomica.com.br\/wp\/2026\/04\/19\/entrevista-com-ceo-da-maida-health-andre-machado-junior\/"]}]},{"@type":"BreadcrumbList","@id":"https:\/\/bahiaeconomica.com.br\/wp\/2026\/04\/19\/entrevista-com-ceo-da-maida-health-andre-machado-junior\/#breadcrumb","itemListElement":[{"@type":"ListItem","position":1,"name":"In\u00edcio","item":"https:\/\/bahiaeconomica.com.br\/wp\/"},{"@type":"ListItem","position":2,"name":"ENTREVISTA COM CEO DA MAIDA HEALTH, ANDR\u00c9 MACHADO J\u00daNIOR."}]},{"@type":"WebSite","@id":"https:\/\/bahiaeconomica.com.br\/wp\/#website","url":"https:\/\/bahiaeconomica.com.br\/wp\/","name":"Bahia Economica","description":"O maior portal de Economia da Bahia","publisher":{"@id":"https:\/\/bahiaeconomica.com.br\/wp\/#organization"},"potentialAction":[{"@type":"SearchAction","target":{"@type":"EntryPoint","urlTemplate":"https:\/\/bahiaeconomica.com.br\/wp\/?s={search_term_string}"},"query-input":"required name=search_term_string"}],"inLanguage":"pt-BR"},{"@type":"Organization","@id":"https:\/\/bahiaeconomica.com.br\/wp\/#organization","name":"Bahia Econ\u00f4mica","url":"https:\/\/bahiaeconomica.com.br\/wp\/","logo":{"@type":"ImageObject","inLanguage":"pt-BR","@id":"https:\/\/bahiaeconomica.com.br\/wp\/#\/schema\/logo\/image\/","url":"https:\/\/bahiaeconomica.com.br\/wp\/wp-content\/uploads\/2020\/12\/cropped-BE.png","contentUrl":"https:\/\/bahiaeconomica.com.br\/wp\/wp-content\/uploads\/2020\/12\/cropped-BE.png","width":512,"height":512,"caption":"Bahia Econ\u00f4mica"},"image":{"@id":"https:\/\/bahiaeconomica.com.br\/wp\/#\/schema\/logo\/image\/"},"sameAs":["https:\/\/www.facebook.com\/bahiaeconomica"]},{"@type":"Person","@id":"https:\/\/bahiaeconomica.com.br\/wp\/#\/schema\/person\/c86d3a3f8960425a0f9d0e5245991f4e","name":"JP","sameAs":["https:\/\/bahiaeconomica.com.br\/wp\/beta\/"],"url":"https:\/\/bahiaeconomica.com.br\/wp\/author\/jp\/"}]}},"views":9,"_links":{"self":[{"href":"https:\/\/bahiaeconomica.com.br\/wp\/wp-json\/wp\/v2\/posts\/990719"}],"collection":[{"href":"https:\/\/bahiaeconomica.com.br\/wp\/wp-json\/wp\/v2\/posts"}],"about":[{"href":"https:\/\/bahiaeconomica.com.br\/wp\/wp-json\/wp\/v2\/types\/post"}],"author":[{"embeddable":true,"href":"https:\/\/bahiaeconomica.com.br\/wp\/wp-json\/wp\/v2\/users\/8"}],"replies":[{"embeddable":true,"href":"https:\/\/bahiaeconomica.com.br\/wp\/wp-json\/wp\/v2\/comments?post=990719"}],"version-history":[{"count":1,"href":"https:\/\/bahiaeconomica.com.br\/wp\/wp-json\/wp\/v2\/posts\/990719\/revisions"}],"predecessor-version":[{"id":990724,"href":"https:\/\/bahiaeconomica.com.br\/wp\/wp-json\/wp\/v2\/posts\/990719\/revisions\/990724"}],"wp:featuredmedia":[{"embeddable":true,"href":"https:\/\/bahiaeconomica.com.br\/wp\/wp-json\/wp\/v2\/media\/990723"}],"wp:attachment":[{"href":"https:\/\/bahiaeconomica.com.br\/wp\/wp-json\/wp\/v2\/media?parent=990719"}],"wp:term":[{"taxonomy":"category","embeddable":true,"href":"https:\/\/bahiaeconomica.com.br\/wp\/wp-json\/wp\/v2\/categories?post=990719"},{"taxonomy":"post_tag","embeddable":true,"href":"https:\/\/bahiaeconomica.com.br\/wp\/wp-json\/wp\/v2\/tags?post=990719"}],"curies":[{"name":"wp","href":"https:\/\/api.w.org\/{rel}","templated":true}]}}