{"id":988458,"date":"2026-04-14T15:01:56","date_gmt":"2026-04-14T18:01:56","guid":{"rendered":"https:\/\/bahiaeconomica.com.br\/wp\/?p=988458"},"modified":"2026-04-15T07:36:23","modified_gmt":"2026-04-15T10:36:23","slug":"alba-em-mocao-deputado-robinson-lamenta-morte-do-jornalista-antonio-jose-laranjeira","status":"publish","type":"post","link":"https:\/\/bahiaeconomica.com.br\/wp\/2026\/04\/14\/alba-em-mocao-deputado-robinson-lamenta-morte-do-jornalista-antonio-jose-laranjeira\/","title":{"rendered":"ALBA: EM MO\u00c7\u00c3O, DEPUTADO LAMENTA MORTE DO JORNALISTA ANT\u00d4NIO JOS\u00c9 LARANJEIRA"},"content":{"rendered":"<p>O presidente da Comiss\u00e3o de Constitui\u00e7\u00e3o e Justi\u00e7a (CCJ) da Assembleia Legislativa, deputado estadual Robinson Almeida (PT), apresentou, nesta ter\u00e7a-feira (14), uma mo\u00e7\u00e3o de pesar pelo falecimento do jornalista Ant\u00f4nio Jos\u00e9 Larangeira, ocorrido aos 81 anos, em Feira de Santana. Ao registrar a homenagem, o parlamentar destacou a relev\u00e2ncia da trajet\u00f3ria do comunicador e afirmou que a Bahia \u201cperde uma refer\u00eancia na comunica\u00e7\u00e3o\u201d.<\/p>\n<p>Ex-secret\u00e1rio de Comunica\u00e7\u00e3o, o deputado Robinson Almeida ressaltou, na mo\u00e7\u00e3o, a contribui\u00e7\u00e3o de Larangeira ao longo de mais de seis d\u00e9cadas de atua\u00e7\u00e3o na imprensa baiana, com forte presen\u00e7a no colunismo social e na cobertura de temas pol\u00edticos, sociais e culturais. \u201cSua trajet\u00f3ria \u00e9 marcada pela dedica\u00e7\u00e3o, pela credibilidade e pelo compromisso com a comunica\u00e7\u00e3o p\u00fablica\u201d, pontuou.<\/p>\n<p>Natural de Santo Amaro, o jornalista iniciou sua vida profissional como banc\u00e1rio e era formado em Administra\u00e7\u00e3o antes de ingressar na comunica\u00e7\u00e3o. Os primeiros passos no jornalismo ocorreram na Folha do Norte, em Feira de Santana, cidade onde consolidou sua carreira e se tornou refer\u00eancia no segmento.<\/p>\n<p>Ao longo da carreira, passou por ve\u00edculos como o Di\u00e1rio de Not\u00edcias, a Tribuna da Bahia e o jornal A Tarde, onde atuou por mais de 30 anos, chegando ao cargo de chefe de sucursal no interior. Segundo o deputado, essa atua\u00e7\u00e3o foi determinante para fortalecer a cobertura jornal\u00edstica fora da capital e ampliar a presen\u00e7a editorial no interior do estado.<\/p>\n<p>Robinson tamb\u00e9m destacou que Larangeira manteve atua\u00e7\u00e3o ativa at\u00e9 os \u00faltimos anos de vida, com participa\u00e7\u00f5es em diferentes plataformas, incluindo televis\u00e3o e colunas regulares, como a que mantinha no Jornal Grande Bahia, em Feira de Santana. \u201cEle ajudou a registrar e interpretar a din\u00e2mica social da Bahia, especialmente em Feira de Santana e em Salvador, contribuindo para preservar a mem\u00f3ria de gera\u00e7\u00f5es\u201d, afirmou.<\/p>\n<p>O jornalista estava internado h\u00e1 cerca de 20 dias no Hospital Incardio, ap\u00f3s complica\u00e7\u00f5es decorrentes de um AVC isqu\u00eamico sofrido em 29 de abril de 2024. O quadro cl\u00ednico evoluiu at\u00e9 o falecimento, confirmado na manh\u00e3 desta segunda-feira.<\/p>\n<p>Ant\u00f4nio Jos\u00e9 Larangeira deixa familiares de dois n\u00facleos conjugais. Era casado com Arquideia Oliveira Costa Larangeira, com quem teve as filhas Ingrid Marya Costa Larangeira Ara\u00fajo e Angel Costa Larangeira. Tamb\u00e9m deixa filhos do relacionamento anterior com F\u00e1tima Larangeira: Silvia Mar\u00edlia Larangeira Mascarenhas, Ant\u00f4nio Jos\u00e9 Larangeira Filho e Priscila Larangeira.<\/p>\n<p>Na mo\u00e7\u00e3o, o parlamentar manifestou solidariedade aos familiares, amigos e colegas de profiss\u00e3o, destacando o legado deixado pelo jornalista para a comunica\u00e7\u00e3o baiana. \u201cQue sua hist\u00f3ria permane\u00e7a viva como refer\u00eancia para o jornalismo e como contribui\u00e7\u00e3o para a sociedade baiana\u201d, concluiu Robinson Almeida.<\/p>\n","protected":false},"excerpt":{"rendered":"<p>O presidente da Comiss\u00e3o de Constitui\u00e7\u00e3o e Justi\u00e7a (CCJ) da Assembleia Legislativa, deputado estadual Robinson Almeida (PT), apresentou, nesta ter\u00e7a-feira (14), uma mo\u00e7\u00e3o de pesar pelo falecimento do jornalista Ant\u00f4nio Jos\u00e9 Larangeira, ocorrido aos 81 anos, em Feira de Santana. Ao registrar a homenagem, o parlamentar destacou a relev\u00e2ncia da trajet\u00f3ria do comunicador e afirmou [&hellip;]<\/p>\n","protected":false},"author":8,"featured_media":988459,"comment_status":"closed","ping_status":"closed","sticky":false,"template":"","format":"standard","meta":[],"categories":[14601],"tags":[52,826,100],"acf":[],"yoast_head":"<!-- This site is optimized with the Yoast SEO plugin v20.8 - https:\/\/yoast.com\/wordpress\/plugins\/seo\/ -->\n<title>ALBA: EM MO\u00c7\u00c3O, DEPUTADO LAMENTA MORTE DO JORNALISTA ANT\u00d4NIO JOS\u00c9 LARANJEIRA - Bahia Economica<\/title>\n<meta name=\"description\" content=\"O maior portal de Economia da Bahia Pol\u00edtica Bahia Economica O presidente da Comiss\u00e3o de Constitui\u00e7\u00e3o e Justi\u00e7a (CCJ) da Assembleia\" \/>\n<meta name=\"robots\" content=\"index, follow, max-snippet:-1, max-image-preview:large, max-video-preview:-1\" \/>\n<link rel=\"canonical\" href=\"https:\/\/bahiaeconomica.com.br\/wp\/2026\/04\/14\/alba-em-mocao-deputado-robinson-lamenta-morte-do-jornalista-antonio-jose-laranjeira\/\" \/>\n<meta property=\"og:locale\" content=\"pt_BR\" \/>\n<meta property=\"og:type\" content=\"article\" \/>\n<meta property=\"og:title\" content=\"ALBA: EM MO\u00c7\u00c3O, DEPUTADO LAMENTA MORTE DO JORNALISTA ANT\u00d4NIO JOS\u00c9 LARANJEIRA - Bahia Economica\" \/>\n<meta property=\"og:description\" content=\"O maior portal de Economia da Bahia Pol\u00edtica Bahia Economica O presidente da Comiss\u00e3o de Constitui\u00e7\u00e3o e Justi\u00e7a (CCJ) da Assembleia\" \/>\n<meta property=\"og:url\" content=\"https:\/\/bahiaeconomica.com.br\/wp\/2026\/04\/14\/alba-em-mocao-deputado-robinson-lamenta-morte-do-jornalista-antonio-jose-laranjeira\/\" \/>\n<meta property=\"og:site_name\" content=\"Bahia Economica\" \/>\n<meta property=\"article:publisher\" content=\"https:\/\/www.facebook.com\/bahiaeconomica\" \/>\n<meta property=\"article:published_time\" content=\"2026-04-14T18:01:56+00:00\" \/>\n<meta property=\"article:modified_time\" content=\"2026-04-15T10:36:23+00:00\" \/>\n<meta property=\"og:image\" content=\"https:\/\/bahiaeconomica.com.br\/wp\/wp-content\/uploads\/2026\/04\/WhatsApp-Image-2026-04-14-at-15.36.28.jpeg\" \/>\n\t<meta property=\"og:image:width\" content=\"950\" \/>\n\t<meta property=\"og:image:height\" content=\"534\" \/>\n\t<meta property=\"og:image:type\" content=\"image\/jpeg\" \/>\n<meta name=\"author\" content=\"JP\" \/>\n<meta name=\"twitter:card\" content=\"summary_large_image\" \/>\n<meta name=\"twitter:label1\" content=\"Escrito por\" \/>\n\t<meta name=\"twitter:data1\" content=\"JP\" \/>\n\t<meta name=\"twitter:label2\" content=\"Est. tempo de leitura\" \/>\n\t<meta name=\"twitter:data2\" content=\"3 minutos\" \/>\n<script type=\"application\/ld+json\" class=\"yoast-schema-graph\">{\"@context\":\"https:\/\/schema.org\",\"@graph\":[{\"@type\":\"Article\",\"@id\":\"https:\/\/bahiaeconomica.com.br\/wp\/2026\/04\/14\/alba-em-mocao-deputado-robinson-lamenta-morte-do-jornalista-antonio-jose-laranjeira\/#article\",\"isPartOf\":{\"@id\":\"https:\/\/bahiaeconomica.com.br\/wp\/2026\/04\/14\/alba-em-mocao-deputado-robinson-lamenta-morte-do-jornalista-antonio-jose-laranjeira\/\"},\"author\":{\"name\":\"JP\",\"@id\":\"https:\/\/bahiaeconomica.com.br\/wp\/#\/schema\/person\/c86d3a3f8960425a0f9d0e5245991f4e\"},\"headline\":\"ALBA: EM MO\u00c7\u00c3O, DEPUTADO LAMENTA MORTE DO JORNALISTA ANT\u00d4NIO JOS\u00c9 LARANJEIRA\",\"datePublished\":\"2026-04-14T18:01:56+00:00\",\"dateModified\":\"2026-04-15T10:36:23+00:00\",\"mainEntityOfPage\":{\"@id\":\"https:\/\/bahiaeconomica.com.br\/wp\/2026\/04\/14\/alba-em-mocao-deputado-robinson-lamenta-morte-do-jornalista-antonio-jose-laranjeira\/\"},\"wordCount\":485,\"publisher\":{\"@id\":\"https:\/\/bahiaeconomica.com.br\/wp\/#organization\"},\"keywords\":[\"Brasil\",\"deputado\",\"Pol\u00edtica\"],\"articleSection\":[\"Pol\u00edtica\"],\"inLanguage\":\"pt-BR\"},{\"@type\":\"WebPage\",\"@id\":\"https:\/\/bahiaeconomica.com.br\/wp\/2026\/04\/14\/alba-em-mocao-deputado-robinson-lamenta-morte-do-jornalista-antonio-jose-laranjeira\/\",\"url\":\"https:\/\/bahiaeconomica.com.br\/wp\/2026\/04\/14\/alba-em-mocao-deputado-robinson-lamenta-morte-do-jornalista-antonio-jose-laranjeira\/\",\"name\":\"ALBA: EM MO\u00c7\u00c3O, DEPUTADO LAMENTA MORTE DO JORNALISTA ANT\u00d4NIO JOS\u00c9 LARANJEIRA - Bahia Economica\",\"isPartOf\":{\"@id\":\"https:\/\/bahiaeconomica.com.br\/wp\/#website\"},\"datePublished\":\"2026-04-14T18:01:56+00:00\",\"dateModified\":\"2026-04-15T10:36:23+00:00\",\"description\":\"O maior portal de Economia da Bahia Pol\u00edtica Bahia Economica O presidente da Comiss\u00e3o de Constitui\u00e7\u00e3o e Justi\u00e7a (CCJ) da Assembleia\",\"breadcrumb\":{\"@id\":\"https:\/\/bahiaeconomica.com.br\/wp\/2026\/04\/14\/alba-em-mocao-deputado-robinson-lamenta-morte-do-jornalista-antonio-jose-laranjeira\/#breadcrumb\"},\"inLanguage\":\"pt-BR\",\"potentialAction\":[{\"@type\":\"ReadAction\",\"target\":[\"https:\/\/bahiaeconomica.com.br\/wp\/2026\/04\/14\/alba-em-mocao-deputado-robinson-lamenta-morte-do-jornalista-antonio-jose-laranjeira\/\"]}]},{\"@type\":\"BreadcrumbList\",\"@id\":\"https:\/\/bahiaeconomica.com.br\/wp\/2026\/04\/14\/alba-em-mocao-deputado-robinson-lamenta-morte-do-jornalista-antonio-jose-laranjeira\/#breadcrumb\",\"itemListElement\":[{\"@type\":\"ListItem\",\"position\":1,\"name\":\"In\u00edcio\",\"item\":\"https:\/\/bahiaeconomica.com.br\/wp\/\"},{\"@type\":\"ListItem\",\"position\":2,\"name\":\"ALBA: EM MO\u00c7\u00c3O, DEPUTADO LAMENTA MORTE DO JORNALISTA ANT\u00d4NIO JOS\u00c9 LARANJEIRA\"}]},{\"@type\":\"WebSite\",\"@id\":\"https:\/\/bahiaeconomica.com.br\/wp\/#website\",\"url\":\"https:\/\/bahiaeconomica.com.br\/wp\/\",\"name\":\"Bahia Economica\",\"description\":\"O maior portal de Economia da Bahia\",\"publisher\":{\"@id\":\"https:\/\/bahiaeconomica.com.br\/wp\/#organization\"},\"potentialAction\":[{\"@type\":\"SearchAction\",\"target\":{\"@type\":\"EntryPoint\",\"urlTemplate\":\"https:\/\/bahiaeconomica.com.br\/wp\/?s={search_term_string}\"},\"query-input\":\"required name=search_term_string\"}],\"inLanguage\":\"pt-BR\"},{\"@type\":\"Organization\",\"@id\":\"https:\/\/bahiaeconomica.com.br\/wp\/#organization\",\"name\":\"Bahia Econ\u00f4mica\",\"url\":\"https:\/\/bahiaeconomica.com.br\/wp\/\",\"logo\":{\"@type\":\"ImageObject\",\"inLanguage\":\"pt-BR\",\"@id\":\"https:\/\/bahiaeconomica.com.br\/wp\/#\/schema\/logo\/image\/\",\"url\":\"https:\/\/bahiaeconomica.com.br\/wp\/wp-content\/uploads\/2020\/12\/cropped-BE.png\",\"contentUrl\":\"https:\/\/bahiaeconomica.com.br\/wp\/wp-content\/uploads\/2020\/12\/cropped-BE.png\",\"width\":512,\"height\":512,\"caption\":\"Bahia Econ\u00f4mica\"},\"image\":{\"@id\":\"https:\/\/bahiaeconomica.com.br\/wp\/#\/schema\/logo\/image\/\"},\"sameAs\":[\"https:\/\/www.facebook.com\/bahiaeconomica\"]},{\"@type\":\"Person\",\"@id\":\"https:\/\/bahiaeconomica.com.br\/wp\/#\/schema\/person\/c86d3a3f8960425a0f9d0e5245991f4e\",\"name\":\"JP\",\"sameAs\":[\"https:\/\/bahiaeconomica.com.br\/wp\/beta\/\"],\"url\":\"https:\/\/bahiaeconomica.com.br\/wp\/author\/jp\/\"}]}<\/script>\n<!-- \/ Yoast SEO plugin. -->","yoast_head_json":{"title":"ALBA: EM MO\u00c7\u00c3O, DEPUTADO LAMENTA MORTE DO JORNALISTA ANT\u00d4NIO JOS\u00c9 LARANJEIRA - Bahia Economica","description":"O maior portal de Economia da Bahia Pol\u00edtica Bahia Economica O presidente da Comiss\u00e3o de Constitui\u00e7\u00e3o e Justi\u00e7a (CCJ) da Assembleia","robots":{"index":"index","follow":"follow","max-snippet":"max-snippet:-1","max-image-preview":"max-image-preview:large","max-video-preview":"max-video-preview:-1"},"canonical":"https:\/\/bahiaeconomica.com.br\/wp\/2026\/04\/14\/alba-em-mocao-deputado-robinson-lamenta-morte-do-jornalista-antonio-jose-laranjeira\/","og_locale":"pt_BR","og_type":"article","og_title":"ALBA: EM MO\u00c7\u00c3O, DEPUTADO LAMENTA MORTE DO JORNALISTA ANT\u00d4NIO JOS\u00c9 LARANJEIRA - Bahia Economica","og_description":"O maior portal de Economia da Bahia Pol\u00edtica Bahia Economica O presidente da Comiss\u00e3o de Constitui\u00e7\u00e3o e Justi\u00e7a (CCJ) da Assembleia","og_url":"https:\/\/bahiaeconomica.com.br\/wp\/2026\/04\/14\/alba-em-mocao-deputado-robinson-lamenta-morte-do-jornalista-antonio-jose-laranjeira\/","og_site_name":"Bahia Economica","article_publisher":"https:\/\/www.facebook.com\/bahiaeconomica","article_published_time":"2026-04-14T18:01:56+00:00","article_modified_time":"2026-04-15T10:36:23+00:00","og_image":[{"width":950,"height":534,"url":"https:\/\/bahiaeconomica.com.br\/wp\/wp-content\/uploads\/2026\/04\/WhatsApp-Image-2026-04-14-at-15.36.28.jpeg","type":"image\/jpeg"}],"author":"JP","twitter_card":"summary_large_image","twitter_misc":{"Escrito por":"JP","Est. tempo de leitura":"3 minutos"},"schema":{"@context":"https:\/\/schema.org","@graph":[{"@type":"Article","@id":"https:\/\/bahiaeconomica.com.br\/wp\/2026\/04\/14\/alba-em-mocao-deputado-robinson-lamenta-morte-do-jornalista-antonio-jose-laranjeira\/#article","isPartOf":{"@id":"https:\/\/bahiaeconomica.com.br\/wp\/2026\/04\/14\/alba-em-mocao-deputado-robinson-lamenta-morte-do-jornalista-antonio-jose-laranjeira\/"},"author":{"name":"JP","@id":"https:\/\/bahiaeconomica.com.br\/wp\/#\/schema\/person\/c86d3a3f8960425a0f9d0e5245991f4e"},"headline":"ALBA: EM MO\u00c7\u00c3O, DEPUTADO LAMENTA MORTE DO JORNALISTA ANT\u00d4NIO JOS\u00c9 LARANJEIRA","datePublished":"2026-04-14T18:01:56+00:00","dateModified":"2026-04-15T10:36:23+00:00","mainEntityOfPage":{"@id":"https:\/\/bahiaeconomica.com.br\/wp\/2026\/04\/14\/alba-em-mocao-deputado-robinson-lamenta-morte-do-jornalista-antonio-jose-laranjeira\/"},"wordCount":485,"publisher":{"@id":"https:\/\/bahiaeconomica.com.br\/wp\/#organization"},"keywords":["Brasil","deputado","Pol\u00edtica"],"articleSection":["Pol\u00edtica"],"inLanguage":"pt-BR"},{"@type":"WebPage","@id":"https:\/\/bahiaeconomica.com.br\/wp\/2026\/04\/14\/alba-em-mocao-deputado-robinson-lamenta-morte-do-jornalista-antonio-jose-laranjeira\/","url":"https:\/\/bahiaeconomica.com.br\/wp\/2026\/04\/14\/alba-em-mocao-deputado-robinson-lamenta-morte-do-jornalista-antonio-jose-laranjeira\/","name":"ALBA: EM MO\u00c7\u00c3O, DEPUTADO LAMENTA MORTE DO JORNALISTA ANT\u00d4NIO JOS\u00c9 LARANJEIRA - Bahia Economica","isPartOf":{"@id":"https:\/\/bahiaeconomica.com.br\/wp\/#website"},"datePublished":"2026-04-14T18:01:56+00:00","dateModified":"2026-04-15T10:36:23+00:00","description":"O maior portal de Economia da Bahia Pol\u00edtica Bahia Economica O presidente da Comiss\u00e3o de Constitui\u00e7\u00e3o e Justi\u00e7a (CCJ) da Assembleia","breadcrumb":{"@id":"https:\/\/bahiaeconomica.com.br\/wp\/2026\/04\/14\/alba-em-mocao-deputado-robinson-lamenta-morte-do-jornalista-antonio-jose-laranjeira\/#breadcrumb"},"inLanguage":"pt-BR","potentialAction":[{"@type":"ReadAction","target":["https:\/\/bahiaeconomica.com.br\/wp\/2026\/04\/14\/alba-em-mocao-deputado-robinson-lamenta-morte-do-jornalista-antonio-jose-laranjeira\/"]}]},{"@type":"BreadcrumbList","@id":"https:\/\/bahiaeconomica.com.br\/wp\/2026\/04\/14\/alba-em-mocao-deputado-robinson-lamenta-morte-do-jornalista-antonio-jose-laranjeira\/#breadcrumb","itemListElement":[{"@type":"ListItem","position":1,"name":"In\u00edcio","item":"https:\/\/bahiaeconomica.com.br\/wp\/"},{"@type":"ListItem","position":2,"name":"ALBA: EM MO\u00c7\u00c3O, DEPUTADO LAMENTA MORTE DO JORNALISTA ANT\u00d4NIO JOS\u00c9 LARANJEIRA"}]},{"@type":"WebSite","@id":"https:\/\/bahiaeconomica.com.br\/wp\/#website","url":"https:\/\/bahiaeconomica.com.br\/wp\/","name":"Bahia Economica","description":"O maior portal de Economia da Bahia","publisher":{"@id":"https:\/\/bahiaeconomica.com.br\/wp\/#organization"},"potentialAction":[{"@type":"SearchAction","target":{"@type":"EntryPoint","urlTemplate":"https:\/\/bahiaeconomica.com.br\/wp\/?s={search_term_string}"},"query-input":"required name=search_term_string"}],"inLanguage":"pt-BR"},{"@type":"Organization","@id":"https:\/\/bahiaeconomica.com.br\/wp\/#organization","name":"Bahia Econ\u00f4mica","url":"https:\/\/bahiaeconomica.com.br\/wp\/","logo":{"@type":"ImageObject","inLanguage":"pt-BR","@id":"https:\/\/bahiaeconomica.com.br\/wp\/#\/schema\/logo\/image\/","url":"https:\/\/bahiaeconomica.com.br\/wp\/wp-content\/uploads\/2020\/12\/cropped-BE.png","contentUrl":"https:\/\/bahiaeconomica.com.br\/wp\/wp-content\/uploads\/2020\/12\/cropped-BE.png","width":512,"height":512,"caption":"Bahia Econ\u00f4mica"},"image":{"@id":"https:\/\/bahiaeconomica.com.br\/wp\/#\/schema\/logo\/image\/"},"sameAs":["https:\/\/www.facebook.com\/bahiaeconomica"]},{"@type":"Person","@id":"https:\/\/bahiaeconomica.com.br\/wp\/#\/schema\/person\/c86d3a3f8960425a0f9d0e5245991f4e","name":"JP","sameAs":["https:\/\/bahiaeconomica.com.br\/wp\/beta\/"],"url":"https:\/\/bahiaeconomica.com.br\/wp\/author\/jp\/"}]}},"views":3,"_links":{"self":[{"href":"https:\/\/bahiaeconomica.com.br\/wp\/wp-json\/wp\/v2\/posts\/988458"}],"collection":[{"href":"https:\/\/bahiaeconomica.com.br\/wp\/wp-json\/wp\/v2\/posts"}],"about":[{"href":"https:\/\/bahiaeconomica.com.br\/wp\/wp-json\/wp\/v2\/types\/post"}],"author":[{"embeddable":true,"href":"https:\/\/bahiaeconomica.com.br\/wp\/wp-json\/wp\/v2\/users\/8"}],"replies":[{"embeddable":true,"href":"https:\/\/bahiaeconomica.com.br\/wp\/wp-json\/wp\/v2\/comments?post=988458"}],"version-history":[{"count":2,"href":"https:\/\/bahiaeconomica.com.br\/wp\/wp-json\/wp\/v2\/posts\/988458\/revisions"}],"predecessor-version":[{"id":988509,"href":"https:\/\/bahiaeconomica.com.br\/wp\/wp-json\/wp\/v2\/posts\/988458\/revisions\/988509"}],"wp:featuredmedia":[{"embeddable":true,"href":"https:\/\/bahiaeconomica.com.br\/wp\/wp-json\/wp\/v2\/media\/988459"}],"wp:attachment":[{"href":"https:\/\/bahiaeconomica.com.br\/wp\/wp-json\/wp\/v2\/media?parent=988458"}],"wp:term":[{"taxonomy":"category","embeddable":true,"href":"https:\/\/bahiaeconomica.com.br\/wp\/wp-json\/wp\/v2\/categories?post=988458"},{"taxonomy":"post_tag","embeddable":true,"href":"https:\/\/bahiaeconomica.com.br\/wp\/wp-json\/wp\/v2\/tags?post=988458"}],"curies":[{"name":"wp","href":"https:\/\/api.w.org\/{rel}","templated":true}]}}