{"id":986402,"date":"2026-04-06T15:00:17","date_gmt":"2026-04-06T18:00:17","guid":{"rendered":"https:\/\/bahiaeconomica.com.br\/wp\/?p=986402"},"modified":"2026-04-06T20:56:04","modified_gmt":"2026-04-06T23:56:04","slug":"lucas-reis-destaca-fortalecimento-do-pt-com-retorno-de-angelo-almeida-ao-partido","status":"publish","type":"post","link":"https:\/\/bahiaeconomica.com.br\/wp\/2026\/04\/06\/lucas-reis-destaca-fortalecimento-do-pt-com-retorno-de-angelo-almeida-ao-partido\/","title":{"rendered":"LUCAS REIS DESTACA FORTALECIMENTO DO PT COM RETORNO DE \u00c2NGELO ALMEIDA AO PARTIDO"},"content":{"rendered":"<p>O chefe de gabinete do senador Jaques Wagner e pr\u00e9-candidato a deputado federal, Lucas Reis, destacou a import\u00e2ncia da filia\u00e7\u00e3o do deputado estadual \u00c2ngelo Almeida ao Partido dos Trabalhadores, refor\u00e7ando o campo pol\u00edtico da esquerda na Bahia. Para Lucas, o retorno de \u00c2ngelo ao PT representa um movimento estrat\u00e9gico e coerente com sua trajet\u00f3ria de luta e compromisso com o povo baiano.<\/p>\n<p>\u201c\u00c2ngelo tem tudo a ver com o projeto pol\u00edtico do Partido dos Trabalhadores. Temos ao nosso lado um grande companheiro, com uma caminhada constru\u00edda no campo da esquerda e uma atua\u00e7\u00e3o muito importante no governo da Bahia. Estamos todos bastante satisfeitos com o seu retorno\u201d, afirmou.<\/p>\n<p>Segundo Lucas, a chegada de \u00c2ngelo Almeida fortalece a t\u00e1tica eleitoral e a estrat\u00e9gia pol\u00edtica da federa\u00e7\u00e3o Brasil da Esperan\u00e7a para as elei\u00e7\u00f5es de 2026. A avalia\u00e7\u00e3o \u00e9 de que sua candidatura ter\u00e1 um desempenho expressivo, ampliando a presen\u00e7a do partido nos territ\u00f3rios e consolidando ainda mais o projeto pol\u00edtico liderado pelo PT no estado.<\/p>\n<p>Para o pr\u00e9-candidato, o momento refor\u00e7a a unidade e a capacidade de articula\u00e7\u00e3o do partido na constru\u00e7\u00e3o de um projeto coletivo. \u201cTenho certeza de que \u00c2ngelo chega para somar ainda mais na nossa caminhada, fortalecendo esse projeto da Bahia no rumo certo\u201d, completou.<\/p>\n","protected":false},"excerpt":{"rendered":"<p>O chefe de gabinete do senador Jaques Wagner e pr\u00e9-candidato a deputado federal, Lucas Reis, destacou a import\u00e2ncia da filia\u00e7\u00e3o do deputado estadual \u00c2ngelo Almeida ao Partido dos Trabalhadores, refor\u00e7ando o campo pol\u00edtico da esquerda na Bahia. Para Lucas, o retorno de \u00c2ngelo ao PT representa um movimento estrat\u00e9gico e coerente com sua trajet\u00f3ria de [&hellip;]<\/p>\n","protected":false},"author":8,"featured_media":986403,"comment_status":"closed","ping_status":"closed","sticky":false,"template":"","format":"standard","meta":[],"categories":[5],"tags":[],"acf":[],"yoast_head":"<!-- This site is optimized with the Yoast SEO plugin v20.8 - https:\/\/yoast.com\/wordpress\/plugins\/seo\/ -->\n<title>LUCAS REIS DESTACA FORTALECIMENTO DO PT COM RETORNO DE \u00c2NGELO ALMEIDA AO PARTIDO - Bahia Economica<\/title>\n<meta name=\"description\" content=\"O maior portal de Economia da Bahia MUNIC\u00cdPIOS Bahia Economica O chefe de gabinete do senador Jaques Wagner e pr\u00e9-candidato a deputado federal,\" \/>\n<meta name=\"robots\" content=\"index, follow, max-snippet:-1, max-image-preview:large, max-video-preview:-1\" \/>\n<link rel=\"canonical\" href=\"https:\/\/bahiaeconomica.com.br\/wp\/2026\/04\/06\/lucas-reis-destaca-fortalecimento-do-pt-com-retorno-de-angelo-almeida-ao-partido\/\" \/>\n<meta property=\"og:locale\" content=\"pt_BR\" \/>\n<meta property=\"og:type\" content=\"article\" \/>\n<meta property=\"og:title\" content=\"LUCAS REIS DESTACA FORTALECIMENTO DO PT COM RETORNO DE \u00c2NGELO ALMEIDA AO PARTIDO - Bahia Economica\" \/>\n<meta property=\"og:description\" content=\"O maior portal de Economia da Bahia MUNIC\u00cdPIOS Bahia Economica O chefe de gabinete do senador Jaques Wagner e pr\u00e9-candidato a deputado federal,\" \/>\n<meta property=\"og:url\" content=\"https:\/\/bahiaeconomica.com.br\/wp\/2026\/04\/06\/lucas-reis-destaca-fortalecimento-do-pt-com-retorno-de-angelo-almeida-ao-partido\/\" \/>\n<meta property=\"og:site_name\" content=\"Bahia Economica\" \/>\n<meta property=\"article:publisher\" content=\"https:\/\/www.facebook.com\/bahiaeconomica\" \/>\n<meta property=\"article:published_time\" content=\"2026-04-06T18:00:17+00:00\" \/>\n<meta property=\"article:modified_time\" content=\"2026-04-06T23:56:04+00:00\" \/>\n<meta property=\"og:image\" content=\"https:\/\/bahiaeconomica.com.br\/wp\/wp-content\/uploads\/2026\/04\/WhatsApp-Image-2026-04-06-at-18.54.37.jpeg\" \/>\n\t<meta property=\"og:image:width\" content=\"1170\" \/>\n\t<meta property=\"og:image:height\" content=\"1457\" \/>\n\t<meta property=\"og:image:type\" content=\"image\/jpeg\" \/>\n<meta name=\"author\" content=\"JP\" \/>\n<meta name=\"twitter:card\" content=\"summary_large_image\" \/>\n<meta name=\"twitter:label1\" content=\"Escrito por\" \/>\n\t<meta name=\"twitter:data1\" content=\"JP\" \/>\n\t<meta name=\"twitter:label2\" content=\"Est. tempo de leitura\" \/>\n\t<meta name=\"twitter:data2\" content=\"2 minutos\" \/>\n<script type=\"application\/ld+json\" class=\"yoast-schema-graph\">{\"@context\":\"https:\/\/schema.org\",\"@graph\":[{\"@type\":\"Article\",\"@id\":\"https:\/\/bahiaeconomica.com.br\/wp\/2026\/04\/06\/lucas-reis-destaca-fortalecimento-do-pt-com-retorno-de-angelo-almeida-ao-partido\/#article\",\"isPartOf\":{\"@id\":\"https:\/\/bahiaeconomica.com.br\/wp\/2026\/04\/06\/lucas-reis-destaca-fortalecimento-do-pt-com-retorno-de-angelo-almeida-ao-partido\/\"},\"author\":{\"name\":\"JP\",\"@id\":\"https:\/\/bahiaeconomica.com.br\/wp\/#\/schema\/person\/c86d3a3f8960425a0f9d0e5245991f4e\"},\"headline\":\"LUCAS REIS DESTACA FORTALECIMENTO DO PT COM RETORNO DE \u00c2NGELO ALMEIDA AO PARTIDO\",\"datePublished\":\"2026-04-06T18:00:17+00:00\",\"dateModified\":\"2026-04-06T23:56:04+00:00\",\"mainEntityOfPage\":{\"@id\":\"https:\/\/bahiaeconomica.com.br\/wp\/2026\/04\/06\/lucas-reis-destaca-fortalecimento-do-pt-com-retorno-de-angelo-almeida-ao-partido\/\"},\"wordCount\":241,\"publisher\":{\"@id\":\"https:\/\/bahiaeconomica.com.br\/wp\/#organization\"},\"articleSection\":[\"MUNIC\u00cdPIOS\"],\"inLanguage\":\"pt-BR\"},{\"@type\":\"WebPage\",\"@id\":\"https:\/\/bahiaeconomica.com.br\/wp\/2026\/04\/06\/lucas-reis-destaca-fortalecimento-do-pt-com-retorno-de-angelo-almeida-ao-partido\/\",\"url\":\"https:\/\/bahiaeconomica.com.br\/wp\/2026\/04\/06\/lucas-reis-destaca-fortalecimento-do-pt-com-retorno-de-angelo-almeida-ao-partido\/\",\"name\":\"LUCAS REIS DESTACA FORTALECIMENTO DO PT COM RETORNO DE \u00c2NGELO ALMEIDA AO PARTIDO - Bahia Economica\",\"isPartOf\":{\"@id\":\"https:\/\/bahiaeconomica.com.br\/wp\/#website\"},\"datePublished\":\"2026-04-06T18:00:17+00:00\",\"dateModified\":\"2026-04-06T23:56:04+00:00\",\"description\":\"O maior portal de Economia da Bahia MUNIC\u00cdPIOS Bahia Economica O chefe de gabinete do senador Jaques Wagner e pr\u00e9-candidato a deputado federal,\",\"breadcrumb\":{\"@id\":\"https:\/\/bahiaeconomica.com.br\/wp\/2026\/04\/06\/lucas-reis-destaca-fortalecimento-do-pt-com-retorno-de-angelo-almeida-ao-partido\/#breadcrumb\"},\"inLanguage\":\"pt-BR\",\"potentialAction\":[{\"@type\":\"ReadAction\",\"target\":[\"https:\/\/bahiaeconomica.com.br\/wp\/2026\/04\/06\/lucas-reis-destaca-fortalecimento-do-pt-com-retorno-de-angelo-almeida-ao-partido\/\"]}]},{\"@type\":\"BreadcrumbList\",\"@id\":\"https:\/\/bahiaeconomica.com.br\/wp\/2026\/04\/06\/lucas-reis-destaca-fortalecimento-do-pt-com-retorno-de-angelo-almeida-ao-partido\/#breadcrumb\",\"itemListElement\":[{\"@type\":\"ListItem\",\"position\":1,\"name\":\"In\u00edcio\",\"item\":\"https:\/\/bahiaeconomica.com.br\/wp\/\"},{\"@type\":\"ListItem\",\"position\":2,\"name\":\"LUCAS REIS DESTACA FORTALECIMENTO DO PT COM RETORNO DE \u00c2NGELO ALMEIDA AO PARTIDO\"}]},{\"@type\":\"WebSite\",\"@id\":\"https:\/\/bahiaeconomica.com.br\/wp\/#website\",\"url\":\"https:\/\/bahiaeconomica.com.br\/wp\/\",\"name\":\"Bahia Economica\",\"description\":\"O maior portal de Economia da Bahia\",\"publisher\":{\"@id\":\"https:\/\/bahiaeconomica.com.br\/wp\/#organization\"},\"potentialAction\":[{\"@type\":\"SearchAction\",\"target\":{\"@type\":\"EntryPoint\",\"urlTemplate\":\"https:\/\/bahiaeconomica.com.br\/wp\/?s={search_term_string}\"},\"query-input\":\"required name=search_term_string\"}],\"inLanguage\":\"pt-BR\"},{\"@type\":\"Organization\",\"@id\":\"https:\/\/bahiaeconomica.com.br\/wp\/#organization\",\"name\":\"Bahia Econ\u00f4mica\",\"url\":\"https:\/\/bahiaeconomica.com.br\/wp\/\",\"logo\":{\"@type\":\"ImageObject\",\"inLanguage\":\"pt-BR\",\"@id\":\"https:\/\/bahiaeconomica.com.br\/wp\/#\/schema\/logo\/image\/\",\"url\":\"https:\/\/bahiaeconomica.com.br\/wp\/wp-content\/uploads\/2020\/12\/cropped-BE.png\",\"contentUrl\":\"https:\/\/bahiaeconomica.com.br\/wp\/wp-content\/uploads\/2020\/12\/cropped-BE.png\",\"width\":512,\"height\":512,\"caption\":\"Bahia Econ\u00f4mica\"},\"image\":{\"@id\":\"https:\/\/bahiaeconomica.com.br\/wp\/#\/schema\/logo\/image\/\"},\"sameAs\":[\"https:\/\/www.facebook.com\/bahiaeconomica\"]},{\"@type\":\"Person\",\"@id\":\"https:\/\/bahiaeconomica.com.br\/wp\/#\/schema\/person\/c86d3a3f8960425a0f9d0e5245991f4e\",\"name\":\"JP\",\"sameAs\":[\"https:\/\/bahiaeconomica.com.br\/wp\/beta\/\"],\"url\":\"https:\/\/bahiaeconomica.com.br\/wp\/author\/jp\/\"}]}<\/script>\n<!-- \/ Yoast SEO plugin. -->","yoast_head_json":{"title":"LUCAS REIS DESTACA FORTALECIMENTO DO PT COM RETORNO DE \u00c2NGELO ALMEIDA AO PARTIDO - Bahia Economica","description":"O maior portal de Economia da Bahia MUNIC\u00cdPIOS Bahia Economica O chefe de gabinete do senador Jaques Wagner e pr\u00e9-candidato a deputado federal,","robots":{"index":"index","follow":"follow","max-snippet":"max-snippet:-1","max-image-preview":"max-image-preview:large","max-video-preview":"max-video-preview:-1"},"canonical":"https:\/\/bahiaeconomica.com.br\/wp\/2026\/04\/06\/lucas-reis-destaca-fortalecimento-do-pt-com-retorno-de-angelo-almeida-ao-partido\/","og_locale":"pt_BR","og_type":"article","og_title":"LUCAS REIS DESTACA FORTALECIMENTO DO PT COM RETORNO DE \u00c2NGELO ALMEIDA AO PARTIDO - Bahia Economica","og_description":"O maior portal de Economia da Bahia MUNIC\u00cdPIOS Bahia Economica O chefe de gabinete do senador Jaques Wagner e pr\u00e9-candidato a deputado federal,","og_url":"https:\/\/bahiaeconomica.com.br\/wp\/2026\/04\/06\/lucas-reis-destaca-fortalecimento-do-pt-com-retorno-de-angelo-almeida-ao-partido\/","og_site_name":"Bahia Economica","article_publisher":"https:\/\/www.facebook.com\/bahiaeconomica","article_published_time":"2026-04-06T18:00:17+00:00","article_modified_time":"2026-04-06T23:56:04+00:00","og_image":[{"width":1170,"height":1457,"url":"https:\/\/bahiaeconomica.com.br\/wp\/wp-content\/uploads\/2026\/04\/WhatsApp-Image-2026-04-06-at-18.54.37.jpeg","type":"image\/jpeg"}],"author":"JP","twitter_card":"summary_large_image","twitter_misc":{"Escrito por":"JP","Est. tempo de leitura":"2 minutos"},"schema":{"@context":"https:\/\/schema.org","@graph":[{"@type":"Article","@id":"https:\/\/bahiaeconomica.com.br\/wp\/2026\/04\/06\/lucas-reis-destaca-fortalecimento-do-pt-com-retorno-de-angelo-almeida-ao-partido\/#article","isPartOf":{"@id":"https:\/\/bahiaeconomica.com.br\/wp\/2026\/04\/06\/lucas-reis-destaca-fortalecimento-do-pt-com-retorno-de-angelo-almeida-ao-partido\/"},"author":{"name":"JP","@id":"https:\/\/bahiaeconomica.com.br\/wp\/#\/schema\/person\/c86d3a3f8960425a0f9d0e5245991f4e"},"headline":"LUCAS REIS DESTACA FORTALECIMENTO DO PT COM RETORNO DE \u00c2NGELO ALMEIDA AO PARTIDO","datePublished":"2026-04-06T18:00:17+00:00","dateModified":"2026-04-06T23:56:04+00:00","mainEntityOfPage":{"@id":"https:\/\/bahiaeconomica.com.br\/wp\/2026\/04\/06\/lucas-reis-destaca-fortalecimento-do-pt-com-retorno-de-angelo-almeida-ao-partido\/"},"wordCount":241,"publisher":{"@id":"https:\/\/bahiaeconomica.com.br\/wp\/#organization"},"articleSection":["MUNIC\u00cdPIOS"],"inLanguage":"pt-BR"},{"@type":"WebPage","@id":"https:\/\/bahiaeconomica.com.br\/wp\/2026\/04\/06\/lucas-reis-destaca-fortalecimento-do-pt-com-retorno-de-angelo-almeida-ao-partido\/","url":"https:\/\/bahiaeconomica.com.br\/wp\/2026\/04\/06\/lucas-reis-destaca-fortalecimento-do-pt-com-retorno-de-angelo-almeida-ao-partido\/","name":"LUCAS REIS DESTACA FORTALECIMENTO DO PT COM RETORNO DE \u00c2NGELO ALMEIDA AO PARTIDO - Bahia Economica","isPartOf":{"@id":"https:\/\/bahiaeconomica.com.br\/wp\/#website"},"datePublished":"2026-04-06T18:00:17+00:00","dateModified":"2026-04-06T23:56:04+00:00","description":"O maior portal de Economia da Bahia MUNIC\u00cdPIOS Bahia Economica O chefe de gabinete do senador Jaques Wagner e pr\u00e9-candidato a deputado federal,","breadcrumb":{"@id":"https:\/\/bahiaeconomica.com.br\/wp\/2026\/04\/06\/lucas-reis-destaca-fortalecimento-do-pt-com-retorno-de-angelo-almeida-ao-partido\/#breadcrumb"},"inLanguage":"pt-BR","potentialAction":[{"@type":"ReadAction","target":["https:\/\/bahiaeconomica.com.br\/wp\/2026\/04\/06\/lucas-reis-destaca-fortalecimento-do-pt-com-retorno-de-angelo-almeida-ao-partido\/"]}]},{"@type":"BreadcrumbList","@id":"https:\/\/bahiaeconomica.com.br\/wp\/2026\/04\/06\/lucas-reis-destaca-fortalecimento-do-pt-com-retorno-de-angelo-almeida-ao-partido\/#breadcrumb","itemListElement":[{"@type":"ListItem","position":1,"name":"In\u00edcio","item":"https:\/\/bahiaeconomica.com.br\/wp\/"},{"@type":"ListItem","position":2,"name":"LUCAS REIS DESTACA FORTALECIMENTO DO PT COM RETORNO DE \u00c2NGELO ALMEIDA AO PARTIDO"}]},{"@type":"WebSite","@id":"https:\/\/bahiaeconomica.com.br\/wp\/#website","url":"https:\/\/bahiaeconomica.com.br\/wp\/","name":"Bahia Economica","description":"O maior portal de Economia da Bahia","publisher":{"@id":"https:\/\/bahiaeconomica.com.br\/wp\/#organization"},"potentialAction":[{"@type":"SearchAction","target":{"@type":"EntryPoint","urlTemplate":"https:\/\/bahiaeconomica.com.br\/wp\/?s={search_term_string}"},"query-input":"required name=search_term_string"}],"inLanguage":"pt-BR"},{"@type":"Organization","@id":"https:\/\/bahiaeconomica.com.br\/wp\/#organization","name":"Bahia Econ\u00f4mica","url":"https:\/\/bahiaeconomica.com.br\/wp\/","logo":{"@type":"ImageObject","inLanguage":"pt-BR","@id":"https:\/\/bahiaeconomica.com.br\/wp\/#\/schema\/logo\/image\/","url":"https:\/\/bahiaeconomica.com.br\/wp\/wp-content\/uploads\/2020\/12\/cropped-BE.png","contentUrl":"https:\/\/bahiaeconomica.com.br\/wp\/wp-content\/uploads\/2020\/12\/cropped-BE.png","width":512,"height":512,"caption":"Bahia Econ\u00f4mica"},"image":{"@id":"https:\/\/bahiaeconomica.com.br\/wp\/#\/schema\/logo\/image\/"},"sameAs":["https:\/\/www.facebook.com\/bahiaeconomica"]},{"@type":"Person","@id":"https:\/\/bahiaeconomica.com.br\/wp\/#\/schema\/person\/c86d3a3f8960425a0f9d0e5245991f4e","name":"JP","sameAs":["https:\/\/bahiaeconomica.com.br\/wp\/beta\/"],"url":"https:\/\/bahiaeconomica.com.br\/wp\/author\/jp\/"}]}},"views":30,"_links":{"self":[{"href":"https:\/\/bahiaeconomica.com.br\/wp\/wp-json\/wp\/v2\/posts\/986402"}],"collection":[{"href":"https:\/\/bahiaeconomica.com.br\/wp\/wp-json\/wp\/v2\/posts"}],"about":[{"href":"https:\/\/bahiaeconomica.com.br\/wp\/wp-json\/wp\/v2\/types\/post"}],"author":[{"embeddable":true,"href":"https:\/\/bahiaeconomica.com.br\/wp\/wp-json\/wp\/v2\/users\/8"}],"replies":[{"embeddable":true,"href":"https:\/\/bahiaeconomica.com.br\/wp\/wp-json\/wp\/v2\/comments?post=986402"}],"version-history":[{"count":1,"href":"https:\/\/bahiaeconomica.com.br\/wp\/wp-json\/wp\/v2\/posts\/986402\/revisions"}],"predecessor-version":[{"id":986404,"href":"https:\/\/bahiaeconomica.com.br\/wp\/wp-json\/wp\/v2\/posts\/986402\/revisions\/986404"}],"wp:featuredmedia":[{"embeddable":true,"href":"https:\/\/bahiaeconomica.com.br\/wp\/wp-json\/wp\/v2\/media\/986403"}],"wp:attachment":[{"href":"https:\/\/bahiaeconomica.com.br\/wp\/wp-json\/wp\/v2\/media?parent=986402"}],"wp:term":[{"taxonomy":"category","embeddable":true,"href":"https:\/\/bahiaeconomica.com.br\/wp\/wp-json\/wp\/v2\/categories?post=986402"},{"taxonomy":"post_tag","embeddable":true,"href":"https:\/\/bahiaeconomica.com.br\/wp\/wp-json\/wp\/v2\/tags?post=986402"}],"curies":[{"name":"wp","href":"https:\/\/api.w.org\/{rel}","templated":true}]}}