{"id":986226,"date":"2025-04-06T10:15:34","date_gmt":"2025-04-06T13:15:34","guid":{"rendered":"https:\/\/bahiaeconomica.com.br\/wp\/?p=986226"},"modified":"2026-04-06T10:17:51","modified_gmt":"2026-04-06T13:17:51","slug":"o-sonho-louco-dos-sensatos","status":"publish","type":"post","link":"https:\/\/bahiaeconomica.com.br\/wp\/2025\/04\/06\/o-sonho-louco-dos-sensatos\/","title":{"rendered":"O SONHO LOUCO DOS SENSATOS"},"content":{"rendered":"<p>O que voc\u00ea faria se tivesse nas m\u00e3os a chance de mudar \u2014 ou salvar \u2014 o mundo de algu\u00e9m? A resposta inquietante est\u00e1 lan\u00e7ada pela Procuradora Federal e escritora Fernanda Sanson Durand no seu segundo romance. <a href=\"https:\/\/loja.matrioskaeditora.com.br\/produtos\/o-sonho-louco-dos-sensatos-de-fernanda-sanson-durand\/\"><strong><em>O Sonho Louco dos Sensatos<\/em><\/strong><\/a> ser\u00e1 lan\u00e7ado durante a Bienal do Livro da Bahia. Moradora de Santos, Fernanda consolida sua trajet\u00f3ria liter\u00e1ria com uma obra que mergulha nas complexidades da mente humana e far\u00e1 sess\u00e3o de aut\u00f3grafos no stand do coletivo <strong><em>Escreva, Garota!<\/em><\/strong> no dia 16 de abril, a partir das 19 horas.<\/p>\n<p>Ap\u00f3s a estreia no universo da escrita, com o livro <strong><em>O Espelho de Jos\u00e9<\/em><\/strong>, a autora retorna a Salvador trazendo na bagagem um romance filos\u00f3fico que prop\u00f5e uma reflex\u00e3o sens\u00edvel e provocadora sobre a t\u00eanue linha entre loucura e sensatez. A narrativa conduz o leitor por caminhos introspectivos, questionando certezas e desafiando percep\u00e7\u00f5es sobre normalidade, raz\u00e3o e liberdade. \u201cAviso aos leitores que n\u00e3o criem expectativas de uma hist\u00f3ria de amor tradicional. Romance \u00e9 um nome gen\u00e9rico que damos a uma hist\u00f3ria longa. O livro fala de outra dimens\u00e3o do amor, pr\u00f3prio e pelas outras pessoas\u201d.<\/p>\n<p>Com uma escrita envolvente, <a href=\"https:\/\/www.instagram.com\/fernanda.sanson?igsh=MW1maG1yNTludDlqcA==\">Fernanda Sanson Durand<\/a> constr\u00f3i personagens que transitam entre extremos emocionais, convidando o p\u00fablico a revisitar suas pr\u00f3prias emo\u00e7\u00f5es e convic\u00e7\u00f5es. Um professor. Cinco jovens.\u00a0 E um encontro que mudar\u00e1 tudo. Antonia, Clara, Roberto, Yago e Luigi n\u00e3o sabiam que se tornariam os\u00a0<strong>Sensatos<\/strong>\u00a0\u2014 e que, juntos, seriam confrontados com hist\u00f3rias reais capazes de abalar certezas, despertar empatia e transformar a maneira como enxergam a si mesmos e o mundo.<\/p>\n<p>O lan\u00e7amento ganha ainda mais significado quando observado \u00e0 luz da dualidade que marca a vida da autora. De um lado, a atua\u00e7\u00e3o na advocacia p\u00fablica, pautada pela t\u00e9cnica, objetividade, regras e leis em busca da ordem. De outro, a literatura surge como um espa\u00e7o de expans\u00e3o e liberdade criativa, trazendo sensibilidade, leveza e m\u00faltiplas possibilidades de conex\u00e3o e interpreta\u00e7\u00e3o. \u201cA \u00e1rea do direito tem pouco colorido. \u00c9 uma \u00e1rea cinza, onde a gente lida com muito documento, regras, com justi\u00e7as e injusti\u00e7as, enfim. E isso vai nos deixando um pouco cinza tamb\u00e9m. Penso que todos n\u00f3s precisamos ter o colorido da arte em nossa vida\u201d, defende Fernanda.<\/p>\n<p>Essa transi\u00e7\u00e3o entre o rigor do Direito e a fluidez da Literatura, n\u00e3o apenas enriquece sua escrita, mas tamb\u00e9m revela uma autora capaz de equilibrar l\u00f3gica e imagina\u00e7\u00e3o. Se na procuradoria predominam a precis\u00e3o e o compromisso institucional, na literatura florescem questionamentos, nuances e a beleza das ambiguidades humanas.<\/p>\n<p>O lan\u00e7amento de <strong><em>O Sonho Louco dos Sensatos<\/em><\/strong> na Bienal do Livro da Bahia simboliza, portanto, mais do que a chegada de uma nova obra liter\u00e1ria ao p\u00fablico: representa o encontro entre dois mundos que coexistem na mesma autora. \u201cJ\u00e1 \u00e9 a terceira vez que participo da Bienal do Livro da Bahia. E \u00e9 sempre um evento bem estruturado, organizado e gostoso para leitores e tamb\u00e9m para n\u00f3s, escritores. Convido todos a prestigiar e ler mais\u201d, convida o p\u00fablico.<\/p>\n<p><strong>Sinopse <\/strong><\/p>\n<p>No cora\u00e7\u00e3o de uma universidade, um grupo improv\u00e1vel se re\u00fane para falar sobre a vida, a humanidade e os dilemas que raramente cabem nas salas de aula. Entre debates sobre filosofia, ci\u00eancia e valores atemporais, eles descobrem que o maior desafio n\u00e3o est\u00e1 nas respostas, mas nas perguntas que ousam fazer e na maneira como lidam com situa\u00e7\u00f5es reais que se apresentam. Com di\u00e1logos instigantes, situa\u00e7\u00f5es comoventes e personagens que poderiam estar na sua vida,\u00a0<strong><em>O Sonho Louco dos Sensatos<\/em><\/strong>\u00a0\u00e9 um romance que mistura drama, humor e reflex\u00e3o, convidando o leitor a desacelerar, olhar para dentro e redescobrir o poder de ser humano.<\/p>\n<p><strong>Quem \u00e9 a autora? <\/strong><\/p>\n<p>Moradora de Santos, S\u00e3o Paulo, Fernanda Sanson Durand \u00e9 Procuradora Federal de carreira e escritora por encantamento. Antes de tudo, leitora. O gosto pelos livros desde a inf\u00e2ncia foi semeando a virada de p\u00e1gina para o universo da escrita. <strong><em>O Espelho de Jos\u00e9<\/em><\/strong> (Editora P\u00e1gina Nova, 2021) foi seu primeiro livro. Desde ent\u00e3o, participa de v\u00e1rias antologias e do <em>Escreva Garota!<\/em>, coletivo de mulheres dedicado \u00e0 divulga\u00e7\u00e3o de autoras. Fernanda Sanson Durand ocupa a cadeira n\u00famero 35 na Academia Contempor\u00e2nea de Letras. Seus romances e contos desvendam nuances da alma humana que n\u00e3o se enxergam \u00e0\u00a0primeira\u00a0vista.<\/p>\n<p><strong>SERVI\u00c7O:<\/strong><\/p>\n<p><strong>O que? <\/strong>Lan\u00e7amento do livro <strong><em>O sonho louco dos Sensatos<\/em><\/strong>. (Editora Matrioska, 372 p\u00e1ginas)<\/p>\n<p><strong>Quem?<\/strong> Fernanda Sanson Durand<\/p>\n<p><strong>Quando? <\/strong>16 de abril, a partir das 19h<\/p>\n<p><strong>Onde?<\/strong> Bienal do Livro da Bahia, Stand Escreva, Garota!<\/p>\n<p><strong>Quanto? <\/strong>Evento gratuito. Valor de capa do livro R$ 84,90 no site da <a href=\"https:\/\/loja.matrioskaeditora.com.br\/produtos\/o-sonho-louco-dos-sensatos-de-fernanda-sanson-durand\/\">Editora Matrioska<\/a><\/p>\n","protected":false},"excerpt":{"rendered":"<p>O que voc\u00ea faria se tivesse nas m\u00e3os a chance de mudar \u2014 ou salvar \u2014 o mundo de algu\u00e9m? A resposta inquietante est\u00e1 lan\u00e7ada pela Procuradora Federal e escritora Fernanda Sanson Durand no seu segundo romance. O Sonho Louco dos Sensatos ser\u00e1 lan\u00e7ado durante a Bienal do Livro da Bahia. Moradora de Santos, Fernanda [&hellip;]<\/p>\n","protected":false},"author":8,"featured_media":986227,"comment_status":"closed","ping_status":"closed","sticky":false,"template":"","format":"standard","meta":[],"categories":[689],"tags":[52,933,1300],"acf":[],"yoast_head":"<!-- This site is optimized with the Yoast SEO plugin v20.8 - https:\/\/yoast.com\/wordpress\/plugins\/seo\/ -->\n<title>O SONHO LOUCO DOS SENSATOS - Bahia Economica<\/title>\n<meta name=\"description\" content=\"O maior portal de Economia da Bahia CULTURA E ARTE Bahia Economica\" \/>\n<meta name=\"robots\" content=\"index, follow, max-snippet:-1, max-image-preview:large, max-video-preview:-1\" \/>\n<link rel=\"canonical\" href=\"https:\/\/bahiaeconomica.com.br\/wp\/2025\/04\/06\/o-sonho-louco-dos-sensatos\/\" \/>\n<meta property=\"og:locale\" content=\"pt_BR\" \/>\n<meta property=\"og:type\" content=\"article\" \/>\n<meta property=\"og:title\" content=\"O SONHO LOUCO DOS SENSATOS - Bahia Economica\" \/>\n<meta property=\"og:description\" content=\"O maior portal de Economia da Bahia CULTURA E ARTE Bahia Economica\" \/>\n<meta property=\"og:url\" content=\"https:\/\/bahiaeconomica.com.br\/wp\/2025\/04\/06\/o-sonho-louco-dos-sensatos\/\" \/>\n<meta property=\"og:site_name\" content=\"Bahia Economica\" \/>\n<meta property=\"article:publisher\" content=\"https:\/\/www.facebook.com\/bahiaeconomica\" \/>\n<meta property=\"article:published_time\" content=\"2025-04-06T13:15:34+00:00\" \/>\n<meta property=\"article:modified_time\" content=\"2026-04-06T13:17:51+00:00\" \/>\n<meta property=\"og:image\" content=\"https:\/\/bahiaeconomica.com.br\/wp\/wp-content\/uploads\/2026\/04\/WhatsApp-Image-2026-04-06-at-09.24.56.jpeg\" \/>\n\t<meta property=\"og:image:width\" content=\"1280\" \/>\n\t<meta property=\"og:image:height\" content=\"720\" \/>\n\t<meta property=\"og:image:type\" content=\"image\/jpeg\" \/>\n<meta name=\"author\" content=\"JP\" \/>\n<meta name=\"twitter:card\" content=\"summary_large_image\" \/>\n<meta name=\"twitter:label1\" content=\"Escrito por\" \/>\n\t<meta name=\"twitter:data1\" content=\"JP\" \/>\n\t<meta name=\"twitter:label2\" content=\"Est. tempo de leitura\" \/>\n\t<meta name=\"twitter:data2\" content=\"5 minutos\" \/>\n<script type=\"application\/ld+json\" class=\"yoast-schema-graph\">{\"@context\":\"https:\/\/schema.org\",\"@graph\":[{\"@type\":\"Article\",\"@id\":\"https:\/\/bahiaeconomica.com.br\/wp\/2025\/04\/06\/o-sonho-louco-dos-sensatos\/#article\",\"isPartOf\":{\"@id\":\"https:\/\/bahiaeconomica.com.br\/wp\/2025\/04\/06\/o-sonho-louco-dos-sensatos\/\"},\"author\":{\"name\":\"JP\",\"@id\":\"https:\/\/bahiaeconomica.com.br\/wp\/#\/schema\/person\/c86d3a3f8960425a0f9d0e5245991f4e\"},\"headline\":\"O SONHO LOUCO DOS SENSATOS\",\"datePublished\":\"2025-04-06T13:15:34+00:00\",\"dateModified\":\"2026-04-06T13:17:51+00:00\",\"mainEntityOfPage\":{\"@id\":\"https:\/\/bahiaeconomica.com.br\/wp\/2025\/04\/06\/o-sonho-louco-dos-sensatos\/\"},\"wordCount\":814,\"publisher\":{\"@id\":\"https:\/\/bahiaeconomica.com.br\/wp\/#organization\"},\"keywords\":[\"Brasil\",\"cultura\",\"livro\"],\"articleSection\":[\"CULTURA E ARTE\"],\"inLanguage\":\"pt-BR\"},{\"@type\":\"WebPage\",\"@id\":\"https:\/\/bahiaeconomica.com.br\/wp\/2025\/04\/06\/o-sonho-louco-dos-sensatos\/\",\"url\":\"https:\/\/bahiaeconomica.com.br\/wp\/2025\/04\/06\/o-sonho-louco-dos-sensatos\/\",\"name\":\"O SONHO LOUCO DOS SENSATOS - Bahia Economica\",\"isPartOf\":{\"@id\":\"https:\/\/bahiaeconomica.com.br\/wp\/#website\"},\"datePublished\":\"2025-04-06T13:15:34+00:00\",\"dateModified\":\"2026-04-06T13:17:51+00:00\",\"description\":\"O maior portal de Economia da Bahia CULTURA E ARTE Bahia Economica\",\"breadcrumb\":{\"@id\":\"https:\/\/bahiaeconomica.com.br\/wp\/2025\/04\/06\/o-sonho-louco-dos-sensatos\/#breadcrumb\"},\"inLanguage\":\"pt-BR\",\"potentialAction\":[{\"@type\":\"ReadAction\",\"target\":[\"https:\/\/bahiaeconomica.com.br\/wp\/2025\/04\/06\/o-sonho-louco-dos-sensatos\/\"]}]},{\"@type\":\"BreadcrumbList\",\"@id\":\"https:\/\/bahiaeconomica.com.br\/wp\/2025\/04\/06\/o-sonho-louco-dos-sensatos\/#breadcrumb\",\"itemListElement\":[{\"@type\":\"ListItem\",\"position\":1,\"name\":\"In\u00edcio\",\"item\":\"https:\/\/bahiaeconomica.com.br\/wp\/\"},{\"@type\":\"ListItem\",\"position\":2,\"name\":\"O SONHO LOUCO DOS SENSATOS\"}]},{\"@type\":\"WebSite\",\"@id\":\"https:\/\/bahiaeconomica.com.br\/wp\/#website\",\"url\":\"https:\/\/bahiaeconomica.com.br\/wp\/\",\"name\":\"Bahia Economica\",\"description\":\"O maior portal de Economia da Bahia\",\"publisher\":{\"@id\":\"https:\/\/bahiaeconomica.com.br\/wp\/#organization\"},\"potentialAction\":[{\"@type\":\"SearchAction\",\"target\":{\"@type\":\"EntryPoint\",\"urlTemplate\":\"https:\/\/bahiaeconomica.com.br\/wp\/?s={search_term_string}\"},\"query-input\":\"required name=search_term_string\"}],\"inLanguage\":\"pt-BR\"},{\"@type\":\"Organization\",\"@id\":\"https:\/\/bahiaeconomica.com.br\/wp\/#organization\",\"name\":\"Bahia Econ\u00f4mica\",\"url\":\"https:\/\/bahiaeconomica.com.br\/wp\/\",\"logo\":{\"@type\":\"ImageObject\",\"inLanguage\":\"pt-BR\",\"@id\":\"https:\/\/bahiaeconomica.com.br\/wp\/#\/schema\/logo\/image\/\",\"url\":\"https:\/\/bahiaeconomica.com.br\/wp\/wp-content\/uploads\/2020\/12\/cropped-BE.png\",\"contentUrl\":\"https:\/\/bahiaeconomica.com.br\/wp\/wp-content\/uploads\/2020\/12\/cropped-BE.png\",\"width\":512,\"height\":512,\"caption\":\"Bahia Econ\u00f4mica\"},\"image\":{\"@id\":\"https:\/\/bahiaeconomica.com.br\/wp\/#\/schema\/logo\/image\/\"},\"sameAs\":[\"https:\/\/www.facebook.com\/bahiaeconomica\"]},{\"@type\":\"Person\",\"@id\":\"https:\/\/bahiaeconomica.com.br\/wp\/#\/schema\/person\/c86d3a3f8960425a0f9d0e5245991f4e\",\"name\":\"JP\",\"sameAs\":[\"https:\/\/bahiaeconomica.com.br\/wp\/beta\/\"],\"url\":\"https:\/\/bahiaeconomica.com.br\/wp\/author\/jp\/\"}]}<\/script>\n<!-- \/ Yoast SEO plugin. -->","yoast_head_json":{"title":"O SONHO LOUCO DOS SENSATOS - Bahia Economica","description":"O maior portal de Economia da Bahia CULTURA E ARTE Bahia Economica","robots":{"index":"index","follow":"follow","max-snippet":"max-snippet:-1","max-image-preview":"max-image-preview:large","max-video-preview":"max-video-preview:-1"},"canonical":"https:\/\/bahiaeconomica.com.br\/wp\/2025\/04\/06\/o-sonho-louco-dos-sensatos\/","og_locale":"pt_BR","og_type":"article","og_title":"O SONHO LOUCO DOS SENSATOS - Bahia Economica","og_description":"O maior portal de Economia da Bahia CULTURA E ARTE Bahia Economica","og_url":"https:\/\/bahiaeconomica.com.br\/wp\/2025\/04\/06\/o-sonho-louco-dos-sensatos\/","og_site_name":"Bahia Economica","article_publisher":"https:\/\/www.facebook.com\/bahiaeconomica","article_published_time":"2025-04-06T13:15:34+00:00","article_modified_time":"2026-04-06T13:17:51+00:00","og_image":[{"width":1280,"height":720,"url":"https:\/\/bahiaeconomica.com.br\/wp\/wp-content\/uploads\/2026\/04\/WhatsApp-Image-2026-04-06-at-09.24.56.jpeg","type":"image\/jpeg"}],"author":"JP","twitter_card":"summary_large_image","twitter_misc":{"Escrito por":"JP","Est. tempo de leitura":"5 minutos"},"schema":{"@context":"https:\/\/schema.org","@graph":[{"@type":"Article","@id":"https:\/\/bahiaeconomica.com.br\/wp\/2025\/04\/06\/o-sonho-louco-dos-sensatos\/#article","isPartOf":{"@id":"https:\/\/bahiaeconomica.com.br\/wp\/2025\/04\/06\/o-sonho-louco-dos-sensatos\/"},"author":{"name":"JP","@id":"https:\/\/bahiaeconomica.com.br\/wp\/#\/schema\/person\/c86d3a3f8960425a0f9d0e5245991f4e"},"headline":"O SONHO LOUCO DOS SENSATOS","datePublished":"2025-04-06T13:15:34+00:00","dateModified":"2026-04-06T13:17:51+00:00","mainEntityOfPage":{"@id":"https:\/\/bahiaeconomica.com.br\/wp\/2025\/04\/06\/o-sonho-louco-dos-sensatos\/"},"wordCount":814,"publisher":{"@id":"https:\/\/bahiaeconomica.com.br\/wp\/#organization"},"keywords":["Brasil","cultura","livro"],"articleSection":["CULTURA E ARTE"],"inLanguage":"pt-BR"},{"@type":"WebPage","@id":"https:\/\/bahiaeconomica.com.br\/wp\/2025\/04\/06\/o-sonho-louco-dos-sensatos\/","url":"https:\/\/bahiaeconomica.com.br\/wp\/2025\/04\/06\/o-sonho-louco-dos-sensatos\/","name":"O SONHO LOUCO DOS SENSATOS - Bahia Economica","isPartOf":{"@id":"https:\/\/bahiaeconomica.com.br\/wp\/#website"},"datePublished":"2025-04-06T13:15:34+00:00","dateModified":"2026-04-06T13:17:51+00:00","description":"O maior portal de Economia da Bahia CULTURA E ARTE Bahia Economica","breadcrumb":{"@id":"https:\/\/bahiaeconomica.com.br\/wp\/2025\/04\/06\/o-sonho-louco-dos-sensatos\/#breadcrumb"},"inLanguage":"pt-BR","potentialAction":[{"@type":"ReadAction","target":["https:\/\/bahiaeconomica.com.br\/wp\/2025\/04\/06\/o-sonho-louco-dos-sensatos\/"]}]},{"@type":"BreadcrumbList","@id":"https:\/\/bahiaeconomica.com.br\/wp\/2025\/04\/06\/o-sonho-louco-dos-sensatos\/#breadcrumb","itemListElement":[{"@type":"ListItem","position":1,"name":"In\u00edcio","item":"https:\/\/bahiaeconomica.com.br\/wp\/"},{"@type":"ListItem","position":2,"name":"O SONHO LOUCO DOS SENSATOS"}]},{"@type":"WebSite","@id":"https:\/\/bahiaeconomica.com.br\/wp\/#website","url":"https:\/\/bahiaeconomica.com.br\/wp\/","name":"Bahia Economica","description":"O maior portal de Economia da Bahia","publisher":{"@id":"https:\/\/bahiaeconomica.com.br\/wp\/#organization"},"potentialAction":[{"@type":"SearchAction","target":{"@type":"EntryPoint","urlTemplate":"https:\/\/bahiaeconomica.com.br\/wp\/?s={search_term_string}"},"query-input":"required name=search_term_string"}],"inLanguage":"pt-BR"},{"@type":"Organization","@id":"https:\/\/bahiaeconomica.com.br\/wp\/#organization","name":"Bahia Econ\u00f4mica","url":"https:\/\/bahiaeconomica.com.br\/wp\/","logo":{"@type":"ImageObject","inLanguage":"pt-BR","@id":"https:\/\/bahiaeconomica.com.br\/wp\/#\/schema\/logo\/image\/","url":"https:\/\/bahiaeconomica.com.br\/wp\/wp-content\/uploads\/2020\/12\/cropped-BE.png","contentUrl":"https:\/\/bahiaeconomica.com.br\/wp\/wp-content\/uploads\/2020\/12\/cropped-BE.png","width":512,"height":512,"caption":"Bahia Econ\u00f4mica"},"image":{"@id":"https:\/\/bahiaeconomica.com.br\/wp\/#\/schema\/logo\/image\/"},"sameAs":["https:\/\/www.facebook.com\/bahiaeconomica"]},{"@type":"Person","@id":"https:\/\/bahiaeconomica.com.br\/wp\/#\/schema\/person\/c86d3a3f8960425a0f9d0e5245991f4e","name":"JP","sameAs":["https:\/\/bahiaeconomica.com.br\/wp\/beta\/"],"url":"https:\/\/bahiaeconomica.com.br\/wp\/author\/jp\/"}]}},"views":2,"_links":{"self":[{"href":"https:\/\/bahiaeconomica.com.br\/wp\/wp-json\/wp\/v2\/posts\/986226"}],"collection":[{"href":"https:\/\/bahiaeconomica.com.br\/wp\/wp-json\/wp\/v2\/posts"}],"about":[{"href":"https:\/\/bahiaeconomica.com.br\/wp\/wp-json\/wp\/v2\/types\/post"}],"author":[{"embeddable":true,"href":"https:\/\/bahiaeconomica.com.br\/wp\/wp-json\/wp\/v2\/users\/8"}],"replies":[{"embeddable":true,"href":"https:\/\/bahiaeconomica.com.br\/wp\/wp-json\/wp\/v2\/comments?post=986226"}],"version-history":[{"count":1,"href":"https:\/\/bahiaeconomica.com.br\/wp\/wp-json\/wp\/v2\/posts\/986226\/revisions"}],"predecessor-version":[{"id":986228,"href":"https:\/\/bahiaeconomica.com.br\/wp\/wp-json\/wp\/v2\/posts\/986226\/revisions\/986228"}],"wp:featuredmedia":[{"embeddable":true,"href":"https:\/\/bahiaeconomica.com.br\/wp\/wp-json\/wp\/v2\/media\/986227"}],"wp:attachment":[{"href":"https:\/\/bahiaeconomica.com.br\/wp\/wp-json\/wp\/v2\/media?parent=986226"}],"wp:term":[{"taxonomy":"category","embeddable":true,"href":"https:\/\/bahiaeconomica.com.br\/wp\/wp-json\/wp\/v2\/categories?post=986226"},{"taxonomy":"post_tag","embeddable":true,"href":"https:\/\/bahiaeconomica.com.br\/wp\/wp-json\/wp\/v2\/tags?post=986226"}],"curies":[{"name":"wp","href":"https:\/\/api.w.org\/{rel}","templated":true}]}}