{"id":981471,"date":"2026-03-16T17:00:26","date_gmt":"2026-03-16T20:00:26","guid":{"rendered":"https:\/\/bahiaeconomica.com.br\/wp\/?p=981471"},"modified":"2026-03-16T15:07:33","modified_gmt":"2026-03-16T18:07:33","slug":"salvador-e-considerada-o-destino-mais-acessivel-para-se-visitar-em-2026","status":"publish","type":"post","link":"https:\/\/bahiaeconomica.com.br\/wp\/2026\/03\/16\/salvador-e-considerada-o-destino-mais-acessivel-para-se-visitar-em-2026\/","title":{"rendered":"SALVADOR \u00c9 CONSIDERADA O DESTINO MAIS ACESS\u00cdVEL PARA SE VISITAR EM 2026"},"content":{"rendered":"<p>Salvador conquistou o primeiro lugar no ranking internacional de Destinos Acess\u00edveis para 2026, divulgado pela Expedia, empresa norte-americana de tecnologia e viagens. O levantamento mostra uma lista das cidades mais econ\u00f4micas que oferecem di\u00e1rias em hot\u00e9is com pre\u00e7os m\u00e9dios abaixo de US$ 150 (cerca de R$ 789 na cota\u00e7\u00e3o atual), tornando as viagens acess\u00edveis sem abrir m\u00e3o da qualidade.<\/p>\n<p>&nbsp;<\/p>\n<p>Em seu site, a Expedia apresenta a capital baiana como &#8220;uma cidade com magn\u00edfico cen\u00e1rio combinado com uma atmosfera agitada e energ\u00e9tica&#8221;, indicando programa\u00e7\u00f5es diversas, como visitas ao Centro Hist\u00f3rico, museus e praias, al\u00e9m de sugest\u00f5es de onde se hospedar.<\/p>\n<p>&nbsp;<\/p>\n<p>&#8220;Temperaturas consistentemente amenas fazem de Salvador um destino para visitar o ano inteiro. Visite no come\u00e7o de dezembro para curtir o Dia Nacional do Samba e fique at\u00e9 fevereiro ou mar\u00e7o para ver o extravagante carnaval de Salvador&#8221;, afirma a Expedia.<\/p>\n<p>&nbsp;<\/p>\n<p>Para a vice-prefeita e secret\u00e1ria de Cultura e Turismo (Secult), Ana Paula Matos, esse reconhecimento \u00e9 fruto de um trabalho planejado, integrado e estrat\u00e9gico, refor\u00e7ando Salvador como uma cidade que oferece uma experi\u00eancia tur\u00edstica diversa e democr\u00e1tica.<\/p>\n<p>&nbsp;<\/p>\n<p>&#8220;Somos uma cidade com uma pot\u00eancia cultural \u00fanica, com hist\u00f3ria, m\u00fasica, gastronomia e um povo que sabe acolher. Quando um ranking internacional como o da Expedia coloca Salvador em destaque, isso mostra que estamos no caminho certo ao fortalecer o turismo como vetor de desenvolvimento, gerando oportunidades e movimentando a economia da cidade sem perder a nossa identidade cultural.&#8221;<\/p>\n<p>&nbsp;<\/p>\n<p>O diretor de Turismo da Secult, Geg\u00ea Magalh\u00e3es, acrescenta que Salvador \u00e9 um destino completo. &#8220;Temos hist\u00f3ria, cultura, f\u00e9, gastronomia, m\u00fasica e um povo acolhedor. Estar em primeiro lugar em um ranking internacional de destinos acess\u00edveis mostra que, al\u00e9m de oferecer experi\u00eancias inesquec\u00edveis, nossa cidade tamb\u00e9m se apresenta ao mundo como um destino competitivo e atrativo para visitantes de diversos mercados.&#8221;<\/p>\n<p>&nbsp;<\/p>\n<p>O presidente da Associa\u00e7\u00e3o Brasileira da Ind\u00fastria de Hot\u00e9is \u2013 Se\u00e7\u00e3o Bahia (ABIH-BA), Wilson Spagnol, acredita que o fato de a capital baiana ser a primeira no ranking da Expedia demonstra a riqueza do produto tur\u00edstico do munic\u00edpio.<\/p>\n<p>&nbsp;<\/p>\n<p>&#8220;Temos uma cultura hist\u00f3rica e uma qualidade de experi\u00eancia que a cidade propicia. E, com todos os investimentos sendo feitos, \u00e9 um reconhecimento de um trabalho feito por pessoas de vis\u00e3o, promovendo espa\u00e7os melhores no ambiente urbano, dando valor a todas as comunidades culturais e \u00e0 hotelaria. \u00c9 um esfor\u00e7o conjunto entre o p\u00fablico e o privado. Ficamos felizes, mas n\u00e3o surpresos, porque o que vem sendo feito \u00e9 digno de um reconhecimento mundial como esse&#8221;, avaliou.<\/p>\n<p>&nbsp;<\/p>\n<p>Confira a lista completa dos 10 destinos mais acess\u00edveis para 2026, de acordo com a Expedia:<\/p>\n<p>&nbsp;<\/p>\n<p>Salvador, Brasil<\/p>\n<p>Guadalajara, M\u00e9xico<\/p>\n<p>Bogot\u00e1, Col\u00f4mbia<\/p>\n<p>M\u00e9rida, M\u00e9xico<\/p>\n<p>Cidade de Ho Chi Minh, Vietn\u00e3<\/p>\n<p>S\u00e3o Paulo, Brasil<\/p>\n<p>Bangkok, Tail\u00e2ndia<\/p>\n<p>Edmonton, Canad\u00e1<\/p>\n<p>Kuala Lumpur, Mal\u00e1sia<\/p>\n<p>Santo Domingo, Rep\u00fablica Dominicana<\/p>\n<p>&nbsp;<\/p>\n<p>Foto: Igor Santos\/ Secom PMS<\/p>\n","protected":false},"excerpt":{"rendered":"<p>Salvador conquistou o primeiro lugar no ranking internacional de Destinos Acess\u00edveis para 2026, divulgado pela Expedia, empresa norte-americana de tecnologia e viagens. O levantamento mostra uma lista das cidades mais econ\u00f4micas que oferecem di\u00e1rias em hot\u00e9is com pre\u00e7os m\u00e9dios abaixo de US$ 150 (cerca de R$ 789 na cota\u00e7\u00e3o atual), tornando as viagens acess\u00edveis sem [&hellip;]<\/p>\n","protected":false},"author":15,"featured_media":981472,"comment_status":"closed","ping_status":"closed","sticky":false,"template":"","format":"standard","meta":[],"categories":[14,3],"tags":[],"acf":[],"yoast_head":"<!-- This site is optimized with the Yoast SEO plugin v20.8 - https:\/\/yoast.com\/wordpress\/plugins\/seo\/ -->\n<title>SALVADOR \u00c9 CONSIDERADA O DESTINO MAIS ACESS\u00cdVEL PARA SE VISITAR EM 2026 - Bahia Economica<\/title>\n<meta name=\"description\" content=\"O maior portal de Economia da Bahia DESTAQUE DO DIA, ECONOMIA \/ POL\u00cdTICA Bahia Economica\" \/>\n<meta name=\"robots\" content=\"index, follow, max-snippet:-1, max-image-preview:large, max-video-preview:-1\" \/>\n<link rel=\"canonical\" href=\"https:\/\/bahiaeconomica.com.br\/wp\/2026\/03\/16\/salvador-e-considerada-o-destino-mais-acessivel-para-se-visitar-em-2026\/\" \/>\n<meta property=\"og:locale\" content=\"pt_BR\" \/>\n<meta property=\"og:type\" content=\"article\" \/>\n<meta property=\"og:title\" content=\"SALVADOR \u00c9 CONSIDERADA O DESTINO MAIS ACESS\u00cdVEL PARA SE VISITAR EM 2026 - Bahia Economica\" \/>\n<meta property=\"og:description\" content=\"O maior portal de Economia da Bahia DESTAQUE DO DIA, ECONOMIA \/ POL\u00cdTICA Bahia Economica\" \/>\n<meta property=\"og:url\" content=\"https:\/\/bahiaeconomica.com.br\/wp\/2026\/03\/16\/salvador-e-considerada-o-destino-mais-acessivel-para-se-visitar-em-2026\/\" \/>\n<meta property=\"og:site_name\" content=\"Bahia Economica\" \/>\n<meta property=\"article:publisher\" content=\"https:\/\/www.facebook.com\/bahiaeconomica\" \/>\n<meta property=\"article:published_time\" content=\"2026-03-16T20:00:26+00:00\" \/>\n<meta property=\"article:modified_time\" content=\"2026-03-16T18:07:33+00:00\" \/>\n<meta property=\"og:image\" content=\"https:\/\/bahiaeconomica.com.br\/wp\/wp-content\/uploads\/2026\/03\/Forte_Sao_Marcelo_foto_Igor_Santos_SECOM_PMSl-8.jpg\" \/>\n\t<meta property=\"og:image:width\" content=\"650\" \/>\n\t<meta property=\"og:image:height\" content=\"394\" \/>\n\t<meta property=\"og:image:type\" content=\"image\/jpeg\" \/>\n<meta name=\"author\" content=\"VICTORIA ISABEL\" \/>\n<meta name=\"twitter:card\" content=\"summary_large_image\" \/>\n<meta name=\"twitter:label1\" content=\"Escrito por\" \/>\n\t<meta name=\"twitter:data1\" content=\"VICTORIA ISABEL\" \/>\n\t<meta name=\"twitter:label2\" content=\"Est. tempo de leitura\" \/>\n\t<meta name=\"twitter:data2\" content=\"3 minutos\" \/>\n<script type=\"application\/ld+json\" class=\"yoast-schema-graph\">{\"@context\":\"https:\/\/schema.org\",\"@graph\":[{\"@type\":\"Article\",\"@id\":\"https:\/\/bahiaeconomica.com.br\/wp\/2026\/03\/16\/salvador-e-considerada-o-destino-mais-acessivel-para-se-visitar-em-2026\/#article\",\"isPartOf\":{\"@id\":\"https:\/\/bahiaeconomica.com.br\/wp\/2026\/03\/16\/salvador-e-considerada-o-destino-mais-acessivel-para-se-visitar-em-2026\/\"},\"author\":{\"name\":\"VICTORIA ISABEL\",\"@id\":\"https:\/\/bahiaeconomica.com.br\/wp\/#\/schema\/person\/b719ce0fb1c09f3c7a00d9243ced4a6f\"},\"headline\":\"SALVADOR \u00c9 CONSIDERADA O DESTINO MAIS ACESS\u00cdVEL PARA SE VISITAR EM 2026\",\"datePublished\":\"2026-03-16T20:00:26+00:00\",\"dateModified\":\"2026-03-16T18:07:33+00:00\",\"mainEntityOfPage\":{\"@id\":\"https:\/\/bahiaeconomica.com.br\/wp\/2026\/03\/16\/salvador-e-considerada-o-destino-mais-acessivel-para-se-visitar-em-2026\/\"},\"wordCount\":527,\"publisher\":{\"@id\":\"https:\/\/bahiaeconomica.com.br\/wp\/#organization\"},\"articleSection\":[\"DESTAQUE DO DIA\",\"ECONOMIA \/ POL\u00cdTICA\"],\"inLanguage\":\"pt-BR\"},{\"@type\":\"WebPage\",\"@id\":\"https:\/\/bahiaeconomica.com.br\/wp\/2026\/03\/16\/salvador-e-considerada-o-destino-mais-acessivel-para-se-visitar-em-2026\/\",\"url\":\"https:\/\/bahiaeconomica.com.br\/wp\/2026\/03\/16\/salvador-e-considerada-o-destino-mais-acessivel-para-se-visitar-em-2026\/\",\"name\":\"SALVADOR \u00c9 CONSIDERADA O DESTINO MAIS ACESS\u00cdVEL PARA SE VISITAR EM 2026 - Bahia Economica\",\"isPartOf\":{\"@id\":\"https:\/\/bahiaeconomica.com.br\/wp\/#website\"},\"datePublished\":\"2026-03-16T20:00:26+00:00\",\"dateModified\":\"2026-03-16T18:07:33+00:00\",\"description\":\"O maior portal de Economia da Bahia DESTAQUE DO DIA, ECONOMIA \/ POL\u00cdTICA Bahia Economica\",\"breadcrumb\":{\"@id\":\"https:\/\/bahiaeconomica.com.br\/wp\/2026\/03\/16\/salvador-e-considerada-o-destino-mais-acessivel-para-se-visitar-em-2026\/#breadcrumb\"},\"inLanguage\":\"pt-BR\",\"potentialAction\":[{\"@type\":\"ReadAction\",\"target\":[\"https:\/\/bahiaeconomica.com.br\/wp\/2026\/03\/16\/salvador-e-considerada-o-destino-mais-acessivel-para-se-visitar-em-2026\/\"]}]},{\"@type\":\"BreadcrumbList\",\"@id\":\"https:\/\/bahiaeconomica.com.br\/wp\/2026\/03\/16\/salvador-e-considerada-o-destino-mais-acessivel-para-se-visitar-em-2026\/#breadcrumb\",\"itemListElement\":[{\"@type\":\"ListItem\",\"position\":1,\"name\":\"In\u00edcio\",\"item\":\"https:\/\/bahiaeconomica.com.br\/wp\/\"},{\"@type\":\"ListItem\",\"position\":2,\"name\":\"SALVADOR \u00c9 CONSIDERADA O DESTINO MAIS ACESS\u00cdVEL PARA SE VISITAR EM 2026\"}]},{\"@type\":\"WebSite\",\"@id\":\"https:\/\/bahiaeconomica.com.br\/wp\/#website\",\"url\":\"https:\/\/bahiaeconomica.com.br\/wp\/\",\"name\":\"Bahia Economica\",\"description\":\"O maior portal de Economia da Bahia\",\"publisher\":{\"@id\":\"https:\/\/bahiaeconomica.com.br\/wp\/#organization\"},\"potentialAction\":[{\"@type\":\"SearchAction\",\"target\":{\"@type\":\"EntryPoint\",\"urlTemplate\":\"https:\/\/bahiaeconomica.com.br\/wp\/?s={search_term_string}\"},\"query-input\":\"required name=search_term_string\"}],\"inLanguage\":\"pt-BR\"},{\"@type\":\"Organization\",\"@id\":\"https:\/\/bahiaeconomica.com.br\/wp\/#organization\",\"name\":\"Bahia Econ\u00f4mica\",\"url\":\"https:\/\/bahiaeconomica.com.br\/wp\/\",\"logo\":{\"@type\":\"ImageObject\",\"inLanguage\":\"pt-BR\",\"@id\":\"https:\/\/bahiaeconomica.com.br\/wp\/#\/schema\/logo\/image\/\",\"url\":\"https:\/\/bahiaeconomica.com.br\/wp\/wp-content\/uploads\/2020\/12\/cropped-BE.png\",\"contentUrl\":\"https:\/\/bahiaeconomica.com.br\/wp\/wp-content\/uploads\/2020\/12\/cropped-BE.png\",\"width\":512,\"height\":512,\"caption\":\"Bahia Econ\u00f4mica\"},\"image\":{\"@id\":\"https:\/\/bahiaeconomica.com.br\/wp\/#\/schema\/logo\/image\/\"},\"sameAs\":[\"https:\/\/www.facebook.com\/bahiaeconomica\"]},{\"@type\":\"Person\",\"@id\":\"https:\/\/bahiaeconomica.com.br\/wp\/#\/schema\/person\/b719ce0fb1c09f3c7a00d9243ced4a6f\",\"name\":\"VICTORIA ISABEL\",\"sameAs\":[\"http:\/\/www.bahiaeconomica.com.br\"],\"url\":\"https:\/\/bahiaeconomica.com.br\/wp\/author\/victoria-isabel\/\"}]}<\/script>\n<!-- \/ Yoast SEO plugin. -->","yoast_head_json":{"title":"SALVADOR \u00c9 CONSIDERADA O DESTINO MAIS ACESS\u00cdVEL PARA SE VISITAR EM 2026 - Bahia Economica","description":"O maior portal de Economia da Bahia DESTAQUE DO DIA, ECONOMIA \/ POL\u00cdTICA Bahia Economica","robots":{"index":"index","follow":"follow","max-snippet":"max-snippet:-1","max-image-preview":"max-image-preview:large","max-video-preview":"max-video-preview:-1"},"canonical":"https:\/\/bahiaeconomica.com.br\/wp\/2026\/03\/16\/salvador-e-considerada-o-destino-mais-acessivel-para-se-visitar-em-2026\/","og_locale":"pt_BR","og_type":"article","og_title":"SALVADOR \u00c9 CONSIDERADA O DESTINO MAIS ACESS\u00cdVEL PARA SE VISITAR EM 2026 - Bahia Economica","og_description":"O maior portal de Economia da Bahia DESTAQUE DO DIA, ECONOMIA \/ POL\u00cdTICA Bahia Economica","og_url":"https:\/\/bahiaeconomica.com.br\/wp\/2026\/03\/16\/salvador-e-considerada-o-destino-mais-acessivel-para-se-visitar-em-2026\/","og_site_name":"Bahia Economica","article_publisher":"https:\/\/www.facebook.com\/bahiaeconomica","article_published_time":"2026-03-16T20:00:26+00:00","article_modified_time":"2026-03-16T18:07:33+00:00","og_image":[{"width":650,"height":394,"url":"https:\/\/bahiaeconomica.com.br\/wp\/wp-content\/uploads\/2026\/03\/Forte_Sao_Marcelo_foto_Igor_Santos_SECOM_PMSl-8.jpg","type":"image\/jpeg"}],"author":"VICTORIA ISABEL","twitter_card":"summary_large_image","twitter_misc":{"Escrito por":"VICTORIA ISABEL","Est. tempo de leitura":"3 minutos"},"schema":{"@context":"https:\/\/schema.org","@graph":[{"@type":"Article","@id":"https:\/\/bahiaeconomica.com.br\/wp\/2026\/03\/16\/salvador-e-considerada-o-destino-mais-acessivel-para-se-visitar-em-2026\/#article","isPartOf":{"@id":"https:\/\/bahiaeconomica.com.br\/wp\/2026\/03\/16\/salvador-e-considerada-o-destino-mais-acessivel-para-se-visitar-em-2026\/"},"author":{"name":"VICTORIA ISABEL","@id":"https:\/\/bahiaeconomica.com.br\/wp\/#\/schema\/person\/b719ce0fb1c09f3c7a00d9243ced4a6f"},"headline":"SALVADOR \u00c9 CONSIDERADA O DESTINO MAIS ACESS\u00cdVEL PARA SE VISITAR EM 2026","datePublished":"2026-03-16T20:00:26+00:00","dateModified":"2026-03-16T18:07:33+00:00","mainEntityOfPage":{"@id":"https:\/\/bahiaeconomica.com.br\/wp\/2026\/03\/16\/salvador-e-considerada-o-destino-mais-acessivel-para-se-visitar-em-2026\/"},"wordCount":527,"publisher":{"@id":"https:\/\/bahiaeconomica.com.br\/wp\/#organization"},"articleSection":["DESTAQUE DO DIA","ECONOMIA \/ POL\u00cdTICA"],"inLanguage":"pt-BR"},{"@type":"WebPage","@id":"https:\/\/bahiaeconomica.com.br\/wp\/2026\/03\/16\/salvador-e-considerada-o-destino-mais-acessivel-para-se-visitar-em-2026\/","url":"https:\/\/bahiaeconomica.com.br\/wp\/2026\/03\/16\/salvador-e-considerada-o-destino-mais-acessivel-para-se-visitar-em-2026\/","name":"SALVADOR \u00c9 CONSIDERADA O DESTINO MAIS ACESS\u00cdVEL PARA SE VISITAR EM 2026 - Bahia Economica","isPartOf":{"@id":"https:\/\/bahiaeconomica.com.br\/wp\/#website"},"datePublished":"2026-03-16T20:00:26+00:00","dateModified":"2026-03-16T18:07:33+00:00","description":"O maior portal de Economia da Bahia DESTAQUE DO DIA, ECONOMIA \/ POL\u00cdTICA Bahia Economica","breadcrumb":{"@id":"https:\/\/bahiaeconomica.com.br\/wp\/2026\/03\/16\/salvador-e-considerada-o-destino-mais-acessivel-para-se-visitar-em-2026\/#breadcrumb"},"inLanguage":"pt-BR","potentialAction":[{"@type":"ReadAction","target":["https:\/\/bahiaeconomica.com.br\/wp\/2026\/03\/16\/salvador-e-considerada-o-destino-mais-acessivel-para-se-visitar-em-2026\/"]}]},{"@type":"BreadcrumbList","@id":"https:\/\/bahiaeconomica.com.br\/wp\/2026\/03\/16\/salvador-e-considerada-o-destino-mais-acessivel-para-se-visitar-em-2026\/#breadcrumb","itemListElement":[{"@type":"ListItem","position":1,"name":"In\u00edcio","item":"https:\/\/bahiaeconomica.com.br\/wp\/"},{"@type":"ListItem","position":2,"name":"SALVADOR \u00c9 CONSIDERADA O DESTINO MAIS ACESS\u00cdVEL PARA SE VISITAR EM 2026"}]},{"@type":"WebSite","@id":"https:\/\/bahiaeconomica.com.br\/wp\/#website","url":"https:\/\/bahiaeconomica.com.br\/wp\/","name":"Bahia Economica","description":"O maior portal de Economia da Bahia","publisher":{"@id":"https:\/\/bahiaeconomica.com.br\/wp\/#organization"},"potentialAction":[{"@type":"SearchAction","target":{"@type":"EntryPoint","urlTemplate":"https:\/\/bahiaeconomica.com.br\/wp\/?s={search_term_string}"},"query-input":"required name=search_term_string"}],"inLanguage":"pt-BR"},{"@type":"Organization","@id":"https:\/\/bahiaeconomica.com.br\/wp\/#organization","name":"Bahia Econ\u00f4mica","url":"https:\/\/bahiaeconomica.com.br\/wp\/","logo":{"@type":"ImageObject","inLanguage":"pt-BR","@id":"https:\/\/bahiaeconomica.com.br\/wp\/#\/schema\/logo\/image\/","url":"https:\/\/bahiaeconomica.com.br\/wp\/wp-content\/uploads\/2020\/12\/cropped-BE.png","contentUrl":"https:\/\/bahiaeconomica.com.br\/wp\/wp-content\/uploads\/2020\/12\/cropped-BE.png","width":512,"height":512,"caption":"Bahia Econ\u00f4mica"},"image":{"@id":"https:\/\/bahiaeconomica.com.br\/wp\/#\/schema\/logo\/image\/"},"sameAs":["https:\/\/www.facebook.com\/bahiaeconomica"]},{"@type":"Person","@id":"https:\/\/bahiaeconomica.com.br\/wp\/#\/schema\/person\/b719ce0fb1c09f3c7a00d9243ced4a6f","name":"VICTORIA ISABEL","sameAs":["http:\/\/www.bahiaeconomica.com.br"],"url":"https:\/\/bahiaeconomica.com.br\/wp\/author\/victoria-isabel\/"}]}},"views":29,"_links":{"self":[{"href":"https:\/\/bahiaeconomica.com.br\/wp\/wp-json\/wp\/v2\/posts\/981471"}],"collection":[{"href":"https:\/\/bahiaeconomica.com.br\/wp\/wp-json\/wp\/v2\/posts"}],"about":[{"href":"https:\/\/bahiaeconomica.com.br\/wp\/wp-json\/wp\/v2\/types\/post"}],"author":[{"embeddable":true,"href":"https:\/\/bahiaeconomica.com.br\/wp\/wp-json\/wp\/v2\/users\/15"}],"replies":[{"embeddable":true,"href":"https:\/\/bahiaeconomica.com.br\/wp\/wp-json\/wp\/v2\/comments?post=981471"}],"version-history":[{"count":1,"href":"https:\/\/bahiaeconomica.com.br\/wp\/wp-json\/wp\/v2\/posts\/981471\/revisions"}],"predecessor-version":[{"id":981473,"href":"https:\/\/bahiaeconomica.com.br\/wp\/wp-json\/wp\/v2\/posts\/981471\/revisions\/981473"}],"wp:featuredmedia":[{"embeddable":true,"href":"https:\/\/bahiaeconomica.com.br\/wp\/wp-json\/wp\/v2\/media\/981472"}],"wp:attachment":[{"href":"https:\/\/bahiaeconomica.com.br\/wp\/wp-json\/wp\/v2\/media?parent=981471"}],"wp:term":[{"taxonomy":"category","embeddable":true,"href":"https:\/\/bahiaeconomica.com.br\/wp\/wp-json\/wp\/v2\/categories?post=981471"},{"taxonomy":"post_tag","embeddable":true,"href":"https:\/\/bahiaeconomica.com.br\/wp\/wp-json\/wp\/v2\/tags?post=981471"}],"curies":[{"name":"wp","href":"https:\/\/api.w.org\/{rel}","templated":true}]}}