{"id":981430,"date":"2026-03-16T13:01:31","date_gmt":"2026-03-16T16:01:31","guid":{"rendered":"https:\/\/bahiaeconomica.com.br\/wp\/?p=981430"},"modified":"2026-03-16T13:24:50","modified_gmt":"2026-03-16T16:24:50","slug":"prefeitura-de-salvador-inicia-ano-letivo-com-entrega-de-nova-escola-no-lobato","status":"publish","type":"post","link":"https:\/\/bahiaeconomica.com.br\/wp\/2026\/03\/16\/prefeitura-de-salvador-inicia-ano-letivo-com-entrega-de-nova-escola-no-lobato\/","title":{"rendered":"PREFEITURA DE SALVADOR INICIA ANO LETIVO COM ENTREGA DE NOVA ESCOLA NO LOBATO"},"content":{"rendered":"<p>Para marcar o in\u00edcio do ano letivo na rede municipal de ensino, a Prefeitura de Salvador entregou nesta segunda-feira (16) a nova Escola Maria Const\u00e2ncia Moraes de Carvalho, no bairro do Lobato, no Sub\u00farbio Ferrovi\u00e1rio da capital baiana. A unidade, localizada na Travessa Uni\u00e3o, foi totalmente reconstru\u00edda, com um investimento de R$ 14,2 milh\u00f5es.<\/p>\n<p>Agora com 15 salas de aula, todas climatizadas, a escola teve o n\u00famero de vagas ampliado em mais de 173%. A nova capacidade \u00e9 para 400 alunos por turno, totalizando portanto 800 alunos, nos segmentos de Educa\u00e7\u00e3o Infantil e Ensino Fundamental I (Grupo 3 ao 5\u00ba Ano). A inaugura\u00e7\u00e3o teve a presen\u00e7a do prefeito, Bruno Reis, da vice-prefeita e secret\u00e1ria de Cultura e Turismo, Ana Paula Matos, do secret\u00e1rio municipal de Educa\u00e7\u00e3o, Thiago Dantas, e de outras autoridades.<\/p>\n<p>Bruno Reis afirmou que a nova escola no Lobato tamb\u00e9m marca o in\u00edcio da s\u00e9rie de entregas que a gest\u00e3o municipal tradicionalmente faz no m\u00eas de anivers\u00e1rio da cidade. Ainda este ano, segundo ele, outras 28 novas escolas ter\u00e3o a constru\u00e7\u00e3o iniciada.<\/p>\n<p>\u201cEssa \u00e9 a nossa escola de n\u00famero 41. Temos outras 11 para serem entregues no ano. Investimos aqui na Maria Const\u00e2ncia mais de R$ 14 milh\u00f5es. S\u00e3o 15 salas de aula climatizadas, quadra poliesportiva, audit\u00f3rio, biblioteca, para atender 400 crian\u00e7as por turno. Essa \u00e9 mais uma escola de alt\u00edssimo padr\u00e3o; n\u00e3o tenho d\u00favida de que isso estimula ainda mais as crian\u00e7as a estudarem\u201d, disse o chefe do Executivo municipal.<\/p>\n<p>Segundo o gestor, al\u00e9m do investimento em infraestrutura, todas as melhorias da rede municipal s\u00e3o importantes para garantir a boa frequ\u00eancia dos estudantes. \u201cO nosso desejo \u00e9 que a escola seja um ambiente at\u00e9 melhor do que a pr\u00f3pria casa, para que a crian\u00e7a tenha motiva\u00e7\u00e3o para vir\u2019, disse.<\/p>\n<p>Bruno Reis tamb\u00e9m destacou que o ano letivo come\u00e7ou com a distribui\u00e7\u00e3o dos kits escolares: \u201cO kit mais completo do Brasil, que vai do t\u00eanis \u00e0 mochila, passando por todo o material did\u00e1tico e pedag\u00f3gico\u201d, completou.<\/p>\n<p>Alfabetiza\u00e7\u00e3o &#8211; O secret\u00e1rio municipal de Educa\u00e7\u00e3o, Thiago Dantas, afirmou que o trabalho da pasta esse ano estar\u00e1 concentrado na alfabetiza\u00e7\u00e3o, inclus\u00e3o e equidade. \u201cO foco \u00e9 garantir a alfabetiza\u00e7\u00e3o de todos, sobretudo na idade certa. Teremos a\u00e7\u00f5es espec\u00edficas voltadas para a educa\u00e7\u00e3o infantil, com novo material produzido pela pr\u00f3pria rede\u201d, apontou.<\/p>\n<p>Entre as novidades para este ano letivo, Dantas citou a cria\u00e7\u00e3o de uma bolsa frequ\u00eancia para o Ensino de Jovens e Adultos (EJA) para estimular o acesso e a perman\u00eancia dos estudantes, em um pacote de medidas que integram o programa Nossa Escola Equidade, aprovado na \u00faltima semana pela C\u00e2mara Municipal. Na mesma ocasi\u00e3o, tamb\u00e9m foi aprovado reajuste de 5,4% para todos os educadores, retroativo a janeiro.<\/p>\n<p>As novas a\u00e7\u00f5es da educa\u00e7\u00e3o municipal tamb\u00e9m incluem a formaliza\u00e7\u00e3o de um programa de monitoria, incentivos para ingresso em institui\u00e7\u00f5es t\u00e9cnicas e o fortalecimento da rela\u00e7\u00e3o com as universidades p\u00fablicas. O secret\u00e1rio ainda mencionou a expans\u00e3o do projeto de parques naturalizados para as escolas e as bibliotecas antirracistas.<\/p>\n<p>\u201cA despeito de todas as dificuldades que tivemos, terminamos o ano passado com os maiores indicadores de aprendizagem da hist\u00f3ria da rede. Foi muito positivo. A ideia \u00e9 olhar e refor\u00e7ar o que deu certo; e ter uma aten\u00e7\u00e3o especial \u00e0queles pontos que podemos melhorar\u201d, completou Dantas.<\/p>\n<p>Escola &#8211; A diretora da unidade escolar, Celina Maria Santana, celebrou os avan\u00e7os com a inaugura\u00e7\u00e3o da nova estrutura. \u201cEra um pr\u00e9dio sem capacidade para ser uma escola; uma casa cedida pela igreja, com uma estrutura bem prec\u00e1ria. T\u00ednhamos tamb\u00e9m problemas de fia\u00e7\u00e3o, toda hora queimava um computador. Hoje estamos aliviados e orgulhosos com esse novo pr\u00e9dio para a comunidade\u201d, contou.<\/p>\n<p>De acordo com a diretora, as melhorias na infraestrutura certamente ter\u00e3o como consequ\u00eancia uma eleva\u00e7\u00e3o na qualidade do ensino. \u201cPara ter uma educa\u00e7\u00e3o de qualidade, \u00e9 preciso ter tamb\u00e9m um ambiente confort\u00e1vel, climatizado, equipado. Foi um trabalho de excel\u00eancia feito aqui\u201d, avaliou.<\/p>\n<p>Com quase 3,4 mil m\u00b2 de \u00e1rea constru\u00edda, o pr\u00e9dio tem acessibilidade total, com 15 salas de aula totalmente climatizadas. A nova Escola Maria Const\u00e2ncia Moraes de Carvalho conta ainda com sala de recurso multifuncional, audit\u00f3rio, parque infantil, biblioteca, sala de leitura, sala de dan\u00e7a, recreio coberto, recreio descoberto, sala de inform\u00e1tica, brinquedoteca, quadra poliesportiva, refeit\u00f3rio, guarita com sanit\u00e1rio de apoio e sanit\u00e1rios PCD, al\u00e9m de suporte necess\u00e1rio para atender a comunidade escolar.<\/p>\n<p>Fotos: Betto Jr. \/ Secom PMS<\/p>\n","protected":false},"excerpt":{"rendered":"<p>Para marcar o in\u00edcio do ano letivo na rede municipal de ensino, a Prefeitura de Salvador entregou nesta segunda-feira (16) a nova Escola Maria Const\u00e2ncia Moraes de Carvalho, no bairro do Lobato, no Sub\u00farbio Ferrovi\u00e1rio da capital baiana. A unidade, localizada na Travessa Uni\u00e3o, foi totalmente reconstru\u00edda, com um investimento de R$ 14,2 milh\u00f5es. Agora [&hellip;]<\/p>\n","protected":false},"author":8,"featured_media":981431,"comment_status":"closed","ping_status":"closed","sticky":false,"template":"","format":"standard","meta":[],"categories":[14,3,21],"tags":[85,1208,533,931],"acf":[],"yoast_head":"<!-- This site is optimized with the Yoast SEO plugin v20.8 - https:\/\/yoast.com\/wordpress\/plugins\/seo\/ -->\n<title>PREFEITURA DE SALVADOR INICIA ANO LETIVO COM ENTREGA DE NOVA ESCOLA NO LOBATO - Bahia Economica<\/title>\n<meta name=\"description\" content=\"O maior portal de Economia da Bahia DESTAQUE DO DIA, ECONOMIA \/ POL\u00cdTICA, Sa\u00fade \/ Educa\u00e7\u00e3o Bahia Economica\" \/>\n<meta name=\"robots\" content=\"index, follow, max-snippet:-1, max-image-preview:large, max-video-preview:-1\" \/>\n<link rel=\"canonical\" href=\"https:\/\/bahiaeconomica.com.br\/wp\/2026\/03\/16\/prefeitura-de-salvador-inicia-ano-letivo-com-entrega-de-nova-escola-no-lobato\/\" \/>\n<meta property=\"og:locale\" content=\"pt_BR\" \/>\n<meta property=\"og:type\" content=\"article\" \/>\n<meta property=\"og:title\" content=\"PREFEITURA DE SALVADOR INICIA ANO LETIVO COM ENTREGA DE NOVA ESCOLA NO LOBATO - Bahia Economica\" \/>\n<meta property=\"og:description\" content=\"O maior portal de Economia da Bahia DESTAQUE DO DIA, ECONOMIA \/ POL\u00cdTICA, Sa\u00fade \/ Educa\u00e7\u00e3o Bahia Economica\" \/>\n<meta property=\"og:url\" content=\"https:\/\/bahiaeconomica.com.br\/wp\/2026\/03\/16\/prefeitura-de-salvador-inicia-ano-letivo-com-entrega-de-nova-escola-no-lobato\/\" \/>\n<meta property=\"og:site_name\" content=\"Bahia Economica\" \/>\n<meta property=\"article:publisher\" content=\"https:\/\/www.facebook.com\/bahiaeconomica\" \/>\n<meta property=\"article:published_time\" content=\"2026-03-16T16:01:31+00:00\" \/>\n<meta property=\"article:modified_time\" content=\"2026-03-16T16:24:50+00:00\" \/>\n<meta property=\"og:image\" content=\"https:\/\/bahiaeconomica.com.br\/wp\/wp-content\/uploads\/2026\/03\/WhatsApp-Image-2026-03-16-at-12.18.51-e1773678269557.jpeg\" \/>\n\t<meta property=\"og:image:width\" content=\"1276\" \/>\n\t<meta property=\"og:image:height\" content=\"579\" \/>\n\t<meta property=\"og:image:type\" content=\"image\/jpeg\" \/>\n<meta name=\"author\" content=\"JP\" \/>\n<meta name=\"twitter:card\" content=\"summary_large_image\" \/>\n<meta name=\"twitter:label1\" content=\"Escrito por\" \/>\n\t<meta name=\"twitter:data1\" content=\"JP\" \/>\n\t<meta name=\"twitter:label2\" content=\"Est. tempo de leitura\" \/>\n\t<meta name=\"twitter:data2\" content=\"4 minutos\" \/>\n<script type=\"application\/ld+json\" class=\"yoast-schema-graph\">{\"@context\":\"https:\/\/schema.org\",\"@graph\":[{\"@type\":\"Article\",\"@id\":\"https:\/\/bahiaeconomica.com.br\/wp\/2026\/03\/16\/prefeitura-de-salvador-inicia-ano-letivo-com-entrega-de-nova-escola-no-lobato\/#article\",\"isPartOf\":{\"@id\":\"https:\/\/bahiaeconomica.com.br\/wp\/2026\/03\/16\/prefeitura-de-salvador-inicia-ano-letivo-com-entrega-de-nova-escola-no-lobato\/\"},\"author\":{\"name\":\"JP\",\"@id\":\"https:\/\/bahiaeconomica.com.br\/wp\/#\/schema\/person\/c86d3a3f8960425a0f9d0e5245991f4e\"},\"headline\":\"PREFEITURA DE SALVADOR INICIA ANO LETIVO COM ENTREGA DE NOVA ESCOLA NO LOBATO\",\"datePublished\":\"2026-03-16T16:01:31+00:00\",\"dateModified\":\"2026-03-16T16:24:50+00:00\",\"mainEntityOfPage\":{\"@id\":\"https:\/\/bahiaeconomica.com.br\/wp\/2026\/03\/16\/prefeitura-de-salvador-inicia-ano-letivo-com-entrega-de-nova-escola-no-lobato\/\"},\"wordCount\":811,\"publisher\":{\"@id\":\"https:\/\/bahiaeconomica.com.br\/wp\/#organization\"},\"keywords\":[\"Bahia\",\"bruno\",\"Prefeito\",\"reis\"],\"articleSection\":[\"DESTAQUE DO DIA\",\"ECONOMIA \/ POL\u00cdTICA\",\"Sa\u00fade \/ Educa\u00e7\u00e3o\"],\"inLanguage\":\"pt-BR\"},{\"@type\":\"WebPage\",\"@id\":\"https:\/\/bahiaeconomica.com.br\/wp\/2026\/03\/16\/prefeitura-de-salvador-inicia-ano-letivo-com-entrega-de-nova-escola-no-lobato\/\",\"url\":\"https:\/\/bahiaeconomica.com.br\/wp\/2026\/03\/16\/prefeitura-de-salvador-inicia-ano-letivo-com-entrega-de-nova-escola-no-lobato\/\",\"name\":\"PREFEITURA DE SALVADOR INICIA ANO LETIVO COM ENTREGA DE NOVA ESCOLA NO LOBATO - Bahia Economica\",\"isPartOf\":{\"@id\":\"https:\/\/bahiaeconomica.com.br\/wp\/#website\"},\"datePublished\":\"2026-03-16T16:01:31+00:00\",\"dateModified\":\"2026-03-16T16:24:50+00:00\",\"description\":\"O maior portal de Economia da Bahia DESTAQUE DO DIA, ECONOMIA \/ POL\u00cdTICA, Sa\u00fade \/ Educa\u00e7\u00e3o Bahia Economica\",\"breadcrumb\":{\"@id\":\"https:\/\/bahiaeconomica.com.br\/wp\/2026\/03\/16\/prefeitura-de-salvador-inicia-ano-letivo-com-entrega-de-nova-escola-no-lobato\/#breadcrumb\"},\"inLanguage\":\"pt-BR\",\"potentialAction\":[{\"@type\":\"ReadAction\",\"target\":[\"https:\/\/bahiaeconomica.com.br\/wp\/2026\/03\/16\/prefeitura-de-salvador-inicia-ano-letivo-com-entrega-de-nova-escola-no-lobato\/\"]}]},{\"@type\":\"BreadcrumbList\",\"@id\":\"https:\/\/bahiaeconomica.com.br\/wp\/2026\/03\/16\/prefeitura-de-salvador-inicia-ano-letivo-com-entrega-de-nova-escola-no-lobato\/#breadcrumb\",\"itemListElement\":[{\"@type\":\"ListItem\",\"position\":1,\"name\":\"In\u00edcio\",\"item\":\"https:\/\/bahiaeconomica.com.br\/wp\/\"},{\"@type\":\"ListItem\",\"position\":2,\"name\":\"PREFEITURA DE SALVADOR INICIA ANO LETIVO COM ENTREGA DE NOVA ESCOLA NO LOBATO\"}]},{\"@type\":\"WebSite\",\"@id\":\"https:\/\/bahiaeconomica.com.br\/wp\/#website\",\"url\":\"https:\/\/bahiaeconomica.com.br\/wp\/\",\"name\":\"Bahia Economica\",\"description\":\"O maior portal de Economia da Bahia\",\"publisher\":{\"@id\":\"https:\/\/bahiaeconomica.com.br\/wp\/#organization\"},\"potentialAction\":[{\"@type\":\"SearchAction\",\"target\":{\"@type\":\"EntryPoint\",\"urlTemplate\":\"https:\/\/bahiaeconomica.com.br\/wp\/?s={search_term_string}\"},\"query-input\":\"required name=search_term_string\"}],\"inLanguage\":\"pt-BR\"},{\"@type\":\"Organization\",\"@id\":\"https:\/\/bahiaeconomica.com.br\/wp\/#organization\",\"name\":\"Bahia Econ\u00f4mica\",\"url\":\"https:\/\/bahiaeconomica.com.br\/wp\/\",\"logo\":{\"@type\":\"ImageObject\",\"inLanguage\":\"pt-BR\",\"@id\":\"https:\/\/bahiaeconomica.com.br\/wp\/#\/schema\/logo\/image\/\",\"url\":\"https:\/\/bahiaeconomica.com.br\/wp\/wp-content\/uploads\/2020\/12\/cropped-BE.png\",\"contentUrl\":\"https:\/\/bahiaeconomica.com.br\/wp\/wp-content\/uploads\/2020\/12\/cropped-BE.png\",\"width\":512,\"height\":512,\"caption\":\"Bahia Econ\u00f4mica\"},\"image\":{\"@id\":\"https:\/\/bahiaeconomica.com.br\/wp\/#\/schema\/logo\/image\/\"},\"sameAs\":[\"https:\/\/www.facebook.com\/bahiaeconomica\"]},{\"@type\":\"Person\",\"@id\":\"https:\/\/bahiaeconomica.com.br\/wp\/#\/schema\/person\/c86d3a3f8960425a0f9d0e5245991f4e\",\"name\":\"JP\",\"sameAs\":[\"https:\/\/bahiaeconomica.com.br\/wp\/beta\/\"],\"url\":\"https:\/\/bahiaeconomica.com.br\/wp\/author\/jp\/\"}]}<\/script>\n<!-- \/ Yoast SEO plugin. -->","yoast_head_json":{"title":"PREFEITURA DE SALVADOR INICIA ANO LETIVO COM ENTREGA DE NOVA ESCOLA NO LOBATO - Bahia Economica","description":"O maior portal de Economia da Bahia DESTAQUE DO DIA, ECONOMIA \/ POL\u00cdTICA, Sa\u00fade \/ Educa\u00e7\u00e3o Bahia Economica","robots":{"index":"index","follow":"follow","max-snippet":"max-snippet:-1","max-image-preview":"max-image-preview:large","max-video-preview":"max-video-preview:-1"},"canonical":"https:\/\/bahiaeconomica.com.br\/wp\/2026\/03\/16\/prefeitura-de-salvador-inicia-ano-letivo-com-entrega-de-nova-escola-no-lobato\/","og_locale":"pt_BR","og_type":"article","og_title":"PREFEITURA DE SALVADOR INICIA ANO LETIVO COM ENTREGA DE NOVA ESCOLA NO LOBATO - Bahia Economica","og_description":"O maior portal de Economia da Bahia DESTAQUE DO DIA, ECONOMIA \/ POL\u00cdTICA, Sa\u00fade \/ Educa\u00e7\u00e3o Bahia Economica","og_url":"https:\/\/bahiaeconomica.com.br\/wp\/2026\/03\/16\/prefeitura-de-salvador-inicia-ano-letivo-com-entrega-de-nova-escola-no-lobato\/","og_site_name":"Bahia Economica","article_publisher":"https:\/\/www.facebook.com\/bahiaeconomica","article_published_time":"2026-03-16T16:01:31+00:00","article_modified_time":"2026-03-16T16:24:50+00:00","og_image":[{"width":1276,"height":579,"url":"https:\/\/bahiaeconomica.com.br\/wp\/wp-content\/uploads\/2026\/03\/WhatsApp-Image-2026-03-16-at-12.18.51-e1773678269557.jpeg","type":"image\/jpeg"}],"author":"JP","twitter_card":"summary_large_image","twitter_misc":{"Escrito por":"JP","Est. tempo de leitura":"4 minutos"},"schema":{"@context":"https:\/\/schema.org","@graph":[{"@type":"Article","@id":"https:\/\/bahiaeconomica.com.br\/wp\/2026\/03\/16\/prefeitura-de-salvador-inicia-ano-letivo-com-entrega-de-nova-escola-no-lobato\/#article","isPartOf":{"@id":"https:\/\/bahiaeconomica.com.br\/wp\/2026\/03\/16\/prefeitura-de-salvador-inicia-ano-letivo-com-entrega-de-nova-escola-no-lobato\/"},"author":{"name":"JP","@id":"https:\/\/bahiaeconomica.com.br\/wp\/#\/schema\/person\/c86d3a3f8960425a0f9d0e5245991f4e"},"headline":"PREFEITURA DE SALVADOR INICIA ANO LETIVO COM ENTREGA DE NOVA ESCOLA NO LOBATO","datePublished":"2026-03-16T16:01:31+00:00","dateModified":"2026-03-16T16:24:50+00:00","mainEntityOfPage":{"@id":"https:\/\/bahiaeconomica.com.br\/wp\/2026\/03\/16\/prefeitura-de-salvador-inicia-ano-letivo-com-entrega-de-nova-escola-no-lobato\/"},"wordCount":811,"publisher":{"@id":"https:\/\/bahiaeconomica.com.br\/wp\/#organization"},"keywords":["Bahia","bruno","Prefeito","reis"],"articleSection":["DESTAQUE DO DIA","ECONOMIA \/ POL\u00cdTICA","Sa\u00fade \/ Educa\u00e7\u00e3o"],"inLanguage":"pt-BR"},{"@type":"WebPage","@id":"https:\/\/bahiaeconomica.com.br\/wp\/2026\/03\/16\/prefeitura-de-salvador-inicia-ano-letivo-com-entrega-de-nova-escola-no-lobato\/","url":"https:\/\/bahiaeconomica.com.br\/wp\/2026\/03\/16\/prefeitura-de-salvador-inicia-ano-letivo-com-entrega-de-nova-escola-no-lobato\/","name":"PREFEITURA DE SALVADOR INICIA ANO LETIVO COM ENTREGA DE NOVA ESCOLA NO LOBATO - Bahia Economica","isPartOf":{"@id":"https:\/\/bahiaeconomica.com.br\/wp\/#website"},"datePublished":"2026-03-16T16:01:31+00:00","dateModified":"2026-03-16T16:24:50+00:00","description":"O maior portal de Economia da Bahia DESTAQUE DO DIA, ECONOMIA \/ POL\u00cdTICA, Sa\u00fade \/ Educa\u00e7\u00e3o Bahia Economica","breadcrumb":{"@id":"https:\/\/bahiaeconomica.com.br\/wp\/2026\/03\/16\/prefeitura-de-salvador-inicia-ano-letivo-com-entrega-de-nova-escola-no-lobato\/#breadcrumb"},"inLanguage":"pt-BR","potentialAction":[{"@type":"ReadAction","target":["https:\/\/bahiaeconomica.com.br\/wp\/2026\/03\/16\/prefeitura-de-salvador-inicia-ano-letivo-com-entrega-de-nova-escola-no-lobato\/"]}]},{"@type":"BreadcrumbList","@id":"https:\/\/bahiaeconomica.com.br\/wp\/2026\/03\/16\/prefeitura-de-salvador-inicia-ano-letivo-com-entrega-de-nova-escola-no-lobato\/#breadcrumb","itemListElement":[{"@type":"ListItem","position":1,"name":"In\u00edcio","item":"https:\/\/bahiaeconomica.com.br\/wp\/"},{"@type":"ListItem","position":2,"name":"PREFEITURA DE SALVADOR INICIA ANO LETIVO COM ENTREGA DE NOVA ESCOLA NO LOBATO"}]},{"@type":"WebSite","@id":"https:\/\/bahiaeconomica.com.br\/wp\/#website","url":"https:\/\/bahiaeconomica.com.br\/wp\/","name":"Bahia Economica","description":"O maior portal de Economia da Bahia","publisher":{"@id":"https:\/\/bahiaeconomica.com.br\/wp\/#organization"},"potentialAction":[{"@type":"SearchAction","target":{"@type":"EntryPoint","urlTemplate":"https:\/\/bahiaeconomica.com.br\/wp\/?s={search_term_string}"},"query-input":"required name=search_term_string"}],"inLanguage":"pt-BR"},{"@type":"Organization","@id":"https:\/\/bahiaeconomica.com.br\/wp\/#organization","name":"Bahia Econ\u00f4mica","url":"https:\/\/bahiaeconomica.com.br\/wp\/","logo":{"@type":"ImageObject","inLanguage":"pt-BR","@id":"https:\/\/bahiaeconomica.com.br\/wp\/#\/schema\/logo\/image\/","url":"https:\/\/bahiaeconomica.com.br\/wp\/wp-content\/uploads\/2020\/12\/cropped-BE.png","contentUrl":"https:\/\/bahiaeconomica.com.br\/wp\/wp-content\/uploads\/2020\/12\/cropped-BE.png","width":512,"height":512,"caption":"Bahia Econ\u00f4mica"},"image":{"@id":"https:\/\/bahiaeconomica.com.br\/wp\/#\/schema\/logo\/image\/"},"sameAs":["https:\/\/www.facebook.com\/bahiaeconomica"]},{"@type":"Person","@id":"https:\/\/bahiaeconomica.com.br\/wp\/#\/schema\/person\/c86d3a3f8960425a0f9d0e5245991f4e","name":"JP","sameAs":["https:\/\/bahiaeconomica.com.br\/wp\/beta\/"],"url":"https:\/\/bahiaeconomica.com.br\/wp\/author\/jp\/"}]}},"views":73,"_links":{"self":[{"href":"https:\/\/bahiaeconomica.com.br\/wp\/wp-json\/wp\/v2\/posts\/981430"}],"collection":[{"href":"https:\/\/bahiaeconomica.com.br\/wp\/wp-json\/wp\/v2\/posts"}],"about":[{"href":"https:\/\/bahiaeconomica.com.br\/wp\/wp-json\/wp\/v2\/types\/post"}],"author":[{"embeddable":true,"href":"https:\/\/bahiaeconomica.com.br\/wp\/wp-json\/wp\/v2\/users\/8"}],"replies":[{"embeddable":true,"href":"https:\/\/bahiaeconomica.com.br\/wp\/wp-json\/wp\/v2\/comments?post=981430"}],"version-history":[{"count":1,"href":"https:\/\/bahiaeconomica.com.br\/wp\/wp-json\/wp\/v2\/posts\/981430\/revisions"}],"predecessor-version":[{"id":981432,"href":"https:\/\/bahiaeconomica.com.br\/wp\/wp-json\/wp\/v2\/posts\/981430\/revisions\/981432"}],"wp:featuredmedia":[{"embeddable":true,"href":"https:\/\/bahiaeconomica.com.br\/wp\/wp-json\/wp\/v2\/media\/981431"}],"wp:attachment":[{"href":"https:\/\/bahiaeconomica.com.br\/wp\/wp-json\/wp\/v2\/media?parent=981430"}],"wp:term":[{"taxonomy":"category","embeddable":true,"href":"https:\/\/bahiaeconomica.com.br\/wp\/wp-json\/wp\/v2\/categories?post=981430"},{"taxonomy":"post_tag","embeddable":true,"href":"https:\/\/bahiaeconomica.com.br\/wp\/wp-json\/wp\/v2\/tags?post=981430"}],"curies":[{"name":"wp","href":"https:\/\/api.w.org\/{rel}","templated":true}]}}