{"id":981228,"date":"2026-03-14T11:07:19","date_gmt":"2026-03-14T14:07:19","guid":{"rendered":"https:\/\/bahiaeconomica.com.br\/wp\/?p=981228"},"modified":"2026-03-14T11:07:19","modified_gmt":"2026-03-14T14:07:19","slug":"bolsonaro-esta-estavel-mas-situacao-e-extremamente-grave-diz-medico","status":"publish","type":"post","link":"https:\/\/bahiaeconomica.com.br\/wp\/2026\/03\/14\/bolsonaro-esta-estavel-mas-situacao-e-extremamente-grave-diz-medico\/","title":{"rendered":"BOLSONARO EST\u00c1 EST\u00c1VEL, MAS SITUA\u00c7\u00c3O \u00c9 EXTREMAMENTE GRAVE, DIZ M\u00c9DICO"},"content":{"rendered":"<p>O m\u00e9dico Claudio Birolini afirmou na noite desta sexta-feira (13) que, apesar de apresentar estabilidade, o quadro de sa\u00fade do ex-presidente Jair Bolsonaro (PL), internado na UTI (Unidade de Terapia Intensiva) com broncopneumonia bacteriana nos dois pulm\u00f5es, \u00e9 &#8220;extremamente grave&#8221;.<\/p>\n<p>Segundo o cardiologista, o risco de pneumonia aspirativa, causada pelos refluxos que Bolsonaro enfrenta desde a facada que levou durante a campanha presidencial em 2018, havia sido informado em relat\u00f3rios enviados ao ministro do STF (Supremo Tribunal Federal) Alexandre de Moraes.<\/p>\n<p>&#8220;Uma pneumonia aspirativa pode fazer com que a pessoa evolua com uma insufici\u00eancia respirat\u00f3ria, e se voc\u00ea n\u00e3o intervir, [pode fazer com que ela] morra. A gente est\u00e1 lidando com uma situa\u00e7\u00e3o extremamente grave. No momento, a quest\u00e3o do presidente Jair Bolsonaro \u00e9 est\u00e1vel, mas o risco de um evento potencialmente mortal, mais uma vez, surge nessas circunst\u00e2ncias&#8221;, declarou Birolini.<\/p>\n<p>Bolsonaro deve permanecer internado por, no m\u00ednimo, sete dias. &#8220;\u00c9 da\u00ed para frente&#8221;, disse o tamb\u00e9m cardiologista Leandro Echenique a jornalistas no hospital DF Star.<\/p>\n<p>Echenique afirmou que a sa\u00fade de Jair Bolsonaro, que completa 71 anos em 21 de mar\u00e7o, &#8220;vem deteriorando aos poucos&#8221; desde a facada e piorou ap\u00f3s a pris\u00e3o na Superintend\u00eancia da PF (Pol\u00edcia Federal) e a transfer\u00eancia para a Papudinha.<\/p>\n<p>&#8220;O pr\u00f3prio n\u00famero de interna\u00e7\u00f5es dele reflete isso. Anteriormente, era uma interna\u00e7\u00e3o por ano. Teve ano que ele foi internado duas vezes. Estamos falando que, desde abril do ano passado at\u00e9 agora, \u00e9 a sexta vez que ele est\u00e1 aqui conosco no hospital. O n\u00famero de intercorr\u00eancias est\u00e1 aumentando momento a momento&#8221;, declarou.<\/p>\n<p>O m\u00e9dico Brasil Caiado tamb\u00e9m afirmou que &#8220;determinados ambientes s\u00e3o mais negativos para ele [Bolsonaro], do ponto de vista de desencadeamento de doen\u00e7a ou a pr\u00f3pria complica\u00e7\u00e3o&#8221;. O argumento \u00e9 usado pela defesa para pedir que Moraes conceda a pris\u00e3o domiciliar, o que j\u00e1 foi negado pelo ministro.<\/p>\n<p>A sa\u00edda da UTI de Bolsonaro depender\u00e1, segundo os m\u00e9dicos, da resposta ao tratamento, que pode ser reiniciado por ajustes na medica\u00e7\u00e3o. O ex-presidente est\u00e1 tomando dois antibi\u00f3ticos administrados na veia. Ele est\u00e1 consciente, consegue conversar e realiza fisioterapia. N\u00e3o houve necessidade de intuba\u00e7\u00e3o.<\/p>\n<p>&#8220;Realmente foi uma pneumonia mais grave do que as duas anteriores que ele teve no segundo semestre do ano passado. Ele vai permanecer na UTI, e a gente n\u00e3o tem prazo ainda para alta da UTI. Ele vai ficar o tempo que for necess\u00e1rio para restabelecer os pulm\u00f5es, para restabelecer a sa\u00fade&#8221;, disse Echenique.<\/p>\n<p>Segundo ele, o quadro de solu\u00e7os do ex-presidente j\u00e1 foi tratado de todas as formas poss\u00edveis e, apesar de apresentar melhoras parciais, as crises voltam \u2013o pode levar a novos casos de pneumonia.<\/p>\n<p>&#8220;Essas crises de solu\u00e7o acabam induzindo o reflexo do v\u00f4mito. Quando o solu\u00e7o fica muito intenso, ele acaba vomitando de forma reflexa. Toda vez que ele vomita, mesmo que de forma reflexa, isso pode resultar em broncoaspira\u00e7\u00e3o, que \u00e9 a aspira\u00e7\u00e3o desse conte\u00fado do v\u00f4mito para o pulm\u00e3o e isso causa essas pneumonias aspirativas.&#8221;<\/p>\n<p>O boletim m\u00e9dico divulgado pelo DF Star no in\u00edcio da tarde desta sexta informou que Bolsonaro apresentou febre alta, queda da satura\u00e7\u00e3o de oxig\u00eanio, sudorese e calafrios.<\/p>\n<p>Segundo a Pol\u00edcia Militar do DF, ele teve um mal-estar s\u00fabito na madrugada em sua cela na Papudinha e precisou ser atendido pela equipe m\u00e9dica de plant\u00e3o, que entendeu ser necess\u00e1ria a transfer\u00eancia imediata para o hospital.<\/p>\n<p>O ex-presidente chegou \u00e0 unidade de sa\u00fade com suporte de oxig\u00eanio nasal e foi submetido a tomografia e a exames laboratoriais.<\/p>\n<p>Moraes autorizou que a ex-primeira-dama Michelle Bolsonaro permane\u00e7a como acompanhante durante a interna\u00e7\u00e3o e liberou visitas dos filhos: o senador e pr\u00e9-candidato \u00e0 Presid\u00eancia Fl\u00e1vio Bolsonaro (PL-RJ), Carlos, Jair Renan (PL-SC) e Laura. O ex-deputado Eduardo Bolsonaro (PL-SP) est\u00e1 nos EUA.<\/p>\n<p>Em 1\u00ba de janeiro, Jair Bolsonaro teve alta ap\u00f3s fazer uma cirurgia de h\u00e9rnia. \u00c0 \u00e9poca, Moraes negou pedido da defesa pela pris\u00e3o domiciliar.<\/p>\n<p>Bolsonaro foi condenado por liderar uma trama golpista depois da derrota nas elei\u00e7\u00f5es de 2022. Ele foi preso na sede da PF em 22 de novembro, ap\u00f3s ter tentado violar a tornozeleira eletr\u00f4nica. Antes disso, estava preso em sua resid\u00eancia, em um condom\u00ednio no Jardim Bot\u00e2nico, em Bras\u00edlia.<\/p>\n<p>A transfer\u00eancia para a Papudinha ocorreu em janeiro. Em mar\u00e7o, a defesa de Bolsonaro fez um novo pedido de domiciliar, que tamb\u00e9m foi negado por Moraes. A decis\u00e3o do ministro foi referendada depois pela Primeira Turma do STF.<\/p>\n<p>Na avalia\u00e7\u00e3o da defesa, a perman\u00eancia de Bolsonaro na pris\u00e3o \u00e9 arriscada para a sa\u00fade do ex-presidente, &#8220;seja pela limita\u00e7\u00e3o estrutural inerente ao c\u00e1rcere, seja pela depend\u00eancia de arranjos contingentes e de dif\u00edcil manuten\u00e7\u00e3o no tempo&#8221;. Moraes mencionou &#8220;a total adequa\u00e7\u00e3o do ambiente prisional \u00e0s necessidades m\u00e9dicas do apenado, com absoluto respeito \u00e0 sua sa\u00fade e \u00e0 dignidade da pessoa humana&#8221;. Tamb\u00e9m citou o epis\u00f3dio em que Bolsonaro tentou romper a tornozeleira eletr\u00f4nica.<\/p>\n<p>&nbsp;<\/p>\n<p>&nbsp;<\/p>\n<p>Foto: Lula Marques \/ Ag\u00eancia Brasil<\/p>\n","protected":false},"excerpt":{"rendered":"<p>O m\u00e9dico Claudio Birolini afirmou na noite desta sexta-feira (13) que, apesar de apresentar estabilidade, o quadro de sa\u00fade do ex-presidente Jair Bolsonaro (PL), internado na UTI (Unidade de Terapia Intensiva) com broncopneumonia bacteriana nos dois pulm\u00f5es, \u00e9 &#8220;extremamente grave&#8221;. Segundo o cardiologista, o risco de pneumonia aspirativa, causada pelos refluxos que Bolsonaro enfrenta desde [&hellip;]<\/p>\n","protected":false},"author":8,"featured_media":981229,"comment_status":"closed","ping_status":"closed","sticky":false,"template":"","format":"standard","meta":[],"categories":[3],"tags":[95,52,11965],"acf":[],"yoast_head":"<!-- This site is optimized with the Yoast SEO plugin v20.8 - https:\/\/yoast.com\/wordpress\/plugins\/seo\/ -->\n<title>BOLSONARO EST\u00c1 EST\u00c1VEL, MAS SITUA\u00c7\u00c3O \u00c9 EXTREMAMENTE GRAVE, DIZ M\u00c9DICO - Bahia Economica<\/title>\n<meta name=\"description\" content=\"O maior portal de Economia da Bahia ECONOMIA \/ POL\u00cdTICA Bahia Economica\" \/>\n<meta name=\"robots\" content=\"index, follow, max-snippet:-1, max-image-preview:large, max-video-preview:-1\" \/>\n<link rel=\"canonical\" href=\"https:\/\/bahiaeconomica.com.br\/wp\/2026\/03\/14\/bolsonaro-esta-estavel-mas-situacao-e-extremamente-grave-diz-medico\/\" \/>\n<meta property=\"og:locale\" content=\"pt_BR\" \/>\n<meta property=\"og:type\" content=\"article\" \/>\n<meta property=\"og:title\" content=\"BOLSONARO EST\u00c1 EST\u00c1VEL, MAS SITUA\u00c7\u00c3O \u00c9 EXTREMAMENTE GRAVE, DIZ M\u00c9DICO - Bahia Economica\" \/>\n<meta property=\"og:description\" content=\"O maior portal de Economia da Bahia ECONOMIA \/ POL\u00cdTICA Bahia Economica\" \/>\n<meta property=\"og:url\" content=\"https:\/\/bahiaeconomica.com.br\/wp\/2026\/03\/14\/bolsonaro-esta-estavel-mas-situacao-e-extremamente-grave-diz-medico\/\" \/>\n<meta property=\"og:site_name\" content=\"Bahia Economica\" \/>\n<meta property=\"article:publisher\" content=\"https:\/\/www.facebook.com\/bahiaeconomica\" \/>\n<meta property=\"article:published_time\" content=\"2026-03-14T14:07:19+00:00\" \/>\n<meta property=\"og:image\" content=\"https:\/\/bahiaeconomica.com.br\/wp\/wp-content\/uploads\/2026\/03\/IMAGEM_NOTICIA_9-6-1.webp\" \/>\n\t<meta property=\"og:image:width\" content=\"1200\" \/>\n\t<meta property=\"og:image:height\" content=\"630\" \/>\n\t<meta property=\"og:image:type\" content=\"image\/webp\" \/>\n<meta name=\"author\" content=\"JP\" \/>\n<meta name=\"twitter:card\" content=\"summary_large_image\" \/>\n<meta name=\"twitter:label1\" content=\"Escrito por\" \/>\n\t<meta name=\"twitter:data1\" content=\"JP\" \/>\n\t<meta name=\"twitter:label2\" content=\"Est. tempo de leitura\" \/>\n\t<meta name=\"twitter:data2\" content=\"5 minutos\" \/>\n<script type=\"application\/ld+json\" class=\"yoast-schema-graph\">{\"@context\":\"https:\/\/schema.org\",\"@graph\":[{\"@type\":\"Article\",\"@id\":\"https:\/\/bahiaeconomica.com.br\/wp\/2026\/03\/14\/bolsonaro-esta-estavel-mas-situacao-e-extremamente-grave-diz-medico\/#article\",\"isPartOf\":{\"@id\":\"https:\/\/bahiaeconomica.com.br\/wp\/2026\/03\/14\/bolsonaro-esta-estavel-mas-situacao-e-extremamente-grave-diz-medico\/\"},\"author\":{\"name\":\"JP\",\"@id\":\"https:\/\/bahiaeconomica.com.br\/wp\/#\/schema\/person\/c86d3a3f8960425a0f9d0e5245991f4e\"},\"headline\":\"BOLSONARO EST\u00c1 EST\u00c1VEL, MAS SITUA\u00c7\u00c3O \u00c9 EXTREMAMENTE GRAVE, DIZ M\u00c9DICO\",\"datePublished\":\"2026-03-14T14:07:19+00:00\",\"dateModified\":\"2026-03-14T14:07:19+00:00\",\"mainEntityOfPage\":{\"@id\":\"https:\/\/bahiaeconomica.com.br\/wp\/2026\/03\/14\/bolsonaro-esta-estavel-mas-situacao-e-extremamente-grave-diz-medico\/\"},\"wordCount\":901,\"publisher\":{\"@id\":\"https:\/\/bahiaeconomica.com.br\/wp\/#organization\"},\"keywords\":[\"Bolsonaro\",\"Brasil\",\"econmia\"],\"articleSection\":[\"ECONOMIA \/ POL\u00cdTICA\"],\"inLanguage\":\"pt-BR\"},{\"@type\":\"WebPage\",\"@id\":\"https:\/\/bahiaeconomica.com.br\/wp\/2026\/03\/14\/bolsonaro-esta-estavel-mas-situacao-e-extremamente-grave-diz-medico\/\",\"url\":\"https:\/\/bahiaeconomica.com.br\/wp\/2026\/03\/14\/bolsonaro-esta-estavel-mas-situacao-e-extremamente-grave-diz-medico\/\",\"name\":\"BOLSONARO EST\u00c1 EST\u00c1VEL, MAS SITUA\u00c7\u00c3O \u00c9 EXTREMAMENTE GRAVE, DIZ M\u00c9DICO - Bahia Economica\",\"isPartOf\":{\"@id\":\"https:\/\/bahiaeconomica.com.br\/wp\/#website\"},\"datePublished\":\"2026-03-14T14:07:19+00:00\",\"dateModified\":\"2026-03-14T14:07:19+00:00\",\"description\":\"O maior portal de Economia da Bahia ECONOMIA \/ POL\u00cdTICA Bahia Economica\",\"breadcrumb\":{\"@id\":\"https:\/\/bahiaeconomica.com.br\/wp\/2026\/03\/14\/bolsonaro-esta-estavel-mas-situacao-e-extremamente-grave-diz-medico\/#breadcrumb\"},\"inLanguage\":\"pt-BR\",\"potentialAction\":[{\"@type\":\"ReadAction\",\"target\":[\"https:\/\/bahiaeconomica.com.br\/wp\/2026\/03\/14\/bolsonaro-esta-estavel-mas-situacao-e-extremamente-grave-diz-medico\/\"]}]},{\"@type\":\"BreadcrumbList\",\"@id\":\"https:\/\/bahiaeconomica.com.br\/wp\/2026\/03\/14\/bolsonaro-esta-estavel-mas-situacao-e-extremamente-grave-diz-medico\/#breadcrumb\",\"itemListElement\":[{\"@type\":\"ListItem\",\"position\":1,\"name\":\"In\u00edcio\",\"item\":\"https:\/\/bahiaeconomica.com.br\/wp\/\"},{\"@type\":\"ListItem\",\"position\":2,\"name\":\"BOLSONARO EST\u00c1 EST\u00c1VEL, MAS SITUA\u00c7\u00c3O \u00c9 EXTREMAMENTE GRAVE, DIZ M\u00c9DICO\"}]},{\"@type\":\"WebSite\",\"@id\":\"https:\/\/bahiaeconomica.com.br\/wp\/#website\",\"url\":\"https:\/\/bahiaeconomica.com.br\/wp\/\",\"name\":\"Bahia Economica\",\"description\":\"O maior portal de Economia da Bahia\",\"publisher\":{\"@id\":\"https:\/\/bahiaeconomica.com.br\/wp\/#organization\"},\"potentialAction\":[{\"@type\":\"SearchAction\",\"target\":{\"@type\":\"EntryPoint\",\"urlTemplate\":\"https:\/\/bahiaeconomica.com.br\/wp\/?s={search_term_string}\"},\"query-input\":\"required name=search_term_string\"}],\"inLanguage\":\"pt-BR\"},{\"@type\":\"Organization\",\"@id\":\"https:\/\/bahiaeconomica.com.br\/wp\/#organization\",\"name\":\"Bahia Econ\u00f4mica\",\"url\":\"https:\/\/bahiaeconomica.com.br\/wp\/\",\"logo\":{\"@type\":\"ImageObject\",\"inLanguage\":\"pt-BR\",\"@id\":\"https:\/\/bahiaeconomica.com.br\/wp\/#\/schema\/logo\/image\/\",\"url\":\"https:\/\/bahiaeconomica.com.br\/wp\/wp-content\/uploads\/2020\/12\/cropped-BE.png\",\"contentUrl\":\"https:\/\/bahiaeconomica.com.br\/wp\/wp-content\/uploads\/2020\/12\/cropped-BE.png\",\"width\":512,\"height\":512,\"caption\":\"Bahia Econ\u00f4mica\"},\"image\":{\"@id\":\"https:\/\/bahiaeconomica.com.br\/wp\/#\/schema\/logo\/image\/\"},\"sameAs\":[\"https:\/\/www.facebook.com\/bahiaeconomica\"]},{\"@type\":\"Person\",\"@id\":\"https:\/\/bahiaeconomica.com.br\/wp\/#\/schema\/person\/c86d3a3f8960425a0f9d0e5245991f4e\",\"name\":\"JP\",\"sameAs\":[\"https:\/\/bahiaeconomica.com.br\/wp\/beta\/\"],\"url\":\"https:\/\/bahiaeconomica.com.br\/wp\/author\/jp\/\"}]}<\/script>\n<!-- \/ Yoast SEO plugin. -->","yoast_head_json":{"title":"BOLSONARO EST\u00c1 EST\u00c1VEL, MAS SITUA\u00c7\u00c3O \u00c9 EXTREMAMENTE GRAVE, DIZ M\u00c9DICO - Bahia Economica","description":"O maior portal de Economia da Bahia ECONOMIA \/ POL\u00cdTICA Bahia Economica","robots":{"index":"index","follow":"follow","max-snippet":"max-snippet:-1","max-image-preview":"max-image-preview:large","max-video-preview":"max-video-preview:-1"},"canonical":"https:\/\/bahiaeconomica.com.br\/wp\/2026\/03\/14\/bolsonaro-esta-estavel-mas-situacao-e-extremamente-grave-diz-medico\/","og_locale":"pt_BR","og_type":"article","og_title":"BOLSONARO EST\u00c1 EST\u00c1VEL, MAS SITUA\u00c7\u00c3O \u00c9 EXTREMAMENTE GRAVE, DIZ M\u00c9DICO - Bahia Economica","og_description":"O maior portal de Economia da Bahia ECONOMIA \/ POL\u00cdTICA Bahia Economica","og_url":"https:\/\/bahiaeconomica.com.br\/wp\/2026\/03\/14\/bolsonaro-esta-estavel-mas-situacao-e-extremamente-grave-diz-medico\/","og_site_name":"Bahia Economica","article_publisher":"https:\/\/www.facebook.com\/bahiaeconomica","article_published_time":"2026-03-14T14:07:19+00:00","og_image":[{"width":1200,"height":630,"url":"https:\/\/bahiaeconomica.com.br\/wp\/wp-content\/uploads\/2026\/03\/IMAGEM_NOTICIA_9-6-1.webp","type":"image\/webp"}],"author":"JP","twitter_card":"summary_large_image","twitter_misc":{"Escrito por":"JP","Est. tempo de leitura":"5 minutos"},"schema":{"@context":"https:\/\/schema.org","@graph":[{"@type":"Article","@id":"https:\/\/bahiaeconomica.com.br\/wp\/2026\/03\/14\/bolsonaro-esta-estavel-mas-situacao-e-extremamente-grave-diz-medico\/#article","isPartOf":{"@id":"https:\/\/bahiaeconomica.com.br\/wp\/2026\/03\/14\/bolsonaro-esta-estavel-mas-situacao-e-extremamente-grave-diz-medico\/"},"author":{"name":"JP","@id":"https:\/\/bahiaeconomica.com.br\/wp\/#\/schema\/person\/c86d3a3f8960425a0f9d0e5245991f4e"},"headline":"BOLSONARO EST\u00c1 EST\u00c1VEL, MAS SITUA\u00c7\u00c3O \u00c9 EXTREMAMENTE GRAVE, DIZ M\u00c9DICO","datePublished":"2026-03-14T14:07:19+00:00","dateModified":"2026-03-14T14:07:19+00:00","mainEntityOfPage":{"@id":"https:\/\/bahiaeconomica.com.br\/wp\/2026\/03\/14\/bolsonaro-esta-estavel-mas-situacao-e-extremamente-grave-diz-medico\/"},"wordCount":901,"publisher":{"@id":"https:\/\/bahiaeconomica.com.br\/wp\/#organization"},"keywords":["Bolsonaro","Brasil","econmia"],"articleSection":["ECONOMIA \/ POL\u00cdTICA"],"inLanguage":"pt-BR"},{"@type":"WebPage","@id":"https:\/\/bahiaeconomica.com.br\/wp\/2026\/03\/14\/bolsonaro-esta-estavel-mas-situacao-e-extremamente-grave-diz-medico\/","url":"https:\/\/bahiaeconomica.com.br\/wp\/2026\/03\/14\/bolsonaro-esta-estavel-mas-situacao-e-extremamente-grave-diz-medico\/","name":"BOLSONARO EST\u00c1 EST\u00c1VEL, MAS SITUA\u00c7\u00c3O \u00c9 EXTREMAMENTE GRAVE, DIZ M\u00c9DICO - Bahia Economica","isPartOf":{"@id":"https:\/\/bahiaeconomica.com.br\/wp\/#website"},"datePublished":"2026-03-14T14:07:19+00:00","dateModified":"2026-03-14T14:07:19+00:00","description":"O maior portal de Economia da Bahia ECONOMIA \/ POL\u00cdTICA Bahia Economica","breadcrumb":{"@id":"https:\/\/bahiaeconomica.com.br\/wp\/2026\/03\/14\/bolsonaro-esta-estavel-mas-situacao-e-extremamente-grave-diz-medico\/#breadcrumb"},"inLanguage":"pt-BR","potentialAction":[{"@type":"ReadAction","target":["https:\/\/bahiaeconomica.com.br\/wp\/2026\/03\/14\/bolsonaro-esta-estavel-mas-situacao-e-extremamente-grave-diz-medico\/"]}]},{"@type":"BreadcrumbList","@id":"https:\/\/bahiaeconomica.com.br\/wp\/2026\/03\/14\/bolsonaro-esta-estavel-mas-situacao-e-extremamente-grave-diz-medico\/#breadcrumb","itemListElement":[{"@type":"ListItem","position":1,"name":"In\u00edcio","item":"https:\/\/bahiaeconomica.com.br\/wp\/"},{"@type":"ListItem","position":2,"name":"BOLSONARO EST\u00c1 EST\u00c1VEL, MAS SITUA\u00c7\u00c3O \u00c9 EXTREMAMENTE GRAVE, DIZ M\u00c9DICO"}]},{"@type":"WebSite","@id":"https:\/\/bahiaeconomica.com.br\/wp\/#website","url":"https:\/\/bahiaeconomica.com.br\/wp\/","name":"Bahia Economica","description":"O maior portal de Economia da Bahia","publisher":{"@id":"https:\/\/bahiaeconomica.com.br\/wp\/#organization"},"potentialAction":[{"@type":"SearchAction","target":{"@type":"EntryPoint","urlTemplate":"https:\/\/bahiaeconomica.com.br\/wp\/?s={search_term_string}"},"query-input":"required name=search_term_string"}],"inLanguage":"pt-BR"},{"@type":"Organization","@id":"https:\/\/bahiaeconomica.com.br\/wp\/#organization","name":"Bahia Econ\u00f4mica","url":"https:\/\/bahiaeconomica.com.br\/wp\/","logo":{"@type":"ImageObject","inLanguage":"pt-BR","@id":"https:\/\/bahiaeconomica.com.br\/wp\/#\/schema\/logo\/image\/","url":"https:\/\/bahiaeconomica.com.br\/wp\/wp-content\/uploads\/2020\/12\/cropped-BE.png","contentUrl":"https:\/\/bahiaeconomica.com.br\/wp\/wp-content\/uploads\/2020\/12\/cropped-BE.png","width":512,"height":512,"caption":"Bahia Econ\u00f4mica"},"image":{"@id":"https:\/\/bahiaeconomica.com.br\/wp\/#\/schema\/logo\/image\/"},"sameAs":["https:\/\/www.facebook.com\/bahiaeconomica"]},{"@type":"Person","@id":"https:\/\/bahiaeconomica.com.br\/wp\/#\/schema\/person\/c86d3a3f8960425a0f9d0e5245991f4e","name":"JP","sameAs":["https:\/\/bahiaeconomica.com.br\/wp\/beta\/"],"url":"https:\/\/bahiaeconomica.com.br\/wp\/author\/jp\/"}]}},"views":36,"_links":{"self":[{"href":"https:\/\/bahiaeconomica.com.br\/wp\/wp-json\/wp\/v2\/posts\/981228"}],"collection":[{"href":"https:\/\/bahiaeconomica.com.br\/wp\/wp-json\/wp\/v2\/posts"}],"about":[{"href":"https:\/\/bahiaeconomica.com.br\/wp\/wp-json\/wp\/v2\/types\/post"}],"author":[{"embeddable":true,"href":"https:\/\/bahiaeconomica.com.br\/wp\/wp-json\/wp\/v2\/users\/8"}],"replies":[{"embeddable":true,"href":"https:\/\/bahiaeconomica.com.br\/wp\/wp-json\/wp\/v2\/comments?post=981228"}],"version-history":[{"count":1,"href":"https:\/\/bahiaeconomica.com.br\/wp\/wp-json\/wp\/v2\/posts\/981228\/revisions"}],"predecessor-version":[{"id":981230,"href":"https:\/\/bahiaeconomica.com.br\/wp\/wp-json\/wp\/v2\/posts\/981228\/revisions\/981230"}],"wp:featuredmedia":[{"embeddable":true,"href":"https:\/\/bahiaeconomica.com.br\/wp\/wp-json\/wp\/v2\/media\/981229"}],"wp:attachment":[{"href":"https:\/\/bahiaeconomica.com.br\/wp\/wp-json\/wp\/v2\/media?parent=981228"}],"wp:term":[{"taxonomy":"category","embeddable":true,"href":"https:\/\/bahiaeconomica.com.br\/wp\/wp-json\/wp\/v2\/categories?post=981228"},{"taxonomy":"post_tag","embeddable":true,"href":"https:\/\/bahiaeconomica.com.br\/wp\/wp-json\/wp\/v2\/tags?post=981228"}],"curies":[{"name":"wp","href":"https:\/\/api.w.org\/{rel}","templated":true}]}}