{"id":980880,"date":"2026-03-12T15:00:52","date_gmt":"2026-03-12T18:00:52","guid":{"rendered":"https:\/\/bahiaeconomica.com.br\/wp\/?p=980880"},"modified":"2026-03-12T21:02:56","modified_gmt":"2026-03-13T00:02:56","slug":"escolas-municipais-de-camacari-recebem-mais-uma-edicao-da-acao-braskem-de-educacao-ambiental","status":"publish","type":"post","link":"https:\/\/bahiaeconomica.com.br\/wp\/2026\/03\/12\/escolas-municipais-de-camacari-recebem-mais-uma-edicao-da-acao-braskem-de-educacao-ambiental\/","title":{"rendered":"ESCOLAS MUNICIPAIS DE CAMA\u00c7ARI RECEBEM MAIS UMA EDI\u00c7\u00c3O DA A\u00c7\u00c3O BRASKEM DE EDUCA\u00c7\u00c3O AMBIENTAL"},"content":{"rendered":"<p>Mais de 150 estudante da Escola Municipal do Natal, em Cama\u00e7ari, na regi\u00e3o metropolitana de Salvador, participaram nesta quinta-feira (dia 12\/03), do primeiro m\u00f3dulo da A\u00e7\u00e3o Braskem de Educa\u00e7\u00e3o Ambiental. A iniciativa visa estimular o conceito de economia circular e despertar a consci\u00eancia em crian\u00e7as e jovens para a import\u00e2ncia da reciclagem.<\/p>\n<p>Promovida pela Braskem e executada pela startup SOLOS, a a\u00e7\u00e3o tem o apoio da Empresa de Limpeza P\u00fablica de Cama\u00e7ari (Limpec) e da Secretaria de Educa\u00e7\u00e3o do munic\u00edpio Seduc). Al\u00e9m da Escola Municipal do Natal, participam tamb\u00e9m desta edi\u00e7\u00e3o do projeto as escolas Cosme de Farias, Ilay Garcia Ellery, Alberto Brand\u00e3o e Parque Verde.<\/p>\n<p>Para Magn\u00f3lia Borges, gerente de Rela\u00e7\u00f5es Institucionais da Braskem na Bahia, a iniciativa reflete o compromisso da empresa em desenvolver a cadeia de valor da reciclagem nas regi\u00f5es onde atua. \u201cNosso objetivo \u00e9 plantar nas crian\u00e7as e jovens a semente da consci\u00eancia ambiental, estimulando a reflex\u00e3o sobre o assunto e, consequentemente, a pr\u00e1tica de h\u00e1bitos sustent\u00e1veis\u201d, pontuou.<\/p>\n<p>No primeiro m\u00f3dulo do projeto, s\u00e3o utilizados palestras e jogos de perguntas e respostas, para abordar temas como consumo consciente, destina\u00e7\u00e3o adequada de res\u00edduos, reciclagem e o papel do pl\u00e1stico em nossas vidas. Posteriormente, ser\u00e3o realizados outros dois m\u00f3dulos, que consistem, respectivamente, na montagem de espa\u00e7os nas escolas para o descarte correto de res\u00edduos e em um campeonato de reciclagem, o qual premia as unidades que mais arrecadarem res\u00edduos. Os res\u00edduos coletados durante a a\u00e7\u00e3o s\u00e3o destinados \u00e0 Cooperativa de Materiais Recicl\u00e1veis de Cama\u00e7ari (Coopmarc), contribuindo para a gera\u00e7\u00e3o de renda dos catadores.<\/p>\n","protected":false},"excerpt":{"rendered":"<p>Mais de 150 estudante da Escola Municipal do Natal, em Cama\u00e7ari, na regi\u00e3o metropolitana de Salvador, participaram nesta quinta-feira (dia 12\/03), do primeiro m\u00f3dulo da A\u00e7\u00e3o Braskem de Educa\u00e7\u00e3o Ambiental. A iniciativa visa estimular o conceito de economia circular e despertar a consci\u00eancia em crian\u00e7as e jovens para a import\u00e2ncia da reciclagem. Promovida pela Braskem [&hellip;]<\/p>\n","protected":false},"author":8,"featured_media":980881,"comment_status":"closed","ping_status":"closed","sticky":false,"template":"","format":"standard","meta":[],"categories":[5],"tags":[52,1367],"acf":[],"yoast_head":"<!-- This site is optimized with the Yoast SEO plugin v20.8 - https:\/\/yoast.com\/wordpress\/plugins\/seo\/ -->\n<title>ESCOLAS MUNICIPAIS DE CAMA\u00c7ARI RECEBEM MAIS UMA EDI\u00c7\u00c3O DA A\u00c7\u00c3O BRASKEM DE EDUCA\u00c7\u00c3O AMBIENTAL - Bahia Economica<\/title>\n<meta name=\"description\" content=\"O maior portal de Economia da Bahia MUNIC\u00cdPIOS Bahia Economica Mais de 150 estudante da Escola Municipal do Natal, em Cama\u00e7ari,\" \/>\n<meta name=\"robots\" content=\"index, follow, max-snippet:-1, max-image-preview:large, max-video-preview:-1\" \/>\n<link rel=\"canonical\" href=\"https:\/\/bahiaeconomica.com.br\/wp\/2026\/03\/12\/escolas-municipais-de-camacari-recebem-mais-uma-edicao-da-acao-braskem-de-educacao-ambiental\/\" \/>\n<meta property=\"og:locale\" content=\"pt_BR\" \/>\n<meta property=\"og:type\" content=\"article\" \/>\n<meta property=\"og:title\" content=\"ESCOLAS MUNICIPAIS DE CAMA\u00c7ARI RECEBEM MAIS UMA EDI\u00c7\u00c3O DA A\u00c7\u00c3O BRASKEM DE EDUCA\u00c7\u00c3O AMBIENTAL - Bahia Economica\" \/>\n<meta property=\"og:description\" content=\"O maior portal de Economia da Bahia MUNIC\u00cdPIOS Bahia Economica Mais de 150 estudante da Escola Municipal do Natal, em Cama\u00e7ari,\" \/>\n<meta property=\"og:url\" content=\"https:\/\/bahiaeconomica.com.br\/wp\/2026\/03\/12\/escolas-municipais-de-camacari-recebem-mais-uma-edicao-da-acao-braskem-de-educacao-ambiental\/\" \/>\n<meta property=\"og:site_name\" content=\"Bahia Economica\" \/>\n<meta property=\"article:publisher\" content=\"https:\/\/www.facebook.com\/bahiaeconomica\" \/>\n<meta property=\"article:published_time\" content=\"2026-03-12T18:00:52+00:00\" \/>\n<meta property=\"article:modified_time\" content=\"2026-03-13T00:02:56+00:00\" \/>\n<meta property=\"og:image\" content=\"https:\/\/bahiaeconomica.com.br\/wp\/wp-content\/uploads\/2026\/03\/WhatsApp-Image-2026-03-12-at-17.27.35.jpeg\" \/>\n\t<meta property=\"og:image:width\" content=\"1281\" \/>\n\t<meta property=\"og:image:height\" content=\"772\" \/>\n\t<meta property=\"og:image:type\" content=\"image\/jpeg\" \/>\n<meta name=\"author\" content=\"JP\" \/>\n<meta name=\"twitter:card\" content=\"summary_large_image\" \/>\n<meta name=\"twitter:label1\" content=\"Escrito por\" \/>\n\t<meta name=\"twitter:data1\" content=\"JP\" \/>\n\t<meta name=\"twitter:label2\" content=\"Est. tempo de leitura\" \/>\n\t<meta name=\"twitter:data2\" content=\"2 minutos\" \/>\n<script type=\"application\/ld+json\" class=\"yoast-schema-graph\">{\"@context\":\"https:\/\/schema.org\",\"@graph\":[{\"@type\":\"Article\",\"@id\":\"https:\/\/bahiaeconomica.com.br\/wp\/2026\/03\/12\/escolas-municipais-de-camacari-recebem-mais-uma-edicao-da-acao-braskem-de-educacao-ambiental\/#article\",\"isPartOf\":{\"@id\":\"https:\/\/bahiaeconomica.com.br\/wp\/2026\/03\/12\/escolas-municipais-de-camacari-recebem-mais-uma-edicao-da-acao-braskem-de-educacao-ambiental\/\"},\"author\":{\"name\":\"JP\",\"@id\":\"https:\/\/bahiaeconomica.com.br\/wp\/#\/schema\/person\/c86d3a3f8960425a0f9d0e5245991f4e\"},\"headline\":\"ESCOLAS MUNICIPAIS DE CAMA\u00c7ARI RECEBEM MAIS UMA EDI\u00c7\u00c3O DA A\u00c7\u00c3O BRASKEM DE EDUCA\u00c7\u00c3O AMBIENTAL\",\"datePublished\":\"2026-03-12T18:00:52+00:00\",\"dateModified\":\"2026-03-13T00:02:56+00:00\",\"mainEntityOfPage\":{\"@id\":\"https:\/\/bahiaeconomica.com.br\/wp\/2026\/03\/12\/escolas-municipais-de-camacari-recebem-mais-uma-edicao-da-acao-braskem-de-educacao-ambiental\/\"},\"wordCount\":312,\"publisher\":{\"@id\":\"https:\/\/bahiaeconomica.com.br\/wp\/#organization\"},\"keywords\":[\"Brasil\",\"escolas\"],\"articleSection\":[\"MUNIC\u00cdPIOS\"],\"inLanguage\":\"pt-BR\"},{\"@type\":\"WebPage\",\"@id\":\"https:\/\/bahiaeconomica.com.br\/wp\/2026\/03\/12\/escolas-municipais-de-camacari-recebem-mais-uma-edicao-da-acao-braskem-de-educacao-ambiental\/\",\"url\":\"https:\/\/bahiaeconomica.com.br\/wp\/2026\/03\/12\/escolas-municipais-de-camacari-recebem-mais-uma-edicao-da-acao-braskem-de-educacao-ambiental\/\",\"name\":\"ESCOLAS MUNICIPAIS DE CAMA\u00c7ARI RECEBEM MAIS UMA EDI\u00c7\u00c3O DA A\u00c7\u00c3O BRASKEM DE EDUCA\u00c7\u00c3O AMBIENTAL - Bahia Economica\",\"isPartOf\":{\"@id\":\"https:\/\/bahiaeconomica.com.br\/wp\/#website\"},\"datePublished\":\"2026-03-12T18:00:52+00:00\",\"dateModified\":\"2026-03-13T00:02:56+00:00\",\"description\":\"O maior portal de Economia da Bahia MUNIC\u00cdPIOS Bahia Economica Mais de 150 estudante da Escola Municipal do Natal, em Cama\u00e7ari,\",\"breadcrumb\":{\"@id\":\"https:\/\/bahiaeconomica.com.br\/wp\/2026\/03\/12\/escolas-municipais-de-camacari-recebem-mais-uma-edicao-da-acao-braskem-de-educacao-ambiental\/#breadcrumb\"},\"inLanguage\":\"pt-BR\",\"potentialAction\":[{\"@type\":\"ReadAction\",\"target\":[\"https:\/\/bahiaeconomica.com.br\/wp\/2026\/03\/12\/escolas-municipais-de-camacari-recebem-mais-uma-edicao-da-acao-braskem-de-educacao-ambiental\/\"]}]},{\"@type\":\"BreadcrumbList\",\"@id\":\"https:\/\/bahiaeconomica.com.br\/wp\/2026\/03\/12\/escolas-municipais-de-camacari-recebem-mais-uma-edicao-da-acao-braskem-de-educacao-ambiental\/#breadcrumb\",\"itemListElement\":[{\"@type\":\"ListItem\",\"position\":1,\"name\":\"In\u00edcio\",\"item\":\"https:\/\/bahiaeconomica.com.br\/wp\/\"},{\"@type\":\"ListItem\",\"position\":2,\"name\":\"ESCOLAS MUNICIPAIS DE CAMA\u00c7ARI RECEBEM MAIS UMA EDI\u00c7\u00c3O DA A\u00c7\u00c3O BRASKEM DE EDUCA\u00c7\u00c3O AMBIENTAL\"}]},{\"@type\":\"WebSite\",\"@id\":\"https:\/\/bahiaeconomica.com.br\/wp\/#website\",\"url\":\"https:\/\/bahiaeconomica.com.br\/wp\/\",\"name\":\"Bahia Economica\",\"description\":\"O maior portal de Economia da Bahia\",\"publisher\":{\"@id\":\"https:\/\/bahiaeconomica.com.br\/wp\/#organization\"},\"potentialAction\":[{\"@type\":\"SearchAction\",\"target\":{\"@type\":\"EntryPoint\",\"urlTemplate\":\"https:\/\/bahiaeconomica.com.br\/wp\/?s={search_term_string}\"},\"query-input\":\"required name=search_term_string\"}],\"inLanguage\":\"pt-BR\"},{\"@type\":\"Organization\",\"@id\":\"https:\/\/bahiaeconomica.com.br\/wp\/#organization\",\"name\":\"Bahia Econ\u00f4mica\",\"url\":\"https:\/\/bahiaeconomica.com.br\/wp\/\",\"logo\":{\"@type\":\"ImageObject\",\"inLanguage\":\"pt-BR\",\"@id\":\"https:\/\/bahiaeconomica.com.br\/wp\/#\/schema\/logo\/image\/\",\"url\":\"https:\/\/bahiaeconomica.com.br\/wp\/wp-content\/uploads\/2020\/12\/cropped-BE.png\",\"contentUrl\":\"https:\/\/bahiaeconomica.com.br\/wp\/wp-content\/uploads\/2020\/12\/cropped-BE.png\",\"width\":512,\"height\":512,\"caption\":\"Bahia Econ\u00f4mica\"},\"image\":{\"@id\":\"https:\/\/bahiaeconomica.com.br\/wp\/#\/schema\/logo\/image\/\"},\"sameAs\":[\"https:\/\/www.facebook.com\/bahiaeconomica\"]},{\"@type\":\"Person\",\"@id\":\"https:\/\/bahiaeconomica.com.br\/wp\/#\/schema\/person\/c86d3a3f8960425a0f9d0e5245991f4e\",\"name\":\"JP\",\"sameAs\":[\"https:\/\/bahiaeconomica.com.br\/wp\/beta\/\"],\"url\":\"https:\/\/bahiaeconomica.com.br\/wp\/author\/jp\/\"}]}<\/script>\n<!-- \/ Yoast SEO plugin. -->","yoast_head_json":{"title":"ESCOLAS MUNICIPAIS DE CAMA\u00c7ARI RECEBEM MAIS UMA EDI\u00c7\u00c3O DA A\u00c7\u00c3O BRASKEM DE EDUCA\u00c7\u00c3O AMBIENTAL - Bahia Economica","description":"O maior portal de Economia da Bahia MUNIC\u00cdPIOS Bahia Economica Mais de 150 estudante da Escola Municipal do Natal, em Cama\u00e7ari,","robots":{"index":"index","follow":"follow","max-snippet":"max-snippet:-1","max-image-preview":"max-image-preview:large","max-video-preview":"max-video-preview:-1"},"canonical":"https:\/\/bahiaeconomica.com.br\/wp\/2026\/03\/12\/escolas-municipais-de-camacari-recebem-mais-uma-edicao-da-acao-braskem-de-educacao-ambiental\/","og_locale":"pt_BR","og_type":"article","og_title":"ESCOLAS MUNICIPAIS DE CAMA\u00c7ARI RECEBEM MAIS UMA EDI\u00c7\u00c3O DA A\u00c7\u00c3O BRASKEM DE EDUCA\u00c7\u00c3O AMBIENTAL - Bahia Economica","og_description":"O maior portal de Economia da Bahia MUNIC\u00cdPIOS Bahia Economica Mais de 150 estudante da Escola Municipal do Natal, em Cama\u00e7ari,","og_url":"https:\/\/bahiaeconomica.com.br\/wp\/2026\/03\/12\/escolas-municipais-de-camacari-recebem-mais-uma-edicao-da-acao-braskem-de-educacao-ambiental\/","og_site_name":"Bahia Economica","article_publisher":"https:\/\/www.facebook.com\/bahiaeconomica","article_published_time":"2026-03-12T18:00:52+00:00","article_modified_time":"2026-03-13T00:02:56+00:00","og_image":[{"width":1281,"height":772,"url":"https:\/\/bahiaeconomica.com.br\/wp\/wp-content\/uploads\/2026\/03\/WhatsApp-Image-2026-03-12-at-17.27.35.jpeg","type":"image\/jpeg"}],"author":"JP","twitter_card":"summary_large_image","twitter_misc":{"Escrito por":"JP","Est. tempo de leitura":"2 minutos"},"schema":{"@context":"https:\/\/schema.org","@graph":[{"@type":"Article","@id":"https:\/\/bahiaeconomica.com.br\/wp\/2026\/03\/12\/escolas-municipais-de-camacari-recebem-mais-uma-edicao-da-acao-braskem-de-educacao-ambiental\/#article","isPartOf":{"@id":"https:\/\/bahiaeconomica.com.br\/wp\/2026\/03\/12\/escolas-municipais-de-camacari-recebem-mais-uma-edicao-da-acao-braskem-de-educacao-ambiental\/"},"author":{"name":"JP","@id":"https:\/\/bahiaeconomica.com.br\/wp\/#\/schema\/person\/c86d3a3f8960425a0f9d0e5245991f4e"},"headline":"ESCOLAS MUNICIPAIS DE CAMA\u00c7ARI RECEBEM MAIS UMA EDI\u00c7\u00c3O DA A\u00c7\u00c3O BRASKEM DE EDUCA\u00c7\u00c3O AMBIENTAL","datePublished":"2026-03-12T18:00:52+00:00","dateModified":"2026-03-13T00:02:56+00:00","mainEntityOfPage":{"@id":"https:\/\/bahiaeconomica.com.br\/wp\/2026\/03\/12\/escolas-municipais-de-camacari-recebem-mais-uma-edicao-da-acao-braskem-de-educacao-ambiental\/"},"wordCount":312,"publisher":{"@id":"https:\/\/bahiaeconomica.com.br\/wp\/#organization"},"keywords":["Brasil","escolas"],"articleSection":["MUNIC\u00cdPIOS"],"inLanguage":"pt-BR"},{"@type":"WebPage","@id":"https:\/\/bahiaeconomica.com.br\/wp\/2026\/03\/12\/escolas-municipais-de-camacari-recebem-mais-uma-edicao-da-acao-braskem-de-educacao-ambiental\/","url":"https:\/\/bahiaeconomica.com.br\/wp\/2026\/03\/12\/escolas-municipais-de-camacari-recebem-mais-uma-edicao-da-acao-braskem-de-educacao-ambiental\/","name":"ESCOLAS MUNICIPAIS DE CAMA\u00c7ARI RECEBEM MAIS UMA EDI\u00c7\u00c3O DA A\u00c7\u00c3O BRASKEM DE EDUCA\u00c7\u00c3O AMBIENTAL - Bahia Economica","isPartOf":{"@id":"https:\/\/bahiaeconomica.com.br\/wp\/#website"},"datePublished":"2026-03-12T18:00:52+00:00","dateModified":"2026-03-13T00:02:56+00:00","description":"O maior portal de Economia da Bahia MUNIC\u00cdPIOS Bahia Economica Mais de 150 estudante da Escola Municipal do Natal, em Cama\u00e7ari,","breadcrumb":{"@id":"https:\/\/bahiaeconomica.com.br\/wp\/2026\/03\/12\/escolas-municipais-de-camacari-recebem-mais-uma-edicao-da-acao-braskem-de-educacao-ambiental\/#breadcrumb"},"inLanguage":"pt-BR","potentialAction":[{"@type":"ReadAction","target":["https:\/\/bahiaeconomica.com.br\/wp\/2026\/03\/12\/escolas-municipais-de-camacari-recebem-mais-uma-edicao-da-acao-braskem-de-educacao-ambiental\/"]}]},{"@type":"BreadcrumbList","@id":"https:\/\/bahiaeconomica.com.br\/wp\/2026\/03\/12\/escolas-municipais-de-camacari-recebem-mais-uma-edicao-da-acao-braskem-de-educacao-ambiental\/#breadcrumb","itemListElement":[{"@type":"ListItem","position":1,"name":"In\u00edcio","item":"https:\/\/bahiaeconomica.com.br\/wp\/"},{"@type":"ListItem","position":2,"name":"ESCOLAS MUNICIPAIS DE CAMA\u00c7ARI RECEBEM MAIS UMA EDI\u00c7\u00c3O DA A\u00c7\u00c3O BRASKEM DE EDUCA\u00c7\u00c3O AMBIENTAL"}]},{"@type":"WebSite","@id":"https:\/\/bahiaeconomica.com.br\/wp\/#website","url":"https:\/\/bahiaeconomica.com.br\/wp\/","name":"Bahia Economica","description":"O maior portal de Economia da Bahia","publisher":{"@id":"https:\/\/bahiaeconomica.com.br\/wp\/#organization"},"potentialAction":[{"@type":"SearchAction","target":{"@type":"EntryPoint","urlTemplate":"https:\/\/bahiaeconomica.com.br\/wp\/?s={search_term_string}"},"query-input":"required name=search_term_string"}],"inLanguage":"pt-BR"},{"@type":"Organization","@id":"https:\/\/bahiaeconomica.com.br\/wp\/#organization","name":"Bahia Econ\u00f4mica","url":"https:\/\/bahiaeconomica.com.br\/wp\/","logo":{"@type":"ImageObject","inLanguage":"pt-BR","@id":"https:\/\/bahiaeconomica.com.br\/wp\/#\/schema\/logo\/image\/","url":"https:\/\/bahiaeconomica.com.br\/wp\/wp-content\/uploads\/2020\/12\/cropped-BE.png","contentUrl":"https:\/\/bahiaeconomica.com.br\/wp\/wp-content\/uploads\/2020\/12\/cropped-BE.png","width":512,"height":512,"caption":"Bahia Econ\u00f4mica"},"image":{"@id":"https:\/\/bahiaeconomica.com.br\/wp\/#\/schema\/logo\/image\/"},"sameAs":["https:\/\/www.facebook.com\/bahiaeconomica"]},{"@type":"Person","@id":"https:\/\/bahiaeconomica.com.br\/wp\/#\/schema\/person\/c86d3a3f8960425a0f9d0e5245991f4e","name":"JP","sameAs":["https:\/\/bahiaeconomica.com.br\/wp\/beta\/"],"url":"https:\/\/bahiaeconomica.com.br\/wp\/author\/jp\/"}]}},"views":12,"_links":{"self":[{"href":"https:\/\/bahiaeconomica.com.br\/wp\/wp-json\/wp\/v2\/posts\/980880"}],"collection":[{"href":"https:\/\/bahiaeconomica.com.br\/wp\/wp-json\/wp\/v2\/posts"}],"about":[{"href":"https:\/\/bahiaeconomica.com.br\/wp\/wp-json\/wp\/v2\/types\/post"}],"author":[{"embeddable":true,"href":"https:\/\/bahiaeconomica.com.br\/wp\/wp-json\/wp\/v2\/users\/8"}],"replies":[{"embeddable":true,"href":"https:\/\/bahiaeconomica.com.br\/wp\/wp-json\/wp\/v2\/comments?post=980880"}],"version-history":[{"count":1,"href":"https:\/\/bahiaeconomica.com.br\/wp\/wp-json\/wp\/v2\/posts\/980880\/revisions"}],"predecessor-version":[{"id":980882,"href":"https:\/\/bahiaeconomica.com.br\/wp\/wp-json\/wp\/v2\/posts\/980880\/revisions\/980882"}],"wp:featuredmedia":[{"embeddable":true,"href":"https:\/\/bahiaeconomica.com.br\/wp\/wp-json\/wp\/v2\/media\/980881"}],"wp:attachment":[{"href":"https:\/\/bahiaeconomica.com.br\/wp\/wp-json\/wp\/v2\/media?parent=980880"}],"wp:term":[{"taxonomy":"category","embeddable":true,"href":"https:\/\/bahiaeconomica.com.br\/wp\/wp-json\/wp\/v2\/categories?post=980880"},{"taxonomy":"post_tag","embeddable":true,"href":"https:\/\/bahiaeconomica.com.br\/wp\/wp-json\/wp\/v2\/tags?post=980880"}],"curies":[{"name":"wp","href":"https:\/\/api.w.org\/{rel}","templated":true}]}}