{"id":980877,"date":"2026-03-12T15:00:11","date_gmt":"2026-03-12T18:00:11","guid":{"rendered":"https:\/\/bahiaeconomica.com.br\/wp\/?p=980877"},"modified":"2026-03-12T21:01:17","modified_gmt":"2026-03-13T00:01:17","slug":"tedx-praia-do-forte-discute-ideias-transformadoras-no-litoral-norte-da-bahia","status":"publish","type":"post","link":"https:\/\/bahiaeconomica.com.br\/wp\/2026\/03\/12\/tedx-praia-do-forte-discute-ideias-transformadoras-no-litoral-norte-da-bahia\/","title":{"rendered":"TEDX PRAIA DO FORTE DISCUTE IDEIAS TRANSFORMADORAS NO LITORAL NORTE DA BAHIA"},"content":{"rendered":"<p>Com o tema \u201cO Futuro \u00e9 Ancestral \u2014 ideias humanas para um mundo em transforma\u00e7\u00e3o\u201d, a terceira edi\u00e7\u00e3o do TEDx Praia do Forte acontece no dia 25 de abril de 2026, no Hotel Tivoli Eco Resort Praia do Forte, no Litoral Norte da Bahia, palco de mais um evento internacional que re\u00fane pensadores, artistas, l\u00edderes e especialistas para compartilhar ideias capazes de inspirar mudan\u00e7as na sociedade.<\/p>\n<p>O encontro prop\u00f5e uma reflex\u00e3o sobre como os saberes culturais, a diversidade de experi\u00eancias e o pensamento contempor\u00e2neo podem dialogar para construir novos caminhos por meio de reflex\u00f5es sobre cultura, lideran\u00e7a, ancestralidade e inova\u00e7\u00e3o, reunindo nomes da arte, do jornalismo, da espiritualidade, do empreendedorismo e da comunica\u00e7\u00e3o.<\/p>\n<p>O evento reunir\u00e1 150 participantes, entre l\u00edderes empresariais, profissionais criativos, empreendedores, acad\u00eamicos e representantes da sociedade civil, em uma programa\u00e7\u00e3o que re\u00fane vozes da cultura, da sociedade e da inova\u00e7\u00e3o<\/p>\n<p>O ciclo de palestras contar\u00e1 com dez speakers confirmados, al\u00e9m de uma participa\u00e7\u00e3o especial do ator Lu\u00eds Miranda, um dos artistas mais vers\u00e1teis do Brasil, como d\u00e9cimo primeiro speaker. Entre os temas abordados estar\u00e3o lideran\u00e7a humanizada, cultura, espiritualidade, ancestralidade, inova\u00e7\u00e3o social, comunica\u00e7\u00e3o e impacto cultural.<\/p>\n<p>A programa\u00e7\u00e3o ser\u00e1 dividida em dois blocos de palestras, com momentos de intera\u00e7\u00e3o e networking entre os participantes. O evento come\u00e7a com receptivo no foyer \u00e0s 16h, seguido pelo primeiro bloco de palestras \u00e0s 17h, com cinco speakers. Ap\u00f3s um intervalo de 40 minutos com coffee break, o segundo bloco reunir\u00e1 os demais palestrantes, com encerramento previsto para 22h30.<\/p>\n<p>A\u00e7\u00e3o ambiental antecipa programa\u00e7\u00e3o<\/p>\n<p>Antes do evento principal, o TEDx Praia do Forte realiza uma a\u00e7\u00e3o de sustentabilidade no dia 4 de abril, com um mutir\u00e3o de cuidado ambiental e replantio de \u00e1rvores nativas da Mata Atl\u00e2ntica na entrada da Vila de Praia do Forte.<\/p>\n<p>Uma continuidade ao plantio realizado na edi\u00e7\u00e3o anterior e que contar\u00e1 com a participa\u00e7\u00e3o do nutricionista e empreendedor Daniel Cady, fundador da marca sustent\u00e1vel Muri, al\u00e9m do Instituto Bicho-Pregui\u00e7a-de-Coleira e da vereadora de Mata de S\u00e3o Jo\u00e3o Ro de Nuca, palestrante da edi\u00e7\u00e3o anterior.<\/p>\n<p>Segundo o organizador do evento, o gesto refor\u00e7a um compromisso de longo prazo com o territ\u00f3rio. \u201cPlantar \u00e1rvores \u00e9 importante. Voltar para cuidar delas \u00e9 o que transforma inten\u00e7\u00e3o em legado. O TEDx Praia do Forte nasceu com esse esp\u00edrito: conectar ideias, pessoas e responsabilidade com o lugar onde estamos\u201d, declara Ricardo Koanuka, organizador e curador do TEDx Praia do Forte.<\/p>\n<p>Conex\u00e3o entre ideias, territ\u00f3rio e impacto cultural<\/p>\n<p>Criado para ampliar o acesso a ideias inspiradoras no Litoral Norte da Bahia, o TEDx Praia do Forte vem se consolidando como um espa\u00e7o de reflex\u00e3o e encontro entre diferentes perspectivas. A iniciativa \u00e9 liderada pelo organizador e curador Ricardo Koanuka, que atua na constru\u00e7\u00e3o de narrativas e na prepara\u00e7\u00e3o estrat\u00e9gica dos speakers.<\/p>\n<p>\u201cO TEDx Praia do Forte nasce do encontro entre territ\u00f3rio, cultura e pensamento contempor\u00e2neo. Nosso objetivo \u00e9 criar um espa\u00e7o onde ideias possam atravessar fronteiras, inspirar novos olhares e gerar impacto real na forma como pensamos o futuro\u201d, explica.<\/p>\n<p>Koanuka tamb\u00e9m atua internacionalmente dentro da plataforma TEDx e realizar\u00e1 novamente o TEDx Malm\u00f6, na Su\u00e9cia, fortalecendo a conex\u00e3o entre Brasil e Europa atrav\u00e9s de ideias que merecem ser compartilhadas.<\/p>\n<p>Speakers confirmados<\/p>\n<p>Entre os palestrantes confirmados est\u00e3o nomes que representam diferentes campos da cultura, da comunica\u00e7\u00e3o, da espiritualidade e da lideran\u00e7a contempor\u00e2nea.<\/p>\n<p>Andr\u00e9 Moreno &#8211; Artista pl\u00e1stico e escultor, filho do mestre Tati Moreno. Criador de obras emblem\u00e1ticas como a Arena da Capoeira, no Mercado Modelo, que celebra a ancestralidade e a identidade cultural da Bahia.<\/p>\n<p>Cacique Goby Bor\u00e9 &#8211; Lideran\u00e7a da retomada do povo Tupinamb\u00e1 no Litoral Norte da Bahia, atua na preserva\u00e7\u00e3o da Mata Atl\u00e2ntica, na defesa dos saberes ancestrais e na educa\u00e7\u00e3o intercultural.<\/p>\n<p>Camila Passos &#8211; Especialista em comunica\u00e7\u00e3o estrat\u00e9gica com mais de duas d\u00e9cadas de atua\u00e7\u00e3o na constru\u00e7\u00e3o de narrativas que conectam empresas, cultura e sociedade.<\/p>\n<p>Carlos Jos\u00e9 de Santana Cruz &#8211; Empres\u00e1rio e estrategista criativo conhecido como \u201cO Rei da Favela\u201d, transforma experi\u00eancias da periferia em vis\u00e3o de neg\u00f3cios e impacto social.<\/p>\n<p>J\u00e9ssica Senra &#8211; Jornalista e comunicadora reconhecida nacionalmente, com trajet\u00f3ria marcada pelo compromisso com o debate p\u00fablico, a informa\u00e7\u00e3o de qualidade e a cidadania.<\/p>\n<p>L\u00facia Tourinho &#8211; Presidente da Turisforte, associa\u00e7\u00e3o que representa o trade tur\u00edstico da Praia do Forte, articulando o desenvolvimento sustent\u00e1vel da regi\u00e3o.<\/p>\n<p>Rychelmy Imbiriba &#8211; Pai de santo e guardi\u00e3o de saberes ancestrais do Candombl\u00e9. Atua na valoriza\u00e7\u00e3o da cultura afro-baiana e das tradi\u00e7\u00f5es populares.<\/p>\n<p>S\u00e9rgio Nunes &#8211; Vocalista da banda Ad\u00e3o Negro, um dos principais nomes do reggae brasileiro, conhecido por sua atua\u00e7\u00e3o cultural e mensagens de consci\u00eancia social.<\/p>\n<p>Vitor Barreto &#8211; Executivo e l\u00edder empresarial que promove uma abordagem de lideran\u00e7a humanizada baseada em empatia, consci\u00eancia e desenvolvimento humano.<\/p>\n<p>Bruno Monteiro &#8211; Secret\u00e1rio de Cultura do Estado da Bahia, jornalista e gestor cultural que atua na valoriza\u00e7\u00e3o da diversidade cultural e no fortalecimento da economia criativa.<\/p>\n<p>Lu\u00eds Miranda &#8211; Participa\u00e7\u00e3o especial como 11.\u00ba speaker. O evento contar\u00e1 ainda com a presen\u00e7a do ator Lu\u00eds Miranda, um dos artistas mais talentosos do pa\u00eds, reconhecido por sua trajet\u00f3ria no teatro, cinema e televis\u00e3o. Baiano de Santo Ant\u00f4nio de Jesus, Miranda construiu uma carreira marcada por personagens que unem humor, cr\u00edtica social e reflex\u00e3o sobre identidade e cultura brasileira. No palco do TEDx Praia do Forte, sua participa\u00e7\u00e3o dialoga diretamente com o tema do evento, refor\u00e7ando o papel da arte na constru\u00e7\u00e3o de futuros poss\u00edveis.<\/p>\n<p>SERVI\u00c7O<\/p>\n<p>Evento<\/p>\n<p>TEDx Praia do Forte 2026<\/p>\n<p>Data plantio:<\/p>\n<p>04 de abril de 2026<\/p>\n<p>Data evento:<\/p>\n<p>25 de abril de 2026<\/p>\n<p>Local:<\/p>\n<p>Tivoli Eco Resort Praia do Forte \u2013 Mata de S\u00e3o Jo\u00e3o (BA)<\/p>\n<p>Hor\u00e1rios:<\/p>\n<p>Recep\u00e7\u00e3o: 16h | In\u00edcio das palestras: 17h | Encerramento previsto: 22h30<\/p>\n<p>Ingressos: https:\/\/www.sympla.com.br\/evento\/tedx-praia-do-forte\/3284983<\/p>\n<p>R$ 250 &#8211; Participa\u00e7\u00e3o em todo o evento + Kit exclusivo do participante (bag oficial, agenda e caneta) + Coffee break durante o intervalo da programa\u00e7\u00e3o<\/p>\n<p>Parceiros<\/p>\n<p>O TEDx Praia do Forte 2026 conta com o apoio de parceiros institucionais e culturais, entre eles: Tivoli Eco Resort Praia do Forte; Daniel Cady \/ Muri; Instituto Bicho-Pregui\u00e7a-de-Coleira; Blue Arts; ABRH Bahia; Brindes 360; Purgat\u00f3rio Bar; Cart\u00f3rio de Praia do Forte; Restaurante Mistura Contorno; e Rede Core Comunica\u00e7\u00e3o.<\/p>\n","protected":false},"excerpt":{"rendered":"<p>Com o tema \u201cO Futuro \u00e9 Ancestral \u2014 ideias humanas para um mundo em transforma\u00e7\u00e3o\u201d, a terceira edi\u00e7\u00e3o do TEDx Praia do Forte acontece no dia 25 de abril de 2026, no Hotel Tivoli Eco Resort Praia do Forte, no Litoral Norte da Bahia, palco de mais um evento internacional que re\u00fane pensadores, artistas, l\u00edderes [&hellip;]<\/p>\n","protected":false},"author":8,"featured_media":980878,"comment_status":"closed","ping_status":"closed","sticky":false,"template":"","format":"standard","meta":[],"categories":[4],"tags":[],"acf":[],"yoast_head":"<!-- This site is optimized with the Yoast SEO plugin v20.8 - https:\/\/yoast.com\/wordpress\/plugins\/seo\/ -->\n<title>TEDX PRAIA DO FORTE DISCUTE IDEIAS TRANSFORMADORAS NO LITORAL NORTE DA BAHIA - Bahia Economica<\/title>\n<meta name=\"description\" content=\"O maior portal de Economia da Bahia ENTRETENIMENTO Bahia Economica\" \/>\n<meta name=\"robots\" content=\"index, follow, max-snippet:-1, max-image-preview:large, max-video-preview:-1\" \/>\n<link rel=\"canonical\" href=\"https:\/\/bahiaeconomica.com.br\/wp\/2026\/03\/12\/tedx-praia-do-forte-discute-ideias-transformadoras-no-litoral-norte-da-bahia\/\" \/>\n<meta property=\"og:locale\" content=\"pt_BR\" \/>\n<meta property=\"og:type\" content=\"article\" \/>\n<meta property=\"og:title\" content=\"TEDX PRAIA DO FORTE DISCUTE IDEIAS TRANSFORMADORAS NO LITORAL NORTE DA BAHIA - Bahia Economica\" \/>\n<meta property=\"og:description\" content=\"O maior portal de Economia da Bahia ENTRETENIMENTO Bahia Economica\" \/>\n<meta property=\"og:url\" content=\"https:\/\/bahiaeconomica.com.br\/wp\/2026\/03\/12\/tedx-praia-do-forte-discute-ideias-transformadoras-no-litoral-norte-da-bahia\/\" \/>\n<meta property=\"og:site_name\" content=\"Bahia Economica\" \/>\n<meta property=\"article:publisher\" content=\"https:\/\/www.facebook.com\/bahiaeconomica\" \/>\n<meta property=\"article:published_time\" content=\"2026-03-12T18:00:11+00:00\" \/>\n<meta property=\"article:modified_time\" content=\"2026-03-13T00:01:17+00:00\" \/>\n<meta property=\"og:image\" content=\"https:\/\/bahiaeconomica.com.br\/wp\/wp-content\/uploads\/2026\/03\/WhatsApp-Image-2026-03-12-at-18.51.33-e1773360065857.jpeg\" \/>\n\t<meta property=\"og:image:width\" content=\"1080\" \/>\n\t<meta property=\"og:image:height\" content=\"725\" \/>\n\t<meta property=\"og:image:type\" content=\"image\/jpeg\" \/>\n<meta name=\"author\" content=\"JP\" \/>\n<meta name=\"twitter:card\" content=\"summary_large_image\" \/>\n<meta name=\"twitter:label1\" content=\"Escrito por\" \/>\n\t<meta name=\"twitter:data1\" content=\"JP\" \/>\n\t<meta name=\"twitter:label2\" content=\"Est. tempo de leitura\" \/>\n\t<meta name=\"twitter:data2\" content=\"6 minutos\" \/>\n<script type=\"application\/ld+json\" class=\"yoast-schema-graph\">{\"@context\":\"https:\/\/schema.org\",\"@graph\":[{\"@type\":\"Article\",\"@id\":\"https:\/\/bahiaeconomica.com.br\/wp\/2026\/03\/12\/tedx-praia-do-forte-discute-ideias-transformadoras-no-litoral-norte-da-bahia\/#article\",\"isPartOf\":{\"@id\":\"https:\/\/bahiaeconomica.com.br\/wp\/2026\/03\/12\/tedx-praia-do-forte-discute-ideias-transformadoras-no-litoral-norte-da-bahia\/\"},\"author\":{\"name\":\"JP\",\"@id\":\"https:\/\/bahiaeconomica.com.br\/wp\/#\/schema\/person\/c86d3a3f8960425a0f9d0e5245991f4e\"},\"headline\":\"TEDX PRAIA DO FORTE DISCUTE IDEIAS TRANSFORMADORAS NO LITORAL NORTE DA BAHIA\",\"datePublished\":\"2026-03-12T18:00:11+00:00\",\"dateModified\":\"2026-03-13T00:01:17+00:00\",\"mainEntityOfPage\":{\"@id\":\"https:\/\/bahiaeconomica.com.br\/wp\/2026\/03\/12\/tedx-praia-do-forte-discute-ideias-transformadoras-no-litoral-norte-da-bahia\/\"},\"wordCount\":1135,\"publisher\":{\"@id\":\"https:\/\/bahiaeconomica.com.br\/wp\/#organization\"},\"articleSection\":[\"ENTRETENIMENTO\"],\"inLanguage\":\"pt-BR\"},{\"@type\":\"WebPage\",\"@id\":\"https:\/\/bahiaeconomica.com.br\/wp\/2026\/03\/12\/tedx-praia-do-forte-discute-ideias-transformadoras-no-litoral-norte-da-bahia\/\",\"url\":\"https:\/\/bahiaeconomica.com.br\/wp\/2026\/03\/12\/tedx-praia-do-forte-discute-ideias-transformadoras-no-litoral-norte-da-bahia\/\",\"name\":\"TEDX PRAIA DO FORTE DISCUTE IDEIAS TRANSFORMADORAS NO LITORAL NORTE DA BAHIA - Bahia Economica\",\"isPartOf\":{\"@id\":\"https:\/\/bahiaeconomica.com.br\/wp\/#website\"},\"datePublished\":\"2026-03-12T18:00:11+00:00\",\"dateModified\":\"2026-03-13T00:01:17+00:00\",\"description\":\"O maior portal de Economia da Bahia ENTRETENIMENTO Bahia Economica\",\"breadcrumb\":{\"@id\":\"https:\/\/bahiaeconomica.com.br\/wp\/2026\/03\/12\/tedx-praia-do-forte-discute-ideias-transformadoras-no-litoral-norte-da-bahia\/#breadcrumb\"},\"inLanguage\":\"pt-BR\",\"potentialAction\":[{\"@type\":\"ReadAction\",\"target\":[\"https:\/\/bahiaeconomica.com.br\/wp\/2026\/03\/12\/tedx-praia-do-forte-discute-ideias-transformadoras-no-litoral-norte-da-bahia\/\"]}]},{\"@type\":\"BreadcrumbList\",\"@id\":\"https:\/\/bahiaeconomica.com.br\/wp\/2026\/03\/12\/tedx-praia-do-forte-discute-ideias-transformadoras-no-litoral-norte-da-bahia\/#breadcrumb\",\"itemListElement\":[{\"@type\":\"ListItem\",\"position\":1,\"name\":\"In\u00edcio\",\"item\":\"https:\/\/bahiaeconomica.com.br\/wp\/\"},{\"@type\":\"ListItem\",\"position\":2,\"name\":\"TEDX PRAIA DO FORTE DISCUTE IDEIAS TRANSFORMADORAS NO LITORAL NORTE DA BAHIA\"}]},{\"@type\":\"WebSite\",\"@id\":\"https:\/\/bahiaeconomica.com.br\/wp\/#website\",\"url\":\"https:\/\/bahiaeconomica.com.br\/wp\/\",\"name\":\"Bahia Economica\",\"description\":\"O maior portal de Economia da Bahia\",\"publisher\":{\"@id\":\"https:\/\/bahiaeconomica.com.br\/wp\/#organization\"},\"potentialAction\":[{\"@type\":\"SearchAction\",\"target\":{\"@type\":\"EntryPoint\",\"urlTemplate\":\"https:\/\/bahiaeconomica.com.br\/wp\/?s={search_term_string}\"},\"query-input\":\"required name=search_term_string\"}],\"inLanguage\":\"pt-BR\"},{\"@type\":\"Organization\",\"@id\":\"https:\/\/bahiaeconomica.com.br\/wp\/#organization\",\"name\":\"Bahia Econ\u00f4mica\",\"url\":\"https:\/\/bahiaeconomica.com.br\/wp\/\",\"logo\":{\"@type\":\"ImageObject\",\"inLanguage\":\"pt-BR\",\"@id\":\"https:\/\/bahiaeconomica.com.br\/wp\/#\/schema\/logo\/image\/\",\"url\":\"https:\/\/bahiaeconomica.com.br\/wp\/wp-content\/uploads\/2020\/12\/cropped-BE.png\",\"contentUrl\":\"https:\/\/bahiaeconomica.com.br\/wp\/wp-content\/uploads\/2020\/12\/cropped-BE.png\",\"width\":512,\"height\":512,\"caption\":\"Bahia Econ\u00f4mica\"},\"image\":{\"@id\":\"https:\/\/bahiaeconomica.com.br\/wp\/#\/schema\/logo\/image\/\"},\"sameAs\":[\"https:\/\/www.facebook.com\/bahiaeconomica\"]},{\"@type\":\"Person\",\"@id\":\"https:\/\/bahiaeconomica.com.br\/wp\/#\/schema\/person\/c86d3a3f8960425a0f9d0e5245991f4e\",\"name\":\"JP\",\"sameAs\":[\"https:\/\/bahiaeconomica.com.br\/wp\/beta\/\"],\"url\":\"https:\/\/bahiaeconomica.com.br\/wp\/author\/jp\/\"}]}<\/script>\n<!-- \/ Yoast SEO plugin. -->","yoast_head_json":{"title":"TEDX PRAIA DO FORTE DISCUTE IDEIAS TRANSFORMADORAS NO LITORAL NORTE DA BAHIA - Bahia Economica","description":"O maior portal de Economia da Bahia ENTRETENIMENTO Bahia Economica","robots":{"index":"index","follow":"follow","max-snippet":"max-snippet:-1","max-image-preview":"max-image-preview:large","max-video-preview":"max-video-preview:-1"},"canonical":"https:\/\/bahiaeconomica.com.br\/wp\/2026\/03\/12\/tedx-praia-do-forte-discute-ideias-transformadoras-no-litoral-norte-da-bahia\/","og_locale":"pt_BR","og_type":"article","og_title":"TEDX PRAIA DO FORTE DISCUTE IDEIAS TRANSFORMADORAS NO LITORAL NORTE DA BAHIA - Bahia Economica","og_description":"O maior portal de Economia da Bahia ENTRETENIMENTO Bahia Economica","og_url":"https:\/\/bahiaeconomica.com.br\/wp\/2026\/03\/12\/tedx-praia-do-forte-discute-ideias-transformadoras-no-litoral-norte-da-bahia\/","og_site_name":"Bahia Economica","article_publisher":"https:\/\/www.facebook.com\/bahiaeconomica","article_published_time":"2026-03-12T18:00:11+00:00","article_modified_time":"2026-03-13T00:01:17+00:00","og_image":[{"width":1080,"height":725,"url":"https:\/\/bahiaeconomica.com.br\/wp\/wp-content\/uploads\/2026\/03\/WhatsApp-Image-2026-03-12-at-18.51.33-e1773360065857.jpeg","type":"image\/jpeg"}],"author":"JP","twitter_card":"summary_large_image","twitter_misc":{"Escrito por":"JP","Est. tempo de leitura":"6 minutos"},"schema":{"@context":"https:\/\/schema.org","@graph":[{"@type":"Article","@id":"https:\/\/bahiaeconomica.com.br\/wp\/2026\/03\/12\/tedx-praia-do-forte-discute-ideias-transformadoras-no-litoral-norte-da-bahia\/#article","isPartOf":{"@id":"https:\/\/bahiaeconomica.com.br\/wp\/2026\/03\/12\/tedx-praia-do-forte-discute-ideias-transformadoras-no-litoral-norte-da-bahia\/"},"author":{"name":"JP","@id":"https:\/\/bahiaeconomica.com.br\/wp\/#\/schema\/person\/c86d3a3f8960425a0f9d0e5245991f4e"},"headline":"TEDX PRAIA DO FORTE DISCUTE IDEIAS TRANSFORMADORAS NO LITORAL NORTE DA BAHIA","datePublished":"2026-03-12T18:00:11+00:00","dateModified":"2026-03-13T00:01:17+00:00","mainEntityOfPage":{"@id":"https:\/\/bahiaeconomica.com.br\/wp\/2026\/03\/12\/tedx-praia-do-forte-discute-ideias-transformadoras-no-litoral-norte-da-bahia\/"},"wordCount":1135,"publisher":{"@id":"https:\/\/bahiaeconomica.com.br\/wp\/#organization"},"articleSection":["ENTRETENIMENTO"],"inLanguage":"pt-BR"},{"@type":"WebPage","@id":"https:\/\/bahiaeconomica.com.br\/wp\/2026\/03\/12\/tedx-praia-do-forte-discute-ideias-transformadoras-no-litoral-norte-da-bahia\/","url":"https:\/\/bahiaeconomica.com.br\/wp\/2026\/03\/12\/tedx-praia-do-forte-discute-ideias-transformadoras-no-litoral-norte-da-bahia\/","name":"TEDX PRAIA DO FORTE DISCUTE IDEIAS TRANSFORMADORAS NO LITORAL NORTE DA BAHIA - Bahia Economica","isPartOf":{"@id":"https:\/\/bahiaeconomica.com.br\/wp\/#website"},"datePublished":"2026-03-12T18:00:11+00:00","dateModified":"2026-03-13T00:01:17+00:00","description":"O maior portal de Economia da Bahia ENTRETENIMENTO Bahia Economica","breadcrumb":{"@id":"https:\/\/bahiaeconomica.com.br\/wp\/2026\/03\/12\/tedx-praia-do-forte-discute-ideias-transformadoras-no-litoral-norte-da-bahia\/#breadcrumb"},"inLanguage":"pt-BR","potentialAction":[{"@type":"ReadAction","target":["https:\/\/bahiaeconomica.com.br\/wp\/2026\/03\/12\/tedx-praia-do-forte-discute-ideias-transformadoras-no-litoral-norte-da-bahia\/"]}]},{"@type":"BreadcrumbList","@id":"https:\/\/bahiaeconomica.com.br\/wp\/2026\/03\/12\/tedx-praia-do-forte-discute-ideias-transformadoras-no-litoral-norte-da-bahia\/#breadcrumb","itemListElement":[{"@type":"ListItem","position":1,"name":"In\u00edcio","item":"https:\/\/bahiaeconomica.com.br\/wp\/"},{"@type":"ListItem","position":2,"name":"TEDX PRAIA DO FORTE DISCUTE IDEIAS TRANSFORMADORAS NO LITORAL NORTE DA BAHIA"}]},{"@type":"WebSite","@id":"https:\/\/bahiaeconomica.com.br\/wp\/#website","url":"https:\/\/bahiaeconomica.com.br\/wp\/","name":"Bahia Economica","description":"O maior portal de Economia da Bahia","publisher":{"@id":"https:\/\/bahiaeconomica.com.br\/wp\/#organization"},"potentialAction":[{"@type":"SearchAction","target":{"@type":"EntryPoint","urlTemplate":"https:\/\/bahiaeconomica.com.br\/wp\/?s={search_term_string}"},"query-input":"required name=search_term_string"}],"inLanguage":"pt-BR"},{"@type":"Organization","@id":"https:\/\/bahiaeconomica.com.br\/wp\/#organization","name":"Bahia Econ\u00f4mica","url":"https:\/\/bahiaeconomica.com.br\/wp\/","logo":{"@type":"ImageObject","inLanguage":"pt-BR","@id":"https:\/\/bahiaeconomica.com.br\/wp\/#\/schema\/logo\/image\/","url":"https:\/\/bahiaeconomica.com.br\/wp\/wp-content\/uploads\/2020\/12\/cropped-BE.png","contentUrl":"https:\/\/bahiaeconomica.com.br\/wp\/wp-content\/uploads\/2020\/12\/cropped-BE.png","width":512,"height":512,"caption":"Bahia Econ\u00f4mica"},"image":{"@id":"https:\/\/bahiaeconomica.com.br\/wp\/#\/schema\/logo\/image\/"},"sameAs":["https:\/\/www.facebook.com\/bahiaeconomica"]},{"@type":"Person","@id":"https:\/\/bahiaeconomica.com.br\/wp\/#\/schema\/person\/c86d3a3f8960425a0f9d0e5245991f4e","name":"JP","sameAs":["https:\/\/bahiaeconomica.com.br\/wp\/beta\/"],"url":"https:\/\/bahiaeconomica.com.br\/wp\/author\/jp\/"}]}},"views":25,"_links":{"self":[{"href":"https:\/\/bahiaeconomica.com.br\/wp\/wp-json\/wp\/v2\/posts\/980877"}],"collection":[{"href":"https:\/\/bahiaeconomica.com.br\/wp\/wp-json\/wp\/v2\/posts"}],"about":[{"href":"https:\/\/bahiaeconomica.com.br\/wp\/wp-json\/wp\/v2\/types\/post"}],"author":[{"embeddable":true,"href":"https:\/\/bahiaeconomica.com.br\/wp\/wp-json\/wp\/v2\/users\/8"}],"replies":[{"embeddable":true,"href":"https:\/\/bahiaeconomica.com.br\/wp\/wp-json\/wp\/v2\/comments?post=980877"}],"version-history":[{"count":1,"href":"https:\/\/bahiaeconomica.com.br\/wp\/wp-json\/wp\/v2\/posts\/980877\/revisions"}],"predecessor-version":[{"id":980879,"href":"https:\/\/bahiaeconomica.com.br\/wp\/wp-json\/wp\/v2\/posts\/980877\/revisions\/980879"}],"wp:featuredmedia":[{"embeddable":true,"href":"https:\/\/bahiaeconomica.com.br\/wp\/wp-json\/wp\/v2\/media\/980878"}],"wp:attachment":[{"href":"https:\/\/bahiaeconomica.com.br\/wp\/wp-json\/wp\/v2\/media?parent=980877"}],"wp:term":[{"taxonomy":"category","embeddable":true,"href":"https:\/\/bahiaeconomica.com.br\/wp\/wp-json\/wp\/v2\/categories?post=980877"},{"taxonomy":"post_tag","embeddable":true,"href":"https:\/\/bahiaeconomica.com.br\/wp\/wp-json\/wp\/v2\/tags?post=980877"}],"curies":[{"name":"wp","href":"https:\/\/api.w.org\/{rel}","templated":true}]}}