{"id":980743,"date":"2026-03-12T17:01:54","date_gmt":"2026-03-12T20:01:54","guid":{"rendered":"https:\/\/bahiaeconomica.com.br\/wp\/?p=980743"},"modified":"2026-03-12T17:01:54","modified_gmt":"2026-03-12T20:01:54","slug":"salvador-inicia-curso-para-agentes-comunitarios-com-foco-na-promocao-da-saude-e-equidade-racial","status":"publish","type":"post","link":"https:\/\/bahiaeconomica.com.br\/wp\/2026\/03\/12\/salvador-inicia-curso-para-agentes-comunitarios-com-foco-na-promocao-da-saude-e-equidade-racial\/","title":{"rendered":"SALVADOR INICIA CURSO PARA AGENTES COMUNIT\u00c1RIOS COM FOCO NA PROMO\u00c7\u00c3O DA SA\u00daDE E EQUIDADE RACIAL"},"content":{"rendered":"<p>Teve in\u00edcio nesta semana o Curso de Atualiza\u00e7\u00e3o em Promotores da Sa\u00fade Sem Racismo, realizado pela Secretaria Municipal da Sa\u00fade (SMS), por meio de parceria entre a Escola de Sa\u00fade P\u00fablica de Salvador (ESPS) e a Escola de Sa\u00fade P\u00fablica da Bahia (ESPBA). A forma\u00e7\u00e3o re\u00fane 177 agentes comunit\u00e1rios de sa\u00fade (ACS) da rede municipal, distribu\u00eddos em seis turmas, com o objetivo de fortalecer pr\u00e1ticas de cuidado baseadas na equidade e no enfrentamento ao racismo nos territ\u00f3rios.<\/p>\n<p>Ao longo do m\u00eas de mar\u00e7o, cada turma participar\u00e1 de cinco encontros, voltados \u00e0 reflex\u00e3o sobre o racismo como determinante social da sa\u00fade e \u00e0 constru\u00e7\u00e3o de estrat\u00e9gias que fortale\u00e7am o cuidado integral e humanizado nas comunidades acompanhadas pela Aten\u00e7\u00e3o Prim\u00e1ria. As aulas s\u00e3o ministradas por profissionais da SMS nas instala\u00e7\u00f5es da ESPS.<\/p>\n<p>De acordo com a subcoordenadora de Cuidados Transversais da SMS, Djara Mahim, a iniciativa contribui para ampliar a discuss\u00e3o sobre equidade na rede municipal e qualificar o trabalho desenvolvido diretamente nos territ\u00f3rios. &#8220;Os agentes comunit\u00e1rios de sa\u00fade s\u00e3o profissionais fundamentais para aproximar o SUS das comunidades. Quando fortalecemos a forma\u00e7\u00e3o desses trabalhadores a partir da perspectiva da equidade, ampliamos a capacidade da rede de reconhecer desigualdades e promover um cuidado mais justo, respeitoso e sens\u00edvel \u00e0s realidades da popula\u00e7\u00e3o&#8221;, destacou.<\/p>\n<p>A forma\u00e7\u00e3o integra um conjunto de estrat\u00e9gias voltadas \u00e0 promo\u00e7\u00e3o da equidade em sa\u00fade no munic\u00edpio, reconhecendo que o enfrentamento ao racismo tamb\u00e9m passa pela qualifica\u00e7\u00e3o permanente dos profissionais que atuam na Aten\u00e7\u00e3o Prim\u00e1ria e pelo fortalecimento de pr\u00e1ticas de cuidado que considerem as diferentes realidades vividas pela popula\u00e7\u00e3o.<\/p>\n","protected":false},"excerpt":{"rendered":"<p>Teve in\u00edcio nesta semana o Curso de Atualiza\u00e7\u00e3o em Promotores da Sa\u00fade Sem Racismo, realizado pela Secretaria Municipal da Sa\u00fade (SMS), por meio de parceria entre a Escola de Sa\u00fade P\u00fablica de Salvador (ESPS) e a Escola de Sa\u00fade P\u00fablica da Bahia (ESPBA). A forma\u00e7\u00e3o re\u00fane 177 agentes comunit\u00e1rios de sa\u00fade (ACS) da rede municipal, [&hellip;]<\/p>\n","protected":false},"author":22,"featured_media":980778,"comment_status":"closed","ping_status":"closed","sticky":false,"template":"","format":"standard","meta":[],"categories":[5,1],"tags":[43926,1460,73,58],"acf":[],"yoast_head":"<!-- This site is optimized with the Yoast SEO plugin v20.8 - https:\/\/yoast.com\/wordpress\/plugins\/seo\/ -->\n<title>SALVADOR INICIA CURSO PARA AGENTES COMUNIT\u00c1RIOS COM FOCO NA PROMO\u00c7\u00c3O DA SA\u00daDE E EQUIDADE RACIAL - Bahia Economica<\/title>\n<meta name=\"description\" content=\"O maior portal de Economia da Bahia MUNIC\u00cdPIOS, Uncategorized Bahia Economica\" \/>\n<meta name=\"robots\" content=\"index, follow, max-snippet:-1, max-image-preview:large, max-video-preview:-1\" \/>\n<link rel=\"canonical\" href=\"https:\/\/bahiaeconomica.com.br\/wp\/2026\/03\/12\/salvador-inicia-curso-para-agentes-comunitarios-com-foco-na-promocao-da-saude-e-equidade-racial\/\" \/>\n<meta property=\"og:locale\" content=\"pt_BR\" \/>\n<meta property=\"og:type\" content=\"article\" \/>\n<meta property=\"og:title\" content=\"SALVADOR INICIA CURSO PARA AGENTES COMUNIT\u00c1RIOS COM FOCO NA PROMO\u00c7\u00c3O DA SA\u00daDE E EQUIDADE RACIAL - Bahia Economica\" \/>\n<meta property=\"og:description\" content=\"O maior portal de Economia da Bahia MUNIC\u00cdPIOS, Uncategorized Bahia Economica\" \/>\n<meta property=\"og:url\" content=\"https:\/\/bahiaeconomica.com.br\/wp\/2026\/03\/12\/salvador-inicia-curso-para-agentes-comunitarios-com-foco-na-promocao-da-saude-e-equidade-racial\/\" \/>\n<meta property=\"og:site_name\" content=\"Bahia Economica\" \/>\n<meta property=\"article:publisher\" content=\"https:\/\/www.facebook.com\/bahiaeconomica\" \/>\n<meta property=\"article:published_time\" content=\"2026-03-12T20:01:54+00:00\" \/>\n<meta property=\"og:image\" content=\"https:\/\/bahiaeconomica.com.br\/wp\/wp-content\/uploads\/2026\/03\/WhatsApp-Image-2026-03-12-at-12.01.06.jpeg\" \/>\n\t<meta property=\"og:image:width\" content=\"1600\" \/>\n\t<meta property=\"og:image:height\" content=\"900\" \/>\n\t<meta property=\"og:image:type\" content=\"image\/jpeg\" \/>\n<meta name=\"author\" content=\"Matheus Souza\" \/>\n<meta name=\"twitter:card\" content=\"summary_large_image\" \/>\n<meta name=\"twitter:label1\" content=\"Escrito por\" \/>\n\t<meta name=\"twitter:data1\" content=\"Matheus Souza\" \/>\n\t<meta name=\"twitter:label2\" content=\"Est. tempo de leitura\" \/>\n\t<meta name=\"twitter:data2\" content=\"2 minutos\" \/>\n<script type=\"application\/ld+json\" class=\"yoast-schema-graph\">{\"@context\":\"https:\/\/schema.org\",\"@graph\":[{\"@type\":\"Article\",\"@id\":\"https:\/\/bahiaeconomica.com.br\/wp\/2026\/03\/12\/salvador-inicia-curso-para-agentes-comunitarios-com-foco-na-promocao-da-saude-e-equidade-racial\/#article\",\"isPartOf\":{\"@id\":\"https:\/\/bahiaeconomica.com.br\/wp\/2026\/03\/12\/salvador-inicia-curso-para-agentes-comunitarios-com-foco-na-promocao-da-saude-e-equidade-racial\/\"},\"author\":{\"name\":\"Matheus Souza\",\"@id\":\"https:\/\/bahiaeconomica.com.br\/wp\/#\/schema\/person\/3304d50cfd32353c7d08c39066638997\"},\"headline\":\"SALVADOR INICIA CURSO PARA AGENTES COMUNIT\u00c1RIOS COM FOCO NA PROMO\u00c7\u00c3O DA SA\u00daDE E EQUIDADE RACIAL\",\"datePublished\":\"2026-03-12T20:01:54+00:00\",\"dateModified\":\"2026-03-12T20:01:54+00:00\",\"mainEntityOfPage\":{\"@id\":\"https:\/\/bahiaeconomica.com.br\/wp\/2026\/03\/12\/salvador-inicia-curso-para-agentes-comunitarios-com-foco-na-promocao-da-saude-e-equidade-racial\/\"},\"wordCount\":318,\"publisher\":{\"@id\":\"https:\/\/bahiaeconomica.com.br\/wp\/#organization\"},\"keywords\":[\"agentes comunit\u00e1rios\",\"racismo\",\"Salvador\",\"sa\u00fade\"],\"articleSection\":[\"MUNIC\u00cdPIOS\",\"Uncategorized\"],\"inLanguage\":\"pt-BR\"},{\"@type\":\"WebPage\",\"@id\":\"https:\/\/bahiaeconomica.com.br\/wp\/2026\/03\/12\/salvador-inicia-curso-para-agentes-comunitarios-com-foco-na-promocao-da-saude-e-equidade-racial\/\",\"url\":\"https:\/\/bahiaeconomica.com.br\/wp\/2026\/03\/12\/salvador-inicia-curso-para-agentes-comunitarios-com-foco-na-promocao-da-saude-e-equidade-racial\/\",\"name\":\"SALVADOR INICIA CURSO PARA AGENTES COMUNIT\u00c1RIOS COM FOCO NA PROMO\u00c7\u00c3O DA SA\u00daDE E EQUIDADE RACIAL - Bahia Economica\",\"isPartOf\":{\"@id\":\"https:\/\/bahiaeconomica.com.br\/wp\/#website\"},\"datePublished\":\"2026-03-12T20:01:54+00:00\",\"dateModified\":\"2026-03-12T20:01:54+00:00\",\"description\":\"O maior portal de Economia da Bahia MUNIC\u00cdPIOS, Uncategorized Bahia Economica\",\"breadcrumb\":{\"@id\":\"https:\/\/bahiaeconomica.com.br\/wp\/2026\/03\/12\/salvador-inicia-curso-para-agentes-comunitarios-com-foco-na-promocao-da-saude-e-equidade-racial\/#breadcrumb\"},\"inLanguage\":\"pt-BR\",\"potentialAction\":[{\"@type\":\"ReadAction\",\"target\":[\"https:\/\/bahiaeconomica.com.br\/wp\/2026\/03\/12\/salvador-inicia-curso-para-agentes-comunitarios-com-foco-na-promocao-da-saude-e-equidade-racial\/\"]}]},{\"@type\":\"BreadcrumbList\",\"@id\":\"https:\/\/bahiaeconomica.com.br\/wp\/2026\/03\/12\/salvador-inicia-curso-para-agentes-comunitarios-com-foco-na-promocao-da-saude-e-equidade-racial\/#breadcrumb\",\"itemListElement\":[{\"@type\":\"ListItem\",\"position\":1,\"name\":\"In\u00edcio\",\"item\":\"https:\/\/bahiaeconomica.com.br\/wp\/\"},{\"@type\":\"ListItem\",\"position\":2,\"name\":\"SALVADOR INICIA CURSO PARA AGENTES COMUNIT\u00c1RIOS COM FOCO NA PROMO\u00c7\u00c3O DA SA\u00daDE E EQUIDADE RACIAL\"}]},{\"@type\":\"WebSite\",\"@id\":\"https:\/\/bahiaeconomica.com.br\/wp\/#website\",\"url\":\"https:\/\/bahiaeconomica.com.br\/wp\/\",\"name\":\"Bahia Economica\",\"description\":\"O maior portal de Economia da Bahia\",\"publisher\":{\"@id\":\"https:\/\/bahiaeconomica.com.br\/wp\/#organization\"},\"potentialAction\":[{\"@type\":\"SearchAction\",\"target\":{\"@type\":\"EntryPoint\",\"urlTemplate\":\"https:\/\/bahiaeconomica.com.br\/wp\/?s={search_term_string}\"},\"query-input\":\"required name=search_term_string\"}],\"inLanguage\":\"pt-BR\"},{\"@type\":\"Organization\",\"@id\":\"https:\/\/bahiaeconomica.com.br\/wp\/#organization\",\"name\":\"Bahia Econ\u00f4mica\",\"url\":\"https:\/\/bahiaeconomica.com.br\/wp\/\",\"logo\":{\"@type\":\"ImageObject\",\"inLanguage\":\"pt-BR\",\"@id\":\"https:\/\/bahiaeconomica.com.br\/wp\/#\/schema\/logo\/image\/\",\"url\":\"https:\/\/bahiaeconomica.com.br\/wp\/wp-content\/uploads\/2020\/12\/cropped-BE.png\",\"contentUrl\":\"https:\/\/bahiaeconomica.com.br\/wp\/wp-content\/uploads\/2020\/12\/cropped-BE.png\",\"width\":512,\"height\":512,\"caption\":\"Bahia Econ\u00f4mica\"},\"image\":{\"@id\":\"https:\/\/bahiaeconomica.com.br\/wp\/#\/schema\/logo\/image\/\"},\"sameAs\":[\"https:\/\/www.facebook.com\/bahiaeconomica\"]},{\"@type\":\"Person\",\"@id\":\"https:\/\/bahiaeconomica.com.br\/wp\/#\/schema\/person\/3304d50cfd32353c7d08c39066638997\",\"name\":\"Matheus Souza\",\"sameAs\":[\"http:\/\/www.bahiaeconomica.com.br\"],\"url\":\"https:\/\/bahiaeconomica.com.br\/wp\/author\/matheus-souza\/\"}]}<\/script>\n<!-- \/ Yoast SEO plugin. -->","yoast_head_json":{"title":"SALVADOR INICIA CURSO PARA AGENTES COMUNIT\u00c1RIOS COM FOCO NA PROMO\u00c7\u00c3O DA SA\u00daDE E EQUIDADE RACIAL - Bahia Economica","description":"O maior portal de Economia da Bahia MUNIC\u00cdPIOS, Uncategorized Bahia Economica","robots":{"index":"index","follow":"follow","max-snippet":"max-snippet:-1","max-image-preview":"max-image-preview:large","max-video-preview":"max-video-preview:-1"},"canonical":"https:\/\/bahiaeconomica.com.br\/wp\/2026\/03\/12\/salvador-inicia-curso-para-agentes-comunitarios-com-foco-na-promocao-da-saude-e-equidade-racial\/","og_locale":"pt_BR","og_type":"article","og_title":"SALVADOR INICIA CURSO PARA AGENTES COMUNIT\u00c1RIOS COM FOCO NA PROMO\u00c7\u00c3O DA SA\u00daDE E EQUIDADE RACIAL - Bahia Economica","og_description":"O maior portal de Economia da Bahia MUNIC\u00cdPIOS, Uncategorized Bahia Economica","og_url":"https:\/\/bahiaeconomica.com.br\/wp\/2026\/03\/12\/salvador-inicia-curso-para-agentes-comunitarios-com-foco-na-promocao-da-saude-e-equidade-racial\/","og_site_name":"Bahia Economica","article_publisher":"https:\/\/www.facebook.com\/bahiaeconomica","article_published_time":"2026-03-12T20:01:54+00:00","og_image":[{"width":1600,"height":900,"url":"https:\/\/bahiaeconomica.com.br\/wp\/wp-content\/uploads\/2026\/03\/WhatsApp-Image-2026-03-12-at-12.01.06.jpeg","type":"image\/jpeg"}],"author":"Matheus Souza","twitter_card":"summary_large_image","twitter_misc":{"Escrito por":"Matheus Souza","Est. tempo de leitura":"2 minutos"},"schema":{"@context":"https:\/\/schema.org","@graph":[{"@type":"Article","@id":"https:\/\/bahiaeconomica.com.br\/wp\/2026\/03\/12\/salvador-inicia-curso-para-agentes-comunitarios-com-foco-na-promocao-da-saude-e-equidade-racial\/#article","isPartOf":{"@id":"https:\/\/bahiaeconomica.com.br\/wp\/2026\/03\/12\/salvador-inicia-curso-para-agentes-comunitarios-com-foco-na-promocao-da-saude-e-equidade-racial\/"},"author":{"name":"Matheus Souza","@id":"https:\/\/bahiaeconomica.com.br\/wp\/#\/schema\/person\/3304d50cfd32353c7d08c39066638997"},"headline":"SALVADOR INICIA CURSO PARA AGENTES COMUNIT\u00c1RIOS COM FOCO NA PROMO\u00c7\u00c3O DA SA\u00daDE E EQUIDADE RACIAL","datePublished":"2026-03-12T20:01:54+00:00","dateModified":"2026-03-12T20:01:54+00:00","mainEntityOfPage":{"@id":"https:\/\/bahiaeconomica.com.br\/wp\/2026\/03\/12\/salvador-inicia-curso-para-agentes-comunitarios-com-foco-na-promocao-da-saude-e-equidade-racial\/"},"wordCount":318,"publisher":{"@id":"https:\/\/bahiaeconomica.com.br\/wp\/#organization"},"keywords":["agentes comunit\u00e1rios","racismo","Salvador","sa\u00fade"],"articleSection":["MUNIC\u00cdPIOS","Uncategorized"],"inLanguage":"pt-BR"},{"@type":"WebPage","@id":"https:\/\/bahiaeconomica.com.br\/wp\/2026\/03\/12\/salvador-inicia-curso-para-agentes-comunitarios-com-foco-na-promocao-da-saude-e-equidade-racial\/","url":"https:\/\/bahiaeconomica.com.br\/wp\/2026\/03\/12\/salvador-inicia-curso-para-agentes-comunitarios-com-foco-na-promocao-da-saude-e-equidade-racial\/","name":"SALVADOR INICIA CURSO PARA AGENTES COMUNIT\u00c1RIOS COM FOCO NA PROMO\u00c7\u00c3O DA SA\u00daDE E EQUIDADE RACIAL - Bahia Economica","isPartOf":{"@id":"https:\/\/bahiaeconomica.com.br\/wp\/#website"},"datePublished":"2026-03-12T20:01:54+00:00","dateModified":"2026-03-12T20:01:54+00:00","description":"O maior portal de Economia da Bahia MUNIC\u00cdPIOS, Uncategorized Bahia Economica","breadcrumb":{"@id":"https:\/\/bahiaeconomica.com.br\/wp\/2026\/03\/12\/salvador-inicia-curso-para-agentes-comunitarios-com-foco-na-promocao-da-saude-e-equidade-racial\/#breadcrumb"},"inLanguage":"pt-BR","potentialAction":[{"@type":"ReadAction","target":["https:\/\/bahiaeconomica.com.br\/wp\/2026\/03\/12\/salvador-inicia-curso-para-agentes-comunitarios-com-foco-na-promocao-da-saude-e-equidade-racial\/"]}]},{"@type":"BreadcrumbList","@id":"https:\/\/bahiaeconomica.com.br\/wp\/2026\/03\/12\/salvador-inicia-curso-para-agentes-comunitarios-com-foco-na-promocao-da-saude-e-equidade-racial\/#breadcrumb","itemListElement":[{"@type":"ListItem","position":1,"name":"In\u00edcio","item":"https:\/\/bahiaeconomica.com.br\/wp\/"},{"@type":"ListItem","position":2,"name":"SALVADOR INICIA CURSO PARA AGENTES COMUNIT\u00c1RIOS COM FOCO NA PROMO\u00c7\u00c3O DA SA\u00daDE E EQUIDADE RACIAL"}]},{"@type":"WebSite","@id":"https:\/\/bahiaeconomica.com.br\/wp\/#website","url":"https:\/\/bahiaeconomica.com.br\/wp\/","name":"Bahia Economica","description":"O maior portal de Economia da Bahia","publisher":{"@id":"https:\/\/bahiaeconomica.com.br\/wp\/#organization"},"potentialAction":[{"@type":"SearchAction","target":{"@type":"EntryPoint","urlTemplate":"https:\/\/bahiaeconomica.com.br\/wp\/?s={search_term_string}"},"query-input":"required name=search_term_string"}],"inLanguage":"pt-BR"},{"@type":"Organization","@id":"https:\/\/bahiaeconomica.com.br\/wp\/#organization","name":"Bahia Econ\u00f4mica","url":"https:\/\/bahiaeconomica.com.br\/wp\/","logo":{"@type":"ImageObject","inLanguage":"pt-BR","@id":"https:\/\/bahiaeconomica.com.br\/wp\/#\/schema\/logo\/image\/","url":"https:\/\/bahiaeconomica.com.br\/wp\/wp-content\/uploads\/2020\/12\/cropped-BE.png","contentUrl":"https:\/\/bahiaeconomica.com.br\/wp\/wp-content\/uploads\/2020\/12\/cropped-BE.png","width":512,"height":512,"caption":"Bahia Econ\u00f4mica"},"image":{"@id":"https:\/\/bahiaeconomica.com.br\/wp\/#\/schema\/logo\/image\/"},"sameAs":["https:\/\/www.facebook.com\/bahiaeconomica"]},{"@type":"Person","@id":"https:\/\/bahiaeconomica.com.br\/wp\/#\/schema\/person\/3304d50cfd32353c7d08c39066638997","name":"Matheus Souza","sameAs":["http:\/\/www.bahiaeconomica.com.br"],"url":"https:\/\/bahiaeconomica.com.br\/wp\/author\/matheus-souza\/"}]}},"views":44,"_links":{"self":[{"href":"https:\/\/bahiaeconomica.com.br\/wp\/wp-json\/wp\/v2\/posts\/980743"}],"collection":[{"href":"https:\/\/bahiaeconomica.com.br\/wp\/wp-json\/wp\/v2\/posts"}],"about":[{"href":"https:\/\/bahiaeconomica.com.br\/wp\/wp-json\/wp\/v2\/types\/post"}],"author":[{"embeddable":true,"href":"https:\/\/bahiaeconomica.com.br\/wp\/wp-json\/wp\/v2\/users\/22"}],"replies":[{"embeddable":true,"href":"https:\/\/bahiaeconomica.com.br\/wp\/wp-json\/wp\/v2\/comments?post=980743"}],"version-history":[{"count":2,"href":"https:\/\/bahiaeconomica.com.br\/wp\/wp-json\/wp\/v2\/posts\/980743\/revisions"}],"predecessor-version":[{"id":980779,"href":"https:\/\/bahiaeconomica.com.br\/wp\/wp-json\/wp\/v2\/posts\/980743\/revisions\/980779"}],"wp:featuredmedia":[{"embeddable":true,"href":"https:\/\/bahiaeconomica.com.br\/wp\/wp-json\/wp\/v2\/media\/980778"}],"wp:attachment":[{"href":"https:\/\/bahiaeconomica.com.br\/wp\/wp-json\/wp\/v2\/media?parent=980743"}],"wp:term":[{"taxonomy":"category","embeddable":true,"href":"https:\/\/bahiaeconomica.com.br\/wp\/wp-json\/wp\/v2\/categories?post=980743"},{"taxonomy":"post_tag","embeddable":true,"href":"https:\/\/bahiaeconomica.com.br\/wp\/wp-json\/wp\/v2\/tags?post=980743"}],"curies":[{"name":"wp","href":"https:\/\/api.w.org\/{rel}","templated":true}]}}