{"id":980648,"date":"2026-03-12T10:20:57","date_gmt":"2026-03-12T13:20:57","guid":{"rendered":"https:\/\/bahiaeconomica.com.br\/wp\/?p=980648"},"modified":"2026-03-12T11:01:58","modified_gmt":"2026-03-12T14:01:58","slug":"novelis-leva-circuito-liga-da-cultura-para-quatro-escolas-publicas-de-salvador","status":"publish","type":"post","link":"https:\/\/bahiaeconomica.com.br\/wp\/2026\/03\/12\/novelis-leva-circuito-liga-da-cultura-para-quatro-escolas-publicas-de-salvador\/","title":{"rendered":"NOVELIS LEVA CIRCUITO LIGA DA CULTURA PARA QUATRO ESCOLAS P\u00daBLICAS DE SALVADOR"},"content":{"rendered":"<p>Entre os meses de mar\u00e7o e abril de 2026, Salvador ser\u00e1 palco de mais uma etapa do Circuito Liga da Cultura, projeto itinerante que une educa\u00e7\u00e3o, cultura e sustentabilidade para promover a conscientiza\u00e7\u00e3o ambiental e o incentivo \u00e0 leitura entre estudantes da rede p\u00fablica em diferentes regi\u00f5es do Brasil. Realizado pela Rede Educare, com patroc\u00ednio da Novelis, l\u00edder mundial em lamina\u00e7\u00e3o e reciclagem de alum\u00ednio, por meio da Lei de Incentivo \u00e0 Cultura do Minist\u00e9rio da Cultura e Governo Federal, o projeto passar\u00e1 por quatro escolas da capital baiana.<\/p>\n<p>A programa\u00e7\u00e3o come\u00e7a na Escola Municipal Dona Isabel Brand\u00e3o Vilela (16 a 20 de mar\u00e7o), no bairro de Dom Avelar, que atende 245 estudantes do Ensino Fundamental I. Em seguida, o circuito chega \u00e0 Escola Municipal Dr. Orlando Imbassahy (23 a 27 de mar\u00e7o), em S\u00e3o Marcos, com 720 estudantes da Educa\u00e7\u00e3o Infantil e do Ensino Fundamental I.<\/p>\n<p>J\u00e1 na terceira semana, as atividades acontecem na Escola Municipal Profa. Hilda Fortuna de Castro (30 de mar\u00e7o a 2 de abril), em Castelo Branco, envolvendo 133 estudantes da Educa\u00e7\u00e3o Infantil e do Ensino Fundamental I. O encerramento da etapa de Salvador ser\u00e1 na Escola Municipal Dr. Roberto Correia (6 a 10 de abril), em Pau da Lima, com 949 estudantes do Ensino Fundamental I e II.<\/p>\n<p>CAMINH\u00c3O LITER\u00c1RIO &#8211; Um dos destaques do Circuito Liga da Cultura \u00e9 o caminh\u00e3o liter\u00e1rio, abastecido com um acervo de 1.200 livros, que dialogam com os 17 Objetivos de Desenvolvimento Sustent\u00e1vel (ODS), incluindo exemplares em braille e audiobooks, jogos educativos e uma estrutura completa para atividades de leitura ao ar livre que despertam o olhar cr\u00edtico para quest\u00f5es ambientais. Com um convite \u00e0 imers\u00e3o no tema da sustentabilidade, o caminh\u00e3o ser\u00e1 palco de exposi\u00e7\u00f5es, oficinas criativas e atividades de conscientiza\u00e7\u00e3o, com um tema diferente a cada dia da semana.<\/p>\n<p>\u201cReceber o Projeto Liga da Cultura ser\u00e1 uma alegria imensa e uma oportunidade profundamente enriquecedora para toda a comunidade escolar. O projeto incentiva o h\u00e1bito da leitura, fortalece a consci\u00eancia ambiental e desperta nos estudantes a compreens\u00e3o de sua responsabilidade enquanto cidad\u00e3os e cidad\u00e3s do mundo. A iniciativa dialoga com uma educa\u00e7\u00e3o viva, participativa e transformadora e com a\u00e7\u00f5es que j\u00e1 s\u00e3o realizadas em nossa escola, com o que acreditamos\u201d, avalia a diretora da Escola Municipal Dona Isabel Brand\u00e3o Vilela, C\u00e9lia Costa Floriano.<\/p>\n<p>Na avalia\u00e7\u00e3o da diretora da Escola Municipal Dr. Orlando Imbassahy, Luc\u00e9lia Fontes, a iniciativa refor\u00e7a o papel da unidade como espa\u00e7o de transforma\u00e7\u00e3o social. \u201cPara muitas crian\u00e7as, a escola \u00e9 o \u00fanico local de acesso ao capital cultural e esta precisa valorizar a cultura em suas m\u00faltiplas faces. Receber o Projeto Liga da Cultura em nossa escola \u00e9 uma oportunidade de valorizarmos ainda mais a cultura local, mas tamb\u00e9m de contribuir para a promo\u00e7\u00e3o da inclus\u00e3o social dos nossos alunos e da comunidade\u00a0 com novas experi\u00eancias e saberes, estimulando o h\u00e1bito da leitura, a criatividade e refletindo sobre o futuro do planeta\u201d.<\/p>\n<p>UM TEMA PARA CADA DIA &#8211; Na segunda-feira, o foco \u00e9 a Reciclagem, com exposi\u00e7\u00e3o tem\u00e1tica, conta\u00e7\u00e3o de hist\u00f3rias e oficinas de reaproveitamento de materiais, incentivando pr\u00e1ticas ligadas \u00e0 economia circular. Na ter\u00e7a-feira, o tema \u00e9 \u00c1gua, com atividades voltadas ao uso consciente dos recursos h\u00eddricos. J\u00e1 a quarta-feira \u00e9 dedicada \u00e0s Energias Renov\u00e1veis, quando os estudantes conhecem, de forma pr\u00e1tica e interativa, diferentes fontes de energia limpa, como energia solar, energia e\u00f3lica e energia hidrel\u00e9trica. Na quinta-feira, os estudantes participam das oficinas Guardi\u00f5es do Planeta, onde produzem solu\u00e7\u00f5es criativas que refor\u00e7am atitudes sustent\u00e1veis no dia a dia.<\/p>\n<p>A sexta-feira \u00e9 o momento mais aguardado, marcando a culmin\u00e2ncia do projeto com o \u201cVoc\u00ea em A\u00e7\u00e3o\u201d. Nesse dia, cada turma apresenta o que aprendeu de mais marcante e compartilha propostas de pr\u00e1ticas sustent\u00e1veis para o cotidiano escolar, concorrendo a uma premia\u00e7\u00e3o. A escola abre as portas para a comunidade escolar, familiares, representantes da Secretaria de Educa\u00e7\u00e3o e patrocinadores, que acompanham a exposi\u00e7\u00e3o dos trabalhos e a revela\u00e7\u00e3o do projeto destaque, encerrando a semana em clima de celebra\u00e7\u00e3o e protagonismo estudantil.<\/p>\n<p>Nas escolas com dois turnos, as a\u00e7\u00f5es acontecem das 8h50 \u00e0s 11h30 e das 13h50 \u00e0s 16h30, repetindo-se nos dois per\u00edodos. J\u00e1 na Escola Municipal Profa. Hilda Fortuna de Castro, que atende turmas em per\u00edodo integral, a programa\u00e7\u00e3o ser\u00e1 adaptada ao formato da unidade, distribuindo os temas entre manh\u00e3 e tarde ao longo dos tr\u00eas dias de atividades.<\/p>\n<p>Cada vez que deixa uma escola, a Liga da Cultura reconhece a institui\u00e7\u00e3o com a bandeira de Escola Sustent\u00e1vel e faz doa\u00e7\u00f5es de lixeiras para coleta seletiva, 20 livros sobre sustentabilidade, cursos de forma\u00e7\u00e3o para educadores e uma cartilha de apoio para que os professores deem continuidade \u00e0s atividades ao longo do ano letivo.<\/p>\n<p>EDUCA\u00c7\u00c3O QUE PLANTA FUTURO &#8211;\u00a0 Para Eunice Lima, diretora de Comunica\u00e7\u00e3o e Rela\u00e7\u00f5es Governamentais da Novelis Am\u00e9rica do Sul, \u201cA iniciativa est\u00e1 totalmente alinhada ao prop\u00f3sito da Novelis, de criar um mundo sustent\u00e1vel, e ao movimento Liga da Reciclagem, idealizado pela Companhia e que prop\u00f5e uma transforma\u00e7\u00e3o real no planeta inspirado pela economia circular do alum\u00ednio. Por meio da educa\u00e7\u00e3o, os jovens ser\u00e3o incentivados a pr\u00e1ticas mais sustent\u00e1veis e pela mobiliza\u00e7\u00e3o para mudan\u00e7as no cotidiano\u201d. Salvador conta com um centro de coleta de sucata de alum\u00ednio da Novelis.<\/p>\n<p>Para K\u00e1tia Rocha, idealizadora do projeto Circuito Liga da Cultura, levar a iniciativa\u00a0 para Salvador \u00e9 uma forma de aproximar os estudantes de experi\u00eancias educativas que unem leitura, cultura e consci\u00eancia ambiental. \u201cO projeto foi pensado para que os alunos participem ativamente de atividades culturais pr\u00e1ticas, experimentem a leitura de forma mais livre e compreendam, no dia a dia, a import\u00e2ncia da reciclagem e do cuidado com o meio ambiente. Acreditamos que quando a escola se transforma em um espa\u00e7o vivo de cultura, com livros, oficinas, jogos educativos e atividades criativas, os jovens passam a se reconhecer como protagonistas das mudan\u00e7as que desejam ver em suas comunidades. Educa\u00e7\u00e3o ambiental, reciclagem e cultura andam de m\u00e3os dadas.\u201d<\/p>\n<p>Sobre a Novelis Inc.<\/p>\n<p>A Novelis Inc. \u00e9 movida pelo prop\u00f3sito de criarmos, juntos, um mundo sustent\u00e1vel. Somos l\u00edderes na produ\u00e7\u00e3o de solu\u00e7\u00f5es inovadoras de alum\u00ednio laminado e maior recicladora de alum\u00ednio no mundo. Nossa ambi\u00e7\u00e3o \u00e9 ser o principal fornecedor de solu\u00e7\u00f5es de alum\u00ednio sustent\u00e1veis e de baixo carbono e alcan\u00e7ar uma economia totalmente circular por meio de parcerias com nossos fornecedores, bem como nossos clientes nas ind\u00fastrias aeroespacial, transportes, embalagens, constru\u00e7\u00e3o civil e eletr\u00f4nicos na Am\u00e9rica do Norte, Europa, \u00c1sia e Am\u00e9rica do Sul. No ano fiscal de 2025, o resultado das vendas l\u00edquidas da Novelis foi de US$17 bilh\u00f5es. A Companhia \u00e9 subsidi\u00e1ria da Hindalco Industries Limited, l\u00edder do setor de alum\u00ednio e cobre, e parte do Grupo Aditya Birla, um conglomerado multinacional sediado em Mumbai, na \u00cdndia. Para mais informa\u00e7\u00f5es, acesse novelis.com.<\/p>\n<p>Sobre a Novelis Am\u00e9rica do Sul<\/p>\n<p>No Brasil, a Novelis possui atividades de lamina\u00e7\u00e3o de alum\u00ednio em Pindamonhangaba e Santo Andr\u00e9\/SP. A opera\u00e7\u00e3o local envolve cerca de 1.700 profissionais e alcan\u00e7ou receita da ordem de R$15 bilh\u00f5es no ano fiscal de 2025. Atualmente, a empresa possui capacidade de lamina\u00e7\u00e3o de 750 mil toneladas\/ano e de reciclagem de 500 mil toneladas\/ano. A companhia mant\u00e9m 14 centros de coleta de log\u00edstica reversa distribu\u00eddos pelo pa\u00eds, al\u00e9m de um Centro de Solu\u00e7\u00f5es ao Cliente, localizado em S\u00e3o Jos\u00e9 dos Campos e que atua como um polo de inova\u00e7\u00e3o.<\/p>\n<p>Sobre a Rede Educare &#8211; No ano em que completa 18 anos, a Rede Educare fortalece a sua convic\u00e7\u00e3o de que transformar realidades \u00e9 poss\u00edvel quando pessoas, empresas, governos e organiza\u00e7\u00f5es se unem em torno de um prop\u00f3sito comum. Refer\u00eancia nacional em projetos de impacto social e especialista em leis de incentivo, a Rede Educare\u00a0 atua em todo o Brasil, promovendo di\u00e1logos que transformam vidas, ao conectar produtores e empresas que acreditam na for\u00e7a da cultura, do esporte, da sa\u00fade e das a\u00e7\u00f5es sociais para realizar projetos inovadores e transformadores. Saiba mais em: redeeducare.com.br<\/p>\n<p>&nbsp;<\/p>\n<p>SERVI\u00c7O:<\/p>\n<p>CIRCUITO LIGA DA CULTURA \u2013 Salvador (BA)<\/p>\n<p>Escola Municipal Dona Isabel Brand\u00e3o Vilela<\/p>\n<p>Quando: 16 a 20\/03\/2026<\/p>\n<p>Endere\u00e7o: R. das Paulinas, 311 \u2013 Dom Avelar, Salvador \u2013 BA, 41315-150<\/p>\n<p>Escola Municipal Dr. Orlando Imbassahy<\/p>\n<p>Quando: 23 a 27\/03\/2026<\/p>\n<p>Endere\u00e7o: Avenida S\u00e3o Rafael, 2361 \u2013 S\u00e3o Marcos, Salvador \u2013 BA, 41253-190<\/p>\n<p>Escola Municipal Profa. Hilda Fortuna de Castro<\/p>\n<p>Quando: 30\/03 a 02\/04\/2026<\/p>\n<p>Endere\u00e7o: Rua B, 15 \u2013 Castelo Branco, Salvador \u2013 BA, 41321-820<\/p>\n<p>Escola Municipal Dr. Roberto Correia<\/p>\n<p>Quando: 06 a 10\/04\/2026<\/p>\n<p>Endere\u00e7o: Rua Jayme Vieira Lima, 12 \u2013 Pau da Lima, Salvador \u2013 BA, 41235-000<\/p>\n","protected":false},"excerpt":{"rendered":"<p>Entre os meses de mar\u00e7o e abril de 2026, Salvador ser\u00e1 palco de mais uma etapa do Circuito Liga da Cultura, projeto itinerante que une educa\u00e7\u00e3o, cultura e sustentabilidade para promover a conscientiza\u00e7\u00e3o ambiental e o incentivo \u00e0 leitura entre estudantes da rede p\u00fablica em diferentes regi\u00f5es do Brasil. Realizado pela Rede Educare, com patroc\u00ednio [&hellip;]<\/p>\n","protected":false},"author":8,"featured_media":980649,"comment_status":"closed","ping_status":"closed","sticky":false,"template":"","format":"standard","meta":[],"categories":[4],"tags":[85,717],"acf":[],"yoast_head":"<!-- This site is optimized with the Yoast SEO plugin v20.8 - https:\/\/yoast.com\/wordpress\/plugins\/seo\/ -->\n<title>NOVELIS LEVA CIRCUITO LIGA DA CULTURA PARA QUATRO ESCOLAS P\u00daBLICAS DE SALVADOR - Bahia Economica<\/title>\n<meta name=\"description\" content=\"O maior portal de Economia da Bahia ENTRETENIMENTO Bahia Economica\" \/>\n<meta name=\"robots\" content=\"index, follow, max-snippet:-1, max-image-preview:large, max-video-preview:-1\" \/>\n<link rel=\"canonical\" href=\"https:\/\/bahiaeconomica.com.br\/wp\/2026\/03\/12\/novelis-leva-circuito-liga-da-cultura-para-quatro-escolas-publicas-de-salvador\/\" \/>\n<meta property=\"og:locale\" content=\"pt_BR\" \/>\n<meta property=\"og:type\" content=\"article\" \/>\n<meta property=\"og:title\" content=\"NOVELIS LEVA CIRCUITO LIGA DA CULTURA PARA QUATRO ESCOLAS P\u00daBLICAS DE SALVADOR - Bahia Economica\" \/>\n<meta property=\"og:description\" content=\"O maior portal de Economia da Bahia ENTRETENIMENTO Bahia Economica\" \/>\n<meta property=\"og:url\" content=\"https:\/\/bahiaeconomica.com.br\/wp\/2026\/03\/12\/novelis-leva-circuito-liga-da-cultura-para-quatro-escolas-publicas-de-salvador\/\" \/>\n<meta property=\"og:site_name\" content=\"Bahia Economica\" \/>\n<meta property=\"article:publisher\" content=\"https:\/\/www.facebook.com\/bahiaeconomica\" \/>\n<meta property=\"article:published_time\" content=\"2026-03-12T13:20:57+00:00\" \/>\n<meta property=\"article:modified_time\" content=\"2026-03-12T14:01:58+00:00\" \/>\n<meta property=\"og:image\" content=\"https:\/\/bahiaeconomica.com.br\/wp\/wp-content\/uploads\/2026\/03\/WhatsApp-Image-2026-03-12-at-11.00.43.jpeg\" \/>\n\t<meta property=\"og:image:width\" content=\"1159\" \/>\n\t<meta property=\"og:image:height\" content=\"851\" \/>\n\t<meta property=\"og:image:type\" content=\"image\/jpeg\" \/>\n<meta name=\"author\" content=\"JP\" \/>\n<meta name=\"twitter:card\" content=\"summary_large_image\" \/>\n<meta name=\"twitter:label1\" content=\"Escrito por\" \/>\n\t<meta name=\"twitter:data1\" content=\"JP\" \/>\n\t<meta name=\"twitter:label2\" content=\"Est. tempo de leitura\" \/>\n\t<meta name=\"twitter:data2\" content=\"8 minutos\" \/>\n<script type=\"application\/ld+json\" class=\"yoast-schema-graph\">{\"@context\":\"https:\/\/schema.org\",\"@graph\":[{\"@type\":\"Article\",\"@id\":\"https:\/\/bahiaeconomica.com.br\/wp\/2026\/03\/12\/novelis-leva-circuito-liga-da-cultura-para-quatro-escolas-publicas-de-salvador\/#article\",\"isPartOf\":{\"@id\":\"https:\/\/bahiaeconomica.com.br\/wp\/2026\/03\/12\/novelis-leva-circuito-liga-da-cultura-para-quatro-escolas-publicas-de-salvador\/\"},\"author\":{\"name\":\"JP\",\"@id\":\"https:\/\/bahiaeconomica.com.br\/wp\/#\/schema\/person\/c86d3a3f8960425a0f9d0e5245991f4e\"},\"headline\":\"NOVELIS LEVA CIRCUITO LIGA DA CULTURA PARA QUATRO ESCOLAS P\u00daBLICAS DE SALVADOR\",\"datePublished\":\"2026-03-12T13:20:57+00:00\",\"dateModified\":\"2026-03-12T14:01:58+00:00\",\"mainEntityOfPage\":{\"@id\":\"https:\/\/bahiaeconomica.com.br\/wp\/2026\/03\/12\/novelis-leva-circuito-liga-da-cultura-para-quatro-escolas-publicas-de-salvador\/\"},\"wordCount\":1528,\"publisher\":{\"@id\":\"https:\/\/bahiaeconomica.com.br\/wp\/#organization\"},\"keywords\":[\"Bahia\",\"show\"],\"articleSection\":[\"ENTRETENIMENTO\"],\"inLanguage\":\"pt-BR\"},{\"@type\":\"WebPage\",\"@id\":\"https:\/\/bahiaeconomica.com.br\/wp\/2026\/03\/12\/novelis-leva-circuito-liga-da-cultura-para-quatro-escolas-publicas-de-salvador\/\",\"url\":\"https:\/\/bahiaeconomica.com.br\/wp\/2026\/03\/12\/novelis-leva-circuito-liga-da-cultura-para-quatro-escolas-publicas-de-salvador\/\",\"name\":\"NOVELIS LEVA CIRCUITO LIGA DA CULTURA PARA QUATRO ESCOLAS P\u00daBLICAS DE SALVADOR - Bahia Economica\",\"isPartOf\":{\"@id\":\"https:\/\/bahiaeconomica.com.br\/wp\/#website\"},\"datePublished\":\"2026-03-12T13:20:57+00:00\",\"dateModified\":\"2026-03-12T14:01:58+00:00\",\"description\":\"O maior portal de Economia da Bahia ENTRETENIMENTO Bahia Economica\",\"breadcrumb\":{\"@id\":\"https:\/\/bahiaeconomica.com.br\/wp\/2026\/03\/12\/novelis-leva-circuito-liga-da-cultura-para-quatro-escolas-publicas-de-salvador\/#breadcrumb\"},\"inLanguage\":\"pt-BR\",\"potentialAction\":[{\"@type\":\"ReadAction\",\"target\":[\"https:\/\/bahiaeconomica.com.br\/wp\/2026\/03\/12\/novelis-leva-circuito-liga-da-cultura-para-quatro-escolas-publicas-de-salvador\/\"]}]},{\"@type\":\"BreadcrumbList\",\"@id\":\"https:\/\/bahiaeconomica.com.br\/wp\/2026\/03\/12\/novelis-leva-circuito-liga-da-cultura-para-quatro-escolas-publicas-de-salvador\/#breadcrumb\",\"itemListElement\":[{\"@type\":\"ListItem\",\"position\":1,\"name\":\"In\u00edcio\",\"item\":\"https:\/\/bahiaeconomica.com.br\/wp\/\"},{\"@type\":\"ListItem\",\"position\":2,\"name\":\"NOVELIS LEVA CIRCUITO LIGA DA CULTURA PARA QUATRO ESCOLAS P\u00daBLICAS DE SALVADOR\"}]},{\"@type\":\"WebSite\",\"@id\":\"https:\/\/bahiaeconomica.com.br\/wp\/#website\",\"url\":\"https:\/\/bahiaeconomica.com.br\/wp\/\",\"name\":\"Bahia Economica\",\"description\":\"O maior portal de Economia da Bahia\",\"publisher\":{\"@id\":\"https:\/\/bahiaeconomica.com.br\/wp\/#organization\"},\"potentialAction\":[{\"@type\":\"SearchAction\",\"target\":{\"@type\":\"EntryPoint\",\"urlTemplate\":\"https:\/\/bahiaeconomica.com.br\/wp\/?s={search_term_string}\"},\"query-input\":\"required name=search_term_string\"}],\"inLanguage\":\"pt-BR\"},{\"@type\":\"Organization\",\"@id\":\"https:\/\/bahiaeconomica.com.br\/wp\/#organization\",\"name\":\"Bahia Econ\u00f4mica\",\"url\":\"https:\/\/bahiaeconomica.com.br\/wp\/\",\"logo\":{\"@type\":\"ImageObject\",\"inLanguage\":\"pt-BR\",\"@id\":\"https:\/\/bahiaeconomica.com.br\/wp\/#\/schema\/logo\/image\/\",\"url\":\"https:\/\/bahiaeconomica.com.br\/wp\/wp-content\/uploads\/2020\/12\/cropped-BE.png\",\"contentUrl\":\"https:\/\/bahiaeconomica.com.br\/wp\/wp-content\/uploads\/2020\/12\/cropped-BE.png\",\"width\":512,\"height\":512,\"caption\":\"Bahia Econ\u00f4mica\"},\"image\":{\"@id\":\"https:\/\/bahiaeconomica.com.br\/wp\/#\/schema\/logo\/image\/\"},\"sameAs\":[\"https:\/\/www.facebook.com\/bahiaeconomica\"]},{\"@type\":\"Person\",\"@id\":\"https:\/\/bahiaeconomica.com.br\/wp\/#\/schema\/person\/c86d3a3f8960425a0f9d0e5245991f4e\",\"name\":\"JP\",\"sameAs\":[\"https:\/\/bahiaeconomica.com.br\/wp\/beta\/\"],\"url\":\"https:\/\/bahiaeconomica.com.br\/wp\/author\/jp\/\"}]}<\/script>\n<!-- \/ Yoast SEO plugin. -->","yoast_head_json":{"title":"NOVELIS LEVA CIRCUITO LIGA DA CULTURA PARA QUATRO ESCOLAS P\u00daBLICAS DE SALVADOR - Bahia Economica","description":"O maior portal de Economia da Bahia ENTRETENIMENTO Bahia Economica","robots":{"index":"index","follow":"follow","max-snippet":"max-snippet:-1","max-image-preview":"max-image-preview:large","max-video-preview":"max-video-preview:-1"},"canonical":"https:\/\/bahiaeconomica.com.br\/wp\/2026\/03\/12\/novelis-leva-circuito-liga-da-cultura-para-quatro-escolas-publicas-de-salvador\/","og_locale":"pt_BR","og_type":"article","og_title":"NOVELIS LEVA CIRCUITO LIGA DA CULTURA PARA QUATRO ESCOLAS P\u00daBLICAS DE SALVADOR - Bahia Economica","og_description":"O maior portal de Economia da Bahia ENTRETENIMENTO Bahia Economica","og_url":"https:\/\/bahiaeconomica.com.br\/wp\/2026\/03\/12\/novelis-leva-circuito-liga-da-cultura-para-quatro-escolas-publicas-de-salvador\/","og_site_name":"Bahia Economica","article_publisher":"https:\/\/www.facebook.com\/bahiaeconomica","article_published_time":"2026-03-12T13:20:57+00:00","article_modified_time":"2026-03-12T14:01:58+00:00","og_image":[{"width":1159,"height":851,"url":"https:\/\/bahiaeconomica.com.br\/wp\/wp-content\/uploads\/2026\/03\/WhatsApp-Image-2026-03-12-at-11.00.43.jpeg","type":"image\/jpeg"}],"author":"JP","twitter_card":"summary_large_image","twitter_misc":{"Escrito por":"JP","Est. tempo de leitura":"8 minutos"},"schema":{"@context":"https:\/\/schema.org","@graph":[{"@type":"Article","@id":"https:\/\/bahiaeconomica.com.br\/wp\/2026\/03\/12\/novelis-leva-circuito-liga-da-cultura-para-quatro-escolas-publicas-de-salvador\/#article","isPartOf":{"@id":"https:\/\/bahiaeconomica.com.br\/wp\/2026\/03\/12\/novelis-leva-circuito-liga-da-cultura-para-quatro-escolas-publicas-de-salvador\/"},"author":{"name":"JP","@id":"https:\/\/bahiaeconomica.com.br\/wp\/#\/schema\/person\/c86d3a3f8960425a0f9d0e5245991f4e"},"headline":"NOVELIS LEVA CIRCUITO LIGA DA CULTURA PARA QUATRO ESCOLAS P\u00daBLICAS DE SALVADOR","datePublished":"2026-03-12T13:20:57+00:00","dateModified":"2026-03-12T14:01:58+00:00","mainEntityOfPage":{"@id":"https:\/\/bahiaeconomica.com.br\/wp\/2026\/03\/12\/novelis-leva-circuito-liga-da-cultura-para-quatro-escolas-publicas-de-salvador\/"},"wordCount":1528,"publisher":{"@id":"https:\/\/bahiaeconomica.com.br\/wp\/#organization"},"keywords":["Bahia","show"],"articleSection":["ENTRETENIMENTO"],"inLanguage":"pt-BR"},{"@type":"WebPage","@id":"https:\/\/bahiaeconomica.com.br\/wp\/2026\/03\/12\/novelis-leva-circuito-liga-da-cultura-para-quatro-escolas-publicas-de-salvador\/","url":"https:\/\/bahiaeconomica.com.br\/wp\/2026\/03\/12\/novelis-leva-circuito-liga-da-cultura-para-quatro-escolas-publicas-de-salvador\/","name":"NOVELIS LEVA CIRCUITO LIGA DA CULTURA PARA QUATRO ESCOLAS P\u00daBLICAS DE SALVADOR - Bahia Economica","isPartOf":{"@id":"https:\/\/bahiaeconomica.com.br\/wp\/#website"},"datePublished":"2026-03-12T13:20:57+00:00","dateModified":"2026-03-12T14:01:58+00:00","description":"O maior portal de Economia da Bahia ENTRETENIMENTO Bahia Economica","breadcrumb":{"@id":"https:\/\/bahiaeconomica.com.br\/wp\/2026\/03\/12\/novelis-leva-circuito-liga-da-cultura-para-quatro-escolas-publicas-de-salvador\/#breadcrumb"},"inLanguage":"pt-BR","potentialAction":[{"@type":"ReadAction","target":["https:\/\/bahiaeconomica.com.br\/wp\/2026\/03\/12\/novelis-leva-circuito-liga-da-cultura-para-quatro-escolas-publicas-de-salvador\/"]}]},{"@type":"BreadcrumbList","@id":"https:\/\/bahiaeconomica.com.br\/wp\/2026\/03\/12\/novelis-leva-circuito-liga-da-cultura-para-quatro-escolas-publicas-de-salvador\/#breadcrumb","itemListElement":[{"@type":"ListItem","position":1,"name":"In\u00edcio","item":"https:\/\/bahiaeconomica.com.br\/wp\/"},{"@type":"ListItem","position":2,"name":"NOVELIS LEVA CIRCUITO LIGA DA CULTURA PARA QUATRO ESCOLAS P\u00daBLICAS DE SALVADOR"}]},{"@type":"WebSite","@id":"https:\/\/bahiaeconomica.com.br\/wp\/#website","url":"https:\/\/bahiaeconomica.com.br\/wp\/","name":"Bahia Economica","description":"O maior portal de Economia da Bahia","publisher":{"@id":"https:\/\/bahiaeconomica.com.br\/wp\/#organization"},"potentialAction":[{"@type":"SearchAction","target":{"@type":"EntryPoint","urlTemplate":"https:\/\/bahiaeconomica.com.br\/wp\/?s={search_term_string}"},"query-input":"required name=search_term_string"}],"inLanguage":"pt-BR"},{"@type":"Organization","@id":"https:\/\/bahiaeconomica.com.br\/wp\/#organization","name":"Bahia Econ\u00f4mica","url":"https:\/\/bahiaeconomica.com.br\/wp\/","logo":{"@type":"ImageObject","inLanguage":"pt-BR","@id":"https:\/\/bahiaeconomica.com.br\/wp\/#\/schema\/logo\/image\/","url":"https:\/\/bahiaeconomica.com.br\/wp\/wp-content\/uploads\/2020\/12\/cropped-BE.png","contentUrl":"https:\/\/bahiaeconomica.com.br\/wp\/wp-content\/uploads\/2020\/12\/cropped-BE.png","width":512,"height":512,"caption":"Bahia Econ\u00f4mica"},"image":{"@id":"https:\/\/bahiaeconomica.com.br\/wp\/#\/schema\/logo\/image\/"},"sameAs":["https:\/\/www.facebook.com\/bahiaeconomica"]},{"@type":"Person","@id":"https:\/\/bahiaeconomica.com.br\/wp\/#\/schema\/person\/c86d3a3f8960425a0f9d0e5245991f4e","name":"JP","sameAs":["https:\/\/bahiaeconomica.com.br\/wp\/beta\/"],"url":"https:\/\/bahiaeconomica.com.br\/wp\/author\/jp\/"}]}},"views":18,"_links":{"self":[{"href":"https:\/\/bahiaeconomica.com.br\/wp\/wp-json\/wp\/v2\/posts\/980648"}],"collection":[{"href":"https:\/\/bahiaeconomica.com.br\/wp\/wp-json\/wp\/v2\/posts"}],"about":[{"href":"https:\/\/bahiaeconomica.com.br\/wp\/wp-json\/wp\/v2\/types\/post"}],"author":[{"embeddable":true,"href":"https:\/\/bahiaeconomica.com.br\/wp\/wp-json\/wp\/v2\/users\/8"}],"replies":[{"embeddable":true,"href":"https:\/\/bahiaeconomica.com.br\/wp\/wp-json\/wp\/v2\/comments?post=980648"}],"version-history":[{"count":1,"href":"https:\/\/bahiaeconomica.com.br\/wp\/wp-json\/wp\/v2\/posts\/980648\/revisions"}],"predecessor-version":[{"id":980650,"href":"https:\/\/bahiaeconomica.com.br\/wp\/wp-json\/wp\/v2\/posts\/980648\/revisions\/980650"}],"wp:featuredmedia":[{"embeddable":true,"href":"https:\/\/bahiaeconomica.com.br\/wp\/wp-json\/wp\/v2\/media\/980649"}],"wp:attachment":[{"href":"https:\/\/bahiaeconomica.com.br\/wp\/wp-json\/wp\/v2\/media?parent=980648"}],"wp:term":[{"taxonomy":"category","embeddable":true,"href":"https:\/\/bahiaeconomica.com.br\/wp\/wp-json\/wp\/v2\/categories?post=980648"},{"taxonomy":"post_tag","embeddable":true,"href":"https:\/\/bahiaeconomica.com.br\/wp\/wp-json\/wp\/v2\/tags?post=980648"}],"curies":[{"name":"wp","href":"https:\/\/api.w.org\/{rel}","templated":true}]}}