{"id":980606,"date":"2026-03-12T09:33:50","date_gmt":"2026-03-12T12:33:50","guid":{"rendered":"https:\/\/bahiaeconomica.com.br\/wp\/?p=980606"},"modified":"2026-03-12T09:33:50","modified_gmt":"2026-03-12T12:33:50","slug":"classico-bavi-termina-empatado-apos-dominio-do-bahia-e-reacao-do-vitoria","status":"publish","type":"post","link":"https:\/\/bahiaeconomica.com.br\/wp\/2026\/03\/12\/classico-bavi-termina-empatado-apos-dominio-do-bahia-e-reacao-do-vitoria\/","title":{"rendered":"CL\u00c1SSICO BAVI TERMINA EMPATADO AP\u00d3S DOM\u00cdNIO DO BAHIA E REA\u00c7\u00c3O DO VIT\u00d3RIA"},"content":{"rendered":"<p>Em um jogo de dois tempos bem distintos\u00a0 mas n\u00e3o como foi na final do Baian\u00e3o\u00a0 Bahia e Vit\u00f3ria empataram em 1&#215;1 na noite desta quarta-feira (20), na Arena Fonte Nova, pela 5\u00aa rodada do Campeonato Brasileiro. Diferente da decis\u00e3o estadual, que teve um tempo para cada lado, pela S\u00e9rie A a primeira etapa foi el\u00e9trica, com certo dom\u00ednio do Esquadr\u00e3o, e terminou empatada com dois gols nos acr\u00e9scimos: Ramon abriu o placar para o Le\u00e3o, e Jean Lucas, de novo ele, deixou tudo igual para o Tricolor. No segundo tempo, por\u00e9m, os dois times produziram um jogo sonolento, que manteve o placar inalterado at\u00e9 o apito final.<\/p>\n<p>Com o resultado, o Bahia chega aos oito pontos e subiu momentaneamente para 3\u00aa coloca\u00e7\u00e3o. Os comandados de Rog\u00e9rio Ceni voltam a campo no pr\u00f3ximo domingo (15), \u00e0s 16h, contra o Internacional, no Beira-Rio. J\u00e1 o Vit\u00f3ria permanece na 15\u00aa posi\u00e7\u00e3o, com quatro pontos, e volta \u00e0 a\u00e7\u00e3o neste s\u00e1bado (14), quando encara o Atl\u00e9tico-MG, \u00e0s 18h30, no Barrad\u00e3o.<\/p>\n<div class=\"flex max-w-full flex-col gap-4 grow\">\n<div class=\"min-h-8 text-message relative flex w-full flex-col items-end gap-2 text-start break-words whitespace-normal [.text-message+&amp;]:mt-1\" dir=\"auto\" data-message-author-role=\"assistant\" data-message-id=\"0da3f017-75d2-4868-b263-64679549b544\" data-message-model-slug=\"gpt-5-3\">\n<div class=\"flex w-full flex-col gap-1 empty:hidden\">\n<div class=\"markdown prose dark:prose-invert w-full wrap-break-word light markdown-new-styling\">\n<div class=\"flex flex-col w-full font-normal text-[18px] leading-[30px] text-tw-theme-text-default\">\n<p id=\"paragrafo-see6zswd3c\">O jogo na Fonte Nova come\u00e7ou muito agitado. Logo aos dois minutos de jogo, Cac\u00e1 recuou para Lucas Arcanjo, que se atrapalhou no dom\u00ednio, entregou a bola de gra\u00e7a para Erick Pulga e acabou cometendo o p\u00eanalti na sequ\u00eancia. No entanto, o goleiro rubro-negro se redimiu ao defender a cobran\u00e7a de Willian Jos\u00e9 e ainda contou com a sorte \u2014 e com a ajuda do VAR \u2014, que anulou o gol marcado por Luciano Juba no rebote, j\u00e1 que o lateral invadiu a \u00e1rea antes da cobran\u00e7a.<\/p>\n<\/div>\n<div class=\"flex flex-col w-full font-normal text-[18px] leading-[30px] text-tw-theme-text-default\">\n<p id=\"paragrafo-ptxme7j3yg\">Depois do lance, o jogo seguiu mais estudado e muito truncado no meio-campo, com muitas faltas e pouca fluidez. Quem voltou a ter uma chance de perigo primeiro foi o Le\u00e3o, aos 15 minutos, com Matheuzinho, que interceptou passe de Gabriel Xavier na intermedi\u00e1ria, avan\u00e7ou at\u00e9 a entrada da \u00e1rea e bateu cruzado para defesa de Ronaldo. A partir desse momento, por\u00e9m, o Bahia passou a dominar completamente a partida.<\/p>\n<\/div>\n<div class=\"flex flex-col w-full font-normal text-[18px] leading-[30px] text-tw-theme-text-default\">\n<p id=\"paragrafo-4f52acnitq\">O Vit\u00f3ria tentava marcar press\u00e3o alta, com Matheuzinho, Kayzer e Marinho encaixando no trip\u00e9 base da constru\u00e7\u00e3o do Bahia, formado por Acevedo, Gabriel Xavier e Mingo. Mas o Esquadr\u00e3o conseguia superar a press\u00e3o com muita facilidade e criava enorme superioridade num\u00e9rica no meio, j\u00e1 que os tr\u00eas homens de frente do Le\u00e3o n\u00e3o faziam a recomposi\u00e7\u00e3o<\/p>\n<p>&nbsp;<\/p>\n<\/div>\n<\/div>\n<\/div>\n<\/div>\n<\/div>\n<div class=\"z-0 flex min-h-[46px] justify-start\">\n<div class=\"flex flex-col w-full font-normal text-[18px] leading-[30px] text-tw-theme-text-default\">\n<p id=\"paragrafo-1d0h2pq2tl\">Com isso, os homens de meio e de frente do Bahia deitaram e rolaram, colocaram o Vit\u00f3ria na roda e criaram um caminh\u00e3o de chances. A melhor sequ\u00eancia veio com Erick, que acertou o travess\u00e3o duas vezes em lances praticamente seguidos. Primeiro, o camisa 14 arriscou de muito longe e obrigou Arcanjo a desviar para o travess\u00e3o. Depois, da entrada da \u00e1rea, bateu de tr\u00eas dedos e acertou a trave novamente, arrancando o suspiro da torcida na Fonte Nova.<\/p>\n<\/div>\n<div class=\"flex flex-col w-full font-normal text-[18px] leading-[30px] text-tw-theme-text-default\">\n<p id=\"paragrafo-1jwyyqtx11\">Quando o Vit\u00f3ria estava completamente entregue, o \u00e1rbitro mandou os times para a parada de hidrata\u00e7\u00e3o, e o rubro-negro agradeceu como um lutador contra as cordas que escuta o gongo para salvar pelo menos mais um round. E o time soube tirar proveito da pausa, que esfriou o \u00edmpeto do Bahia, e serviu para Jair Ventura reorganizar recomposi\u00e7\u00e3o da equipe, que n\u00e3o s\u00f3 equilibrou o jogo novamente, mas tamb\u00e9m abriu o placar.<\/p>\n<\/div>\n<div class=\"flex flex-col w-full font-normal text-[18px] leading-[30px] text-tw-theme-text-default\">\n<p id=\"paragrafo-6v4rdsi0mk\">Aos 46 minutos, Kayzer puxou contra-ataque com categoria e acionou Marinho na ponta. Na tentativa de fazer o corte, Juba acabou entregando a bola nos p\u00e9s de Ramon, que passava pelo meio. O lateral mostrou muita habilidade para finalizar de antes da meia lua com uma cavadinha, encobrindo Ronaldo e marcando um gola\u00e7o na Fonte.<\/p>\n<\/div>\n<div class=\"flex flex-col w-full font-normal text-[18px] leading-[30px] text-tw-theme-text-default\">\n<p id=\"paragrafo-ql6o1bju6w\">Logo depois do gol, o Rubro-Negro teve a chance de ampliar em mais um contra-ataque, mas Marinho chutou para fora e desperdi\u00e7ou a oportunidade. E, como j\u00e1 diz o velho ditado do futebol, quem n\u00e3o faz, toma. O Le\u00e3o viu o Bahia empatar em um lance que parecia replay do primeiro gol do Esquadr\u00e3o na decis\u00e3o do \u00faltimo fim de semana. Acevedo cruzou na segunda trave, Willian Jos\u00e9 escorou para a pequena \u00e1rea e Jean Lucas apareceu livre para mandar para o fundo do gol e deixar tudo igual antes do intervalo.<\/p>\n<p data-start=\"906\" data-end=\"1137\">Com o placar empatado, o jogo ganhou intensidade nos minutos finais. Bahia e Vit\u00f3ria criaram oportunidades, mas esbarraram nas defesas bem postadas e na falta de precis\u00e3o nas finaliza\u00e7\u00f5es. Assim, o cl\u00e1ssico terminou mesmo em 1 a 1.<\/p>\n<p data-start=\"1139\" data-end=\"1314\" data-is-last-node=\"\" data-is-only-node=\"\">Com o resultado, as duas equipes somam um ponto na tabela do Brasileir\u00e3o e mant\u00eam o equil\u00edbrio hist\u00f3rico do Ba-Vi, um dos confrontos mais tradicionais do futebol brasileiro.<\/p>\n<p data-start=\"1139\" data-end=\"1314\" data-is-last-node=\"\" data-is-only-node=\"\">foto= Cr\u00e9dito: Victor Ferreira\/ECV<\/p>\n<\/div>\n<\/div>\n<div class=\"mt-3 w-full empty:hidden\">\n<div class=\"text-center\">\n<div>\n<div class=\"inline-flex border border-gray-100 dark:border-gray-700 rounded-xl\">\n<div class=\"text-token-text-secondary flex items-center justify-center gap-4 px-4 py-2.5 text-sm whitespace-nowrap\"><\/div>\n<\/div>\n<\/div>\n<\/div>\n<\/div>\n","protected":false},"excerpt":{"rendered":"<p>Em um jogo de dois tempos bem distintos\u00a0 mas n\u00e3o como foi na final do Baian\u00e3o\u00a0 Bahia e Vit\u00f3ria empataram em 1&#215;1 na noite desta quarta-feira (20), na Arena Fonte Nova, pela 5\u00aa rodada do Campeonato Brasileiro. Diferente da decis\u00e3o estadual, que teve um tempo para cada lado, pela S\u00e9rie A a primeira etapa foi [&hellip;]<\/p>\n","protected":false},"author":30,"featured_media":980609,"comment_status":"closed","ping_status":"closed","sticky":false,"template":"","format":"standard","meta":[],"categories":[4486],"tags":[85,3229,1680,1002],"acf":[],"yoast_head":"<!-- This site is optimized with the Yoast SEO plugin v20.8 - https:\/\/yoast.com\/wordpress\/plugins\/seo\/ -->\n<title>CL\u00c1SSICO BAVI TERMINA EMPATADO AP\u00d3S DOM\u00cdNIO DO BAHIA E REA\u00c7\u00c3O DO VIT\u00d3RIA - Bahia Economica<\/title>\n<meta name=\"description\" content=\"O maior portal de Economia da Bahia Esporte Bahia Economica\" \/>\n<meta name=\"robots\" content=\"index, follow, max-snippet:-1, max-image-preview:large, max-video-preview:-1\" \/>\n<link rel=\"canonical\" href=\"https:\/\/bahiaeconomica.com.br\/wp\/2026\/03\/12\/classico-bavi-termina-empatado-apos-dominio-do-bahia-e-reacao-do-vitoria\/\" \/>\n<meta property=\"og:locale\" content=\"pt_BR\" \/>\n<meta property=\"og:type\" content=\"article\" \/>\n<meta property=\"og:title\" content=\"CL\u00c1SSICO BAVI TERMINA EMPATADO AP\u00d3S DOM\u00cdNIO DO BAHIA E REA\u00c7\u00c3O DO VIT\u00d3RIA - Bahia Economica\" \/>\n<meta property=\"og:description\" content=\"O maior portal de Economia da Bahia Esporte Bahia Economica\" \/>\n<meta property=\"og:url\" content=\"https:\/\/bahiaeconomica.com.br\/wp\/2026\/03\/12\/classico-bavi-termina-empatado-apos-dominio-do-bahia-e-reacao-do-vitoria\/\" \/>\n<meta property=\"og:site_name\" content=\"Bahia Economica\" \/>\n<meta property=\"article:publisher\" content=\"https:\/\/www.facebook.com\/bahiaeconomica\" \/>\n<meta property=\"article:published_time\" content=\"2026-03-12T12:33:50+00:00\" \/>\n<meta property=\"og:image\" content=\"https:\/\/bahiaeconomica.com.br\/wp\/wp-content\/uploads\/2026\/03\/bahia-x-vitoria-5-rodada-do-campeonato-brasileiro-3181256-article.webp\" \/>\n\t<meta property=\"og:image:width\" content=\"1200\" \/>\n\t<meta property=\"og:image:height\" content=\"800\" \/>\n\t<meta property=\"og:image:type\" content=\"image\/webp\" \/>\n<meta name=\"author\" content=\"Igor Lima\" \/>\n<meta name=\"twitter:card\" content=\"summary_large_image\" \/>\n<meta name=\"twitter:label1\" content=\"Escrito por\" \/>\n\t<meta name=\"twitter:data1\" content=\"Igor Lima\" \/>\n\t<meta name=\"twitter:label2\" content=\"Est. tempo de leitura\" \/>\n\t<meta name=\"twitter:data2\" content=\"5 minutos\" \/>\n<script type=\"application\/ld+json\" class=\"yoast-schema-graph\">{\"@context\":\"https:\/\/schema.org\",\"@graph\":[{\"@type\":\"Article\",\"@id\":\"https:\/\/bahiaeconomica.com.br\/wp\/2026\/03\/12\/classico-bavi-termina-empatado-apos-dominio-do-bahia-e-reacao-do-vitoria\/#article\",\"isPartOf\":{\"@id\":\"https:\/\/bahiaeconomica.com.br\/wp\/2026\/03\/12\/classico-bavi-termina-empatado-apos-dominio-do-bahia-e-reacao-do-vitoria\/\"},\"author\":{\"name\":\"Igor Lima\",\"@id\":\"https:\/\/bahiaeconomica.com.br\/wp\/#\/schema\/person\/23d69cf5269928c69c6577aa8c98e537\"},\"headline\":\"CL\u00c1SSICO BAVI TERMINA EMPATADO AP\u00d3S DOM\u00cdNIO DO BAHIA E REA\u00c7\u00c3O DO VIT\u00d3RIA\",\"datePublished\":\"2026-03-12T12:33:50+00:00\",\"dateModified\":\"2026-03-12T12:33:50+00:00\",\"mainEntityOfPage\":{\"@id\":\"https:\/\/bahiaeconomica.com.br\/wp\/2026\/03\/12\/classico-bavi-termina-empatado-apos-dominio-do-bahia-e-reacao-do-vitoria\/\"},\"wordCount\":821,\"publisher\":{\"@id\":\"https:\/\/bahiaeconomica.com.br\/wp\/#organization\"},\"keywords\":[\"Bahia\",\"EMPATE\",\"gols\",\"vitoria\"],\"articleSection\":[\"Esporte\"],\"inLanguage\":\"pt-BR\"},{\"@type\":\"WebPage\",\"@id\":\"https:\/\/bahiaeconomica.com.br\/wp\/2026\/03\/12\/classico-bavi-termina-empatado-apos-dominio-do-bahia-e-reacao-do-vitoria\/\",\"url\":\"https:\/\/bahiaeconomica.com.br\/wp\/2026\/03\/12\/classico-bavi-termina-empatado-apos-dominio-do-bahia-e-reacao-do-vitoria\/\",\"name\":\"CL\u00c1SSICO BAVI TERMINA EMPATADO AP\u00d3S DOM\u00cdNIO DO BAHIA E REA\u00c7\u00c3O DO VIT\u00d3RIA - Bahia Economica\",\"isPartOf\":{\"@id\":\"https:\/\/bahiaeconomica.com.br\/wp\/#website\"},\"datePublished\":\"2026-03-12T12:33:50+00:00\",\"dateModified\":\"2026-03-12T12:33:50+00:00\",\"description\":\"O maior portal de Economia da Bahia Esporte Bahia Economica\",\"breadcrumb\":{\"@id\":\"https:\/\/bahiaeconomica.com.br\/wp\/2026\/03\/12\/classico-bavi-termina-empatado-apos-dominio-do-bahia-e-reacao-do-vitoria\/#breadcrumb\"},\"inLanguage\":\"pt-BR\",\"potentialAction\":[{\"@type\":\"ReadAction\",\"target\":[\"https:\/\/bahiaeconomica.com.br\/wp\/2026\/03\/12\/classico-bavi-termina-empatado-apos-dominio-do-bahia-e-reacao-do-vitoria\/\"]}]},{\"@type\":\"BreadcrumbList\",\"@id\":\"https:\/\/bahiaeconomica.com.br\/wp\/2026\/03\/12\/classico-bavi-termina-empatado-apos-dominio-do-bahia-e-reacao-do-vitoria\/#breadcrumb\",\"itemListElement\":[{\"@type\":\"ListItem\",\"position\":1,\"name\":\"In\u00edcio\",\"item\":\"https:\/\/bahiaeconomica.com.br\/wp\/\"},{\"@type\":\"ListItem\",\"position\":2,\"name\":\"CL\u00c1SSICO BAVI TERMINA EMPATADO AP\u00d3S DOM\u00cdNIO DO BAHIA E REA\u00c7\u00c3O DO VIT\u00d3RIA\"}]},{\"@type\":\"WebSite\",\"@id\":\"https:\/\/bahiaeconomica.com.br\/wp\/#website\",\"url\":\"https:\/\/bahiaeconomica.com.br\/wp\/\",\"name\":\"Bahia Economica\",\"description\":\"O maior portal de Economia da Bahia\",\"publisher\":{\"@id\":\"https:\/\/bahiaeconomica.com.br\/wp\/#organization\"},\"potentialAction\":[{\"@type\":\"SearchAction\",\"target\":{\"@type\":\"EntryPoint\",\"urlTemplate\":\"https:\/\/bahiaeconomica.com.br\/wp\/?s={search_term_string}\"},\"query-input\":\"required name=search_term_string\"}],\"inLanguage\":\"pt-BR\"},{\"@type\":\"Organization\",\"@id\":\"https:\/\/bahiaeconomica.com.br\/wp\/#organization\",\"name\":\"Bahia Econ\u00f4mica\",\"url\":\"https:\/\/bahiaeconomica.com.br\/wp\/\",\"logo\":{\"@type\":\"ImageObject\",\"inLanguage\":\"pt-BR\",\"@id\":\"https:\/\/bahiaeconomica.com.br\/wp\/#\/schema\/logo\/image\/\",\"url\":\"https:\/\/bahiaeconomica.com.br\/wp\/wp-content\/uploads\/2020\/12\/cropped-BE.png\",\"contentUrl\":\"https:\/\/bahiaeconomica.com.br\/wp\/wp-content\/uploads\/2020\/12\/cropped-BE.png\",\"width\":512,\"height\":512,\"caption\":\"Bahia Econ\u00f4mica\"},\"image\":{\"@id\":\"https:\/\/bahiaeconomica.com.br\/wp\/#\/schema\/logo\/image\/\"},\"sameAs\":[\"https:\/\/www.facebook.com\/bahiaeconomica\"]},{\"@type\":\"Person\",\"@id\":\"https:\/\/bahiaeconomica.com.br\/wp\/#\/schema\/person\/23d69cf5269928c69c6577aa8c98e537\",\"name\":\"Igor Lima\",\"sameAs\":[\"http:\/\/www.bahiaeconomica.com.br\"],\"url\":\"https:\/\/bahiaeconomica.com.br\/wp\/author\/igor-lima\/\"}]}<\/script>\n<!-- \/ Yoast SEO plugin. -->","yoast_head_json":{"title":"CL\u00c1SSICO BAVI TERMINA EMPATADO AP\u00d3S DOM\u00cdNIO DO BAHIA E REA\u00c7\u00c3O DO VIT\u00d3RIA - Bahia Economica","description":"O maior portal de Economia da Bahia Esporte Bahia Economica","robots":{"index":"index","follow":"follow","max-snippet":"max-snippet:-1","max-image-preview":"max-image-preview:large","max-video-preview":"max-video-preview:-1"},"canonical":"https:\/\/bahiaeconomica.com.br\/wp\/2026\/03\/12\/classico-bavi-termina-empatado-apos-dominio-do-bahia-e-reacao-do-vitoria\/","og_locale":"pt_BR","og_type":"article","og_title":"CL\u00c1SSICO BAVI TERMINA EMPATADO AP\u00d3S DOM\u00cdNIO DO BAHIA E REA\u00c7\u00c3O DO VIT\u00d3RIA - Bahia Economica","og_description":"O maior portal de Economia da Bahia Esporte Bahia Economica","og_url":"https:\/\/bahiaeconomica.com.br\/wp\/2026\/03\/12\/classico-bavi-termina-empatado-apos-dominio-do-bahia-e-reacao-do-vitoria\/","og_site_name":"Bahia Economica","article_publisher":"https:\/\/www.facebook.com\/bahiaeconomica","article_published_time":"2026-03-12T12:33:50+00:00","og_image":[{"width":1200,"height":800,"url":"https:\/\/bahiaeconomica.com.br\/wp\/wp-content\/uploads\/2026\/03\/bahia-x-vitoria-5-rodada-do-campeonato-brasileiro-3181256-article.webp","type":"image\/webp"}],"author":"Igor Lima","twitter_card":"summary_large_image","twitter_misc":{"Escrito por":"Igor Lima","Est. tempo de leitura":"5 minutos"},"schema":{"@context":"https:\/\/schema.org","@graph":[{"@type":"Article","@id":"https:\/\/bahiaeconomica.com.br\/wp\/2026\/03\/12\/classico-bavi-termina-empatado-apos-dominio-do-bahia-e-reacao-do-vitoria\/#article","isPartOf":{"@id":"https:\/\/bahiaeconomica.com.br\/wp\/2026\/03\/12\/classico-bavi-termina-empatado-apos-dominio-do-bahia-e-reacao-do-vitoria\/"},"author":{"name":"Igor Lima","@id":"https:\/\/bahiaeconomica.com.br\/wp\/#\/schema\/person\/23d69cf5269928c69c6577aa8c98e537"},"headline":"CL\u00c1SSICO BAVI TERMINA EMPATADO AP\u00d3S DOM\u00cdNIO DO BAHIA E REA\u00c7\u00c3O DO VIT\u00d3RIA","datePublished":"2026-03-12T12:33:50+00:00","dateModified":"2026-03-12T12:33:50+00:00","mainEntityOfPage":{"@id":"https:\/\/bahiaeconomica.com.br\/wp\/2026\/03\/12\/classico-bavi-termina-empatado-apos-dominio-do-bahia-e-reacao-do-vitoria\/"},"wordCount":821,"publisher":{"@id":"https:\/\/bahiaeconomica.com.br\/wp\/#organization"},"keywords":["Bahia","EMPATE","gols","vitoria"],"articleSection":["Esporte"],"inLanguage":"pt-BR"},{"@type":"WebPage","@id":"https:\/\/bahiaeconomica.com.br\/wp\/2026\/03\/12\/classico-bavi-termina-empatado-apos-dominio-do-bahia-e-reacao-do-vitoria\/","url":"https:\/\/bahiaeconomica.com.br\/wp\/2026\/03\/12\/classico-bavi-termina-empatado-apos-dominio-do-bahia-e-reacao-do-vitoria\/","name":"CL\u00c1SSICO BAVI TERMINA EMPATADO AP\u00d3S DOM\u00cdNIO DO BAHIA E REA\u00c7\u00c3O DO VIT\u00d3RIA - Bahia Economica","isPartOf":{"@id":"https:\/\/bahiaeconomica.com.br\/wp\/#website"},"datePublished":"2026-03-12T12:33:50+00:00","dateModified":"2026-03-12T12:33:50+00:00","description":"O maior portal de Economia da Bahia Esporte Bahia Economica","breadcrumb":{"@id":"https:\/\/bahiaeconomica.com.br\/wp\/2026\/03\/12\/classico-bavi-termina-empatado-apos-dominio-do-bahia-e-reacao-do-vitoria\/#breadcrumb"},"inLanguage":"pt-BR","potentialAction":[{"@type":"ReadAction","target":["https:\/\/bahiaeconomica.com.br\/wp\/2026\/03\/12\/classico-bavi-termina-empatado-apos-dominio-do-bahia-e-reacao-do-vitoria\/"]}]},{"@type":"BreadcrumbList","@id":"https:\/\/bahiaeconomica.com.br\/wp\/2026\/03\/12\/classico-bavi-termina-empatado-apos-dominio-do-bahia-e-reacao-do-vitoria\/#breadcrumb","itemListElement":[{"@type":"ListItem","position":1,"name":"In\u00edcio","item":"https:\/\/bahiaeconomica.com.br\/wp\/"},{"@type":"ListItem","position":2,"name":"CL\u00c1SSICO BAVI TERMINA EMPATADO AP\u00d3S DOM\u00cdNIO DO BAHIA E REA\u00c7\u00c3O DO VIT\u00d3RIA"}]},{"@type":"WebSite","@id":"https:\/\/bahiaeconomica.com.br\/wp\/#website","url":"https:\/\/bahiaeconomica.com.br\/wp\/","name":"Bahia Economica","description":"O maior portal de Economia da Bahia","publisher":{"@id":"https:\/\/bahiaeconomica.com.br\/wp\/#organization"},"potentialAction":[{"@type":"SearchAction","target":{"@type":"EntryPoint","urlTemplate":"https:\/\/bahiaeconomica.com.br\/wp\/?s={search_term_string}"},"query-input":"required name=search_term_string"}],"inLanguage":"pt-BR"},{"@type":"Organization","@id":"https:\/\/bahiaeconomica.com.br\/wp\/#organization","name":"Bahia Econ\u00f4mica","url":"https:\/\/bahiaeconomica.com.br\/wp\/","logo":{"@type":"ImageObject","inLanguage":"pt-BR","@id":"https:\/\/bahiaeconomica.com.br\/wp\/#\/schema\/logo\/image\/","url":"https:\/\/bahiaeconomica.com.br\/wp\/wp-content\/uploads\/2020\/12\/cropped-BE.png","contentUrl":"https:\/\/bahiaeconomica.com.br\/wp\/wp-content\/uploads\/2020\/12\/cropped-BE.png","width":512,"height":512,"caption":"Bahia Econ\u00f4mica"},"image":{"@id":"https:\/\/bahiaeconomica.com.br\/wp\/#\/schema\/logo\/image\/"},"sameAs":["https:\/\/www.facebook.com\/bahiaeconomica"]},{"@type":"Person","@id":"https:\/\/bahiaeconomica.com.br\/wp\/#\/schema\/person\/23d69cf5269928c69c6577aa8c98e537","name":"Igor Lima","sameAs":["http:\/\/www.bahiaeconomica.com.br"],"url":"https:\/\/bahiaeconomica.com.br\/wp\/author\/igor-lima\/"}]}},"views":20,"_links":{"self":[{"href":"https:\/\/bahiaeconomica.com.br\/wp\/wp-json\/wp\/v2\/posts\/980606"}],"collection":[{"href":"https:\/\/bahiaeconomica.com.br\/wp\/wp-json\/wp\/v2\/posts"}],"about":[{"href":"https:\/\/bahiaeconomica.com.br\/wp\/wp-json\/wp\/v2\/types\/post"}],"author":[{"embeddable":true,"href":"https:\/\/bahiaeconomica.com.br\/wp\/wp-json\/wp\/v2\/users\/30"}],"replies":[{"embeddable":true,"href":"https:\/\/bahiaeconomica.com.br\/wp\/wp-json\/wp\/v2\/comments?post=980606"}],"version-history":[{"count":1,"href":"https:\/\/bahiaeconomica.com.br\/wp\/wp-json\/wp\/v2\/posts\/980606\/revisions"}],"predecessor-version":[{"id":980611,"href":"https:\/\/bahiaeconomica.com.br\/wp\/wp-json\/wp\/v2\/posts\/980606\/revisions\/980611"}],"wp:featuredmedia":[{"embeddable":true,"href":"https:\/\/bahiaeconomica.com.br\/wp\/wp-json\/wp\/v2\/media\/980609"}],"wp:attachment":[{"href":"https:\/\/bahiaeconomica.com.br\/wp\/wp-json\/wp\/v2\/media?parent=980606"}],"wp:term":[{"taxonomy":"category","embeddable":true,"href":"https:\/\/bahiaeconomica.com.br\/wp\/wp-json\/wp\/v2\/categories?post=980606"},{"taxonomy":"post_tag","embeddable":true,"href":"https:\/\/bahiaeconomica.com.br\/wp\/wp-json\/wp\/v2\/tags?post=980606"}],"curies":[{"name":"wp","href":"https:\/\/api.w.org\/{rel}","templated":true}]}}