{"id":980593,"date":"2026-03-12T11:59:12","date_gmt":"2026-03-12T14:59:12","guid":{"rendered":"https:\/\/bahiaeconomica.com.br\/wp\/?p=980593"},"modified":"2026-03-12T11:43:48","modified_gmt":"2026-03-12T14:43:48","slug":"postagem-de-geddel-nas-redes-sociais-reacende-especulacoes-politicas-na-bahia","status":"publish","type":"post","link":"https:\/\/bahiaeconomica.com.br\/wp\/2026\/03\/12\/postagem-de-geddel-nas-redes-sociais-reacende-especulacoes-politicas-na-bahia\/","title":{"rendered":"POSTAGEM DE GEDDEL NAS REDES SOCIAIS REACENDE ESPECULA\u00c7\u00d5ES POL\u00cdTICAS NA BAHIA"},"content":{"rendered":"<p>Uma publica\u00e7\u00e3o do ex-ministro Geddel Vieira Lima (MDB) nas redes sociais voltou a movimentar o cen\u00e1rio pol\u00edtico baiano e gerou especula\u00e7\u00f5es sobre poss\u00edveis articula\u00e7\u00f5es para as elei\u00e7\u00f5es estaduais.<\/p>\n<p>Em postagem no Instagram, Geddel compartilhou frases atribu\u00eddas ao escritor e pol\u00edtico paraibano Jos\u00e9 Am\u00e9rico de Almeida, interpretadas por aliados e observadores como uma mensagem indireta sobre o atual momento pol\u00edtico.<\/p>\n<p>\u201cPorque voltar por vezes \u00e9 uma forma de renascer\u201d, citou Geddel na conta do Instagram. O ex-ministro tamb\u00e9m publicou outra frase atribu\u00edda ao poeta: \u201cNingu\u00e9m se perde na volta\u201d.<\/p>\n<p>A publica\u00e7\u00e3o provocou rea\u00e7\u00f5es entre seguidores, alguns deles mencionando diretamente a possibilidade de reaproxima\u00e7\u00e3o pol\u00edtica com o ex-prefeito de Salvador ACM Neto (Uni\u00e3o Brasil), apontado como pr\u00e9-candidato ao Governo da Bahia.<\/p>\n<p>\u201cJuntar essa dupla novamente, mais maduros. ACM e Geddel. Todos est\u00e3o ansiosos para ver\u201d, escreveu um seguidor. \u201cO caminho de casa ningu\u00e9m erra. Maior verdade\u201d, comentou outro.<\/p>\n<p>A movimenta\u00e7\u00e3o ocorre em meio ao cen\u00e1rio de insatisfa\u00e7\u00e3o do MDB nas discuss\u00f5es sobre a composi\u00e7\u00e3o da chapa \u00e0 reelei\u00e7\u00e3o do governador Jer\u00f4nimo Rodrigues (PT). Nos bastidores, cresce a possibilidade de o atual vice-governador Geraldo J\u00fanior (MDB) n\u00e3o permanecer no cargo, o que tem gerado desconforto dentro do partido.<\/p>\n<p>Nesta semana, o pr\u00f3prio governador admitiu a possibilidade de o posto de vice ser ocupado por outra legenda, entre elas o PSD, liderado na Bahia pelo senador Otto Alencar.<\/p>\n<p>\u201cEu falei que quanto mais a gente fica aguardando acaba as pessoas mexendo mais, mas n\u00f3s temos um prazo. Se n\u00f3s temos um prazo no m\u00eas de mar\u00e7o, eu vou utilizar at\u00e9 o \u00faltimo dia, se for preciso, para que a gente possa tomar uma decis\u00e3o aderente com aquilo que n\u00f3s acreditamos. Uma chapa que n\u00e3o machuque ningu\u00e9m, que n\u00e3o maltrate ningu\u00e9m. N\u00f3s n\u00e3o podemos ter perdas nessa caminhada, mas uma chapa que dialogue com o nosso projeto\u201d, afirmou Jer\u00f4nimo.<\/p>\n<p>Entre os nomes citados nos bastidores como alternativa dentro do PSD est\u00e1 o da presidente da Assembleia Legislativa da Bahia, Ivana Bastos.<\/p>\n<p>O prefeito de Salvador, Bruno Reis (Uni\u00e3o Brasil), tamb\u00e9m tem sinalizado interesse em uma eventual reaproxima\u00e7\u00e3o com o MDB. Nos bastidores pol\u00edticos, Geddel \u00e9 apontado como um dos principais interlocutores da legenda e mant\u00e9m rela\u00e7\u00e3o pr\u00f3xima com o chefe do Executivo municipal.<\/p>\n<p>Foto: \u00a0Arquivo\/Jos\u00e9 Cruz\/Ag\u00eancia Brasil<\/p>\n","protected":false},"excerpt":{"rendered":"<p>Uma publica\u00e7\u00e3o do ex-ministro Geddel Vieira Lima (MDB) nas redes sociais voltou a movimentar o cen\u00e1rio pol\u00edtico baiano e gerou especula\u00e7\u00f5es sobre poss\u00edveis articula\u00e7\u00f5es para as elei\u00e7\u00f5es estaduais. Em postagem no Instagram, Geddel compartilhou frases atribu\u00eddas ao escritor e pol\u00edtico paraibano Jos\u00e9 Am\u00e9rico de Almeida, interpretadas por aliados e observadores como uma mensagem indireta sobre [&hellip;]<\/p>\n","protected":false},"author":20,"featured_media":980594,"comment_status":"closed","ping_status":"closed","sticky":false,"template":"","format":"standard","meta":[],"categories":[14601],"tags":[85,3554,100,14810],"acf":[],"yoast_head":"<!-- This site is optimized with the Yoast SEO plugin v20.8 - https:\/\/yoast.com\/wordpress\/plugins\/seo\/ -->\n<title>POSTAGEM DE GEDDEL NAS REDES SOCIAIS REACENDE ESPECULA\u00c7\u00d5ES POL\u00cdTICAS NA BAHIA - Bahia Economica<\/title>\n<meta name=\"description\" content=\"O maior portal de Economia da Bahia Pol\u00edtica Bahia Economica\" \/>\n<meta name=\"robots\" content=\"index, follow, max-snippet:-1, max-image-preview:large, max-video-preview:-1\" \/>\n<link rel=\"canonical\" href=\"https:\/\/bahiaeconomica.com.br\/wp\/2026\/03\/12\/postagem-de-geddel-nas-redes-sociais-reacende-especulacoes-politicas-na-bahia\/\" \/>\n<meta property=\"og:locale\" content=\"pt_BR\" \/>\n<meta property=\"og:type\" content=\"article\" \/>\n<meta property=\"og:title\" content=\"POSTAGEM DE GEDDEL NAS REDES SOCIAIS REACENDE ESPECULA\u00c7\u00d5ES POL\u00cdTICAS NA BAHIA - Bahia Economica\" \/>\n<meta property=\"og:description\" content=\"O maior portal de Economia da Bahia Pol\u00edtica Bahia Economica\" \/>\n<meta property=\"og:url\" content=\"https:\/\/bahiaeconomica.com.br\/wp\/2026\/03\/12\/postagem-de-geddel-nas-redes-sociais-reacende-especulacoes-politicas-na-bahia\/\" \/>\n<meta property=\"og:site_name\" content=\"Bahia Economica\" \/>\n<meta property=\"article:publisher\" content=\"https:\/\/www.facebook.com\/bahiaeconomica\" \/>\n<meta property=\"article:published_time\" content=\"2026-03-12T14:59:12+00:00\" \/>\n<meta property=\"article:modified_time\" content=\"2026-03-12T14:43:48+00:00\" \/>\n<meta property=\"og:image\" content=\"https:\/\/bahiaeconomica.com.br\/wp\/wp-content\/uploads\/2026\/03\/86db260df28bf281f870ef8ad202.jpeg\" \/>\n\t<meta property=\"og:image:width\" content=\"480\" \/>\n\t<meta property=\"og:image:height\" content=\"228\" \/>\n\t<meta property=\"og:image:type\" content=\"image\/jpeg\" \/>\n<meta name=\"author\" content=\"BRUNA CARVALHO\" \/>\n<meta name=\"twitter:card\" content=\"summary_large_image\" \/>\n<meta name=\"twitter:label1\" content=\"Escrito por\" \/>\n\t<meta name=\"twitter:data1\" content=\"BRUNA CARVALHO\" \/>\n\t<meta name=\"twitter:label2\" content=\"Est. tempo de leitura\" \/>\n\t<meta name=\"twitter:data2\" content=\"3 minutos\" \/>\n<script type=\"application\/ld+json\" class=\"yoast-schema-graph\">{\"@context\":\"https:\/\/schema.org\",\"@graph\":[{\"@type\":\"Article\",\"@id\":\"https:\/\/bahiaeconomica.com.br\/wp\/2026\/03\/12\/postagem-de-geddel-nas-redes-sociais-reacende-especulacoes-politicas-na-bahia\/#article\",\"isPartOf\":{\"@id\":\"https:\/\/bahiaeconomica.com.br\/wp\/2026\/03\/12\/postagem-de-geddel-nas-redes-sociais-reacende-especulacoes-politicas-na-bahia\/\"},\"author\":{\"name\":\"BRUNA CARVALHO\",\"@id\":\"https:\/\/bahiaeconomica.com.br\/wp\/#\/schema\/person\/9310b0e591f5979f6f99773eac5804e6\"},\"headline\":\"POSTAGEM DE GEDDEL NAS REDES SOCIAIS REACENDE ESPECULA\u00c7\u00d5ES POL\u00cdTICAS NA BAHIA\",\"datePublished\":\"2026-03-12T14:59:12+00:00\",\"dateModified\":\"2026-03-12T14:43:48+00:00\",\"mainEntityOfPage\":{\"@id\":\"https:\/\/bahiaeconomica.com.br\/wp\/2026\/03\/12\/postagem-de-geddel-nas-redes-sociais-reacende-especulacoes-politicas-na-bahia\/\"},\"wordCount\":437,\"publisher\":{\"@id\":\"https:\/\/bahiaeconomica.com.br\/wp\/#organization\"},\"keywords\":[\"Bahia\",\"Geddel\",\"Pol\u00edtica\",\"postagem\"],\"articleSection\":[\"Pol\u00edtica\"],\"inLanguage\":\"pt-BR\"},{\"@type\":\"WebPage\",\"@id\":\"https:\/\/bahiaeconomica.com.br\/wp\/2026\/03\/12\/postagem-de-geddel-nas-redes-sociais-reacende-especulacoes-politicas-na-bahia\/\",\"url\":\"https:\/\/bahiaeconomica.com.br\/wp\/2026\/03\/12\/postagem-de-geddel-nas-redes-sociais-reacende-especulacoes-politicas-na-bahia\/\",\"name\":\"POSTAGEM DE GEDDEL NAS REDES SOCIAIS REACENDE ESPECULA\u00c7\u00d5ES POL\u00cdTICAS NA BAHIA - Bahia Economica\",\"isPartOf\":{\"@id\":\"https:\/\/bahiaeconomica.com.br\/wp\/#website\"},\"datePublished\":\"2026-03-12T14:59:12+00:00\",\"dateModified\":\"2026-03-12T14:43:48+00:00\",\"description\":\"O maior portal de Economia da Bahia Pol\u00edtica Bahia Economica\",\"breadcrumb\":{\"@id\":\"https:\/\/bahiaeconomica.com.br\/wp\/2026\/03\/12\/postagem-de-geddel-nas-redes-sociais-reacende-especulacoes-politicas-na-bahia\/#breadcrumb\"},\"inLanguage\":\"pt-BR\",\"potentialAction\":[{\"@type\":\"ReadAction\",\"target\":[\"https:\/\/bahiaeconomica.com.br\/wp\/2026\/03\/12\/postagem-de-geddel-nas-redes-sociais-reacende-especulacoes-politicas-na-bahia\/\"]}]},{\"@type\":\"BreadcrumbList\",\"@id\":\"https:\/\/bahiaeconomica.com.br\/wp\/2026\/03\/12\/postagem-de-geddel-nas-redes-sociais-reacende-especulacoes-politicas-na-bahia\/#breadcrumb\",\"itemListElement\":[{\"@type\":\"ListItem\",\"position\":1,\"name\":\"In\u00edcio\",\"item\":\"https:\/\/bahiaeconomica.com.br\/wp\/\"},{\"@type\":\"ListItem\",\"position\":2,\"name\":\"POSTAGEM DE GEDDEL NAS REDES SOCIAIS REACENDE ESPECULA\u00c7\u00d5ES POL\u00cdTICAS NA BAHIA\"}]},{\"@type\":\"WebSite\",\"@id\":\"https:\/\/bahiaeconomica.com.br\/wp\/#website\",\"url\":\"https:\/\/bahiaeconomica.com.br\/wp\/\",\"name\":\"Bahia Economica\",\"description\":\"O maior portal de Economia da Bahia\",\"publisher\":{\"@id\":\"https:\/\/bahiaeconomica.com.br\/wp\/#organization\"},\"potentialAction\":[{\"@type\":\"SearchAction\",\"target\":{\"@type\":\"EntryPoint\",\"urlTemplate\":\"https:\/\/bahiaeconomica.com.br\/wp\/?s={search_term_string}\"},\"query-input\":\"required name=search_term_string\"}],\"inLanguage\":\"pt-BR\"},{\"@type\":\"Organization\",\"@id\":\"https:\/\/bahiaeconomica.com.br\/wp\/#organization\",\"name\":\"Bahia Econ\u00f4mica\",\"url\":\"https:\/\/bahiaeconomica.com.br\/wp\/\",\"logo\":{\"@type\":\"ImageObject\",\"inLanguage\":\"pt-BR\",\"@id\":\"https:\/\/bahiaeconomica.com.br\/wp\/#\/schema\/logo\/image\/\",\"url\":\"https:\/\/bahiaeconomica.com.br\/wp\/wp-content\/uploads\/2020\/12\/cropped-BE.png\",\"contentUrl\":\"https:\/\/bahiaeconomica.com.br\/wp\/wp-content\/uploads\/2020\/12\/cropped-BE.png\",\"width\":512,\"height\":512,\"caption\":\"Bahia Econ\u00f4mica\"},\"image\":{\"@id\":\"https:\/\/bahiaeconomica.com.br\/wp\/#\/schema\/logo\/image\/\"},\"sameAs\":[\"https:\/\/www.facebook.com\/bahiaeconomica\"]},{\"@type\":\"Person\",\"@id\":\"https:\/\/bahiaeconomica.com.br\/wp\/#\/schema\/person\/9310b0e591f5979f6f99773eac5804e6\",\"name\":\"BRUNA CARVALHO\",\"sameAs\":[\"http:\/\/www.bahiaeconomica.com.br\"],\"url\":\"https:\/\/bahiaeconomica.com.br\/wp\/author\/bruna\/\"}]}<\/script>\n<!-- \/ Yoast SEO plugin. -->","yoast_head_json":{"title":"POSTAGEM DE GEDDEL NAS REDES SOCIAIS REACENDE ESPECULA\u00c7\u00d5ES POL\u00cdTICAS NA BAHIA - Bahia Economica","description":"O maior portal de Economia da Bahia Pol\u00edtica Bahia Economica","robots":{"index":"index","follow":"follow","max-snippet":"max-snippet:-1","max-image-preview":"max-image-preview:large","max-video-preview":"max-video-preview:-1"},"canonical":"https:\/\/bahiaeconomica.com.br\/wp\/2026\/03\/12\/postagem-de-geddel-nas-redes-sociais-reacende-especulacoes-politicas-na-bahia\/","og_locale":"pt_BR","og_type":"article","og_title":"POSTAGEM DE GEDDEL NAS REDES SOCIAIS REACENDE ESPECULA\u00c7\u00d5ES POL\u00cdTICAS NA BAHIA - Bahia Economica","og_description":"O maior portal de Economia da Bahia Pol\u00edtica Bahia Economica","og_url":"https:\/\/bahiaeconomica.com.br\/wp\/2026\/03\/12\/postagem-de-geddel-nas-redes-sociais-reacende-especulacoes-politicas-na-bahia\/","og_site_name":"Bahia Economica","article_publisher":"https:\/\/www.facebook.com\/bahiaeconomica","article_published_time":"2026-03-12T14:59:12+00:00","article_modified_time":"2026-03-12T14:43:48+00:00","og_image":[{"width":480,"height":228,"url":"https:\/\/bahiaeconomica.com.br\/wp\/wp-content\/uploads\/2026\/03\/86db260df28bf281f870ef8ad202.jpeg","type":"image\/jpeg"}],"author":"BRUNA CARVALHO","twitter_card":"summary_large_image","twitter_misc":{"Escrito por":"BRUNA CARVALHO","Est. tempo de leitura":"3 minutos"},"schema":{"@context":"https:\/\/schema.org","@graph":[{"@type":"Article","@id":"https:\/\/bahiaeconomica.com.br\/wp\/2026\/03\/12\/postagem-de-geddel-nas-redes-sociais-reacende-especulacoes-politicas-na-bahia\/#article","isPartOf":{"@id":"https:\/\/bahiaeconomica.com.br\/wp\/2026\/03\/12\/postagem-de-geddel-nas-redes-sociais-reacende-especulacoes-politicas-na-bahia\/"},"author":{"name":"BRUNA CARVALHO","@id":"https:\/\/bahiaeconomica.com.br\/wp\/#\/schema\/person\/9310b0e591f5979f6f99773eac5804e6"},"headline":"POSTAGEM DE GEDDEL NAS REDES SOCIAIS REACENDE ESPECULA\u00c7\u00d5ES POL\u00cdTICAS NA BAHIA","datePublished":"2026-03-12T14:59:12+00:00","dateModified":"2026-03-12T14:43:48+00:00","mainEntityOfPage":{"@id":"https:\/\/bahiaeconomica.com.br\/wp\/2026\/03\/12\/postagem-de-geddel-nas-redes-sociais-reacende-especulacoes-politicas-na-bahia\/"},"wordCount":437,"publisher":{"@id":"https:\/\/bahiaeconomica.com.br\/wp\/#organization"},"keywords":["Bahia","Geddel","Pol\u00edtica","postagem"],"articleSection":["Pol\u00edtica"],"inLanguage":"pt-BR"},{"@type":"WebPage","@id":"https:\/\/bahiaeconomica.com.br\/wp\/2026\/03\/12\/postagem-de-geddel-nas-redes-sociais-reacende-especulacoes-politicas-na-bahia\/","url":"https:\/\/bahiaeconomica.com.br\/wp\/2026\/03\/12\/postagem-de-geddel-nas-redes-sociais-reacende-especulacoes-politicas-na-bahia\/","name":"POSTAGEM DE GEDDEL NAS REDES SOCIAIS REACENDE ESPECULA\u00c7\u00d5ES POL\u00cdTICAS NA BAHIA - Bahia Economica","isPartOf":{"@id":"https:\/\/bahiaeconomica.com.br\/wp\/#website"},"datePublished":"2026-03-12T14:59:12+00:00","dateModified":"2026-03-12T14:43:48+00:00","description":"O maior portal de Economia da Bahia Pol\u00edtica Bahia Economica","breadcrumb":{"@id":"https:\/\/bahiaeconomica.com.br\/wp\/2026\/03\/12\/postagem-de-geddel-nas-redes-sociais-reacende-especulacoes-politicas-na-bahia\/#breadcrumb"},"inLanguage":"pt-BR","potentialAction":[{"@type":"ReadAction","target":["https:\/\/bahiaeconomica.com.br\/wp\/2026\/03\/12\/postagem-de-geddel-nas-redes-sociais-reacende-especulacoes-politicas-na-bahia\/"]}]},{"@type":"BreadcrumbList","@id":"https:\/\/bahiaeconomica.com.br\/wp\/2026\/03\/12\/postagem-de-geddel-nas-redes-sociais-reacende-especulacoes-politicas-na-bahia\/#breadcrumb","itemListElement":[{"@type":"ListItem","position":1,"name":"In\u00edcio","item":"https:\/\/bahiaeconomica.com.br\/wp\/"},{"@type":"ListItem","position":2,"name":"POSTAGEM DE GEDDEL NAS REDES SOCIAIS REACENDE ESPECULA\u00c7\u00d5ES POL\u00cdTICAS NA BAHIA"}]},{"@type":"WebSite","@id":"https:\/\/bahiaeconomica.com.br\/wp\/#website","url":"https:\/\/bahiaeconomica.com.br\/wp\/","name":"Bahia Economica","description":"O maior portal de Economia da Bahia","publisher":{"@id":"https:\/\/bahiaeconomica.com.br\/wp\/#organization"},"potentialAction":[{"@type":"SearchAction","target":{"@type":"EntryPoint","urlTemplate":"https:\/\/bahiaeconomica.com.br\/wp\/?s={search_term_string}"},"query-input":"required name=search_term_string"}],"inLanguage":"pt-BR"},{"@type":"Organization","@id":"https:\/\/bahiaeconomica.com.br\/wp\/#organization","name":"Bahia Econ\u00f4mica","url":"https:\/\/bahiaeconomica.com.br\/wp\/","logo":{"@type":"ImageObject","inLanguage":"pt-BR","@id":"https:\/\/bahiaeconomica.com.br\/wp\/#\/schema\/logo\/image\/","url":"https:\/\/bahiaeconomica.com.br\/wp\/wp-content\/uploads\/2020\/12\/cropped-BE.png","contentUrl":"https:\/\/bahiaeconomica.com.br\/wp\/wp-content\/uploads\/2020\/12\/cropped-BE.png","width":512,"height":512,"caption":"Bahia Econ\u00f4mica"},"image":{"@id":"https:\/\/bahiaeconomica.com.br\/wp\/#\/schema\/logo\/image\/"},"sameAs":["https:\/\/www.facebook.com\/bahiaeconomica"]},{"@type":"Person","@id":"https:\/\/bahiaeconomica.com.br\/wp\/#\/schema\/person\/9310b0e591f5979f6f99773eac5804e6","name":"BRUNA CARVALHO","sameAs":["http:\/\/www.bahiaeconomica.com.br"],"url":"https:\/\/bahiaeconomica.com.br\/wp\/author\/bruna\/"}]}},"views":92,"_links":{"self":[{"href":"https:\/\/bahiaeconomica.com.br\/wp\/wp-json\/wp\/v2\/posts\/980593"}],"collection":[{"href":"https:\/\/bahiaeconomica.com.br\/wp\/wp-json\/wp\/v2\/posts"}],"about":[{"href":"https:\/\/bahiaeconomica.com.br\/wp\/wp-json\/wp\/v2\/types\/post"}],"author":[{"embeddable":true,"href":"https:\/\/bahiaeconomica.com.br\/wp\/wp-json\/wp\/v2\/users\/20"}],"replies":[{"embeddable":true,"href":"https:\/\/bahiaeconomica.com.br\/wp\/wp-json\/wp\/v2\/comments?post=980593"}],"version-history":[{"count":1,"href":"https:\/\/bahiaeconomica.com.br\/wp\/wp-json\/wp\/v2\/posts\/980593\/revisions"}],"predecessor-version":[{"id":980664,"href":"https:\/\/bahiaeconomica.com.br\/wp\/wp-json\/wp\/v2\/posts\/980593\/revisions\/980664"}],"wp:featuredmedia":[{"embeddable":true,"href":"https:\/\/bahiaeconomica.com.br\/wp\/wp-json\/wp\/v2\/media\/980594"}],"wp:attachment":[{"href":"https:\/\/bahiaeconomica.com.br\/wp\/wp-json\/wp\/v2\/media?parent=980593"}],"wp:term":[{"taxonomy":"category","embeddable":true,"href":"https:\/\/bahiaeconomica.com.br\/wp\/wp-json\/wp\/v2\/categories?post=980593"},{"taxonomy":"post_tag","embeddable":true,"href":"https:\/\/bahiaeconomica.com.br\/wp\/wp-json\/wp\/v2\/tags?post=980593"}],"curies":[{"name":"wp","href":"https:\/\/api.w.org\/{rel}","templated":true}]}}