{"id":980522,"date":"2026-03-12T07:00:57","date_gmt":"2026-03-12T10:00:57","guid":{"rendered":"https:\/\/bahiaeconomica.com.br\/wp\/?p=980522"},"modified":"2026-03-13T07:49:56","modified_gmt":"2026-03-13T10:49:56","slug":"apos-acordo-estaleiro-sao-roque-do-paraguacu-sera-usado-como-canteiro-de-obras-para-ponte-salvador-itaparica","status":"publish","type":"post","link":"https:\/\/bahiaeconomica.com.br\/wp\/2026\/03\/12\/apos-acordo-estaleiro-sao-roque-do-paraguacu-sera-usado-como-canteiro-de-obras-para-ponte-salvador-itaparica\/","title":{"rendered":"GOVERNO FIRMA ACORDO PARA UTILIZA\u00c7\u00c3O DO ESTALEIRO S\u00c3O ROQUE DO PARAGUA\u00c7U NA CONSTRU\u00c7\u00c3O DA PONTE SALVADOR-ITAPARICA"},"content":{"rendered":"<p>O governador Jer\u00f4nimo Rodrigues comemorou, atrav\u00e9s de suas redes sociais, o desfecho positivo na negocia\u00e7\u00e3o com a Petrobr\u00e1s para utiliza\u00e7\u00e3o do Estaleiro S\u00e3o Roque do Paragua\u00e7u na constru\u00e7\u00e3o da Ponte Salvador Itaparica. \u00a0\u201c\u00c9 nesse espa\u00e7o que vamos receber materiais e equipamentos vindos da China e tamb\u00e9m produzir parte das estruturas pr\u00e9-moldadas da obra. Um passo concreto que mostra que esse grande projeto segue avan\u00e7ando\u201d, celebrou. \u201cO contrato vai startar um investimento de R$ 60 milh\u00f5es l\u00e1 no canteiro para adapta\u00e7\u00e3o de pr\u00e9-moldados e de camisas met\u00e1licas para as funda\u00e7\u00f5es da ponte\u201d, informou o titular da Secretaria Extraordin\u00e1ria do Sistema Vi\u00e1rio Oeste da Ponte Salvador-Itaparica (Seponte), Mateus Dias. A libera\u00e7\u00e3o da \u00e1rea localizada no munic\u00edpio de Maragogipe, no Rec\u00f4ncavo Baiano, \u00e9 um importante processo para a constru\u00e7\u00e3o do equipamento. No estaleiro, devem ser produzidas as pe\u00e7as estruturais da ponte. De acordo com a Concession\u00e1ria Ponte-Salvador Itaparica, outros dois canteiros de obras ser\u00e3o implantados na regi\u00e3o da Jequitaia, em Salvador, e no munic\u00edpio de Vera Cruz, na Ilha de Itaparica.<\/p>\n<p>&nbsp;<\/p>\n<p>Foto: (Imagem: Divulga\u00e7\u00e3o)<\/p>\n","protected":false},"excerpt":{"rendered":"<p>O governador Jer\u00f4nimo Rodrigues comemorou, atrav\u00e9s de suas redes sociais, o desfecho positivo na negocia\u00e7\u00e3o com a Petrobr\u00e1s para utiliza\u00e7\u00e3o do Estaleiro S\u00e3o Roque do Paragua\u00e7u na constru\u00e7\u00e3o da Ponte Salvador Itaparica. \u00a0\u201c\u00c9 nesse espa\u00e7o que vamos receber materiais e equipamentos vindos da China e tamb\u00e9m produzir parte das estruturas pr\u00e9-moldadas da obra. Um passo [&hellip;]<\/p>\n","protected":false},"author":8,"featured_media":980523,"comment_status":"closed","ping_status":"closed","sticky":false,"template":"","format":"standard","meta":[],"categories":[7,14,3],"tags":[85,52,1364,73],"acf":[],"yoast_head":"<!-- This site is optimized with the Yoast SEO plugin v20.8 - https:\/\/yoast.com\/wordpress\/plugins\/seo\/ -->\n<title>GOVERNO FIRMA ACORDO PARA UTILIZA\u00c7\u00c3O DO ESTALEIRO S\u00c3O ROQUE DO PARAGUA\u00c7U NA CONSTRU\u00c7\u00c3O DA PONTE SALVADOR-ITAPARICA - Bahia Economica<\/title>\n<meta name=\"description\" content=\"O maior portal de Economia da Bahia BAHIA INVEST, DESTAQUE DO DIA, ECONOMIA \/ POL\u00cdTICA Bahia Economica O governador Jer\u00f4nimo Rodrigues comemorou, atrav\u00e9s de suas redes sociais\" \/>\n<meta name=\"robots\" content=\"index, follow, max-snippet:-1, max-image-preview:large, max-video-preview:-1\" \/>\n<link rel=\"canonical\" href=\"https:\/\/bahiaeconomica.com.br\/wp\/2026\/03\/12\/apos-acordo-estaleiro-sao-roque-do-paraguacu-sera-usado-como-canteiro-de-obras-para-ponte-salvador-itaparica\/\" \/>\n<meta property=\"og:locale\" content=\"pt_BR\" \/>\n<meta property=\"og:type\" content=\"article\" \/>\n<meta property=\"og:title\" content=\"GOVERNO FIRMA ACORDO PARA UTILIZA\u00c7\u00c3O DO ESTALEIRO S\u00c3O ROQUE DO PARAGUA\u00c7U NA CONSTRU\u00c7\u00c3O DA PONTE SALVADOR-ITAPARICA - Bahia Economica\" \/>\n<meta property=\"og:description\" content=\"O maior portal de Economia da Bahia BAHIA INVEST, DESTAQUE DO DIA, ECONOMIA \/ POL\u00cdTICA Bahia Economica O governador Jer\u00f4nimo Rodrigues comemorou, atrav\u00e9s de suas redes sociais\" \/>\n<meta property=\"og:url\" content=\"https:\/\/bahiaeconomica.com.br\/wp\/2026\/03\/12\/apos-acordo-estaleiro-sao-roque-do-paraguacu-sera-usado-como-canteiro-de-obras-para-ponte-salvador-itaparica\/\" \/>\n<meta property=\"og:site_name\" content=\"Bahia Economica\" \/>\n<meta property=\"article:publisher\" content=\"https:\/\/www.facebook.com\/bahiaeconomica\" \/>\n<meta property=\"article:published_time\" content=\"2026-03-12T10:00:57+00:00\" \/>\n<meta property=\"article:modified_time\" content=\"2026-03-13T10:49:56+00:00\" \/>\n<meta property=\"og:image\" content=\"https:\/\/bahiaeconomica.com.br\/wp\/wp-content\/uploads\/2026\/03\/Ponte-Salvador-Itaparica-01.webp\" \/>\n\t<meta property=\"og:image:width\" content=\"1024\" \/>\n\t<meta property=\"og:image:height\" content=\"540\" \/>\n\t<meta property=\"og:image:type\" content=\"image\/webp\" \/>\n<meta name=\"author\" content=\"JP\" \/>\n<meta name=\"twitter:card\" content=\"summary_large_image\" \/>\n<meta name=\"twitter:label1\" content=\"Escrito por\" \/>\n\t<meta name=\"twitter:data1\" content=\"JP\" \/>\n\t<meta name=\"twitter:label2\" content=\"Est. tempo de leitura\" \/>\n\t<meta name=\"twitter:data2\" content=\"1 minuto\" \/>\n<script type=\"application\/ld+json\" class=\"yoast-schema-graph\">{\"@context\":\"https:\/\/schema.org\",\"@graph\":[{\"@type\":\"Article\",\"@id\":\"https:\/\/bahiaeconomica.com.br\/wp\/2026\/03\/12\/apos-acordo-estaleiro-sao-roque-do-paraguacu-sera-usado-como-canteiro-de-obras-para-ponte-salvador-itaparica\/#article\",\"isPartOf\":{\"@id\":\"https:\/\/bahiaeconomica.com.br\/wp\/2026\/03\/12\/apos-acordo-estaleiro-sao-roque-do-paraguacu-sera-usado-como-canteiro-de-obras-para-ponte-salvador-itaparica\/\"},\"author\":{\"name\":\"JP\",\"@id\":\"https:\/\/bahiaeconomica.com.br\/wp\/#\/schema\/person\/c86d3a3f8960425a0f9d0e5245991f4e\"},\"headline\":\"GOVERNO FIRMA ACORDO PARA UTILIZA\u00c7\u00c3O DO ESTALEIRO S\u00c3O ROQUE DO PARAGUA\u00c7U NA CONSTRU\u00c7\u00c3O DA PONTE SALVADOR-ITAPARICA\",\"datePublished\":\"2026-03-12T10:00:57+00:00\",\"dateModified\":\"2026-03-13T10:49:56+00:00\",\"mainEntityOfPage\":{\"@id\":\"https:\/\/bahiaeconomica.com.br\/wp\/2026\/03\/12\/apos-acordo-estaleiro-sao-roque-do-paraguacu-sera-usado-como-canteiro-de-obras-para-ponte-salvador-itaparica\/\"},\"wordCount\":218,\"publisher\":{\"@id\":\"https:\/\/bahiaeconomica.com.br\/wp\/#organization\"},\"keywords\":[\"Bahia\",\"Brasil\",\"ponte\",\"Salvador\"],\"articleSection\":[\"BAHIA INVEST\",\"DESTAQUE DO DIA\",\"ECONOMIA \/ POL\u00cdTICA\"],\"inLanguage\":\"pt-BR\"},{\"@type\":\"WebPage\",\"@id\":\"https:\/\/bahiaeconomica.com.br\/wp\/2026\/03\/12\/apos-acordo-estaleiro-sao-roque-do-paraguacu-sera-usado-como-canteiro-de-obras-para-ponte-salvador-itaparica\/\",\"url\":\"https:\/\/bahiaeconomica.com.br\/wp\/2026\/03\/12\/apos-acordo-estaleiro-sao-roque-do-paraguacu-sera-usado-como-canteiro-de-obras-para-ponte-salvador-itaparica\/\",\"name\":\"GOVERNO FIRMA ACORDO PARA UTILIZA\u00c7\u00c3O DO ESTALEIRO S\u00c3O ROQUE DO PARAGUA\u00c7U NA CONSTRU\u00c7\u00c3O DA PONTE SALVADOR-ITAPARICA - Bahia Economica\",\"isPartOf\":{\"@id\":\"https:\/\/bahiaeconomica.com.br\/wp\/#website\"},\"datePublished\":\"2026-03-12T10:00:57+00:00\",\"dateModified\":\"2026-03-13T10:49:56+00:00\",\"description\":\"O maior portal de Economia da Bahia BAHIA INVEST, DESTAQUE DO DIA, ECONOMIA \/ POL\u00cdTICA Bahia Economica O governador Jer\u00f4nimo Rodrigues comemorou, atrav\u00e9s de suas redes sociais\",\"breadcrumb\":{\"@id\":\"https:\/\/bahiaeconomica.com.br\/wp\/2026\/03\/12\/apos-acordo-estaleiro-sao-roque-do-paraguacu-sera-usado-como-canteiro-de-obras-para-ponte-salvador-itaparica\/#breadcrumb\"},\"inLanguage\":\"pt-BR\",\"potentialAction\":[{\"@type\":\"ReadAction\",\"target\":[\"https:\/\/bahiaeconomica.com.br\/wp\/2026\/03\/12\/apos-acordo-estaleiro-sao-roque-do-paraguacu-sera-usado-como-canteiro-de-obras-para-ponte-salvador-itaparica\/\"]}]},{\"@type\":\"BreadcrumbList\",\"@id\":\"https:\/\/bahiaeconomica.com.br\/wp\/2026\/03\/12\/apos-acordo-estaleiro-sao-roque-do-paraguacu-sera-usado-como-canteiro-de-obras-para-ponte-salvador-itaparica\/#breadcrumb\",\"itemListElement\":[{\"@type\":\"ListItem\",\"position\":1,\"name\":\"In\u00edcio\",\"item\":\"https:\/\/bahiaeconomica.com.br\/wp\/\"},{\"@type\":\"ListItem\",\"position\":2,\"name\":\"GOVERNO FIRMA ACORDO PARA UTILIZA\u00c7\u00c3O DO ESTALEIRO S\u00c3O ROQUE DO PARAGUA\u00c7U NA CONSTRU\u00c7\u00c3O DA PONTE SALVADOR-ITAPARICA\"}]},{\"@type\":\"WebSite\",\"@id\":\"https:\/\/bahiaeconomica.com.br\/wp\/#website\",\"url\":\"https:\/\/bahiaeconomica.com.br\/wp\/\",\"name\":\"Bahia Economica\",\"description\":\"O maior portal de Economia da Bahia\",\"publisher\":{\"@id\":\"https:\/\/bahiaeconomica.com.br\/wp\/#organization\"},\"potentialAction\":[{\"@type\":\"SearchAction\",\"target\":{\"@type\":\"EntryPoint\",\"urlTemplate\":\"https:\/\/bahiaeconomica.com.br\/wp\/?s={search_term_string}\"},\"query-input\":\"required name=search_term_string\"}],\"inLanguage\":\"pt-BR\"},{\"@type\":\"Organization\",\"@id\":\"https:\/\/bahiaeconomica.com.br\/wp\/#organization\",\"name\":\"Bahia Econ\u00f4mica\",\"url\":\"https:\/\/bahiaeconomica.com.br\/wp\/\",\"logo\":{\"@type\":\"ImageObject\",\"inLanguage\":\"pt-BR\",\"@id\":\"https:\/\/bahiaeconomica.com.br\/wp\/#\/schema\/logo\/image\/\",\"url\":\"https:\/\/bahiaeconomica.com.br\/wp\/wp-content\/uploads\/2020\/12\/cropped-BE.png\",\"contentUrl\":\"https:\/\/bahiaeconomica.com.br\/wp\/wp-content\/uploads\/2020\/12\/cropped-BE.png\",\"width\":512,\"height\":512,\"caption\":\"Bahia Econ\u00f4mica\"},\"image\":{\"@id\":\"https:\/\/bahiaeconomica.com.br\/wp\/#\/schema\/logo\/image\/\"},\"sameAs\":[\"https:\/\/www.facebook.com\/bahiaeconomica\"]},{\"@type\":\"Person\",\"@id\":\"https:\/\/bahiaeconomica.com.br\/wp\/#\/schema\/person\/c86d3a3f8960425a0f9d0e5245991f4e\",\"name\":\"JP\",\"sameAs\":[\"https:\/\/bahiaeconomica.com.br\/wp\/beta\/\"],\"url\":\"https:\/\/bahiaeconomica.com.br\/wp\/author\/jp\/\"}]}<\/script>\n<!-- \/ Yoast SEO plugin. -->","yoast_head_json":{"title":"GOVERNO FIRMA ACORDO PARA UTILIZA\u00c7\u00c3O DO ESTALEIRO S\u00c3O ROQUE DO PARAGUA\u00c7U NA CONSTRU\u00c7\u00c3O DA PONTE SALVADOR-ITAPARICA - Bahia Economica","description":"O maior portal de Economia da Bahia BAHIA INVEST, DESTAQUE DO DIA, ECONOMIA \/ POL\u00cdTICA Bahia Economica O governador Jer\u00f4nimo Rodrigues comemorou, atrav\u00e9s de suas redes sociais","robots":{"index":"index","follow":"follow","max-snippet":"max-snippet:-1","max-image-preview":"max-image-preview:large","max-video-preview":"max-video-preview:-1"},"canonical":"https:\/\/bahiaeconomica.com.br\/wp\/2026\/03\/12\/apos-acordo-estaleiro-sao-roque-do-paraguacu-sera-usado-como-canteiro-de-obras-para-ponte-salvador-itaparica\/","og_locale":"pt_BR","og_type":"article","og_title":"GOVERNO FIRMA ACORDO PARA UTILIZA\u00c7\u00c3O DO ESTALEIRO S\u00c3O ROQUE DO PARAGUA\u00c7U NA CONSTRU\u00c7\u00c3O DA PONTE SALVADOR-ITAPARICA - Bahia Economica","og_description":"O maior portal de Economia da Bahia BAHIA INVEST, DESTAQUE DO DIA, ECONOMIA \/ POL\u00cdTICA Bahia Economica O governador Jer\u00f4nimo Rodrigues comemorou, atrav\u00e9s de suas redes sociais","og_url":"https:\/\/bahiaeconomica.com.br\/wp\/2026\/03\/12\/apos-acordo-estaleiro-sao-roque-do-paraguacu-sera-usado-como-canteiro-de-obras-para-ponte-salvador-itaparica\/","og_site_name":"Bahia Economica","article_publisher":"https:\/\/www.facebook.com\/bahiaeconomica","article_published_time":"2026-03-12T10:00:57+00:00","article_modified_time":"2026-03-13T10:49:56+00:00","og_image":[{"width":1024,"height":540,"url":"https:\/\/bahiaeconomica.com.br\/wp\/wp-content\/uploads\/2026\/03\/Ponte-Salvador-Itaparica-01.webp","type":"image\/webp"}],"author":"JP","twitter_card":"summary_large_image","twitter_misc":{"Escrito por":"JP","Est. tempo de leitura":"1 minuto"},"schema":{"@context":"https:\/\/schema.org","@graph":[{"@type":"Article","@id":"https:\/\/bahiaeconomica.com.br\/wp\/2026\/03\/12\/apos-acordo-estaleiro-sao-roque-do-paraguacu-sera-usado-como-canteiro-de-obras-para-ponte-salvador-itaparica\/#article","isPartOf":{"@id":"https:\/\/bahiaeconomica.com.br\/wp\/2026\/03\/12\/apos-acordo-estaleiro-sao-roque-do-paraguacu-sera-usado-como-canteiro-de-obras-para-ponte-salvador-itaparica\/"},"author":{"name":"JP","@id":"https:\/\/bahiaeconomica.com.br\/wp\/#\/schema\/person\/c86d3a3f8960425a0f9d0e5245991f4e"},"headline":"GOVERNO FIRMA ACORDO PARA UTILIZA\u00c7\u00c3O DO ESTALEIRO S\u00c3O ROQUE DO PARAGUA\u00c7U NA CONSTRU\u00c7\u00c3O DA PONTE SALVADOR-ITAPARICA","datePublished":"2026-03-12T10:00:57+00:00","dateModified":"2026-03-13T10:49:56+00:00","mainEntityOfPage":{"@id":"https:\/\/bahiaeconomica.com.br\/wp\/2026\/03\/12\/apos-acordo-estaleiro-sao-roque-do-paraguacu-sera-usado-como-canteiro-de-obras-para-ponte-salvador-itaparica\/"},"wordCount":218,"publisher":{"@id":"https:\/\/bahiaeconomica.com.br\/wp\/#organization"},"keywords":["Bahia","Brasil","ponte","Salvador"],"articleSection":["BAHIA INVEST","DESTAQUE DO DIA","ECONOMIA \/ POL\u00cdTICA"],"inLanguage":"pt-BR"},{"@type":"WebPage","@id":"https:\/\/bahiaeconomica.com.br\/wp\/2026\/03\/12\/apos-acordo-estaleiro-sao-roque-do-paraguacu-sera-usado-como-canteiro-de-obras-para-ponte-salvador-itaparica\/","url":"https:\/\/bahiaeconomica.com.br\/wp\/2026\/03\/12\/apos-acordo-estaleiro-sao-roque-do-paraguacu-sera-usado-como-canteiro-de-obras-para-ponte-salvador-itaparica\/","name":"GOVERNO FIRMA ACORDO PARA UTILIZA\u00c7\u00c3O DO ESTALEIRO S\u00c3O ROQUE DO PARAGUA\u00c7U NA CONSTRU\u00c7\u00c3O DA PONTE SALVADOR-ITAPARICA - Bahia Economica","isPartOf":{"@id":"https:\/\/bahiaeconomica.com.br\/wp\/#website"},"datePublished":"2026-03-12T10:00:57+00:00","dateModified":"2026-03-13T10:49:56+00:00","description":"O maior portal de Economia da Bahia BAHIA INVEST, DESTAQUE DO DIA, ECONOMIA \/ POL\u00cdTICA Bahia Economica O governador Jer\u00f4nimo Rodrigues comemorou, atrav\u00e9s de suas redes sociais","breadcrumb":{"@id":"https:\/\/bahiaeconomica.com.br\/wp\/2026\/03\/12\/apos-acordo-estaleiro-sao-roque-do-paraguacu-sera-usado-como-canteiro-de-obras-para-ponte-salvador-itaparica\/#breadcrumb"},"inLanguage":"pt-BR","potentialAction":[{"@type":"ReadAction","target":["https:\/\/bahiaeconomica.com.br\/wp\/2026\/03\/12\/apos-acordo-estaleiro-sao-roque-do-paraguacu-sera-usado-como-canteiro-de-obras-para-ponte-salvador-itaparica\/"]}]},{"@type":"BreadcrumbList","@id":"https:\/\/bahiaeconomica.com.br\/wp\/2026\/03\/12\/apos-acordo-estaleiro-sao-roque-do-paraguacu-sera-usado-como-canteiro-de-obras-para-ponte-salvador-itaparica\/#breadcrumb","itemListElement":[{"@type":"ListItem","position":1,"name":"In\u00edcio","item":"https:\/\/bahiaeconomica.com.br\/wp\/"},{"@type":"ListItem","position":2,"name":"GOVERNO FIRMA ACORDO PARA UTILIZA\u00c7\u00c3O DO ESTALEIRO S\u00c3O ROQUE DO PARAGUA\u00c7U NA CONSTRU\u00c7\u00c3O DA PONTE SALVADOR-ITAPARICA"}]},{"@type":"WebSite","@id":"https:\/\/bahiaeconomica.com.br\/wp\/#website","url":"https:\/\/bahiaeconomica.com.br\/wp\/","name":"Bahia Economica","description":"O maior portal de Economia da Bahia","publisher":{"@id":"https:\/\/bahiaeconomica.com.br\/wp\/#organization"},"potentialAction":[{"@type":"SearchAction","target":{"@type":"EntryPoint","urlTemplate":"https:\/\/bahiaeconomica.com.br\/wp\/?s={search_term_string}"},"query-input":"required name=search_term_string"}],"inLanguage":"pt-BR"},{"@type":"Organization","@id":"https:\/\/bahiaeconomica.com.br\/wp\/#organization","name":"Bahia Econ\u00f4mica","url":"https:\/\/bahiaeconomica.com.br\/wp\/","logo":{"@type":"ImageObject","inLanguage":"pt-BR","@id":"https:\/\/bahiaeconomica.com.br\/wp\/#\/schema\/logo\/image\/","url":"https:\/\/bahiaeconomica.com.br\/wp\/wp-content\/uploads\/2020\/12\/cropped-BE.png","contentUrl":"https:\/\/bahiaeconomica.com.br\/wp\/wp-content\/uploads\/2020\/12\/cropped-BE.png","width":512,"height":512,"caption":"Bahia Econ\u00f4mica"},"image":{"@id":"https:\/\/bahiaeconomica.com.br\/wp\/#\/schema\/logo\/image\/"},"sameAs":["https:\/\/www.facebook.com\/bahiaeconomica"]},{"@type":"Person","@id":"https:\/\/bahiaeconomica.com.br\/wp\/#\/schema\/person\/c86d3a3f8960425a0f9d0e5245991f4e","name":"JP","sameAs":["https:\/\/bahiaeconomica.com.br\/wp\/beta\/"],"url":"https:\/\/bahiaeconomica.com.br\/wp\/author\/jp\/"}]}},"views":1298,"_links":{"self":[{"href":"https:\/\/bahiaeconomica.com.br\/wp\/wp-json\/wp\/v2\/posts\/980522"}],"collection":[{"href":"https:\/\/bahiaeconomica.com.br\/wp\/wp-json\/wp\/v2\/posts"}],"about":[{"href":"https:\/\/bahiaeconomica.com.br\/wp\/wp-json\/wp\/v2\/types\/post"}],"author":[{"embeddable":true,"href":"https:\/\/bahiaeconomica.com.br\/wp\/wp-json\/wp\/v2\/users\/8"}],"replies":[{"embeddable":true,"href":"https:\/\/bahiaeconomica.com.br\/wp\/wp-json\/wp\/v2\/comments?post=980522"}],"version-history":[{"count":3,"href":"https:\/\/bahiaeconomica.com.br\/wp\/wp-json\/wp\/v2\/posts\/980522\/revisions"}],"predecessor-version":[{"id":980625,"href":"https:\/\/bahiaeconomica.com.br\/wp\/wp-json\/wp\/v2\/posts\/980522\/revisions\/980625"}],"wp:featuredmedia":[{"embeddable":true,"href":"https:\/\/bahiaeconomica.com.br\/wp\/wp-json\/wp\/v2\/media\/980523"}],"wp:attachment":[{"href":"https:\/\/bahiaeconomica.com.br\/wp\/wp-json\/wp\/v2\/media?parent=980522"}],"wp:term":[{"taxonomy":"category","embeddable":true,"href":"https:\/\/bahiaeconomica.com.br\/wp\/wp-json\/wp\/v2\/categories?post=980522"},{"taxonomy":"post_tag","embeddable":true,"href":"https:\/\/bahiaeconomica.com.br\/wp\/wp-json\/wp\/v2\/tags?post=980522"}],"curies":[{"name":"wp","href":"https:\/\/api.w.org\/{rel}","templated":true}]}}