{"id":980516,"date":"2026-03-11T18:55:13","date_gmt":"2026-03-11T21:55:13","guid":{"rendered":"https:\/\/bahiaeconomica.com.br\/wp\/?p=980516"},"modified":"2026-03-11T19:02:11","modified_gmt":"2026-03-11T22:02:11","slug":"carlos-muniz-abre-o-4o-congresso-baiano-de-vereadores","status":"publish","type":"post","link":"https:\/\/bahiaeconomica.com.br\/wp\/2026\/03\/11\/carlos-muniz-abre-o-4o-congresso-baiano-de-vereadores\/","title":{"rendered":"CARLOS MUNIZ ABRE O 4\u00ba CONGRESSO BAIANO DE VEREADORES"},"content":{"rendered":"<p>&nbsp;<\/p>\n<p>O presidente da C\u00e2mara Municipal de Salvador, Carlos Muniz (PSDB), realizou, nesta quarta-feira, (11) o discurso de abertura do 4\u00ba Congresso Baiano de Vereadores. O evento ocorreu no Fiesta Convention Center, em Salvador, promovido pelo Instituto Plenarium, reunindo parlamentares de diversas regi\u00f5es da Bahia, servidores p\u00fablicos e representantes da sociedade civil.<\/p>\n<p>Em seu pronunciamento, Muniz destacou que o encontro vai al\u00e9m de um evento institucional, sendo um espa\u00e7o para fortalecer a democracia municipal, promover troca de experi\u00eancias e valorizar a atua\u00e7\u00e3o dos vereadores, que est\u00e3o mais pr\u00f3ximos das demandas da popula\u00e7\u00e3o.<\/p>\n<p>Segundo ele, \u201cempoderar as c\u00e2maras municipais \u00e9 fortalecer a democracia brasileira\u201d.<\/p>\n<p>O presidente tamb\u00e9m ressaltou que o vereador \u00e9, muitas vezes, o primeiro agente p\u00fablico procurado pelo cidad\u00e3o, respons\u00e1vel por ouvir as demandas da comunidade e cobrar melhorias em \u00e1reas como sa\u00fade e educa\u00e7\u00e3o.<\/p>\n<p>Muniz aproveitou a oportunidade para criticar a Emenda Constitucional n\u00ba 109\/2021, que passou a impactar as c\u00e2maras municipais ao estabelecer que elas arquem com parte das despesas de servidores aposentados. Para ele, a medida cria um peso financeiro adicional para os legislativos municipais.<\/p>\n<p>Por fim, ele defendeu a uni\u00e3o dos vereadores de todo o estado para dialogar com deputados federais e buscar a revis\u00e3o da emenda, refor\u00e7ando a import\u00e2ncia de proteger a autonomia e o funcionamento das c\u00e2maras municipais.<\/p>\n<p>Foto: Divulga\u00e7\u00e3o CMS<\/p>\n","protected":false},"excerpt":{"rendered":"<p>&nbsp; O presidente da C\u00e2mara Municipal de Salvador, Carlos Muniz (PSDB), realizou, nesta quarta-feira, (11) o discurso de abertura do 4\u00ba Congresso Baiano de Vereadores. O evento ocorreu no Fiesta Convention Center, em Salvador, promovido pelo Instituto Plenarium, reunindo parlamentares de diversas regi\u00f5es da Bahia, servidores p\u00fablicos e representantes da sociedade civil. Em seu pronunciamento, [&hellip;]<\/p>\n","protected":false},"author":15,"featured_media":980517,"comment_status":"closed","ping_status":"closed","sticky":false,"template":"","format":"standard","meta":[],"categories":[14601],"tags":[],"acf":[],"yoast_head":"<!-- This site is optimized with the Yoast SEO plugin v20.8 - https:\/\/yoast.com\/wordpress\/plugins\/seo\/ -->\n<title>CARLOS MUNIZ ABRE O 4\u00ba CONGRESSO BAIANO DE VEREADORES - Bahia Economica<\/title>\n<meta name=\"description\" content=\"O maior portal de Economia da Bahia Pol\u00edtica Bahia Economica\" \/>\n<meta name=\"robots\" content=\"index, follow, max-snippet:-1, max-image-preview:large, max-video-preview:-1\" \/>\n<link rel=\"canonical\" href=\"https:\/\/bahiaeconomica.com.br\/wp\/2026\/03\/11\/carlos-muniz-abre-o-4o-congresso-baiano-de-vereadores\/\" \/>\n<meta property=\"og:locale\" content=\"pt_BR\" \/>\n<meta property=\"og:type\" content=\"article\" \/>\n<meta property=\"og:title\" content=\"CARLOS MUNIZ ABRE O 4\u00ba CONGRESSO BAIANO DE VEREADORES - Bahia Economica\" \/>\n<meta property=\"og:description\" content=\"O maior portal de Economia da Bahia Pol\u00edtica Bahia Economica\" \/>\n<meta property=\"og:url\" content=\"https:\/\/bahiaeconomica.com.br\/wp\/2026\/03\/11\/carlos-muniz-abre-o-4o-congresso-baiano-de-vereadores\/\" \/>\n<meta property=\"og:site_name\" content=\"Bahia Economica\" \/>\n<meta property=\"article:publisher\" content=\"https:\/\/www.facebook.com\/bahiaeconomica\" \/>\n<meta property=\"article:published_time\" content=\"2026-03-11T21:55:13+00:00\" \/>\n<meta property=\"article:modified_time\" content=\"2026-03-11T22:02:11+00:00\" \/>\n<meta property=\"og:image\" content=\"https:\/\/bahiaeconomica.com.br\/wp\/wp-content\/uploads\/2026\/03\/WhatsApp-Image-2026-03-11-at-18.45.47.jpeg\" \/>\n\t<meta property=\"og:image:width\" content=\"1580\" \/>\n\t<meta property=\"og:image:height\" content=\"1228\" \/>\n\t<meta property=\"og:image:type\" content=\"image\/jpeg\" \/>\n<meta name=\"author\" content=\"VICTORIA ISABEL\" \/>\n<meta name=\"twitter:card\" content=\"summary_large_image\" \/>\n<meta name=\"twitter:label1\" content=\"Escrito por\" \/>\n\t<meta name=\"twitter:data1\" content=\"VICTORIA ISABEL\" \/>\n\t<meta name=\"twitter:label2\" content=\"Est. tempo de leitura\" \/>\n\t<meta name=\"twitter:data2\" content=\"2 minutos\" \/>\n<script type=\"application\/ld+json\" class=\"yoast-schema-graph\">{\"@context\":\"https:\/\/schema.org\",\"@graph\":[{\"@type\":\"Article\",\"@id\":\"https:\/\/bahiaeconomica.com.br\/wp\/2026\/03\/11\/carlos-muniz-abre-o-4o-congresso-baiano-de-vereadores\/#article\",\"isPartOf\":{\"@id\":\"https:\/\/bahiaeconomica.com.br\/wp\/2026\/03\/11\/carlos-muniz-abre-o-4o-congresso-baiano-de-vereadores\/\"},\"author\":{\"name\":\"VICTORIA ISABEL\",\"@id\":\"https:\/\/bahiaeconomica.com.br\/wp\/#\/schema\/person\/b719ce0fb1c09f3c7a00d9243ced4a6f\"},\"headline\":\"CARLOS MUNIZ ABRE O 4\u00ba CONGRESSO BAIANO DE VEREADORES\",\"datePublished\":\"2026-03-11T21:55:13+00:00\",\"dateModified\":\"2026-03-11T22:02:11+00:00\",\"mainEntityOfPage\":{\"@id\":\"https:\/\/bahiaeconomica.com.br\/wp\/2026\/03\/11\/carlos-muniz-abre-o-4o-congresso-baiano-de-vereadores\/\"},\"wordCount\":245,\"publisher\":{\"@id\":\"https:\/\/bahiaeconomica.com.br\/wp\/#organization\"},\"articleSection\":[\"Pol\u00edtica\"],\"inLanguage\":\"pt-BR\"},{\"@type\":\"WebPage\",\"@id\":\"https:\/\/bahiaeconomica.com.br\/wp\/2026\/03\/11\/carlos-muniz-abre-o-4o-congresso-baiano-de-vereadores\/\",\"url\":\"https:\/\/bahiaeconomica.com.br\/wp\/2026\/03\/11\/carlos-muniz-abre-o-4o-congresso-baiano-de-vereadores\/\",\"name\":\"CARLOS MUNIZ ABRE O 4\u00ba CONGRESSO BAIANO DE VEREADORES - Bahia Economica\",\"isPartOf\":{\"@id\":\"https:\/\/bahiaeconomica.com.br\/wp\/#website\"},\"datePublished\":\"2026-03-11T21:55:13+00:00\",\"dateModified\":\"2026-03-11T22:02:11+00:00\",\"description\":\"O maior portal de Economia da Bahia Pol\u00edtica Bahia Economica\",\"breadcrumb\":{\"@id\":\"https:\/\/bahiaeconomica.com.br\/wp\/2026\/03\/11\/carlos-muniz-abre-o-4o-congresso-baiano-de-vereadores\/#breadcrumb\"},\"inLanguage\":\"pt-BR\",\"potentialAction\":[{\"@type\":\"ReadAction\",\"target\":[\"https:\/\/bahiaeconomica.com.br\/wp\/2026\/03\/11\/carlos-muniz-abre-o-4o-congresso-baiano-de-vereadores\/\"]}]},{\"@type\":\"BreadcrumbList\",\"@id\":\"https:\/\/bahiaeconomica.com.br\/wp\/2026\/03\/11\/carlos-muniz-abre-o-4o-congresso-baiano-de-vereadores\/#breadcrumb\",\"itemListElement\":[{\"@type\":\"ListItem\",\"position\":1,\"name\":\"In\u00edcio\",\"item\":\"https:\/\/bahiaeconomica.com.br\/wp\/\"},{\"@type\":\"ListItem\",\"position\":2,\"name\":\"CARLOS MUNIZ ABRE O 4\u00ba CONGRESSO BAIANO DE VEREADORES\"}]},{\"@type\":\"WebSite\",\"@id\":\"https:\/\/bahiaeconomica.com.br\/wp\/#website\",\"url\":\"https:\/\/bahiaeconomica.com.br\/wp\/\",\"name\":\"Bahia Economica\",\"description\":\"O maior portal de Economia da Bahia\",\"publisher\":{\"@id\":\"https:\/\/bahiaeconomica.com.br\/wp\/#organization\"},\"potentialAction\":[{\"@type\":\"SearchAction\",\"target\":{\"@type\":\"EntryPoint\",\"urlTemplate\":\"https:\/\/bahiaeconomica.com.br\/wp\/?s={search_term_string}\"},\"query-input\":\"required name=search_term_string\"}],\"inLanguage\":\"pt-BR\"},{\"@type\":\"Organization\",\"@id\":\"https:\/\/bahiaeconomica.com.br\/wp\/#organization\",\"name\":\"Bahia Econ\u00f4mica\",\"url\":\"https:\/\/bahiaeconomica.com.br\/wp\/\",\"logo\":{\"@type\":\"ImageObject\",\"inLanguage\":\"pt-BR\",\"@id\":\"https:\/\/bahiaeconomica.com.br\/wp\/#\/schema\/logo\/image\/\",\"url\":\"https:\/\/bahiaeconomica.com.br\/wp\/wp-content\/uploads\/2020\/12\/cropped-BE.png\",\"contentUrl\":\"https:\/\/bahiaeconomica.com.br\/wp\/wp-content\/uploads\/2020\/12\/cropped-BE.png\",\"width\":512,\"height\":512,\"caption\":\"Bahia Econ\u00f4mica\"},\"image\":{\"@id\":\"https:\/\/bahiaeconomica.com.br\/wp\/#\/schema\/logo\/image\/\"},\"sameAs\":[\"https:\/\/www.facebook.com\/bahiaeconomica\"]},{\"@type\":\"Person\",\"@id\":\"https:\/\/bahiaeconomica.com.br\/wp\/#\/schema\/person\/b719ce0fb1c09f3c7a00d9243ced4a6f\",\"name\":\"VICTORIA ISABEL\",\"sameAs\":[\"http:\/\/www.bahiaeconomica.com.br\"],\"url\":\"https:\/\/bahiaeconomica.com.br\/wp\/author\/victoria-isabel\/\"}]}<\/script>\n<!-- \/ Yoast SEO plugin. -->","yoast_head_json":{"title":"CARLOS MUNIZ ABRE O 4\u00ba CONGRESSO BAIANO DE VEREADORES - Bahia Economica","description":"O maior portal de Economia da Bahia Pol\u00edtica Bahia Economica","robots":{"index":"index","follow":"follow","max-snippet":"max-snippet:-1","max-image-preview":"max-image-preview:large","max-video-preview":"max-video-preview:-1"},"canonical":"https:\/\/bahiaeconomica.com.br\/wp\/2026\/03\/11\/carlos-muniz-abre-o-4o-congresso-baiano-de-vereadores\/","og_locale":"pt_BR","og_type":"article","og_title":"CARLOS MUNIZ ABRE O 4\u00ba CONGRESSO BAIANO DE VEREADORES - Bahia Economica","og_description":"O maior portal de Economia da Bahia Pol\u00edtica Bahia Economica","og_url":"https:\/\/bahiaeconomica.com.br\/wp\/2026\/03\/11\/carlos-muniz-abre-o-4o-congresso-baiano-de-vereadores\/","og_site_name":"Bahia Economica","article_publisher":"https:\/\/www.facebook.com\/bahiaeconomica","article_published_time":"2026-03-11T21:55:13+00:00","article_modified_time":"2026-03-11T22:02:11+00:00","og_image":[{"width":1580,"height":1228,"url":"https:\/\/bahiaeconomica.com.br\/wp\/wp-content\/uploads\/2026\/03\/WhatsApp-Image-2026-03-11-at-18.45.47.jpeg","type":"image\/jpeg"}],"author":"VICTORIA ISABEL","twitter_card":"summary_large_image","twitter_misc":{"Escrito por":"VICTORIA ISABEL","Est. tempo de leitura":"2 minutos"},"schema":{"@context":"https:\/\/schema.org","@graph":[{"@type":"Article","@id":"https:\/\/bahiaeconomica.com.br\/wp\/2026\/03\/11\/carlos-muniz-abre-o-4o-congresso-baiano-de-vereadores\/#article","isPartOf":{"@id":"https:\/\/bahiaeconomica.com.br\/wp\/2026\/03\/11\/carlos-muniz-abre-o-4o-congresso-baiano-de-vereadores\/"},"author":{"name":"VICTORIA ISABEL","@id":"https:\/\/bahiaeconomica.com.br\/wp\/#\/schema\/person\/b719ce0fb1c09f3c7a00d9243ced4a6f"},"headline":"CARLOS MUNIZ ABRE O 4\u00ba CONGRESSO BAIANO DE VEREADORES","datePublished":"2026-03-11T21:55:13+00:00","dateModified":"2026-03-11T22:02:11+00:00","mainEntityOfPage":{"@id":"https:\/\/bahiaeconomica.com.br\/wp\/2026\/03\/11\/carlos-muniz-abre-o-4o-congresso-baiano-de-vereadores\/"},"wordCount":245,"publisher":{"@id":"https:\/\/bahiaeconomica.com.br\/wp\/#organization"},"articleSection":["Pol\u00edtica"],"inLanguage":"pt-BR"},{"@type":"WebPage","@id":"https:\/\/bahiaeconomica.com.br\/wp\/2026\/03\/11\/carlos-muniz-abre-o-4o-congresso-baiano-de-vereadores\/","url":"https:\/\/bahiaeconomica.com.br\/wp\/2026\/03\/11\/carlos-muniz-abre-o-4o-congresso-baiano-de-vereadores\/","name":"CARLOS MUNIZ ABRE O 4\u00ba CONGRESSO BAIANO DE VEREADORES - Bahia Economica","isPartOf":{"@id":"https:\/\/bahiaeconomica.com.br\/wp\/#website"},"datePublished":"2026-03-11T21:55:13+00:00","dateModified":"2026-03-11T22:02:11+00:00","description":"O maior portal de Economia da Bahia Pol\u00edtica Bahia Economica","breadcrumb":{"@id":"https:\/\/bahiaeconomica.com.br\/wp\/2026\/03\/11\/carlos-muniz-abre-o-4o-congresso-baiano-de-vereadores\/#breadcrumb"},"inLanguage":"pt-BR","potentialAction":[{"@type":"ReadAction","target":["https:\/\/bahiaeconomica.com.br\/wp\/2026\/03\/11\/carlos-muniz-abre-o-4o-congresso-baiano-de-vereadores\/"]}]},{"@type":"BreadcrumbList","@id":"https:\/\/bahiaeconomica.com.br\/wp\/2026\/03\/11\/carlos-muniz-abre-o-4o-congresso-baiano-de-vereadores\/#breadcrumb","itemListElement":[{"@type":"ListItem","position":1,"name":"In\u00edcio","item":"https:\/\/bahiaeconomica.com.br\/wp\/"},{"@type":"ListItem","position":2,"name":"CARLOS MUNIZ ABRE O 4\u00ba CONGRESSO BAIANO DE VEREADORES"}]},{"@type":"WebSite","@id":"https:\/\/bahiaeconomica.com.br\/wp\/#website","url":"https:\/\/bahiaeconomica.com.br\/wp\/","name":"Bahia Economica","description":"O maior portal de Economia da Bahia","publisher":{"@id":"https:\/\/bahiaeconomica.com.br\/wp\/#organization"},"potentialAction":[{"@type":"SearchAction","target":{"@type":"EntryPoint","urlTemplate":"https:\/\/bahiaeconomica.com.br\/wp\/?s={search_term_string}"},"query-input":"required name=search_term_string"}],"inLanguage":"pt-BR"},{"@type":"Organization","@id":"https:\/\/bahiaeconomica.com.br\/wp\/#organization","name":"Bahia Econ\u00f4mica","url":"https:\/\/bahiaeconomica.com.br\/wp\/","logo":{"@type":"ImageObject","inLanguage":"pt-BR","@id":"https:\/\/bahiaeconomica.com.br\/wp\/#\/schema\/logo\/image\/","url":"https:\/\/bahiaeconomica.com.br\/wp\/wp-content\/uploads\/2020\/12\/cropped-BE.png","contentUrl":"https:\/\/bahiaeconomica.com.br\/wp\/wp-content\/uploads\/2020\/12\/cropped-BE.png","width":512,"height":512,"caption":"Bahia Econ\u00f4mica"},"image":{"@id":"https:\/\/bahiaeconomica.com.br\/wp\/#\/schema\/logo\/image\/"},"sameAs":["https:\/\/www.facebook.com\/bahiaeconomica"]},{"@type":"Person","@id":"https:\/\/bahiaeconomica.com.br\/wp\/#\/schema\/person\/b719ce0fb1c09f3c7a00d9243ced4a6f","name":"VICTORIA ISABEL","sameAs":["http:\/\/www.bahiaeconomica.com.br"],"url":"https:\/\/bahiaeconomica.com.br\/wp\/author\/victoria-isabel\/"}]}},"views":24,"_links":{"self":[{"href":"https:\/\/bahiaeconomica.com.br\/wp\/wp-json\/wp\/v2\/posts\/980516"}],"collection":[{"href":"https:\/\/bahiaeconomica.com.br\/wp\/wp-json\/wp\/v2\/posts"}],"about":[{"href":"https:\/\/bahiaeconomica.com.br\/wp\/wp-json\/wp\/v2\/types\/post"}],"author":[{"embeddable":true,"href":"https:\/\/bahiaeconomica.com.br\/wp\/wp-json\/wp\/v2\/users\/15"}],"replies":[{"embeddable":true,"href":"https:\/\/bahiaeconomica.com.br\/wp\/wp-json\/wp\/v2\/comments?post=980516"}],"version-history":[{"count":1,"href":"https:\/\/bahiaeconomica.com.br\/wp\/wp-json\/wp\/v2\/posts\/980516\/revisions"}],"predecessor-version":[{"id":980518,"href":"https:\/\/bahiaeconomica.com.br\/wp\/wp-json\/wp\/v2\/posts\/980516\/revisions\/980518"}],"wp:featuredmedia":[{"embeddable":true,"href":"https:\/\/bahiaeconomica.com.br\/wp\/wp-json\/wp\/v2\/media\/980517"}],"wp:attachment":[{"href":"https:\/\/bahiaeconomica.com.br\/wp\/wp-json\/wp\/v2\/media?parent=980516"}],"wp:term":[{"taxonomy":"category","embeddable":true,"href":"https:\/\/bahiaeconomica.com.br\/wp\/wp-json\/wp\/v2\/categories?post=980516"},{"taxonomy":"post_tag","embeddable":true,"href":"https:\/\/bahiaeconomica.com.br\/wp\/wp-json\/wp\/v2\/tags?post=980516"}],"curies":[{"name":"wp","href":"https:\/\/api.w.org\/{rel}","templated":true}]}}