{"id":980218,"date":"2026-03-11T07:40:55","date_gmt":"2026-03-11T10:40:55","guid":{"rendered":"https:\/\/bahiaeconomica.com.br\/wp\/?p=980218"},"modified":"2026-03-11T06:26:18","modified_gmt":"2026-03-11T09:26:18","slug":"camara-aprova-salvador-como-capital-federal-no-2-de-julho","status":"publish","type":"post","link":"https:\/\/bahiaeconomica.com.br\/wp\/2026\/03\/11\/camara-aprova-salvador-como-capital-federal-no-2-de-julho\/","title":{"rendered":"C\u00c2MARA APROVA SALVADOR COMO CAPITAL FEDERAL NO 2 DE JULHO"},"content":{"rendered":"<p>O plen\u00e1rio da C\u00e2mara dos Deputados aprovou, nesta ter\u00e7a-feira, 10, o Projeto de Lei 5672\/25, que oficializa Salvador como a sede simb\u00f3lica do Governo Federal anualmente no dia 2 de julho. A data, marco da Independ\u00eancia da Bahia, \u00e9 reconhecida historicamente como o momento de consolida\u00e7\u00e3o da soberania brasileira frente \u00e0s tropas portuguesas.<\/p>\n<p>O texto, de autoria do deputado Leo Prates (PDT), determina que os atos institucionais dos Poderes Executivo, Legislativo e Judici\u00e1rio sejam realizados na capital baiana durante a celebra\u00e7\u00e3o.<\/p>\n<p>Repara\u00e7\u00e3o hist\u00f3rica<\/p>\n<p>Para o autor da proposta, a mudan\u00e7a tempor\u00e1ria de sede \u00e9 um gesto de reconhecimento ao papel da Bahia na forma\u00e7\u00e3o do Brasil. &#8220;A transfer\u00eancia visa n\u00e3o apenas homenagear esses feitos, mas tamb\u00e9m resgatar a mem\u00f3ria hist\u00f3rica do pa\u00eds, garantindo que o protagonismo baiano seja devidamente reconhecido em n\u00edvel nacional&#8221;, justificou Prates durante a sess\u00e3o.<\/p>\n<p>Log\u00edstica e seguran\u00e7a<\/p>\n<p>A execu\u00e7\u00e3o da medida vai depender de um esquema de coopera\u00e7\u00e3o federativa. De acordo com o projeto aprovado:<\/p>\n<ul>\n<li>O Poder Executivo Federal vai ser o respons\u00e1vel por definir a log\u00edstica.<\/li>\n<li>As opera\u00e7\u00f5es de seguran\u00e7a e protocolo ser\u00e3o feitas em conjunto com as autoridades estaduais e municipais de Salvador.<\/li>\n<li>A proposta segue agora para as pr\u00f3ximas etapas de tramita\u00e7\u00e3o legislativa antes da san\u00e7\u00e3o presidencial.<\/li>\n<\/ul>\n<p>(A Tarde)<\/p>\n<p>Foto: National Geographic Brasil<\/p>\n<p>&nbsp;<\/p>\n<p>&nbsp;<\/p>\n","protected":false},"excerpt":{"rendered":"<p>O plen\u00e1rio da C\u00e2mara dos Deputados aprovou, nesta ter\u00e7a-feira, 10, o Projeto de Lei 5672\/25, que oficializa Salvador como a sede simb\u00f3lica do Governo Federal anualmente no dia 2 de julho. A data, marco da Independ\u00eancia da Bahia, \u00e9 reconhecida historicamente como o momento de consolida\u00e7\u00e3o da soberania brasileira frente \u00e0s tropas portuguesas. O texto, [&hellip;]<\/p>\n","protected":false},"author":8,"featured_media":980219,"comment_status":"closed","ping_status":"closed","sticky":false,"template":"","format":"standard","meta":[],"categories":[3],"tags":[1061,6687,1388,43905,27729,43904,5311,14842,1582,5310,73],"acf":[],"yoast_head":"<!-- This site is optimized with the Yoast SEO plugin v20.8 - https:\/\/yoast.com\/wordpress\/plugins\/seo\/ -->\n<title>C\u00c2MARA APROVA SALVADOR COMO CAPITAL FEDERAL NO 2 DE JULHO - Bahia Economica<\/title>\n<meta name=\"description\" content=\"O maior portal de Economia da Bahia ECONOMIA \/ POL\u00cdTICA Bahia Economica O plen\u00e1rio da C\u00e2mara dos Deputados aprovou, nesta ter\u00e7a-feira\" \/>\n<meta name=\"robots\" content=\"index, follow, max-snippet:-1, max-image-preview:large, max-video-preview:-1\" \/>\n<link rel=\"canonical\" href=\"https:\/\/bahiaeconomica.com.br\/wp\/2026\/03\/11\/camara-aprova-salvador-como-capital-federal-no-2-de-julho\/\" \/>\n<meta property=\"og:locale\" content=\"pt_BR\" \/>\n<meta property=\"og:type\" content=\"article\" \/>\n<meta property=\"og:title\" content=\"C\u00c2MARA APROVA SALVADOR COMO CAPITAL FEDERAL NO 2 DE JULHO - Bahia Economica\" \/>\n<meta property=\"og:description\" content=\"O maior portal de Economia da Bahia ECONOMIA \/ POL\u00cdTICA Bahia Economica O plen\u00e1rio da C\u00e2mara dos Deputados aprovou, nesta ter\u00e7a-feira\" \/>\n<meta property=\"og:url\" content=\"https:\/\/bahiaeconomica.com.br\/wp\/2026\/03\/11\/camara-aprova-salvador-como-capital-federal-no-2-de-julho\/\" \/>\n<meta property=\"og:site_name\" content=\"Bahia Economica\" \/>\n<meta property=\"article:publisher\" content=\"https:\/\/www.facebook.com\/bahiaeconomica\" \/>\n<meta property=\"article:published_time\" content=\"2026-03-11T10:40:55+00:00\" \/>\n<meta property=\"article:modified_time\" content=\"2026-03-11T09:26:18+00:00\" \/>\n<meta property=\"og:image\" content=\"https:\/\/bahiaeconomica.com.br\/wp\/wp-content\/uploads\/2026\/03\/rota-sao-paulo-bahia-lidera-maior-fluxo-de-passage0138133400202603021230-ScaleDownProportional.webp\" \/>\n\t<meta property=\"og:image:width\" content=\"1190\" \/>\n\t<meta property=\"og:image:height\" content=\"670\" \/>\n\t<meta property=\"og:image:type\" content=\"image\/webp\" \/>\n<meta name=\"author\" content=\"JP\" \/>\n<meta name=\"twitter:card\" content=\"summary_large_image\" \/>\n<meta name=\"twitter:label1\" content=\"Escrito por\" \/>\n\t<meta name=\"twitter:data1\" content=\"JP\" \/>\n\t<meta name=\"twitter:label2\" content=\"Est. tempo de leitura\" \/>\n\t<meta name=\"twitter:data2\" content=\"2 minutos\" \/>\n<script type=\"application\/ld+json\" class=\"yoast-schema-graph\">{\"@context\":\"https:\/\/schema.org\",\"@graph\":[{\"@type\":\"Article\",\"@id\":\"https:\/\/bahiaeconomica.com.br\/wp\/2026\/03\/11\/camara-aprova-salvador-como-capital-federal-no-2-de-julho\/#article\",\"isPartOf\":{\"@id\":\"https:\/\/bahiaeconomica.com.br\/wp\/2026\/03\/11\/camara-aprova-salvador-como-capital-federal-no-2-de-julho\/\"},\"author\":{\"name\":\"JP\",\"@id\":\"https:\/\/bahiaeconomica.com.br\/wp\/#\/schema\/person\/c86d3a3f8960425a0f9d0e5245991f4e\"},\"headline\":\"C\u00c2MARA APROVA SALVADOR COMO CAPITAL FEDERAL NO 2 DE JULHO\",\"datePublished\":\"2026-03-11T10:40:55+00:00\",\"dateModified\":\"2026-03-11T09:26:18+00:00\",\"mainEntityOfPage\":{\"@id\":\"https:\/\/bahiaeconomica.com.br\/wp\/2026\/03\/11\/camara-aprova-salvador-como-capital-federal-no-2-de-julho\/\"},\"wordCount\":250,\"publisher\":{\"@id\":\"https:\/\/bahiaeconomica.com.br\/wp\/#organization\"},\"keywords\":[\"C\u00e2mara\",\"coopera\u00e7\u00e3o\",\"da bahia\",\"de Lei 5672\/25\",\"DOS DEPUTADOS\",\"federativa\",\"hist\u00f3rica\",\"Independ\u00eancia\",\"projeto\",\"repara\u00e7\u00e3o\",\"Salvador\"],\"articleSection\":[\"ECONOMIA \/ POL\u00cdTICA\"],\"inLanguage\":\"pt-BR\"},{\"@type\":\"WebPage\",\"@id\":\"https:\/\/bahiaeconomica.com.br\/wp\/2026\/03\/11\/camara-aprova-salvador-como-capital-federal-no-2-de-julho\/\",\"url\":\"https:\/\/bahiaeconomica.com.br\/wp\/2026\/03\/11\/camara-aprova-salvador-como-capital-federal-no-2-de-julho\/\",\"name\":\"C\u00c2MARA APROVA SALVADOR COMO CAPITAL FEDERAL NO 2 DE JULHO - Bahia Economica\",\"isPartOf\":{\"@id\":\"https:\/\/bahiaeconomica.com.br\/wp\/#website\"},\"datePublished\":\"2026-03-11T10:40:55+00:00\",\"dateModified\":\"2026-03-11T09:26:18+00:00\",\"description\":\"O maior portal de Economia da Bahia ECONOMIA \/ POL\u00cdTICA Bahia Economica O plen\u00e1rio da C\u00e2mara dos Deputados aprovou, nesta ter\u00e7a-feira\",\"breadcrumb\":{\"@id\":\"https:\/\/bahiaeconomica.com.br\/wp\/2026\/03\/11\/camara-aprova-salvador-como-capital-federal-no-2-de-julho\/#breadcrumb\"},\"inLanguage\":\"pt-BR\",\"potentialAction\":[{\"@type\":\"ReadAction\",\"target\":[\"https:\/\/bahiaeconomica.com.br\/wp\/2026\/03\/11\/camara-aprova-salvador-como-capital-federal-no-2-de-julho\/\"]}]},{\"@type\":\"BreadcrumbList\",\"@id\":\"https:\/\/bahiaeconomica.com.br\/wp\/2026\/03\/11\/camara-aprova-salvador-como-capital-federal-no-2-de-julho\/#breadcrumb\",\"itemListElement\":[{\"@type\":\"ListItem\",\"position\":1,\"name\":\"In\u00edcio\",\"item\":\"https:\/\/bahiaeconomica.com.br\/wp\/\"},{\"@type\":\"ListItem\",\"position\":2,\"name\":\"C\u00c2MARA APROVA SALVADOR COMO CAPITAL FEDERAL NO 2 DE JULHO\"}]},{\"@type\":\"WebSite\",\"@id\":\"https:\/\/bahiaeconomica.com.br\/wp\/#website\",\"url\":\"https:\/\/bahiaeconomica.com.br\/wp\/\",\"name\":\"Bahia Economica\",\"description\":\"O maior portal de Economia da Bahia\",\"publisher\":{\"@id\":\"https:\/\/bahiaeconomica.com.br\/wp\/#organization\"},\"potentialAction\":[{\"@type\":\"SearchAction\",\"target\":{\"@type\":\"EntryPoint\",\"urlTemplate\":\"https:\/\/bahiaeconomica.com.br\/wp\/?s={search_term_string}\"},\"query-input\":\"required name=search_term_string\"}],\"inLanguage\":\"pt-BR\"},{\"@type\":\"Organization\",\"@id\":\"https:\/\/bahiaeconomica.com.br\/wp\/#organization\",\"name\":\"Bahia Econ\u00f4mica\",\"url\":\"https:\/\/bahiaeconomica.com.br\/wp\/\",\"logo\":{\"@type\":\"ImageObject\",\"inLanguage\":\"pt-BR\",\"@id\":\"https:\/\/bahiaeconomica.com.br\/wp\/#\/schema\/logo\/image\/\",\"url\":\"https:\/\/bahiaeconomica.com.br\/wp\/wp-content\/uploads\/2020\/12\/cropped-BE.png\",\"contentUrl\":\"https:\/\/bahiaeconomica.com.br\/wp\/wp-content\/uploads\/2020\/12\/cropped-BE.png\",\"width\":512,\"height\":512,\"caption\":\"Bahia Econ\u00f4mica\"},\"image\":{\"@id\":\"https:\/\/bahiaeconomica.com.br\/wp\/#\/schema\/logo\/image\/\"},\"sameAs\":[\"https:\/\/www.facebook.com\/bahiaeconomica\"]},{\"@type\":\"Person\",\"@id\":\"https:\/\/bahiaeconomica.com.br\/wp\/#\/schema\/person\/c86d3a3f8960425a0f9d0e5245991f4e\",\"name\":\"JP\",\"sameAs\":[\"https:\/\/bahiaeconomica.com.br\/wp\/beta\/\"],\"url\":\"https:\/\/bahiaeconomica.com.br\/wp\/author\/jp\/\"}]}<\/script>\n<!-- \/ Yoast SEO plugin. -->","yoast_head_json":{"title":"C\u00c2MARA APROVA SALVADOR COMO CAPITAL FEDERAL NO 2 DE JULHO - Bahia Economica","description":"O maior portal de Economia da Bahia ECONOMIA \/ POL\u00cdTICA Bahia Economica O plen\u00e1rio da C\u00e2mara dos Deputados aprovou, nesta ter\u00e7a-feira","robots":{"index":"index","follow":"follow","max-snippet":"max-snippet:-1","max-image-preview":"max-image-preview:large","max-video-preview":"max-video-preview:-1"},"canonical":"https:\/\/bahiaeconomica.com.br\/wp\/2026\/03\/11\/camara-aprova-salvador-como-capital-federal-no-2-de-julho\/","og_locale":"pt_BR","og_type":"article","og_title":"C\u00c2MARA APROVA SALVADOR COMO CAPITAL FEDERAL NO 2 DE JULHO - Bahia Economica","og_description":"O maior portal de Economia da Bahia ECONOMIA \/ POL\u00cdTICA Bahia Economica O plen\u00e1rio da C\u00e2mara dos Deputados aprovou, nesta ter\u00e7a-feira","og_url":"https:\/\/bahiaeconomica.com.br\/wp\/2026\/03\/11\/camara-aprova-salvador-como-capital-federal-no-2-de-julho\/","og_site_name":"Bahia Economica","article_publisher":"https:\/\/www.facebook.com\/bahiaeconomica","article_published_time":"2026-03-11T10:40:55+00:00","article_modified_time":"2026-03-11T09:26:18+00:00","og_image":[{"width":1190,"height":670,"url":"https:\/\/bahiaeconomica.com.br\/wp\/wp-content\/uploads\/2026\/03\/rota-sao-paulo-bahia-lidera-maior-fluxo-de-passage0138133400202603021230-ScaleDownProportional.webp","type":"image\/webp"}],"author":"JP","twitter_card":"summary_large_image","twitter_misc":{"Escrito por":"JP","Est. tempo de leitura":"2 minutos"},"schema":{"@context":"https:\/\/schema.org","@graph":[{"@type":"Article","@id":"https:\/\/bahiaeconomica.com.br\/wp\/2026\/03\/11\/camara-aprova-salvador-como-capital-federal-no-2-de-julho\/#article","isPartOf":{"@id":"https:\/\/bahiaeconomica.com.br\/wp\/2026\/03\/11\/camara-aprova-salvador-como-capital-federal-no-2-de-julho\/"},"author":{"name":"JP","@id":"https:\/\/bahiaeconomica.com.br\/wp\/#\/schema\/person\/c86d3a3f8960425a0f9d0e5245991f4e"},"headline":"C\u00c2MARA APROVA SALVADOR COMO CAPITAL FEDERAL NO 2 DE JULHO","datePublished":"2026-03-11T10:40:55+00:00","dateModified":"2026-03-11T09:26:18+00:00","mainEntityOfPage":{"@id":"https:\/\/bahiaeconomica.com.br\/wp\/2026\/03\/11\/camara-aprova-salvador-como-capital-federal-no-2-de-julho\/"},"wordCount":250,"publisher":{"@id":"https:\/\/bahiaeconomica.com.br\/wp\/#organization"},"keywords":["C\u00e2mara","coopera\u00e7\u00e3o","da bahia","de Lei 5672\/25","DOS DEPUTADOS","federativa","hist\u00f3rica","Independ\u00eancia","projeto","repara\u00e7\u00e3o","Salvador"],"articleSection":["ECONOMIA \/ POL\u00cdTICA"],"inLanguage":"pt-BR"},{"@type":"WebPage","@id":"https:\/\/bahiaeconomica.com.br\/wp\/2026\/03\/11\/camara-aprova-salvador-como-capital-federal-no-2-de-julho\/","url":"https:\/\/bahiaeconomica.com.br\/wp\/2026\/03\/11\/camara-aprova-salvador-como-capital-federal-no-2-de-julho\/","name":"C\u00c2MARA APROVA SALVADOR COMO CAPITAL FEDERAL NO 2 DE JULHO - Bahia Economica","isPartOf":{"@id":"https:\/\/bahiaeconomica.com.br\/wp\/#website"},"datePublished":"2026-03-11T10:40:55+00:00","dateModified":"2026-03-11T09:26:18+00:00","description":"O maior portal de Economia da Bahia ECONOMIA \/ POL\u00cdTICA Bahia Economica O plen\u00e1rio da C\u00e2mara dos Deputados aprovou, nesta ter\u00e7a-feira","breadcrumb":{"@id":"https:\/\/bahiaeconomica.com.br\/wp\/2026\/03\/11\/camara-aprova-salvador-como-capital-federal-no-2-de-julho\/#breadcrumb"},"inLanguage":"pt-BR","potentialAction":[{"@type":"ReadAction","target":["https:\/\/bahiaeconomica.com.br\/wp\/2026\/03\/11\/camara-aprova-salvador-como-capital-federal-no-2-de-julho\/"]}]},{"@type":"BreadcrumbList","@id":"https:\/\/bahiaeconomica.com.br\/wp\/2026\/03\/11\/camara-aprova-salvador-como-capital-federal-no-2-de-julho\/#breadcrumb","itemListElement":[{"@type":"ListItem","position":1,"name":"In\u00edcio","item":"https:\/\/bahiaeconomica.com.br\/wp\/"},{"@type":"ListItem","position":2,"name":"C\u00c2MARA APROVA SALVADOR COMO CAPITAL FEDERAL NO 2 DE JULHO"}]},{"@type":"WebSite","@id":"https:\/\/bahiaeconomica.com.br\/wp\/#website","url":"https:\/\/bahiaeconomica.com.br\/wp\/","name":"Bahia Economica","description":"O maior portal de Economia da Bahia","publisher":{"@id":"https:\/\/bahiaeconomica.com.br\/wp\/#organization"},"potentialAction":[{"@type":"SearchAction","target":{"@type":"EntryPoint","urlTemplate":"https:\/\/bahiaeconomica.com.br\/wp\/?s={search_term_string}"},"query-input":"required name=search_term_string"}],"inLanguage":"pt-BR"},{"@type":"Organization","@id":"https:\/\/bahiaeconomica.com.br\/wp\/#organization","name":"Bahia Econ\u00f4mica","url":"https:\/\/bahiaeconomica.com.br\/wp\/","logo":{"@type":"ImageObject","inLanguage":"pt-BR","@id":"https:\/\/bahiaeconomica.com.br\/wp\/#\/schema\/logo\/image\/","url":"https:\/\/bahiaeconomica.com.br\/wp\/wp-content\/uploads\/2020\/12\/cropped-BE.png","contentUrl":"https:\/\/bahiaeconomica.com.br\/wp\/wp-content\/uploads\/2020\/12\/cropped-BE.png","width":512,"height":512,"caption":"Bahia Econ\u00f4mica"},"image":{"@id":"https:\/\/bahiaeconomica.com.br\/wp\/#\/schema\/logo\/image\/"},"sameAs":["https:\/\/www.facebook.com\/bahiaeconomica"]},{"@type":"Person","@id":"https:\/\/bahiaeconomica.com.br\/wp\/#\/schema\/person\/c86d3a3f8960425a0f9d0e5245991f4e","name":"JP","sameAs":["https:\/\/bahiaeconomica.com.br\/wp\/beta\/"],"url":"https:\/\/bahiaeconomica.com.br\/wp\/author\/jp\/"}]}},"views":15,"_links":{"self":[{"href":"https:\/\/bahiaeconomica.com.br\/wp\/wp-json\/wp\/v2\/posts\/980218"}],"collection":[{"href":"https:\/\/bahiaeconomica.com.br\/wp\/wp-json\/wp\/v2\/posts"}],"about":[{"href":"https:\/\/bahiaeconomica.com.br\/wp\/wp-json\/wp\/v2\/types\/post"}],"author":[{"embeddable":true,"href":"https:\/\/bahiaeconomica.com.br\/wp\/wp-json\/wp\/v2\/users\/8"}],"replies":[{"embeddable":true,"href":"https:\/\/bahiaeconomica.com.br\/wp\/wp-json\/wp\/v2\/comments?post=980218"}],"version-history":[{"count":1,"href":"https:\/\/bahiaeconomica.com.br\/wp\/wp-json\/wp\/v2\/posts\/980218\/revisions"}],"predecessor-version":[{"id":980220,"href":"https:\/\/bahiaeconomica.com.br\/wp\/wp-json\/wp\/v2\/posts\/980218\/revisions\/980220"}],"wp:featuredmedia":[{"embeddable":true,"href":"https:\/\/bahiaeconomica.com.br\/wp\/wp-json\/wp\/v2\/media\/980219"}],"wp:attachment":[{"href":"https:\/\/bahiaeconomica.com.br\/wp\/wp-json\/wp\/v2\/media?parent=980218"}],"wp:term":[{"taxonomy":"category","embeddable":true,"href":"https:\/\/bahiaeconomica.com.br\/wp\/wp-json\/wp\/v2\/categories?post=980218"},{"taxonomy":"post_tag","embeddable":true,"href":"https:\/\/bahiaeconomica.com.br\/wp\/wp-json\/wp\/v2\/tags?post=980218"}],"curies":[{"name":"wp","href":"https:\/\/api.w.org\/{rel}","templated":true}]}}