{"id":980194,"date":"2026-03-10T15:00:20","date_gmt":"2026-03-10T18:00:20","guid":{"rendered":"https:\/\/bahiaeconomica.com.br\/wp\/?p=980194"},"modified":"2026-03-10T20:05:10","modified_gmt":"2026-03-10T23:05:10","slug":"professor-valorizado-educacao-forte-diz-vereador-ao-garantir-apoio-ao-reajuste-da-categoria-em-camacari","status":"publish","type":"post","link":"https:\/\/bahiaeconomica.com.br\/wp\/2026\/03\/10\/professor-valorizado-educacao-forte-diz-vereador-ao-garantir-apoio-ao-reajuste-da-categoria-em-camacari\/","title":{"rendered":"\u201cPROFESSOR VALORIZADO, EDUCA\u00c7\u00c3O FORTE\u201d, DIZ VEREADOR AO GARANTIR APOIO AO REAJUSTE DA CATEGORIA EM CAMA\u00c7ARI"},"content":{"rendered":"<p>O vereador Dilson Magalh\u00e3es (PP) afirmou, nesta ter\u00e7a-feira (10), que os professores da rede municipal de Cama\u00e7ari podem contar com seu voto favor\u00e1vel quando o projeto de lei que prev\u00ea o reajuste salarial da categoria chegar \u00e0 C\u00e2mara Municipal. A proposta, constru\u00edda a partir do di\u00e1logo entre a gest\u00e3o municipal e o Sindicato das Professoras e Professores da Rede P\u00fablica (Sispec), foi aprovada em assembleia realizada hoje e prev\u00ea reajustes que variam entre 5,4% e 10,36%, conforme a posi\u00e7\u00e3o de cada profissional na carreira.<\/p>\n<p>Segundo Magalh\u00e3es, o acordo firmado demonstra compromisso com a valoriza\u00e7\u00e3o dos educadores. \u201cQuero deixar claro que, assim que esse projeto chegar \u00e0 C\u00e2mara, ter\u00e1 o meu apoio. Professor valorizado significa educa\u00e7\u00e3o forte. Aproveito para louvar a postura da gest\u00e3o municipal em manter uma mesa permanente de negocia\u00e7\u00e3o, buscando o entendimento com os educadores. Isso demonstra respeito pela categoria e um compromisso com a qualidade do ensino em Cama\u00e7ari\u201d, afirmou.<\/p>\n<p>O vereador tamb\u00e9m destacou que o entendimento entre o governo municipal e o Sispec foi resultado de um processo de negocia\u00e7\u00e3o transparente, que contou com seis propostas apresentadas pela gest\u00e3o at\u00e9 se chegar a um consenso com os profissionais da educa\u00e7\u00e3o.<\/p>\n<p>\u201cVale ressaltar que este \u00e9 o segundo ano consecutivo em que a gest\u00e3o municipal garante aumento real para os professores da rede p\u00fablica de Cama\u00e7ari. Em 2025, j\u00e1 houve reajuste de 6,27% e agora temos um novo avan\u00e7o, que chega a at\u00e9 10,36%. Isso demonstra que estamos diante de um governo que valoriza os educadores e entende que investir em quem est\u00e1 na sala de aula \u00e9 investir no futuro do nosso munic\u00edpio\u201d, concluiu Magalh\u00e3es.<\/p>\n<p>Foto: Taiz Souza<\/p>\n","protected":false},"excerpt":{"rendered":"<p>O vereador Dilson Magalh\u00e3es (PP) afirmou, nesta ter\u00e7a-feira (10), que os professores da rede municipal de Cama\u00e7ari podem contar com seu voto favor\u00e1vel quando o projeto de lei que prev\u00ea o reajuste salarial da categoria chegar \u00e0 C\u00e2mara Municipal. A proposta, constru\u00edda a partir do di\u00e1logo entre a gest\u00e3o municipal e o Sindicato das Professoras [&hellip;]<\/p>\n","protected":false},"author":8,"featured_media":980195,"comment_status":"closed","ping_status":"closed","sticky":false,"template":"","format":"standard","meta":[],"categories":[5,14601],"tags":[],"acf":[],"yoast_head":"<!-- This site is optimized with the Yoast SEO plugin v20.8 - https:\/\/yoast.com\/wordpress\/plugins\/seo\/ -->\n<title>\u201cPROFESSOR VALORIZADO, EDUCA\u00c7\u00c3O FORTE\u201d, DIZ VEREADOR AO GARANTIR APOIO AO REAJUSTE DA CATEGORIA EM CAMA\u00c7ARI - Bahia Economica<\/title>\n<meta name=\"description\" content=\"O maior portal de Economia da Bahia MUNIC\u00cdPIOS, Pol\u00edtica Bahia Economica\" \/>\n<meta name=\"robots\" content=\"index, follow, max-snippet:-1, max-image-preview:large, max-video-preview:-1\" \/>\n<link rel=\"canonical\" href=\"https:\/\/bahiaeconomica.com.br\/wp\/2026\/03\/10\/professor-valorizado-educacao-forte-diz-vereador-ao-garantir-apoio-ao-reajuste-da-categoria-em-camacari\/\" \/>\n<meta property=\"og:locale\" content=\"pt_BR\" \/>\n<meta property=\"og:type\" content=\"article\" \/>\n<meta property=\"og:title\" content=\"\u201cPROFESSOR VALORIZADO, EDUCA\u00c7\u00c3O FORTE\u201d, DIZ VEREADOR AO GARANTIR APOIO AO REAJUSTE DA CATEGORIA EM CAMA\u00c7ARI - Bahia Economica\" \/>\n<meta property=\"og:description\" content=\"O maior portal de Economia da Bahia MUNIC\u00cdPIOS, Pol\u00edtica Bahia Economica\" \/>\n<meta property=\"og:url\" content=\"https:\/\/bahiaeconomica.com.br\/wp\/2026\/03\/10\/professor-valorizado-educacao-forte-diz-vereador-ao-garantir-apoio-ao-reajuste-da-categoria-em-camacari\/\" \/>\n<meta property=\"og:site_name\" content=\"Bahia Economica\" \/>\n<meta property=\"article:publisher\" content=\"https:\/\/www.facebook.com\/bahiaeconomica\" \/>\n<meta property=\"article:published_time\" content=\"2026-03-10T18:00:20+00:00\" \/>\n<meta property=\"article:modified_time\" content=\"2026-03-10T23:05:10+00:00\" \/>\n<meta property=\"og:image\" content=\"https:\/\/bahiaeconomica.com.br\/wp\/wp-content\/uploads\/2026\/03\/WhatsApp-Image-2026-03-10-at-20.01.31.jpeg\" \/>\n\t<meta property=\"og:image:width\" content=\"1190\" \/>\n\t<meta property=\"og:image:height\" content=\"973\" \/>\n\t<meta property=\"og:image:type\" content=\"image\/jpeg\" \/>\n<meta name=\"author\" content=\"JP\" \/>\n<meta name=\"twitter:card\" content=\"summary_large_image\" \/>\n<meta name=\"twitter:label1\" content=\"Escrito por\" \/>\n\t<meta name=\"twitter:data1\" content=\"JP\" \/>\n\t<meta name=\"twitter:label2\" content=\"Est. tempo de leitura\" \/>\n\t<meta name=\"twitter:data2\" content=\"2 minutos\" \/>\n<script type=\"application\/ld+json\" class=\"yoast-schema-graph\">{\"@context\":\"https:\/\/schema.org\",\"@graph\":[{\"@type\":\"Article\",\"@id\":\"https:\/\/bahiaeconomica.com.br\/wp\/2026\/03\/10\/professor-valorizado-educacao-forte-diz-vereador-ao-garantir-apoio-ao-reajuste-da-categoria-em-camacari\/#article\",\"isPartOf\":{\"@id\":\"https:\/\/bahiaeconomica.com.br\/wp\/2026\/03\/10\/professor-valorizado-educacao-forte-diz-vereador-ao-garantir-apoio-ao-reajuste-da-categoria-em-camacari\/\"},\"author\":{\"name\":\"JP\",\"@id\":\"https:\/\/bahiaeconomica.com.br\/wp\/#\/schema\/person\/c86d3a3f8960425a0f9d0e5245991f4e\"},\"headline\":\"\u201cPROFESSOR VALORIZADO, EDUCA\u00c7\u00c3O FORTE\u201d, DIZ VEREADOR AO GARANTIR APOIO AO REAJUSTE DA CATEGORIA EM CAMA\u00c7ARI\",\"datePublished\":\"2026-03-10T18:00:20+00:00\",\"dateModified\":\"2026-03-10T23:05:10+00:00\",\"mainEntityOfPage\":{\"@id\":\"https:\/\/bahiaeconomica.com.br\/wp\/2026\/03\/10\/professor-valorizado-educacao-forte-diz-vereador-ao-garantir-apoio-ao-reajuste-da-categoria-em-camacari\/\"},\"wordCount\":306,\"publisher\":{\"@id\":\"https:\/\/bahiaeconomica.com.br\/wp\/#organization\"},\"articleSection\":[\"MUNIC\u00cdPIOS\",\"Pol\u00edtica\"],\"inLanguage\":\"pt-BR\"},{\"@type\":\"WebPage\",\"@id\":\"https:\/\/bahiaeconomica.com.br\/wp\/2026\/03\/10\/professor-valorizado-educacao-forte-diz-vereador-ao-garantir-apoio-ao-reajuste-da-categoria-em-camacari\/\",\"url\":\"https:\/\/bahiaeconomica.com.br\/wp\/2026\/03\/10\/professor-valorizado-educacao-forte-diz-vereador-ao-garantir-apoio-ao-reajuste-da-categoria-em-camacari\/\",\"name\":\"\u201cPROFESSOR VALORIZADO, EDUCA\u00c7\u00c3O FORTE\u201d, DIZ VEREADOR AO GARANTIR APOIO AO REAJUSTE DA CATEGORIA EM CAMA\u00c7ARI - Bahia Economica\",\"isPartOf\":{\"@id\":\"https:\/\/bahiaeconomica.com.br\/wp\/#website\"},\"datePublished\":\"2026-03-10T18:00:20+00:00\",\"dateModified\":\"2026-03-10T23:05:10+00:00\",\"description\":\"O maior portal de Economia da Bahia MUNIC\u00cdPIOS, Pol\u00edtica Bahia Economica\",\"breadcrumb\":{\"@id\":\"https:\/\/bahiaeconomica.com.br\/wp\/2026\/03\/10\/professor-valorizado-educacao-forte-diz-vereador-ao-garantir-apoio-ao-reajuste-da-categoria-em-camacari\/#breadcrumb\"},\"inLanguage\":\"pt-BR\",\"potentialAction\":[{\"@type\":\"ReadAction\",\"target\":[\"https:\/\/bahiaeconomica.com.br\/wp\/2026\/03\/10\/professor-valorizado-educacao-forte-diz-vereador-ao-garantir-apoio-ao-reajuste-da-categoria-em-camacari\/\"]}]},{\"@type\":\"BreadcrumbList\",\"@id\":\"https:\/\/bahiaeconomica.com.br\/wp\/2026\/03\/10\/professor-valorizado-educacao-forte-diz-vereador-ao-garantir-apoio-ao-reajuste-da-categoria-em-camacari\/#breadcrumb\",\"itemListElement\":[{\"@type\":\"ListItem\",\"position\":1,\"name\":\"In\u00edcio\",\"item\":\"https:\/\/bahiaeconomica.com.br\/wp\/\"},{\"@type\":\"ListItem\",\"position\":2,\"name\":\"\u201cPROFESSOR VALORIZADO, EDUCA\u00c7\u00c3O FORTE\u201d, DIZ VEREADOR AO GARANTIR APOIO AO REAJUSTE DA CATEGORIA EM CAMA\u00c7ARI\"}]},{\"@type\":\"WebSite\",\"@id\":\"https:\/\/bahiaeconomica.com.br\/wp\/#website\",\"url\":\"https:\/\/bahiaeconomica.com.br\/wp\/\",\"name\":\"Bahia Economica\",\"description\":\"O maior portal de Economia da Bahia\",\"publisher\":{\"@id\":\"https:\/\/bahiaeconomica.com.br\/wp\/#organization\"},\"potentialAction\":[{\"@type\":\"SearchAction\",\"target\":{\"@type\":\"EntryPoint\",\"urlTemplate\":\"https:\/\/bahiaeconomica.com.br\/wp\/?s={search_term_string}\"},\"query-input\":\"required name=search_term_string\"}],\"inLanguage\":\"pt-BR\"},{\"@type\":\"Organization\",\"@id\":\"https:\/\/bahiaeconomica.com.br\/wp\/#organization\",\"name\":\"Bahia Econ\u00f4mica\",\"url\":\"https:\/\/bahiaeconomica.com.br\/wp\/\",\"logo\":{\"@type\":\"ImageObject\",\"inLanguage\":\"pt-BR\",\"@id\":\"https:\/\/bahiaeconomica.com.br\/wp\/#\/schema\/logo\/image\/\",\"url\":\"https:\/\/bahiaeconomica.com.br\/wp\/wp-content\/uploads\/2020\/12\/cropped-BE.png\",\"contentUrl\":\"https:\/\/bahiaeconomica.com.br\/wp\/wp-content\/uploads\/2020\/12\/cropped-BE.png\",\"width\":512,\"height\":512,\"caption\":\"Bahia Econ\u00f4mica\"},\"image\":{\"@id\":\"https:\/\/bahiaeconomica.com.br\/wp\/#\/schema\/logo\/image\/\"},\"sameAs\":[\"https:\/\/www.facebook.com\/bahiaeconomica\"]},{\"@type\":\"Person\",\"@id\":\"https:\/\/bahiaeconomica.com.br\/wp\/#\/schema\/person\/c86d3a3f8960425a0f9d0e5245991f4e\",\"name\":\"JP\",\"sameAs\":[\"https:\/\/bahiaeconomica.com.br\/wp\/beta\/\"],\"url\":\"https:\/\/bahiaeconomica.com.br\/wp\/author\/jp\/\"}]}<\/script>\n<!-- \/ Yoast SEO plugin. -->","yoast_head_json":{"title":"\u201cPROFESSOR VALORIZADO, EDUCA\u00c7\u00c3O FORTE\u201d, DIZ VEREADOR AO GARANTIR APOIO AO REAJUSTE DA CATEGORIA EM CAMA\u00c7ARI - Bahia Economica","description":"O maior portal de Economia da Bahia MUNIC\u00cdPIOS, Pol\u00edtica Bahia Economica","robots":{"index":"index","follow":"follow","max-snippet":"max-snippet:-1","max-image-preview":"max-image-preview:large","max-video-preview":"max-video-preview:-1"},"canonical":"https:\/\/bahiaeconomica.com.br\/wp\/2026\/03\/10\/professor-valorizado-educacao-forte-diz-vereador-ao-garantir-apoio-ao-reajuste-da-categoria-em-camacari\/","og_locale":"pt_BR","og_type":"article","og_title":"\u201cPROFESSOR VALORIZADO, EDUCA\u00c7\u00c3O FORTE\u201d, DIZ VEREADOR AO GARANTIR APOIO AO REAJUSTE DA CATEGORIA EM CAMA\u00c7ARI - Bahia Economica","og_description":"O maior portal de Economia da Bahia MUNIC\u00cdPIOS, Pol\u00edtica Bahia Economica","og_url":"https:\/\/bahiaeconomica.com.br\/wp\/2026\/03\/10\/professor-valorizado-educacao-forte-diz-vereador-ao-garantir-apoio-ao-reajuste-da-categoria-em-camacari\/","og_site_name":"Bahia Economica","article_publisher":"https:\/\/www.facebook.com\/bahiaeconomica","article_published_time":"2026-03-10T18:00:20+00:00","article_modified_time":"2026-03-10T23:05:10+00:00","og_image":[{"width":1190,"height":973,"url":"https:\/\/bahiaeconomica.com.br\/wp\/wp-content\/uploads\/2026\/03\/WhatsApp-Image-2026-03-10-at-20.01.31.jpeg","type":"image\/jpeg"}],"author":"JP","twitter_card":"summary_large_image","twitter_misc":{"Escrito por":"JP","Est. tempo de leitura":"2 minutos"},"schema":{"@context":"https:\/\/schema.org","@graph":[{"@type":"Article","@id":"https:\/\/bahiaeconomica.com.br\/wp\/2026\/03\/10\/professor-valorizado-educacao-forte-diz-vereador-ao-garantir-apoio-ao-reajuste-da-categoria-em-camacari\/#article","isPartOf":{"@id":"https:\/\/bahiaeconomica.com.br\/wp\/2026\/03\/10\/professor-valorizado-educacao-forte-diz-vereador-ao-garantir-apoio-ao-reajuste-da-categoria-em-camacari\/"},"author":{"name":"JP","@id":"https:\/\/bahiaeconomica.com.br\/wp\/#\/schema\/person\/c86d3a3f8960425a0f9d0e5245991f4e"},"headline":"\u201cPROFESSOR VALORIZADO, EDUCA\u00c7\u00c3O FORTE\u201d, DIZ VEREADOR AO GARANTIR APOIO AO REAJUSTE DA CATEGORIA EM CAMA\u00c7ARI","datePublished":"2026-03-10T18:00:20+00:00","dateModified":"2026-03-10T23:05:10+00:00","mainEntityOfPage":{"@id":"https:\/\/bahiaeconomica.com.br\/wp\/2026\/03\/10\/professor-valorizado-educacao-forte-diz-vereador-ao-garantir-apoio-ao-reajuste-da-categoria-em-camacari\/"},"wordCount":306,"publisher":{"@id":"https:\/\/bahiaeconomica.com.br\/wp\/#organization"},"articleSection":["MUNIC\u00cdPIOS","Pol\u00edtica"],"inLanguage":"pt-BR"},{"@type":"WebPage","@id":"https:\/\/bahiaeconomica.com.br\/wp\/2026\/03\/10\/professor-valorizado-educacao-forte-diz-vereador-ao-garantir-apoio-ao-reajuste-da-categoria-em-camacari\/","url":"https:\/\/bahiaeconomica.com.br\/wp\/2026\/03\/10\/professor-valorizado-educacao-forte-diz-vereador-ao-garantir-apoio-ao-reajuste-da-categoria-em-camacari\/","name":"\u201cPROFESSOR VALORIZADO, EDUCA\u00c7\u00c3O FORTE\u201d, DIZ VEREADOR AO GARANTIR APOIO AO REAJUSTE DA CATEGORIA EM CAMA\u00c7ARI - Bahia Economica","isPartOf":{"@id":"https:\/\/bahiaeconomica.com.br\/wp\/#website"},"datePublished":"2026-03-10T18:00:20+00:00","dateModified":"2026-03-10T23:05:10+00:00","description":"O maior portal de Economia da Bahia MUNIC\u00cdPIOS, Pol\u00edtica Bahia Economica","breadcrumb":{"@id":"https:\/\/bahiaeconomica.com.br\/wp\/2026\/03\/10\/professor-valorizado-educacao-forte-diz-vereador-ao-garantir-apoio-ao-reajuste-da-categoria-em-camacari\/#breadcrumb"},"inLanguage":"pt-BR","potentialAction":[{"@type":"ReadAction","target":["https:\/\/bahiaeconomica.com.br\/wp\/2026\/03\/10\/professor-valorizado-educacao-forte-diz-vereador-ao-garantir-apoio-ao-reajuste-da-categoria-em-camacari\/"]}]},{"@type":"BreadcrumbList","@id":"https:\/\/bahiaeconomica.com.br\/wp\/2026\/03\/10\/professor-valorizado-educacao-forte-diz-vereador-ao-garantir-apoio-ao-reajuste-da-categoria-em-camacari\/#breadcrumb","itemListElement":[{"@type":"ListItem","position":1,"name":"In\u00edcio","item":"https:\/\/bahiaeconomica.com.br\/wp\/"},{"@type":"ListItem","position":2,"name":"\u201cPROFESSOR VALORIZADO, EDUCA\u00c7\u00c3O FORTE\u201d, DIZ VEREADOR AO GARANTIR APOIO AO REAJUSTE DA CATEGORIA EM CAMA\u00c7ARI"}]},{"@type":"WebSite","@id":"https:\/\/bahiaeconomica.com.br\/wp\/#website","url":"https:\/\/bahiaeconomica.com.br\/wp\/","name":"Bahia Economica","description":"O maior portal de Economia da Bahia","publisher":{"@id":"https:\/\/bahiaeconomica.com.br\/wp\/#organization"},"potentialAction":[{"@type":"SearchAction","target":{"@type":"EntryPoint","urlTemplate":"https:\/\/bahiaeconomica.com.br\/wp\/?s={search_term_string}"},"query-input":"required name=search_term_string"}],"inLanguage":"pt-BR"},{"@type":"Organization","@id":"https:\/\/bahiaeconomica.com.br\/wp\/#organization","name":"Bahia Econ\u00f4mica","url":"https:\/\/bahiaeconomica.com.br\/wp\/","logo":{"@type":"ImageObject","inLanguage":"pt-BR","@id":"https:\/\/bahiaeconomica.com.br\/wp\/#\/schema\/logo\/image\/","url":"https:\/\/bahiaeconomica.com.br\/wp\/wp-content\/uploads\/2020\/12\/cropped-BE.png","contentUrl":"https:\/\/bahiaeconomica.com.br\/wp\/wp-content\/uploads\/2020\/12\/cropped-BE.png","width":512,"height":512,"caption":"Bahia Econ\u00f4mica"},"image":{"@id":"https:\/\/bahiaeconomica.com.br\/wp\/#\/schema\/logo\/image\/"},"sameAs":["https:\/\/www.facebook.com\/bahiaeconomica"]},{"@type":"Person","@id":"https:\/\/bahiaeconomica.com.br\/wp\/#\/schema\/person\/c86d3a3f8960425a0f9d0e5245991f4e","name":"JP","sameAs":["https:\/\/bahiaeconomica.com.br\/wp\/beta\/"],"url":"https:\/\/bahiaeconomica.com.br\/wp\/author\/jp\/"}]}},"views":19,"_links":{"self":[{"href":"https:\/\/bahiaeconomica.com.br\/wp\/wp-json\/wp\/v2\/posts\/980194"}],"collection":[{"href":"https:\/\/bahiaeconomica.com.br\/wp\/wp-json\/wp\/v2\/posts"}],"about":[{"href":"https:\/\/bahiaeconomica.com.br\/wp\/wp-json\/wp\/v2\/types\/post"}],"author":[{"embeddable":true,"href":"https:\/\/bahiaeconomica.com.br\/wp\/wp-json\/wp\/v2\/users\/8"}],"replies":[{"embeddable":true,"href":"https:\/\/bahiaeconomica.com.br\/wp\/wp-json\/wp\/v2\/comments?post=980194"}],"version-history":[{"count":1,"href":"https:\/\/bahiaeconomica.com.br\/wp\/wp-json\/wp\/v2\/posts\/980194\/revisions"}],"predecessor-version":[{"id":980196,"href":"https:\/\/bahiaeconomica.com.br\/wp\/wp-json\/wp\/v2\/posts\/980194\/revisions\/980196"}],"wp:featuredmedia":[{"embeddable":true,"href":"https:\/\/bahiaeconomica.com.br\/wp\/wp-json\/wp\/v2\/media\/980195"}],"wp:attachment":[{"href":"https:\/\/bahiaeconomica.com.br\/wp\/wp-json\/wp\/v2\/media?parent=980194"}],"wp:term":[{"taxonomy":"category","embeddable":true,"href":"https:\/\/bahiaeconomica.com.br\/wp\/wp-json\/wp\/v2\/categories?post=980194"},{"taxonomy":"post_tag","embeddable":true,"href":"https:\/\/bahiaeconomica.com.br\/wp\/wp-json\/wp\/v2\/tags?post=980194"}],"curies":[{"name":"wp","href":"https:\/\/api.w.org\/{rel}","templated":true}]}}