{"id":980163,"date":"2026-03-10T18:59:54","date_gmt":"2026-03-10T21:59:54","guid":{"rendered":"https:\/\/bahiaeconomica.com.br\/wp\/?p=980163"},"modified":"2026-03-10T18:12:16","modified_gmt":"2026-03-10T21:12:16","slug":"vandalismo-gera-prejuizo-de-mais-de-r-500-mil-por-ano-aos-cofres-da-prefeitura-de-salvador","status":"publish","type":"post","link":"https:\/\/bahiaeconomica.com.br\/wp\/2026\/03\/10\/vandalismo-gera-prejuizo-de-mais-de-r-500-mil-por-ano-aos-cofres-da-prefeitura-de-salvador\/","title":{"rendered":"VANDALISMO GERA PREJU\u00cdZO DE MAIS DE R$ 500 MIL POR ANO AOS COFRES DA PREFEITURA DE SALVADOR"},"content":{"rendered":"<p>A Prefeitura de Salvador, por meio da Companhia de Desenvolvimento Urbano (Desal), gasta mais de R$ 500 mil por ano com reparos decorrentes de atos de vandalismo e retrabalho em equipamentos p\u00fablicos. O valor equivale ao investimento necess\u00e1rio para a constru\u00e7\u00e3o de uma pra\u00e7a de m\u00e9dio porte ou de duas pra\u00e7as de pequeno porte.<\/p>\n<p>&nbsp;<\/p>\n<p>Os atos de vandalismo nas pra\u00e7as incluem o uso inadequado de brinquedos, o furto de materiais e a depreda\u00e7\u00e3o de equipamentos. As passarelas tamb\u00e9m s\u00e3o alvo de furtos de barras de prote\u00e7\u00e3o e cabos de energia, al\u00e9m da depreda\u00e7\u00e3o de pisos e tetos, da danifica\u00e7\u00e3o da prote\u00e7\u00e3o das lumin\u00e1rias e da quebra ou deslocamento de coberturas.<\/p>\n<p>&nbsp;<\/p>\n<p>Para tentar conter os danos, a Desal tem optado pela instala\u00e7\u00e3o de equipamentos mais resistentes. &#8220;Eu fa\u00e7o um apelo para conscientizar o cidad\u00e3o de que a pra\u00e7a \u00e9 uma forma de a Prefeitura devolver o espa\u00e7o p\u00fablico \u00e0 popula\u00e7\u00e3o. Queremos que esse espa\u00e7o seja utilizado por todos, crian\u00e7as e adultos, pois implantamos equipamentos e mobili\u00e1rios para diferentes faixas et\u00e1rias. Quanto mais o cidad\u00e3o cuidar, mais tempo ter\u00e1 o equipamento \u00e0 disposi\u00e7\u00e3o e mais pra\u00e7as e espa\u00e7os p\u00fablicos poder\u00e3o ser constru\u00eddos. Assim, em vez de gastar com reparos, poderemos investir em novos equipamentos&#8221;, afirmou o presidente da Desal, Virg\u00edlio Daltro.<\/p>\n<p>&nbsp;<\/p>\n<p>Como exemplo, o presidente da Desal citou o caso do Largo do Papagaio, entregue no dia 13 de janeiro e vandalizado uma semana depois devido ao uso indevido do balan\u00e7o destinado a pessoas com defici\u00eancia. &#8220;Foi um caso que contou com a solidariedade das m\u00e3es. No v\u00eddeo feito por moradores, \u00e9 poss\u00edvel ver v\u00e1rias pessoas utilizando o brinquedo que deveria ser usado apenas por cadeirantes&#8221;, relatou.<\/p>\n<p>&nbsp;<\/p>\n<p>Diariamente, equipes de manuten\u00e7\u00e3o da Desal s\u00e3o deslocadas para \u00e1reas que precisam de reparos. O servi\u00e7o atende \u00e0s demandas registradas na Ouvidoria e em outros canais de atendimento da Prefeitura, al\u00e9m de solicita\u00e7\u00f5es do Executivo e de ve\u00edculos de comunica\u00e7\u00e3o, como TV, r\u00e1dio, jornais, sites e redes sociais.<\/p>\n<p>&nbsp;<\/p>\n<p>A Desal \u00e9 a \u00fanica f\u00e1brica p\u00fablica de mobili\u00e1rio urbano da Am\u00e9rica Latina, respons\u00e1vel pela produ\u00e7\u00e3o de cerca de 50 mil pe\u00e7as por ano, entre bancos pr\u00e9-moldados, bancos de encaixe, mesas de concreto, banquinhos, manilhas, mesas de pingue-pongue e futv\u00f4lei, al\u00e9m de tabelas e estruturas para basquete e campos de futebol. A empresa tamb\u00e9m foi respons\u00e1vel pela reprodu\u00e7\u00e3o do monumento \u00e0 Cidade de Salvador, do artista baiano M\u00e1rio Cravo, e realiza diariamente a manuten\u00e7\u00e3o das passarelas do munic\u00edpio.<\/p>\n<p>&nbsp;<\/p>\n<p>Prote\u00e7\u00e3o do patrim\u00f4nio \u2014 A Guarda Civil Municipal tamb\u00e9m atua no combate aos atos de vandalismo em Salvador, realizando patrulhamento di\u00e1rio em diversos bairros da capital e dando aten\u00e7\u00e3o especial ao furto de fios. A popula\u00e7\u00e3o pode ajudar a combater esse tipo de crime por meio de den\u00fancias pelo n\u00famero (71) 99623-4955. Para agilizar o atendimento, a recomenda\u00e7\u00e3o \u00e9 que as mensagens sejam curtas e, se poss\u00edvel, acompanhadas de v\u00eddeos breves e da localiza\u00e7\u00e3o da ocorr\u00eancia.<\/p>\n","protected":false},"excerpt":{"rendered":"<p>A Prefeitura de Salvador, por meio da Companhia de Desenvolvimento Urbano (Desal), gasta mais de R$ 500 mil por ano com reparos decorrentes de atos de vandalismo e retrabalho em equipamentos p\u00fablicos. O valor equivale ao investimento necess\u00e1rio para a constru\u00e7\u00e3o de uma pra\u00e7a de m\u00e9dio porte ou de duas pra\u00e7as de pequeno porte. &nbsp; [&hellip;]<\/p>\n","protected":false},"author":15,"featured_media":980164,"comment_status":"closed","ping_status":"closed","sticky":false,"template":"","format":"standard","meta":[],"categories":[14,5],"tags":[],"acf":[],"yoast_head":"<!-- This site is optimized with the Yoast SEO plugin v20.8 - https:\/\/yoast.com\/wordpress\/plugins\/seo\/ -->\n<title>VANDALISMO GERA PREJU\u00cdZO DE MAIS DE R$ 500 MIL POR ANO AOS COFRES DA PREFEITURA DE SALVADOR - Bahia Economica<\/title>\n<meta name=\"description\" content=\"O maior portal de Economia da Bahia DESTAQUE DO DIA, MUNIC\u00cdPIOS Bahia Economica\" \/>\n<meta name=\"robots\" content=\"index, follow, max-snippet:-1, max-image-preview:large, max-video-preview:-1\" \/>\n<link rel=\"canonical\" href=\"https:\/\/bahiaeconomica.com.br\/wp\/2026\/03\/10\/vandalismo-gera-prejuizo-de-mais-de-r-500-mil-por-ano-aos-cofres-da-prefeitura-de-salvador\/\" \/>\n<meta property=\"og:locale\" content=\"pt_BR\" \/>\n<meta property=\"og:type\" content=\"article\" \/>\n<meta property=\"og:title\" content=\"VANDALISMO GERA PREJU\u00cdZO DE MAIS DE R$ 500 MIL POR ANO AOS COFRES DA PREFEITURA DE SALVADOR - Bahia Economica\" \/>\n<meta property=\"og:description\" content=\"O maior portal de Economia da Bahia DESTAQUE DO DIA, MUNIC\u00cdPIOS Bahia Economica\" \/>\n<meta property=\"og:url\" content=\"https:\/\/bahiaeconomica.com.br\/wp\/2026\/03\/10\/vandalismo-gera-prejuizo-de-mais-de-r-500-mil-por-ano-aos-cofres-da-prefeitura-de-salvador\/\" \/>\n<meta property=\"og:site_name\" content=\"Bahia Economica\" \/>\n<meta property=\"article:publisher\" content=\"https:\/\/www.facebook.com\/bahiaeconomica\" \/>\n<meta property=\"article:published_time\" content=\"2026-03-10T21:59:54+00:00\" \/>\n<meta property=\"article:modified_time\" content=\"2026-03-10T21:12:16+00:00\" \/>\n<meta property=\"og:image\" content=\"https:\/\/bahiaeconomica.com.br\/wp\/wp-content\/uploads\/2026\/03\/13_05_2021_Equipamentos-Vandalizados_Foto_Jefferson-Peixoto_Secom_Pms-8-scaled.jpg\" \/>\n\t<meta property=\"og:image:width\" content=\"2560\" \/>\n\t<meta property=\"og:image:height\" content=\"1709\" \/>\n\t<meta property=\"og:image:type\" content=\"image\/jpeg\" \/>\n<meta name=\"author\" content=\"VICTORIA ISABEL\" \/>\n<meta name=\"twitter:card\" content=\"summary_large_image\" \/>\n<meta name=\"twitter:label1\" content=\"Escrito por\" \/>\n\t<meta name=\"twitter:data1\" content=\"VICTORIA ISABEL\" \/>\n\t<meta name=\"twitter:label2\" content=\"Est. tempo de leitura\" \/>\n\t<meta name=\"twitter:data2\" content=\"3 minutos\" \/>\n<script type=\"application\/ld+json\" class=\"yoast-schema-graph\">{\"@context\":\"https:\/\/schema.org\",\"@graph\":[{\"@type\":\"Article\",\"@id\":\"https:\/\/bahiaeconomica.com.br\/wp\/2026\/03\/10\/vandalismo-gera-prejuizo-de-mais-de-r-500-mil-por-ano-aos-cofres-da-prefeitura-de-salvador\/#article\",\"isPartOf\":{\"@id\":\"https:\/\/bahiaeconomica.com.br\/wp\/2026\/03\/10\/vandalismo-gera-prejuizo-de-mais-de-r-500-mil-por-ano-aos-cofres-da-prefeitura-de-salvador\/\"},\"author\":{\"name\":\"VICTORIA ISABEL\",\"@id\":\"https:\/\/bahiaeconomica.com.br\/wp\/#\/schema\/person\/b719ce0fb1c09f3c7a00d9243ced4a6f\"},\"headline\":\"VANDALISMO GERA PREJU\u00cdZO DE MAIS DE R$ 500 MIL POR ANO AOS COFRES DA PREFEITURA DE SALVADOR\",\"datePublished\":\"2026-03-10T21:59:54+00:00\",\"dateModified\":\"2026-03-10T21:12:16+00:00\",\"mainEntityOfPage\":{\"@id\":\"https:\/\/bahiaeconomica.com.br\/wp\/2026\/03\/10\/vandalismo-gera-prejuizo-de-mais-de-r-500-mil-por-ano-aos-cofres-da-prefeitura-de-salvador\/\"},\"wordCount\":566,\"publisher\":{\"@id\":\"https:\/\/bahiaeconomica.com.br\/wp\/#organization\"},\"articleSection\":[\"DESTAQUE DO DIA\",\"MUNIC\u00cdPIOS\"],\"inLanguage\":\"pt-BR\"},{\"@type\":\"WebPage\",\"@id\":\"https:\/\/bahiaeconomica.com.br\/wp\/2026\/03\/10\/vandalismo-gera-prejuizo-de-mais-de-r-500-mil-por-ano-aos-cofres-da-prefeitura-de-salvador\/\",\"url\":\"https:\/\/bahiaeconomica.com.br\/wp\/2026\/03\/10\/vandalismo-gera-prejuizo-de-mais-de-r-500-mil-por-ano-aos-cofres-da-prefeitura-de-salvador\/\",\"name\":\"VANDALISMO GERA PREJU\u00cdZO DE MAIS DE R$ 500 MIL POR ANO AOS COFRES DA PREFEITURA DE SALVADOR - Bahia Economica\",\"isPartOf\":{\"@id\":\"https:\/\/bahiaeconomica.com.br\/wp\/#website\"},\"datePublished\":\"2026-03-10T21:59:54+00:00\",\"dateModified\":\"2026-03-10T21:12:16+00:00\",\"description\":\"O maior portal de Economia da Bahia DESTAQUE DO DIA, MUNIC\u00cdPIOS Bahia Economica\",\"breadcrumb\":{\"@id\":\"https:\/\/bahiaeconomica.com.br\/wp\/2026\/03\/10\/vandalismo-gera-prejuizo-de-mais-de-r-500-mil-por-ano-aos-cofres-da-prefeitura-de-salvador\/#breadcrumb\"},\"inLanguage\":\"pt-BR\",\"potentialAction\":[{\"@type\":\"ReadAction\",\"target\":[\"https:\/\/bahiaeconomica.com.br\/wp\/2026\/03\/10\/vandalismo-gera-prejuizo-de-mais-de-r-500-mil-por-ano-aos-cofres-da-prefeitura-de-salvador\/\"]}]},{\"@type\":\"BreadcrumbList\",\"@id\":\"https:\/\/bahiaeconomica.com.br\/wp\/2026\/03\/10\/vandalismo-gera-prejuizo-de-mais-de-r-500-mil-por-ano-aos-cofres-da-prefeitura-de-salvador\/#breadcrumb\",\"itemListElement\":[{\"@type\":\"ListItem\",\"position\":1,\"name\":\"In\u00edcio\",\"item\":\"https:\/\/bahiaeconomica.com.br\/wp\/\"},{\"@type\":\"ListItem\",\"position\":2,\"name\":\"VANDALISMO GERA PREJU\u00cdZO DE MAIS DE R$ 500 MIL POR ANO AOS COFRES DA PREFEITURA DE SALVADOR\"}]},{\"@type\":\"WebSite\",\"@id\":\"https:\/\/bahiaeconomica.com.br\/wp\/#website\",\"url\":\"https:\/\/bahiaeconomica.com.br\/wp\/\",\"name\":\"Bahia Economica\",\"description\":\"O maior portal de Economia da Bahia\",\"publisher\":{\"@id\":\"https:\/\/bahiaeconomica.com.br\/wp\/#organization\"},\"potentialAction\":[{\"@type\":\"SearchAction\",\"target\":{\"@type\":\"EntryPoint\",\"urlTemplate\":\"https:\/\/bahiaeconomica.com.br\/wp\/?s={search_term_string}\"},\"query-input\":\"required name=search_term_string\"}],\"inLanguage\":\"pt-BR\"},{\"@type\":\"Organization\",\"@id\":\"https:\/\/bahiaeconomica.com.br\/wp\/#organization\",\"name\":\"Bahia Econ\u00f4mica\",\"url\":\"https:\/\/bahiaeconomica.com.br\/wp\/\",\"logo\":{\"@type\":\"ImageObject\",\"inLanguage\":\"pt-BR\",\"@id\":\"https:\/\/bahiaeconomica.com.br\/wp\/#\/schema\/logo\/image\/\",\"url\":\"https:\/\/bahiaeconomica.com.br\/wp\/wp-content\/uploads\/2020\/12\/cropped-BE.png\",\"contentUrl\":\"https:\/\/bahiaeconomica.com.br\/wp\/wp-content\/uploads\/2020\/12\/cropped-BE.png\",\"width\":512,\"height\":512,\"caption\":\"Bahia Econ\u00f4mica\"},\"image\":{\"@id\":\"https:\/\/bahiaeconomica.com.br\/wp\/#\/schema\/logo\/image\/\"},\"sameAs\":[\"https:\/\/www.facebook.com\/bahiaeconomica\"]},{\"@type\":\"Person\",\"@id\":\"https:\/\/bahiaeconomica.com.br\/wp\/#\/schema\/person\/b719ce0fb1c09f3c7a00d9243ced4a6f\",\"name\":\"VICTORIA ISABEL\",\"sameAs\":[\"http:\/\/www.bahiaeconomica.com.br\"],\"url\":\"https:\/\/bahiaeconomica.com.br\/wp\/author\/victoria-isabel\/\"}]}<\/script>\n<!-- \/ Yoast SEO plugin. -->","yoast_head_json":{"title":"VANDALISMO GERA PREJU\u00cdZO DE MAIS DE R$ 500 MIL POR ANO AOS COFRES DA PREFEITURA DE SALVADOR - Bahia Economica","description":"O maior portal de Economia da Bahia DESTAQUE DO DIA, MUNIC\u00cdPIOS Bahia Economica","robots":{"index":"index","follow":"follow","max-snippet":"max-snippet:-1","max-image-preview":"max-image-preview:large","max-video-preview":"max-video-preview:-1"},"canonical":"https:\/\/bahiaeconomica.com.br\/wp\/2026\/03\/10\/vandalismo-gera-prejuizo-de-mais-de-r-500-mil-por-ano-aos-cofres-da-prefeitura-de-salvador\/","og_locale":"pt_BR","og_type":"article","og_title":"VANDALISMO GERA PREJU\u00cdZO DE MAIS DE R$ 500 MIL POR ANO AOS COFRES DA PREFEITURA DE SALVADOR - Bahia Economica","og_description":"O maior portal de Economia da Bahia DESTAQUE DO DIA, MUNIC\u00cdPIOS Bahia Economica","og_url":"https:\/\/bahiaeconomica.com.br\/wp\/2026\/03\/10\/vandalismo-gera-prejuizo-de-mais-de-r-500-mil-por-ano-aos-cofres-da-prefeitura-de-salvador\/","og_site_name":"Bahia Economica","article_publisher":"https:\/\/www.facebook.com\/bahiaeconomica","article_published_time":"2026-03-10T21:59:54+00:00","article_modified_time":"2026-03-10T21:12:16+00:00","og_image":[{"width":2560,"height":1709,"url":"https:\/\/bahiaeconomica.com.br\/wp\/wp-content\/uploads\/2026\/03\/13_05_2021_Equipamentos-Vandalizados_Foto_Jefferson-Peixoto_Secom_Pms-8-scaled.jpg","type":"image\/jpeg"}],"author":"VICTORIA ISABEL","twitter_card":"summary_large_image","twitter_misc":{"Escrito por":"VICTORIA ISABEL","Est. tempo de leitura":"3 minutos"},"schema":{"@context":"https:\/\/schema.org","@graph":[{"@type":"Article","@id":"https:\/\/bahiaeconomica.com.br\/wp\/2026\/03\/10\/vandalismo-gera-prejuizo-de-mais-de-r-500-mil-por-ano-aos-cofres-da-prefeitura-de-salvador\/#article","isPartOf":{"@id":"https:\/\/bahiaeconomica.com.br\/wp\/2026\/03\/10\/vandalismo-gera-prejuizo-de-mais-de-r-500-mil-por-ano-aos-cofres-da-prefeitura-de-salvador\/"},"author":{"name":"VICTORIA ISABEL","@id":"https:\/\/bahiaeconomica.com.br\/wp\/#\/schema\/person\/b719ce0fb1c09f3c7a00d9243ced4a6f"},"headline":"VANDALISMO GERA PREJU\u00cdZO DE MAIS DE R$ 500 MIL POR ANO AOS COFRES DA PREFEITURA DE SALVADOR","datePublished":"2026-03-10T21:59:54+00:00","dateModified":"2026-03-10T21:12:16+00:00","mainEntityOfPage":{"@id":"https:\/\/bahiaeconomica.com.br\/wp\/2026\/03\/10\/vandalismo-gera-prejuizo-de-mais-de-r-500-mil-por-ano-aos-cofres-da-prefeitura-de-salvador\/"},"wordCount":566,"publisher":{"@id":"https:\/\/bahiaeconomica.com.br\/wp\/#organization"},"articleSection":["DESTAQUE DO DIA","MUNIC\u00cdPIOS"],"inLanguage":"pt-BR"},{"@type":"WebPage","@id":"https:\/\/bahiaeconomica.com.br\/wp\/2026\/03\/10\/vandalismo-gera-prejuizo-de-mais-de-r-500-mil-por-ano-aos-cofres-da-prefeitura-de-salvador\/","url":"https:\/\/bahiaeconomica.com.br\/wp\/2026\/03\/10\/vandalismo-gera-prejuizo-de-mais-de-r-500-mil-por-ano-aos-cofres-da-prefeitura-de-salvador\/","name":"VANDALISMO GERA PREJU\u00cdZO DE MAIS DE R$ 500 MIL POR ANO AOS COFRES DA PREFEITURA DE SALVADOR - Bahia Economica","isPartOf":{"@id":"https:\/\/bahiaeconomica.com.br\/wp\/#website"},"datePublished":"2026-03-10T21:59:54+00:00","dateModified":"2026-03-10T21:12:16+00:00","description":"O maior portal de Economia da Bahia DESTAQUE DO DIA, MUNIC\u00cdPIOS Bahia Economica","breadcrumb":{"@id":"https:\/\/bahiaeconomica.com.br\/wp\/2026\/03\/10\/vandalismo-gera-prejuizo-de-mais-de-r-500-mil-por-ano-aos-cofres-da-prefeitura-de-salvador\/#breadcrumb"},"inLanguage":"pt-BR","potentialAction":[{"@type":"ReadAction","target":["https:\/\/bahiaeconomica.com.br\/wp\/2026\/03\/10\/vandalismo-gera-prejuizo-de-mais-de-r-500-mil-por-ano-aos-cofres-da-prefeitura-de-salvador\/"]}]},{"@type":"BreadcrumbList","@id":"https:\/\/bahiaeconomica.com.br\/wp\/2026\/03\/10\/vandalismo-gera-prejuizo-de-mais-de-r-500-mil-por-ano-aos-cofres-da-prefeitura-de-salvador\/#breadcrumb","itemListElement":[{"@type":"ListItem","position":1,"name":"In\u00edcio","item":"https:\/\/bahiaeconomica.com.br\/wp\/"},{"@type":"ListItem","position":2,"name":"VANDALISMO GERA PREJU\u00cdZO DE MAIS DE R$ 500 MIL POR ANO AOS COFRES DA PREFEITURA DE SALVADOR"}]},{"@type":"WebSite","@id":"https:\/\/bahiaeconomica.com.br\/wp\/#website","url":"https:\/\/bahiaeconomica.com.br\/wp\/","name":"Bahia Economica","description":"O maior portal de Economia da Bahia","publisher":{"@id":"https:\/\/bahiaeconomica.com.br\/wp\/#organization"},"potentialAction":[{"@type":"SearchAction","target":{"@type":"EntryPoint","urlTemplate":"https:\/\/bahiaeconomica.com.br\/wp\/?s={search_term_string}"},"query-input":"required name=search_term_string"}],"inLanguage":"pt-BR"},{"@type":"Organization","@id":"https:\/\/bahiaeconomica.com.br\/wp\/#organization","name":"Bahia Econ\u00f4mica","url":"https:\/\/bahiaeconomica.com.br\/wp\/","logo":{"@type":"ImageObject","inLanguage":"pt-BR","@id":"https:\/\/bahiaeconomica.com.br\/wp\/#\/schema\/logo\/image\/","url":"https:\/\/bahiaeconomica.com.br\/wp\/wp-content\/uploads\/2020\/12\/cropped-BE.png","contentUrl":"https:\/\/bahiaeconomica.com.br\/wp\/wp-content\/uploads\/2020\/12\/cropped-BE.png","width":512,"height":512,"caption":"Bahia Econ\u00f4mica"},"image":{"@id":"https:\/\/bahiaeconomica.com.br\/wp\/#\/schema\/logo\/image\/"},"sameAs":["https:\/\/www.facebook.com\/bahiaeconomica"]},{"@type":"Person","@id":"https:\/\/bahiaeconomica.com.br\/wp\/#\/schema\/person\/b719ce0fb1c09f3c7a00d9243ced4a6f","name":"VICTORIA ISABEL","sameAs":["http:\/\/www.bahiaeconomica.com.br"],"url":"https:\/\/bahiaeconomica.com.br\/wp\/author\/victoria-isabel\/"}]}},"views":106,"_links":{"self":[{"href":"https:\/\/bahiaeconomica.com.br\/wp\/wp-json\/wp\/v2\/posts\/980163"}],"collection":[{"href":"https:\/\/bahiaeconomica.com.br\/wp\/wp-json\/wp\/v2\/posts"}],"about":[{"href":"https:\/\/bahiaeconomica.com.br\/wp\/wp-json\/wp\/v2\/types\/post"}],"author":[{"embeddable":true,"href":"https:\/\/bahiaeconomica.com.br\/wp\/wp-json\/wp\/v2\/users\/15"}],"replies":[{"embeddable":true,"href":"https:\/\/bahiaeconomica.com.br\/wp\/wp-json\/wp\/v2\/comments?post=980163"}],"version-history":[{"count":1,"href":"https:\/\/bahiaeconomica.com.br\/wp\/wp-json\/wp\/v2\/posts\/980163\/revisions"}],"predecessor-version":[{"id":980165,"href":"https:\/\/bahiaeconomica.com.br\/wp\/wp-json\/wp\/v2\/posts\/980163\/revisions\/980165"}],"wp:featuredmedia":[{"embeddable":true,"href":"https:\/\/bahiaeconomica.com.br\/wp\/wp-json\/wp\/v2\/media\/980164"}],"wp:attachment":[{"href":"https:\/\/bahiaeconomica.com.br\/wp\/wp-json\/wp\/v2\/media?parent=980163"}],"wp:term":[{"taxonomy":"category","embeddable":true,"href":"https:\/\/bahiaeconomica.com.br\/wp\/wp-json\/wp\/v2\/categories?post=980163"},{"taxonomy":"post_tag","embeddable":true,"href":"https:\/\/bahiaeconomica.com.br\/wp\/wp-json\/wp\/v2\/tags?post=980163"}],"curies":[{"name":"wp","href":"https:\/\/api.w.org\/{rel}","templated":true}]}}