{"id":980151,"date":"2026-03-10T18:58:11","date_gmt":"2026-03-10T21:58:11","guid":{"rendered":"https:\/\/bahiaeconomica.com.br\/wp\/?p=980151"},"modified":"2026-03-10T17:56:20","modified_gmt":"2026-03-10T20:56:20","slug":"governador-recebe-prefeito-de-nova-redencao-e-amplia-investimentos-no-municipio","status":"publish","type":"post","link":"https:\/\/bahiaeconomica.com.br\/wp\/2026\/03\/10\/governador-recebe-prefeito-de-nova-redencao-e-amplia-investimentos-no-municipio\/","title":{"rendered":"GOVERNADOR RECEBE PREFEITO DE NOVA REDEN\u00c7\u00c3O E AMPLIA INVESTIMENTOS NO MUNIC\u00cdPIO"},"content":{"rendered":"<p>Conhecida por atrativos tur\u00edsticos ecol\u00f3gicos, a exemplo do Po\u00e7o Azul e o Po\u00e7o Olho d&#8217;\u00c1gua da Urania, a cidade de Nova Reden\u00e7\u00e3o, na Chapada Diamantina, j\u00e1 recebeu R$ 28 milh\u00f5es de investimentos do Governo do Estado em tr\u00eas anos. A avalia\u00e7\u00e3o foi realizada pelo governador Jer\u00f4nimo Rodrigues, na tarde desta ter\u00e7a-feira (10), durante reuni\u00e3o com o prefeito Ademar Martins e gestores municipais, na Governadoria, em Salvador. Na ocasi\u00e3o, outras demandas foram discutidas para ampliar o acesso dos oito mil habitantes a servi\u00e7os p\u00fablicos de qualidade.<\/p>\n<p>\u201cNosso objetivo \u00e9 atender os principais pleitos do prefeito e sua equipe para que as obras avancem. Garantimos de imediato, equipamentos de sa\u00fade, um ve\u00edculo para Transporte Fora do Domic\u00edlio (TFD) e duas ambul\u00e2ncias. Vamos priorizar tamb\u00e9m a\u00e7\u00f5es para a amplia\u00e7\u00e3o do turismo, obras de pavimenta\u00e7\u00e3o e educa\u00e7\u00e3o\u201d, declarou o governador.<\/p>\n<p>Nova Reden\u00e7\u00e3o foi contemplada com a entrega de uma escola de tempo integral, a obra de pavimenta\u00e7\u00e3o entre o Po\u00e7o Azul e o entroncamento da BA-851, o projeto para a constru\u00e7\u00e3o da ponte sobre o Rio Paragua\u00e7u Laranjeira, amplia\u00e7\u00e3o de pra\u00e7a e constru\u00e7\u00e3o de museu, al\u00e9m de sistemas de abastecimento de \u00e1gua, dentre outros. Est\u00e3o previstas ainda, a reforma do Mercado Municipal e a cobertura da Feira Livre, a licitar ainda este m\u00eas.<\/p>\n<p>\u201cQuero agradecer toda a equipe do Governo do Estado por nos receber e abra\u00e7ar os nossos pedidos. Vamos nos empenhar para desenvolver cada vez mais o nosso munic\u00edpio\u201d, disse Ademar Martins.<\/p>\n<p>Fotos: Matheus Landim\/GOVBA<\/p>\n","protected":false},"excerpt":{"rendered":"<p>Conhecida por atrativos tur\u00edsticos ecol\u00f3gicos, a exemplo do Po\u00e7o Azul e o Po\u00e7o Olho d&#8217;\u00c1gua da Urania, a cidade de Nova Reden\u00e7\u00e3o, na Chapada Diamantina, j\u00e1 recebeu R$ 28 milh\u00f5es de investimentos do Governo do Estado em tr\u00eas anos. A avalia\u00e7\u00e3o foi realizada pelo governador Jer\u00f4nimo Rodrigues, na tarde desta ter\u00e7a-feira (10), durante reuni\u00e3o com [&hellip;]<\/p>\n","protected":false},"author":15,"featured_media":980152,"comment_status":"closed","ping_status":"closed","sticky":false,"template":"","format":"standard","meta":[],"categories":[14,5],"tags":[],"acf":[],"yoast_head":"<!-- This site is optimized with the Yoast SEO plugin v20.8 - https:\/\/yoast.com\/wordpress\/plugins\/seo\/ -->\n<title>GOVERNADOR RECEBE PREFEITO DE NOVA REDEN\u00c7\u00c3O E AMPLIA INVESTIMENTOS NO MUNIC\u00cdPIO - Bahia Economica<\/title>\n<meta name=\"description\" content=\"O maior portal de Economia da Bahia DESTAQUE DO DIA, MUNIC\u00cdPIOS Bahia Economica\" \/>\n<meta name=\"robots\" content=\"index, follow, max-snippet:-1, max-image-preview:large, max-video-preview:-1\" \/>\n<link rel=\"canonical\" href=\"https:\/\/bahiaeconomica.com.br\/wp\/2026\/03\/10\/governador-recebe-prefeito-de-nova-redencao-e-amplia-investimentos-no-municipio\/\" \/>\n<meta property=\"og:locale\" content=\"pt_BR\" \/>\n<meta property=\"og:type\" content=\"article\" \/>\n<meta property=\"og:title\" content=\"GOVERNADOR RECEBE PREFEITO DE NOVA REDEN\u00c7\u00c3O E AMPLIA INVESTIMENTOS NO MUNIC\u00cdPIO - Bahia Economica\" \/>\n<meta property=\"og:description\" content=\"O maior portal de Economia da Bahia DESTAQUE DO DIA, MUNIC\u00cdPIOS Bahia Economica\" \/>\n<meta property=\"og:url\" content=\"https:\/\/bahiaeconomica.com.br\/wp\/2026\/03\/10\/governador-recebe-prefeito-de-nova-redencao-e-amplia-investimentos-no-municipio\/\" \/>\n<meta property=\"og:site_name\" content=\"Bahia Economica\" \/>\n<meta property=\"article:publisher\" content=\"https:\/\/www.facebook.com\/bahiaeconomica\" \/>\n<meta property=\"article:published_time\" content=\"2026-03-10T21:58:11+00:00\" \/>\n<meta property=\"article:modified_time\" content=\"2026-03-10T20:56:20+00:00\" \/>\n<meta property=\"og:image\" content=\"https:\/\/bahiaeconomica.com.br\/wp\/wp-content\/uploads\/2026\/03\/WhatsApp-Image-2026-03-10-at-17.44.16.jpeg\" \/>\n\t<meta property=\"og:image:width\" content=\"1600\" \/>\n\t<meta property=\"og:image:height\" content=\"1015\" \/>\n\t<meta property=\"og:image:type\" content=\"image\/jpeg\" \/>\n<meta name=\"author\" content=\"VICTORIA ISABEL\" \/>\n<meta name=\"twitter:card\" content=\"summary_large_image\" \/>\n<meta name=\"twitter:label1\" content=\"Escrito por\" \/>\n\t<meta name=\"twitter:data1\" content=\"VICTORIA ISABEL\" \/>\n\t<meta name=\"twitter:label2\" content=\"Est. tempo de leitura\" \/>\n\t<meta name=\"twitter:data2\" content=\"2 minutos\" \/>\n<script type=\"application\/ld+json\" class=\"yoast-schema-graph\">{\"@context\":\"https:\/\/schema.org\",\"@graph\":[{\"@type\":\"Article\",\"@id\":\"https:\/\/bahiaeconomica.com.br\/wp\/2026\/03\/10\/governador-recebe-prefeito-de-nova-redencao-e-amplia-investimentos-no-municipio\/#article\",\"isPartOf\":{\"@id\":\"https:\/\/bahiaeconomica.com.br\/wp\/2026\/03\/10\/governador-recebe-prefeito-de-nova-redencao-e-amplia-investimentos-no-municipio\/\"},\"author\":{\"name\":\"VICTORIA ISABEL\",\"@id\":\"https:\/\/bahiaeconomica.com.br\/wp\/#\/schema\/person\/b719ce0fb1c09f3c7a00d9243ced4a6f\"},\"headline\":\"GOVERNADOR RECEBE PREFEITO DE NOVA REDEN\u00c7\u00c3O E AMPLIA INVESTIMENTOS NO MUNIC\u00cdPIO\",\"datePublished\":\"2026-03-10T21:58:11+00:00\",\"dateModified\":\"2026-03-10T20:56:20+00:00\",\"mainEntityOfPage\":{\"@id\":\"https:\/\/bahiaeconomica.com.br\/wp\/2026\/03\/10\/governador-recebe-prefeito-de-nova-redencao-e-amplia-investimentos-no-municipio\/\"},\"wordCount\":291,\"publisher\":{\"@id\":\"https:\/\/bahiaeconomica.com.br\/wp\/#organization\"},\"articleSection\":[\"DESTAQUE DO DIA\",\"MUNIC\u00cdPIOS\"],\"inLanguage\":\"pt-BR\"},{\"@type\":\"WebPage\",\"@id\":\"https:\/\/bahiaeconomica.com.br\/wp\/2026\/03\/10\/governador-recebe-prefeito-de-nova-redencao-e-amplia-investimentos-no-municipio\/\",\"url\":\"https:\/\/bahiaeconomica.com.br\/wp\/2026\/03\/10\/governador-recebe-prefeito-de-nova-redencao-e-amplia-investimentos-no-municipio\/\",\"name\":\"GOVERNADOR RECEBE PREFEITO DE NOVA REDEN\u00c7\u00c3O E AMPLIA INVESTIMENTOS NO MUNIC\u00cdPIO - Bahia Economica\",\"isPartOf\":{\"@id\":\"https:\/\/bahiaeconomica.com.br\/wp\/#website\"},\"datePublished\":\"2026-03-10T21:58:11+00:00\",\"dateModified\":\"2026-03-10T20:56:20+00:00\",\"description\":\"O maior portal de Economia da Bahia DESTAQUE DO DIA, MUNIC\u00cdPIOS Bahia Economica\",\"breadcrumb\":{\"@id\":\"https:\/\/bahiaeconomica.com.br\/wp\/2026\/03\/10\/governador-recebe-prefeito-de-nova-redencao-e-amplia-investimentos-no-municipio\/#breadcrumb\"},\"inLanguage\":\"pt-BR\",\"potentialAction\":[{\"@type\":\"ReadAction\",\"target\":[\"https:\/\/bahiaeconomica.com.br\/wp\/2026\/03\/10\/governador-recebe-prefeito-de-nova-redencao-e-amplia-investimentos-no-municipio\/\"]}]},{\"@type\":\"BreadcrumbList\",\"@id\":\"https:\/\/bahiaeconomica.com.br\/wp\/2026\/03\/10\/governador-recebe-prefeito-de-nova-redencao-e-amplia-investimentos-no-municipio\/#breadcrumb\",\"itemListElement\":[{\"@type\":\"ListItem\",\"position\":1,\"name\":\"In\u00edcio\",\"item\":\"https:\/\/bahiaeconomica.com.br\/wp\/\"},{\"@type\":\"ListItem\",\"position\":2,\"name\":\"GOVERNADOR RECEBE PREFEITO DE NOVA REDEN\u00c7\u00c3O E AMPLIA INVESTIMENTOS NO MUNIC\u00cdPIO\"}]},{\"@type\":\"WebSite\",\"@id\":\"https:\/\/bahiaeconomica.com.br\/wp\/#website\",\"url\":\"https:\/\/bahiaeconomica.com.br\/wp\/\",\"name\":\"Bahia Economica\",\"description\":\"O maior portal de Economia da Bahia\",\"publisher\":{\"@id\":\"https:\/\/bahiaeconomica.com.br\/wp\/#organization\"},\"potentialAction\":[{\"@type\":\"SearchAction\",\"target\":{\"@type\":\"EntryPoint\",\"urlTemplate\":\"https:\/\/bahiaeconomica.com.br\/wp\/?s={search_term_string}\"},\"query-input\":\"required name=search_term_string\"}],\"inLanguage\":\"pt-BR\"},{\"@type\":\"Organization\",\"@id\":\"https:\/\/bahiaeconomica.com.br\/wp\/#organization\",\"name\":\"Bahia Econ\u00f4mica\",\"url\":\"https:\/\/bahiaeconomica.com.br\/wp\/\",\"logo\":{\"@type\":\"ImageObject\",\"inLanguage\":\"pt-BR\",\"@id\":\"https:\/\/bahiaeconomica.com.br\/wp\/#\/schema\/logo\/image\/\",\"url\":\"https:\/\/bahiaeconomica.com.br\/wp\/wp-content\/uploads\/2020\/12\/cropped-BE.png\",\"contentUrl\":\"https:\/\/bahiaeconomica.com.br\/wp\/wp-content\/uploads\/2020\/12\/cropped-BE.png\",\"width\":512,\"height\":512,\"caption\":\"Bahia Econ\u00f4mica\"},\"image\":{\"@id\":\"https:\/\/bahiaeconomica.com.br\/wp\/#\/schema\/logo\/image\/\"},\"sameAs\":[\"https:\/\/www.facebook.com\/bahiaeconomica\"]},{\"@type\":\"Person\",\"@id\":\"https:\/\/bahiaeconomica.com.br\/wp\/#\/schema\/person\/b719ce0fb1c09f3c7a00d9243ced4a6f\",\"name\":\"VICTORIA ISABEL\",\"sameAs\":[\"http:\/\/www.bahiaeconomica.com.br\"],\"url\":\"https:\/\/bahiaeconomica.com.br\/wp\/author\/victoria-isabel\/\"}]}<\/script>\n<!-- \/ Yoast SEO plugin. -->","yoast_head_json":{"title":"GOVERNADOR RECEBE PREFEITO DE NOVA REDEN\u00c7\u00c3O E AMPLIA INVESTIMENTOS NO MUNIC\u00cdPIO - Bahia Economica","description":"O maior portal de Economia da Bahia DESTAQUE DO DIA, MUNIC\u00cdPIOS Bahia Economica","robots":{"index":"index","follow":"follow","max-snippet":"max-snippet:-1","max-image-preview":"max-image-preview:large","max-video-preview":"max-video-preview:-1"},"canonical":"https:\/\/bahiaeconomica.com.br\/wp\/2026\/03\/10\/governador-recebe-prefeito-de-nova-redencao-e-amplia-investimentos-no-municipio\/","og_locale":"pt_BR","og_type":"article","og_title":"GOVERNADOR RECEBE PREFEITO DE NOVA REDEN\u00c7\u00c3O E AMPLIA INVESTIMENTOS NO MUNIC\u00cdPIO - Bahia Economica","og_description":"O maior portal de Economia da Bahia DESTAQUE DO DIA, MUNIC\u00cdPIOS Bahia Economica","og_url":"https:\/\/bahiaeconomica.com.br\/wp\/2026\/03\/10\/governador-recebe-prefeito-de-nova-redencao-e-amplia-investimentos-no-municipio\/","og_site_name":"Bahia Economica","article_publisher":"https:\/\/www.facebook.com\/bahiaeconomica","article_published_time":"2026-03-10T21:58:11+00:00","article_modified_time":"2026-03-10T20:56:20+00:00","og_image":[{"width":1600,"height":1015,"url":"https:\/\/bahiaeconomica.com.br\/wp\/wp-content\/uploads\/2026\/03\/WhatsApp-Image-2026-03-10-at-17.44.16.jpeg","type":"image\/jpeg"}],"author":"VICTORIA ISABEL","twitter_card":"summary_large_image","twitter_misc":{"Escrito por":"VICTORIA ISABEL","Est. tempo de leitura":"2 minutos"},"schema":{"@context":"https:\/\/schema.org","@graph":[{"@type":"Article","@id":"https:\/\/bahiaeconomica.com.br\/wp\/2026\/03\/10\/governador-recebe-prefeito-de-nova-redencao-e-amplia-investimentos-no-municipio\/#article","isPartOf":{"@id":"https:\/\/bahiaeconomica.com.br\/wp\/2026\/03\/10\/governador-recebe-prefeito-de-nova-redencao-e-amplia-investimentos-no-municipio\/"},"author":{"name":"VICTORIA ISABEL","@id":"https:\/\/bahiaeconomica.com.br\/wp\/#\/schema\/person\/b719ce0fb1c09f3c7a00d9243ced4a6f"},"headline":"GOVERNADOR RECEBE PREFEITO DE NOVA REDEN\u00c7\u00c3O E AMPLIA INVESTIMENTOS NO MUNIC\u00cdPIO","datePublished":"2026-03-10T21:58:11+00:00","dateModified":"2026-03-10T20:56:20+00:00","mainEntityOfPage":{"@id":"https:\/\/bahiaeconomica.com.br\/wp\/2026\/03\/10\/governador-recebe-prefeito-de-nova-redencao-e-amplia-investimentos-no-municipio\/"},"wordCount":291,"publisher":{"@id":"https:\/\/bahiaeconomica.com.br\/wp\/#organization"},"articleSection":["DESTAQUE DO DIA","MUNIC\u00cdPIOS"],"inLanguage":"pt-BR"},{"@type":"WebPage","@id":"https:\/\/bahiaeconomica.com.br\/wp\/2026\/03\/10\/governador-recebe-prefeito-de-nova-redencao-e-amplia-investimentos-no-municipio\/","url":"https:\/\/bahiaeconomica.com.br\/wp\/2026\/03\/10\/governador-recebe-prefeito-de-nova-redencao-e-amplia-investimentos-no-municipio\/","name":"GOVERNADOR RECEBE PREFEITO DE NOVA REDEN\u00c7\u00c3O E AMPLIA INVESTIMENTOS NO MUNIC\u00cdPIO - Bahia Economica","isPartOf":{"@id":"https:\/\/bahiaeconomica.com.br\/wp\/#website"},"datePublished":"2026-03-10T21:58:11+00:00","dateModified":"2026-03-10T20:56:20+00:00","description":"O maior portal de Economia da Bahia DESTAQUE DO DIA, MUNIC\u00cdPIOS Bahia Economica","breadcrumb":{"@id":"https:\/\/bahiaeconomica.com.br\/wp\/2026\/03\/10\/governador-recebe-prefeito-de-nova-redencao-e-amplia-investimentos-no-municipio\/#breadcrumb"},"inLanguage":"pt-BR","potentialAction":[{"@type":"ReadAction","target":["https:\/\/bahiaeconomica.com.br\/wp\/2026\/03\/10\/governador-recebe-prefeito-de-nova-redencao-e-amplia-investimentos-no-municipio\/"]}]},{"@type":"BreadcrumbList","@id":"https:\/\/bahiaeconomica.com.br\/wp\/2026\/03\/10\/governador-recebe-prefeito-de-nova-redencao-e-amplia-investimentos-no-municipio\/#breadcrumb","itemListElement":[{"@type":"ListItem","position":1,"name":"In\u00edcio","item":"https:\/\/bahiaeconomica.com.br\/wp\/"},{"@type":"ListItem","position":2,"name":"GOVERNADOR RECEBE PREFEITO DE NOVA REDEN\u00c7\u00c3O E AMPLIA INVESTIMENTOS NO MUNIC\u00cdPIO"}]},{"@type":"WebSite","@id":"https:\/\/bahiaeconomica.com.br\/wp\/#website","url":"https:\/\/bahiaeconomica.com.br\/wp\/","name":"Bahia Economica","description":"O maior portal de Economia da Bahia","publisher":{"@id":"https:\/\/bahiaeconomica.com.br\/wp\/#organization"},"potentialAction":[{"@type":"SearchAction","target":{"@type":"EntryPoint","urlTemplate":"https:\/\/bahiaeconomica.com.br\/wp\/?s={search_term_string}"},"query-input":"required name=search_term_string"}],"inLanguage":"pt-BR"},{"@type":"Organization","@id":"https:\/\/bahiaeconomica.com.br\/wp\/#organization","name":"Bahia Econ\u00f4mica","url":"https:\/\/bahiaeconomica.com.br\/wp\/","logo":{"@type":"ImageObject","inLanguage":"pt-BR","@id":"https:\/\/bahiaeconomica.com.br\/wp\/#\/schema\/logo\/image\/","url":"https:\/\/bahiaeconomica.com.br\/wp\/wp-content\/uploads\/2020\/12\/cropped-BE.png","contentUrl":"https:\/\/bahiaeconomica.com.br\/wp\/wp-content\/uploads\/2020\/12\/cropped-BE.png","width":512,"height":512,"caption":"Bahia Econ\u00f4mica"},"image":{"@id":"https:\/\/bahiaeconomica.com.br\/wp\/#\/schema\/logo\/image\/"},"sameAs":["https:\/\/www.facebook.com\/bahiaeconomica"]},{"@type":"Person","@id":"https:\/\/bahiaeconomica.com.br\/wp\/#\/schema\/person\/b719ce0fb1c09f3c7a00d9243ced4a6f","name":"VICTORIA ISABEL","sameAs":["http:\/\/www.bahiaeconomica.com.br"],"url":"https:\/\/bahiaeconomica.com.br\/wp\/author\/victoria-isabel\/"}]}},"views":27,"_links":{"self":[{"href":"https:\/\/bahiaeconomica.com.br\/wp\/wp-json\/wp\/v2\/posts\/980151"}],"collection":[{"href":"https:\/\/bahiaeconomica.com.br\/wp\/wp-json\/wp\/v2\/posts"}],"about":[{"href":"https:\/\/bahiaeconomica.com.br\/wp\/wp-json\/wp\/v2\/types\/post"}],"author":[{"embeddable":true,"href":"https:\/\/bahiaeconomica.com.br\/wp\/wp-json\/wp\/v2\/users\/15"}],"replies":[{"embeddable":true,"href":"https:\/\/bahiaeconomica.com.br\/wp\/wp-json\/wp\/v2\/comments?post=980151"}],"version-history":[{"count":1,"href":"https:\/\/bahiaeconomica.com.br\/wp\/wp-json\/wp\/v2\/posts\/980151\/revisions"}],"predecessor-version":[{"id":980156,"href":"https:\/\/bahiaeconomica.com.br\/wp\/wp-json\/wp\/v2\/posts\/980151\/revisions\/980156"}],"wp:featuredmedia":[{"embeddable":true,"href":"https:\/\/bahiaeconomica.com.br\/wp\/wp-json\/wp\/v2\/media\/980152"}],"wp:attachment":[{"href":"https:\/\/bahiaeconomica.com.br\/wp\/wp-json\/wp\/v2\/media?parent=980151"}],"wp:term":[{"taxonomy":"category","embeddable":true,"href":"https:\/\/bahiaeconomica.com.br\/wp\/wp-json\/wp\/v2\/categories?post=980151"},{"taxonomy":"post_tag","embeddable":true,"href":"https:\/\/bahiaeconomica.com.br\/wp\/wp-json\/wp\/v2\/tags?post=980151"}],"curies":[{"name":"wp","href":"https:\/\/api.w.org\/{rel}","templated":true}]}}